{"id":118661,"date":"2014-11-21T11:00:17","date_gmt":"2014-11-21T13:00:17","guid":{"rendered":"http:\/\/www.agrund.com\/?p=118661"},"modified":"2014-11-21T09:44:32","modified_gmt":"2014-11-21T11:44:32","slug":"calvin-harris-estrela-campanha-de-moda","status":"publish","type":"post","link":"https:\/\/agrund.com\/index.php\/calvin-harris-estrela-campanha-de-moda\/","title":{"rendered":"Calvin Harris estrela campanha de moda"},"content":{"rendered":"<p>A Emporio Armani deixou os modelos de lado para escalar o cantor e DJ Calvin Harris como estrela de sua nova campanha. O an\u00fancio foi feito atrav\u00e9s do Instagram oficial da marca com uma foto dos bastidores da produ\u00e7\u00e3o, que voc\u00ea v\u00ea em detalhes na galeria. O que ser\u00e1 que vem por a\u00ed?<\/p>\n<div id=\"attachment_118662\" style=\"width: 580px\" class=\"wp-caption aligncenter\"><a href=\"https:\/\/i0.wp.com\/www.agrund.com\/wp-content\/uploads\/sites\/6\/2014\/11\/Emporio-Armani-Calvin-Harris-Campaign.jpg\"><img aria-describedby=\"caption-attachment-118662\" data-attachment-id=\"118662\" data-permalink=\"https:\/\/agrund.com\/index.php\/calvin-harris-estrela-campanha-de-moda\/emporio-armani-calvin-harris-campaign\/\" data-orig-file=\"https:\/\/i0.wp.com\/agrund.com\/wp-content\/uploads\/sites\/6\/2014\/11\/Emporio-Armani-Calvin-Harris-Campaign.jpg?fit=570%2C570&amp;ssl=1\" data-orig-size=\"570,570\" data-comments-opened=\"1\" data-image-meta=\"{&quot;aperture&quot;:&quot;0&quot;,&quot;credit&quot;:&quot;&quot;,&quot;camera&quot;:&quot;&quot;,&quot;caption&quot;:&quot;&quot;,&quot;created_timestamp&quot;:&quot;0&quot;,&quot;copyright&quot;:&quot;&quot;,&quot;focal_length&quot;:&quot;0&quot;,&quot;iso&quot;:&quot;0&quot;,&quot;shutter_speed&quot;:&quot;0&quot;,&quot;title&quot;:&quot;&quot;,&quot;orientation&quot;:&quot;0&quot;}\" data-image-title=\"Emporio-Armani-Calvin-Harris-Campaign\" data-image-description=\"\" data-image-caption=\"&lt;p&gt;Calvin Harris estrela campanha de moda  &lt;\/p&gt;\n\" data-medium-file=\"https:\/\/i0.wp.com\/agrund.com\/wp-content\/uploads\/sites\/6\/2014\/11\/Emporio-Armani-Calvin-Harris-Campaign.jpg?fit=300%2C300&amp;ssl=1\" data-large-file=\"https:\/\/i0.wp.com\/agrund.com\/wp-content\/uploads\/sites\/6\/2014\/11\/Emporio-Armani-Calvin-Harris-Campaign.jpg?fit=570%2C570&amp;ssl=1\" decoding=\"async\" loading=\"lazy\" class=\"size-full wp-image-118662\" alt=\"Calvin Harris estrela campanha de moda  \" src=\"https:\/\/i0.wp.com\/www.agrund.com\/wp-content\/uploads\/sites\/6\/2014\/11\/Emporio-Armani-Calvin-Harris-Campaign.jpg?resize=570%2C570\" width=\"570\" height=\"570\" srcset=\"https:\/\/i0.wp.com\/agrund.com\/wp-content\/uploads\/sites\/6\/2014\/11\/Emporio-Armani-Calvin-Harris-Campaign.jpg?w=570&amp;ssl=1 570w, https:\/\/i0.wp.com\/agrund.com\/wp-content\/uploads\/sites\/6\/2014\/11\/Emporio-Armani-Calvin-Harris-Campaign.jpg?resize=150%2C150&amp;ssl=1 150w, https:\/\/i0.wp.com\/agrund.com\/wp-content\/uploads\/sites\/6\/2014\/11\/Emporio-Armani-Calvin-Harris-Campaign.jpg?resize=300%2C300&amp;ssl=1 300w\" sizes=\"(max-width: 570px) 100vw, 570px\" data-recalc-dims=\"1\" \/><\/a><p id=\"caption-attachment-118662\" class=\"wp-caption-text\">Calvin Harris estrela campanha de moda<\/p><\/div>\n<p>&nbsp;<\/p>\n<p>Imagens: Reprodu\u00e7\u00e3o.<\/p>\n","protected":false},"excerpt":{"rendered":"<p>A Emporio Armani deixou os modelos de lado para escalar o cantor e DJ Calvin Harris como estrela de sua nova campanha. O an\u00fancio foi feito atrav\u00e9s do Instagram oficial da marca com uma foto dos bastidores da produ\u00e7\u00e3o, que voc\u00ea v\u00ea em detalhes na galeria. O que ser\u00e1 que vem por a\u00ed? &nbsp; Imagens: [&hellip;]<\/p>\n","protected":false},"author":8,"featured_media":118663,"comment_status":"open","ping_status":"open","sticky":false,"template":"","format":"standard","meta":{"jetpack_post_was_ever_published":false,"_jetpack_newsletter_access":"","jetpack_publicize_message":"Nada de modelos: a Emporio Armani aposta em Calvin Harris como novo garoto-propaganda da marca! http:\/\/wp.me\/p3Hz0n-uRT","jetpack_is_tweetstorm":false,"jetpack_publicize_feature_enabled":true,"jetpack_social_post_already_shared":true,"jetpack_social_options":{"image_generator_settings":{"template":"highway","enabled":false}}},"categories":[2],"tags":[],"jetpack_publicize_connections":[],"jetpack_featured_media_url":"https:\/\/i0.wp.com\/agrund.com\/wp-content\/uploads\/sites\/6\/2014\/11\/slide117.jpg?fit=960%2C300&ssl=1","jetpack_sharing_enabled":true,"jetpack_shortlink":"https:\/\/wp.me\/p3Hz0n-uRT","jetpack_likes_enabled":true,"_links":{"self":[{"href":"https:\/\/agrund.com\/index.php\/wp-json\/wp\/v2\/posts\/118661"}],"collection":[{"href":"https:\/\/agrund.com\/index.php\/wp-json\/wp\/v2\/posts"}],"about":[{"href":"https:\/\/agrund.com\/index.php\/wp-json\/wp\/v2\/types\/post"}],"author":[{"embeddable":true,"href":"https:\/\/agrund.com\/index.php\/wp-json\/wp\/v2\/users\/8"}],"replies":[{"embeddable":true,"href":"https:\/\/agrund.com\/index.php\/wp-json\/wp\/v2\/comments?post=118661"}],"version-history":[{"count":0,"href":"https:\/\/agrund.com\/index.php\/wp-json\/wp\/v2\/posts\/118661\/revisions"}],"wp:featuredmedia":[{"embeddable":true,"href":"https:\/\/agrund.com\/index.php\/wp-json\/wp\/v2\/media\/118663"}],"wp:attachment":[{"href":"https:\/\/agrund.com\/index.php\/wp-json\/wp\/v2\/media?parent=118661"}],"wp:term":[{"taxonomy":"category","embeddable":true,"href":"https:\/\/agrund.com\/index.php\/wp-json\/wp\/v2\/categories?post=118661"},{"taxonomy":"post_tag","embeddable":true,"href":"https:\/\/agrund.com\/index.php\/wp-json\/wp\/v2\/tags?post=118661"}],"curies":[{"name":"wp","href":"https:\/\/api.w.org\/{rel}","templated":true}]}}