{"id":118655,"date":"2014-11-21T10:00:05","date_gmt":"2014-11-21T12:00:05","guid":{"rendered":"http:\/\/www.agrund.com\/?p=118655"},"modified":"2014-11-21T09:27:12","modified_gmt":"2014-11-21T11:27:12","slug":"isadora-krieger-uma-das-estilistas-da-gemeas-lanca-novo-livro","status":"publish","type":"post","link":"https:\/\/agrund.com\/index.php\/isadora-krieger-uma-das-estilistas-da-gemeas-lanca-novo-livro\/","title":{"rendered":"Isadora Krieger, uma das estilistas da G\u00eameas, lan\u00e7a novo livro"},"content":{"rendered":"<p>Quem acompanhou a hist\u00f3ria recente da moda brasileira, especialmente em SP, deve lembrar da marca G\u00eameas. A grife fundada pelas irm\u00e3s Isadora e Carol Krieger foi febre entre os descolados e \u00e9 tida como uma das respons\u00e1veis por dar for\u00e7a \u00e0 Casa de Criadores \u2013 evento atrav\u00e9s do qual as duas ganharam destaque no mercado. Mas depois do fim das G\u00eameas em 2010, Isadora decidiu seguir um caminho diferente: ela passou a explorar o mundo dos escritores, tendo lan\u00e7ado dois livros s\u00f3 esse ano.<\/p>\n<p>Agora a catarinense volta a ganhar as prateleiras com o &#8220;Mem\u00f3ria da Bananeira&#8221;, uma publica\u00e7\u00e3o na qual Isadora busca fazer uma cr\u00edtica pol\u00edtica sobre padr\u00f5es, egos e consumismo por meio de dois personagens que trocam cartas. E n\u00e3o pense que Carol anda parada: a irm\u00e3 tamb\u00e9m marca presen\u00e7a nesse projeto com dois cliques feitos por ela que representam a atual paix\u00e3o da outra ex-G\u00eameas \u2013 a fotografia! O lan\u00e7amento chega ao mercado pela Carniceria Livros e pode ser encontrado nas livrarias por R$25 em m\u00e9dia.<\/p>\n<div id=\"attachment_118656\" style=\"width: 486px\" class=\"wp-caption aligncenter\"><a href=\"https:\/\/i0.wp.com\/www.agrund.com\/wp-content\/uploads\/sites\/6\/2014\/11\/BANANEIRA-capa.jpg\"><img aria-describedby=\"caption-attachment-118656\" data-attachment-id=\"118656\" data-permalink=\"https:\/\/agrund.com\/index.php\/isadora-krieger-uma-das-estilistas-da-gemeas-lanca-novo-livro\/bananeira-capa\/\" data-orig-file=\"https:\/\/i0.wp.com\/agrund.com\/wp-content\/uploads\/sites\/6\/2014\/11\/BANANEIRA-capa.jpg?fit=476%2C738&amp;ssl=1\" data-orig-size=\"476,738\" data-comments-opened=\"1\" data-image-meta=\"{&quot;aperture&quot;:&quot;0&quot;,&quot;credit&quot;:&quot;&quot;,&quot;camera&quot;:&quot;&quot;,&quot;caption&quot;:&quot;&quot;,&quot;created_timestamp&quot;:&quot;0&quot;,&quot;copyright&quot;:&quot;&quot;,&quot;focal_length&quot;:&quot;0&quot;,&quot;iso&quot;:&quot;0&quot;,&quot;shutter_speed&quot;:&quot;0&quot;,&quot;title&quot;:&quot;&quot;,&quot;orientation&quot;:&quot;0&quot;}\" data-image-title=\"BANANEIRA &#8211; capa\" data-image-description=\"\" data-image-caption=\"&lt;p&gt;Isadora Krieger, uma das estilistas da G\u00eameas, lan\u00e7a novo livro&lt;\/p&gt;\n\" data-medium-file=\"https:\/\/i0.wp.com\/agrund.com\/wp-content\/uploads\/sites\/6\/2014\/11\/BANANEIRA-capa.jpg?fit=193%2C300&amp;ssl=1\" data-large-file=\"https:\/\/i0.wp.com\/agrund.com\/wp-content\/uploads\/sites\/6\/2014\/11\/BANANEIRA-capa.jpg?fit=476%2C738&amp;ssl=1\" decoding=\"async\" loading=\"lazy\" class=\"size-full wp-image-118656\" alt=\"Isadora Krieger, uma das estilistas da G\u00eameas, lan\u00e7a novo livro \" src=\"https:\/\/i0.wp.com\/www.agrund.com\/wp-content\/uploads\/sites\/6\/2014\/11\/BANANEIRA-capa.jpg?resize=476%2C738\" width=\"476\" height=\"738\" srcset=\"https:\/\/i0.wp.com\/agrund.com\/wp-content\/uploads\/sites\/6\/2014\/11\/BANANEIRA-capa.jpg?w=476&amp;ssl=1 476w, https:\/\/i0.wp.com\/agrund.com\/wp-content\/uploads\/sites\/6\/2014\/11\/BANANEIRA-capa.jpg?resize=193%2C300&amp;ssl=1 193w\" sizes=\"(max-width: 476px) 100vw, 476px\" data-recalc-dims=\"1\" \/><\/a><p id=\"caption-attachment-118656\" class=\"wp-caption-text\">Isadora Krieger, uma das estilistas da G\u00eameas, lan\u00e7a novo livro<\/p><\/div>\n<p>&nbsp;<\/p>\n<p>Imagem: Divulga\u00e7\u00e3o.<\/p>\n","protected":false},"excerpt":{"rendered":"<p>Quem acompanhou a hist\u00f3ria recente da moda brasileira, especialmente em SP, deve lembrar da marca G\u00eameas. A grife fundada pelas irm\u00e3s Isadora e Carol Krieger foi febre entre os descolados e \u00e9 tida como uma das respons\u00e1veis por dar for\u00e7a \u00e0 Casa de Criadores \u2013 evento atrav\u00e9s do qual as duas ganharam destaque no mercado. [&hellip;]<\/p>\n","protected":false},"author":8,"featured_media":118657,"comment_status":"open","ping_status":"open","sticky":false,"template":"","format":"standard","meta":{"jetpack_post_was_ever_published":false,"_jetpack_newsletter_access":"","jetpack_publicize_message":"Dica do agrund.com: saiba mais sobre o novo livro de Isadora Krieger, uma das criadoras da marca G\u00eameas! http:\/\/wp.me\/p3Hz0n-uRN","jetpack_is_tweetstorm":false,"jetpack_publicize_feature_enabled":true,"jetpack_social_post_already_shared":true,"jetpack_social_options":{"image_generator_settings":{"template":"highway","enabled":false}}},"categories":[2],"tags":[],"jetpack_publicize_connections":[],"jetpack_featured_media_url":"https:\/\/i0.wp.com\/agrund.com\/wp-content\/uploads\/sites\/6\/2014\/11\/slidelivro.jpg?fit=960%2C300&ssl=1","jetpack_sharing_enabled":true,"jetpack_shortlink":"https:\/\/wp.me\/p3Hz0n-uRN","jetpack_likes_enabled":true,"_links":{"self":[{"href":"https:\/\/agrund.com\/index.php\/wp-json\/wp\/v2\/posts\/118655"}],"collection":[{"href":"https:\/\/agrund.com\/index.php\/wp-json\/wp\/v2\/posts"}],"about":[{"href":"https:\/\/agrund.com\/index.php\/wp-json\/wp\/v2\/types\/post"}],"author":[{"embeddable":true,"href":"https:\/\/agrund.com\/index.php\/wp-json\/wp\/v2\/users\/8"}],"replies":[{"embeddable":true,"href":"https:\/\/agrund.com\/index.php\/wp-json\/wp\/v2\/comments?post=118655"}],"version-history":[{"count":0,"href":"https:\/\/agrund.com\/index.php\/wp-json\/wp\/v2\/posts\/118655\/revisions"}],"wp:featuredmedia":[{"embeddable":true,"href":"https:\/\/agrund.com\/index.php\/wp-json\/wp\/v2\/media\/118657"}],"wp:attachment":[{"href":"https:\/\/agrund.com\/index.php\/wp-json\/wp\/v2\/media?parent=118655"}],"wp:term":[{"taxonomy":"category","embeddable":true,"href":"https:\/\/agrund.com\/index.php\/wp-json\/wp\/v2\/categories?post=118655"},{"taxonomy":"post_tag","embeddable":true,"href":"https:\/\/agrund.com\/index.php\/wp-json\/wp\/v2\/tags?post=118655"}],"curies":[{"name":"wp","href":"https:\/\/api.w.org\/{rel}","templated":true}]}}