{"id":118592,"date":"2014-11-19T21:00:23","date_gmt":"2014-11-19T23:00:23","guid":{"rendered":"http:\/\/www.agrund.com\/?p=118592"},"modified":"2014-11-19T16:27:09","modified_gmt":"2014-11-19T18:27:09","slug":"editora-da-vogue-comenta-a-capa-de-kim-kardashian-e-kanye-west","status":"publish","type":"post","link":"https:\/\/agrund.com\/index.php\/editora-da-vogue-comenta-a-capa-de-kim-kardashian-e-kanye-west\/","title":{"rendered":"Editora da &#8220;Vogue&#8221; comenta a capa de Kim Kardashian e Kanye West"},"content":{"rendered":"<p>Lembra da capa da &#8220;Vogue&#8221; americana estrelada por Kim Kardashian e Kanye West que mostramos <a href=\"http:\/\/www.agrund.com\/o-sucesso-da-vogue-com-kim-kardashian-e-kanye-west\/\" target=\"_blank\">AQUI<\/a>? Na \u00e9poca a escolha do casal foi aprovada por alguns e reprovada por outros. Agora Anna Wintour (editora da publica\u00e7\u00e3o) acaba de comentar a foto: ao ser questionada sobre o assunto ela disse que o papel da &#8220;Vogue&#8221; \u00e9 refletir sobre o que est\u00e1 acontecendo na cultura do mundo e que colocar pessoas \u00f3bvias na capa pode tornar a revista chata. Anna ainda completou: &#8220;\u00c9 importante que as pessoas falem de n\u00f3s&#8221;.<\/p>\n<div id=\"attachment_118593\" style=\"width: 510px\" class=\"wp-caption aligncenter\"><a href=\"https:\/\/i0.wp.com\/www.agrund.com\/wp-content\/uploads\/sites\/6\/2014\/11\/img-apriltest_1045572890551.jpg_guides_hero1.jpg\"><img aria-describedby=\"caption-attachment-118593\" data-attachment-id=\"118593\" data-permalink=\"https:\/\/agrund.com\/index.php\/editora-da-vogue-comenta-a-capa-de-kim-kardashian-e-kanye-west\/img-apriltest_1045572890551-jpg_guides_hero1\/\" data-orig-file=\"https:\/\/i0.wp.com\/agrund.com\/wp-content\/uploads\/sites\/6\/2014\/11\/img-apriltest_1045572890551.jpg_guides_hero1.jpg?fit=500%2C701&amp;ssl=1\" data-orig-size=\"500,701\" data-comments-opened=\"1\" data-image-meta=\"{&quot;aperture&quot;:&quot;0&quot;,&quot;credit&quot;:&quot;&quot;,&quot;camera&quot;:&quot;&quot;,&quot;caption&quot;:&quot;&quot;,&quot;created_timestamp&quot;:&quot;0&quot;,&quot;copyright&quot;:&quot;&quot;,&quot;focal_length&quot;:&quot;0&quot;,&quot;iso&quot;:&quot;0&quot;,&quot;shutter_speed&quot;:&quot;0&quot;,&quot;title&quot;:&quot;&quot;,&quot;orientation&quot;:&quot;0&quot;}\" data-image-title=\"img-apriltest_1045572890551.jpg_guides_hero1\" data-image-description=\"\" data-image-caption=\"&lt;p&gt;Editora da &#8220;Vogue&#8221; comenta a capa de Kim Kardashian e Kanye West &lt;\/p&gt;\n\" data-medium-file=\"https:\/\/i0.wp.com\/agrund.com\/wp-content\/uploads\/sites\/6\/2014\/11\/img-apriltest_1045572890551.jpg_guides_hero1.jpg?fit=214%2C300&amp;ssl=1\" data-large-file=\"https:\/\/i0.wp.com\/agrund.com\/wp-content\/uploads\/sites\/6\/2014\/11\/img-apriltest_1045572890551.jpg_guides_hero1.jpg?fit=500%2C701&amp;ssl=1\" decoding=\"async\" loading=\"lazy\" class=\"size-full wp-image-118593\" alt=\"Editora da &quot;Vogue&quot; comenta a capa de Kim Kardashian e Kanye West \" src=\"https:\/\/i0.wp.com\/www.agrund.com\/wp-content\/uploads\/sites\/6\/2014\/11\/img-apriltest_1045572890551.jpg_guides_hero1.jpg?resize=500%2C701\" width=\"500\" height=\"701\" srcset=\"https:\/\/i0.wp.com\/agrund.com\/wp-content\/uploads\/sites\/6\/2014\/11\/img-apriltest_1045572890551.jpg_guides_hero1.jpg?w=500&amp;ssl=1 500w, https:\/\/i0.wp.com\/agrund.com\/wp-content\/uploads\/sites\/6\/2014\/11\/img-apriltest_1045572890551.jpg_guides_hero1.jpg?resize=214%2C300&amp;ssl=1 214w\" sizes=\"(max-width: 500px) 100vw, 500px\" data-recalc-dims=\"1\" \/><\/a><p id=\"caption-attachment-118593\" class=\"wp-caption-text\">Editora da &#8220;Vogue&#8221; comenta a capa de Kim Kardashian e Kanye West<\/p><\/div>\n<p>&nbsp;<\/p>\n<p>Imagem: Reprodu\u00e7\u00e3o.<\/p>\n","protected":false},"excerpt":{"rendered":"<p>Lembra da capa da &#8220;Vogue&#8221; americana estrelada por Kim Kardashian e Kanye West que mostramos AQUI? Na \u00e9poca a escolha do casal foi aprovada por alguns e reprovada por outros. Agora Anna Wintour (editora da publica\u00e7\u00e3o) acaba de comentar a foto: ao ser questionada sobre o assunto ela disse que o papel da &#8220;Vogue&#8221; \u00e9 [&hellip;]<\/p>\n","protected":false},"author":8,"featured_media":118594,"comment_status":"open","ping_status":"open","sticky":false,"template":"","format":"standard","meta":{"jetpack_post_was_ever_published":false,"_jetpack_newsletter_access":"","jetpack_publicize_message":"Anna Wintour, editora da #Vogue americana, finalmente explicou a capa de Kim Kardashian e Kanye West: http:\/\/wp.me\/p3Hz0n-uQM","jetpack_is_tweetstorm":false,"jetpack_publicize_feature_enabled":true,"jetpack_social_post_already_shared":true,"jetpack_social_options":{"image_generator_settings":{"template":"highway","enabled":false}}},"categories":[2],"tags":[],"jetpack_publicize_connections":[],"jetpack_featured_media_url":"https:\/\/i0.wp.com\/agrund.com\/wp-content\/uploads\/sites\/6\/2014\/11\/slide110.jpg?fit=960%2C300&ssl=1","jetpack_sharing_enabled":true,"jetpack_shortlink":"https:\/\/wp.me\/p3Hz0n-uQM","jetpack_likes_enabled":true,"_links":{"self":[{"href":"https:\/\/agrund.com\/index.php\/wp-json\/wp\/v2\/posts\/118592"}],"collection":[{"href":"https:\/\/agrund.com\/index.php\/wp-json\/wp\/v2\/posts"}],"about":[{"href":"https:\/\/agrund.com\/index.php\/wp-json\/wp\/v2\/types\/post"}],"author":[{"embeddable":true,"href":"https:\/\/agrund.com\/index.php\/wp-json\/wp\/v2\/users\/8"}],"replies":[{"embeddable":true,"href":"https:\/\/agrund.com\/index.php\/wp-json\/wp\/v2\/comments?post=118592"}],"version-history":[{"count":0,"href":"https:\/\/agrund.com\/index.php\/wp-json\/wp\/v2\/posts\/118592\/revisions"}],"wp:featuredmedia":[{"embeddable":true,"href":"https:\/\/agrund.com\/index.php\/wp-json\/wp\/v2\/media\/118594"}],"wp:attachment":[{"href":"https:\/\/agrund.com\/index.php\/wp-json\/wp\/v2\/media?parent=118592"}],"wp:term":[{"taxonomy":"category","embeddable":true,"href":"https:\/\/agrund.com\/index.php\/wp-json\/wp\/v2\/categories?post=118592"},{"taxonomy":"post_tag","embeddable":true,"href":"https:\/\/agrund.com\/index.php\/wp-json\/wp\/v2\/tags?post=118592"}],"curies":[{"name":"wp","href":"https:\/\/api.w.org\/{rel}","templated":true}]}}