{"id":118584,"date":"2014-11-19T17:00:11","date_gmt":"2014-11-19T19:00:11","guid":{"rendered":"http:\/\/www.agrund.com\/?p=118584"},"modified":"2014-11-19T16:23:59","modified_gmt":"2014-11-19T18:23:59","slug":"o-efeito-bocao-da-kylie-jenner","status":"publish","type":"post","link":"https:\/\/agrund.com\/index.php\/o-efeito-bocao-da-kylie-jenner\/","title":{"rendered":"O efeito boc\u00e3o da Kylie Jenner"},"content":{"rendered":"<p>O batom queridinho do momento n\u00e3o \u00e9 nenhuma cor forte, e sim o tom nude usado por Kylie Jenner. A cor \u00e9 a escolha certeira de 9 entre 10 makes da irm\u00e3 mais nova de Kim Kardashian, seja para ir \u00e0s festas, seja para o dia a dia. E se voc\u00ea quer copiar o resultado do boc\u00e3o da americana, agrund.com tem a resposta: o efeito vem da combina\u00e7\u00e3o do l\u00e1pis Soar com o batom Yash, ambos da M.A.C. E a\u00ed, que tal tentar em casa?<\/p>\n<div id=\"attachment_118585\" style=\"width: 560px\" class=\"wp-caption aligncenter\"><a href=\"https:\/\/i0.wp.com\/www.agrund.com\/wp-content\/uploads\/sites\/6\/2014\/11\/15.jpg\"><img aria-describedby=\"caption-attachment-118585\" data-attachment-id=\"118585\" data-permalink=\"https:\/\/agrund.com\/index.php\/o-efeito-bocao-da-kylie-jenner\/1-175\/\" data-orig-file=\"https:\/\/i0.wp.com\/agrund.com\/wp-content\/uploads\/sites\/6\/2014\/11\/15.jpg?fit=550%2C516&amp;ssl=1\" data-orig-size=\"550,516\" data-comments-opened=\"1\" data-image-meta=\"{&quot;aperture&quot;:&quot;0&quot;,&quot;credit&quot;:&quot;&quot;,&quot;camera&quot;:&quot;&quot;,&quot;caption&quot;:&quot;&quot;,&quot;created_timestamp&quot;:&quot;0&quot;,&quot;copyright&quot;:&quot;&quot;,&quot;focal_length&quot;:&quot;0&quot;,&quot;iso&quot;:&quot;0&quot;,&quot;shutter_speed&quot;:&quot;0&quot;,&quot;title&quot;:&quot;&quot;,&quot;orientation&quot;:&quot;0&quot;}\" data-image-title=\"1\" data-image-description=\"\" data-image-caption=\"&lt;p&gt;O efeito boc\u00e3o da Kylie Jenner &lt;\/p&gt;\n\" data-medium-file=\"https:\/\/i0.wp.com\/agrund.com\/wp-content\/uploads\/sites\/6\/2014\/11\/15.jpg?fit=300%2C281&amp;ssl=1\" data-large-file=\"https:\/\/i0.wp.com\/agrund.com\/wp-content\/uploads\/sites\/6\/2014\/11\/15.jpg?fit=550%2C516&amp;ssl=1\" decoding=\"async\" loading=\"lazy\" class=\"size-full wp-image-118585\" alt=\"O efeito boc\u00e3o da Kylie Jenner \" src=\"https:\/\/i0.wp.com\/www.agrund.com\/wp-content\/uploads\/sites\/6\/2014\/11\/15.jpg?resize=550%2C516\" width=\"550\" height=\"516\" srcset=\"https:\/\/i0.wp.com\/agrund.com\/wp-content\/uploads\/sites\/6\/2014\/11\/15.jpg?w=550&amp;ssl=1 550w, https:\/\/i0.wp.com\/agrund.com\/wp-content\/uploads\/sites\/6\/2014\/11\/15.jpg?resize=300%2C281&amp;ssl=1 300w\" sizes=\"(max-width: 550px) 100vw, 550px\" data-recalc-dims=\"1\" \/><\/a><p id=\"caption-attachment-118585\" class=\"wp-caption-text\">O efeito boc\u00e3o da Kylie Jenner<\/p><\/div>\n<div id=\"attachment_118588\" style=\"width: 560px\" class=\"wp-caption aligncenter\"><a href=\"https:\/\/i0.wp.com\/www.agrund.com\/wp-content\/uploads\/sites\/6\/2014\/11\/mon.jpg\"><img aria-describedby=\"caption-attachment-118588\" data-attachment-id=\"118588\" data-permalink=\"https:\/\/agrund.com\/index.php\/o-efeito-bocao-da-kylie-jenner\/mon\/\" data-orig-file=\"https:\/\/i0.wp.com\/agrund.com\/wp-content\/uploads\/sites\/6\/2014\/11\/mon.jpg?fit=550%2C395&amp;ssl=1\" data-orig-size=\"550,395\" data-comments-opened=\"1\" data-image-meta=\"{&quot;aperture&quot;:&quot;0&quot;,&quot;credit&quot;:&quot;&quot;,&quot;camera&quot;:&quot;&quot;,&quot;caption&quot;:&quot;&quot;,&quot;created_timestamp&quot;:&quot;0&quot;,&quot;copyright&quot;:&quot;&quot;,&quot;focal_length&quot;:&quot;0&quot;,&quot;iso&quot;:&quot;0&quot;,&quot;shutter_speed&quot;:&quot;0&quot;,&quot;title&quot;:&quot;&quot;,&quot;orientation&quot;:&quot;0&quot;}\" data-image-title=\"mon\" data-image-description=\"\" data-image-caption=\"&lt;p&gt;O efeito boc\u00e3o da Kylie Jenner &lt;\/p&gt;\n\" data-medium-file=\"https:\/\/i0.wp.com\/agrund.com\/wp-content\/uploads\/sites\/6\/2014\/11\/mon.jpg?fit=300%2C215&amp;ssl=1\" data-large-file=\"https:\/\/i0.wp.com\/agrund.com\/wp-content\/uploads\/sites\/6\/2014\/11\/mon.jpg?fit=550%2C395&amp;ssl=1\" decoding=\"async\" loading=\"lazy\" class=\"size-full wp-image-118588\" alt=\"O efeito boc\u00e3o da Kylie Jenner \" src=\"https:\/\/i0.wp.com\/www.agrund.com\/wp-content\/uploads\/sites\/6\/2014\/11\/mon.jpg?resize=550%2C395\" width=\"550\" height=\"395\" srcset=\"https:\/\/i0.wp.com\/agrund.com\/wp-content\/uploads\/sites\/6\/2014\/11\/mon.jpg?w=550&amp;ssl=1 550w, https:\/\/i0.wp.com\/agrund.com\/wp-content\/uploads\/sites\/6\/2014\/11\/mon.jpg?resize=300%2C215&amp;ssl=1 300w\" sizes=\"(max-width: 550px) 100vw, 550px\" data-recalc-dims=\"1\" \/><\/a><p id=\"caption-attachment-118588\" class=\"wp-caption-text\">O efeito boc\u00e3o da Kylie Jenner<\/p><\/div>\n<p>&nbsp;<\/p>\n<p>Imagens: Reprodu\u00e7\u00e3o.<\/p>\n<p>&nbsp;<\/p>\n<p>&nbsp;<\/p>\n","protected":false},"excerpt":{"rendered":"<p>O batom queridinho do momento n\u00e3o \u00e9 nenhuma cor forte, e sim o tom nude usado por Kylie Jenner. A cor \u00e9 a escolha certeira de 9 entre 10 makes da irm\u00e3 mais nova de Kim Kardashian, seja para ir \u00e0s festas, seja para o dia a dia. E se voc\u00ea quer copiar o resultado [&hellip;]<\/p>\n","protected":false},"author":8,"featured_media":118589,"comment_status":"open","ping_status":"open","sticky":false,"template":"","format":"standard","meta":{"jetpack_post_was_ever_published":false,"_jetpack_newsletter_access":"","jetpack_publicize_message":"Agrund.com descobriu qual o batom favorito de Kylie Jenner, irm\u00e3 mais nova de Kim Kardashian: http:\/\/wp.me\/p3Hz0n-uQE","jetpack_is_tweetstorm":false,"jetpack_publicize_feature_enabled":true,"jetpack_social_post_already_shared":true,"jetpack_social_options":{"image_generator_settings":{"template":"highway","enabled":false}}},"categories":[2],"tags":[],"jetpack_publicize_connections":[],"jetpack_featured_media_url":"https:\/\/i0.wp.com\/agrund.com\/wp-content\/uploads\/sites\/6\/2014\/11\/slide109.jpg?fit=960%2C300&ssl=1","jetpack_sharing_enabled":true,"jetpack_shortlink":"https:\/\/wp.me\/p3Hz0n-uQE","jetpack_likes_enabled":true,"_links":{"self":[{"href":"https:\/\/agrund.com\/index.php\/wp-json\/wp\/v2\/posts\/118584"}],"collection":[{"href":"https:\/\/agrund.com\/index.php\/wp-json\/wp\/v2\/posts"}],"about":[{"href":"https:\/\/agrund.com\/index.php\/wp-json\/wp\/v2\/types\/post"}],"author":[{"embeddable":true,"href":"https:\/\/agrund.com\/index.php\/wp-json\/wp\/v2\/users\/8"}],"replies":[{"embeddable":true,"href":"https:\/\/agrund.com\/index.php\/wp-json\/wp\/v2\/comments?post=118584"}],"version-history":[{"count":0,"href":"https:\/\/agrund.com\/index.php\/wp-json\/wp\/v2\/posts\/118584\/revisions"}],"wp:featuredmedia":[{"embeddable":true,"href":"https:\/\/agrund.com\/index.php\/wp-json\/wp\/v2\/media\/118589"}],"wp:attachment":[{"href":"https:\/\/agrund.com\/index.php\/wp-json\/wp\/v2\/media?parent=118584"}],"wp:term":[{"taxonomy":"category","embeddable":true,"href":"https:\/\/agrund.com\/index.php\/wp-json\/wp\/v2\/categories?post=118584"},{"taxonomy":"post_tag","embeddable":true,"href":"https:\/\/agrund.com\/index.php\/wp-json\/wp\/v2\/tags?post=118584"}],"curies":[{"name":"wp","href":"https:\/\/api.w.org\/{rel}","templated":true}]}}