{"id":118573,"date":"2014-11-19T18:00:46","date_gmt":"2014-11-19T20:00:46","guid":{"rendered":"http:\/\/www.agrund.com\/?p=118573"},"modified":"2014-11-19T11:53:43","modified_gmt":"2014-11-19T13:53:43","slug":"anja-rubik-lanca-perfume","status":"publish","type":"post","link":"https:\/\/agrund.com\/index.php\/anja-rubik-lanca-perfume\/","title":{"rendered":"Anja Rubik lan\u00e7a perfume"},"content":{"rendered":"<p>A top Anja Rubik acaba de entrar para o mercado da beleza com o lan\u00e7amento de um perfume pr\u00f3prio. Trata-se da Original by Anja Rubik, uma fragr\u00e2ncia que desembarca no mercado internacional ainda esse m\u00eas com campanha fotografada pela argentina Paola Kudacki. Veja os cliques na galeria!<\/p>\n<div id=\"attachment_118574\" style=\"width: 610px\" class=\"wp-caption aligncenter\"><a href=\"https:\/\/i0.wp.com\/www.agrund.com\/wp-content\/uploads\/sites\/6\/2014\/11\/anja-rubik-original-fragrance01.jpg\"><img aria-describedby=\"caption-attachment-118574\" data-attachment-id=\"118574\" data-permalink=\"https:\/\/agrund.com\/index.php\/anja-rubik-lanca-perfume\/anja-rubik-original-fragrance01\/\" data-orig-file=\"https:\/\/i0.wp.com\/agrund.com\/wp-content\/uploads\/sites\/6\/2014\/11\/anja-rubik-original-fragrance01.jpg?fit=600%2C419&amp;ssl=1\" data-orig-size=\"600,419\" data-comments-opened=\"1\" data-image-meta=\"{&quot;aperture&quot;:&quot;0&quot;,&quot;credit&quot;:&quot;&quot;,&quot;camera&quot;:&quot;&quot;,&quot;caption&quot;:&quot;&quot;,&quot;created_timestamp&quot;:&quot;0&quot;,&quot;copyright&quot;:&quot;&quot;,&quot;focal_length&quot;:&quot;0&quot;,&quot;iso&quot;:&quot;0&quot;,&quot;shutter_speed&quot;:&quot;0&quot;,&quot;title&quot;:&quot;&quot;,&quot;orientation&quot;:&quot;0&quot;}\" data-image-title=\"Anja Rubik lan\u00e7a perfume \" data-image-description=\"\" data-image-caption=\"&lt;p&gt;Anja Rubik lan\u00e7a perfume &lt;\/p&gt;\n\" data-medium-file=\"https:\/\/i0.wp.com\/agrund.com\/wp-content\/uploads\/sites\/6\/2014\/11\/anja-rubik-original-fragrance01.jpg?fit=300%2C210&amp;ssl=1\" data-large-file=\"https:\/\/i0.wp.com\/agrund.com\/wp-content\/uploads\/sites\/6\/2014\/11\/anja-rubik-original-fragrance01.jpg?fit=600%2C419&amp;ssl=1\" decoding=\"async\" loading=\"lazy\" class=\"size-full wp-image-118574\" alt=\"Anja Rubik lan\u00e7a perfume \" src=\"https:\/\/i0.wp.com\/www.agrund.com\/wp-content\/uploads\/sites\/6\/2014\/11\/anja-rubik-original-fragrance01.jpg?resize=600%2C419\" width=\"600\" height=\"419\" srcset=\"https:\/\/i0.wp.com\/agrund.com\/wp-content\/uploads\/sites\/6\/2014\/11\/anja-rubik-original-fragrance01.jpg?w=600&amp;ssl=1 600w, https:\/\/i0.wp.com\/agrund.com\/wp-content\/uploads\/sites\/6\/2014\/11\/anja-rubik-original-fragrance01.jpg?resize=300%2C210&amp;ssl=1 300w\" sizes=\"(max-width: 600px) 100vw, 600px\" data-recalc-dims=\"1\" \/><\/a><p id=\"caption-attachment-118574\" class=\"wp-caption-text\">Anja Rubik lan\u00e7a perfume<\/p><\/div>\n<p>&nbsp;<\/p>\n<p>Imagens: Reprodu\u00e7\u00e3o.<\/p>\n","protected":false},"excerpt":{"rendered":"<p>A top Anja Rubik acaba de entrar para o mercado da beleza com o lan\u00e7amento de um perfume pr\u00f3prio. Trata-se da Original by Anja Rubik, uma fragr\u00e2ncia que desembarca no mercado internacional ainda esse m\u00eas com campanha fotografada pela argentina Paola Kudacki. Veja os cliques na galeria! &nbsp; Imagens: Reprodu\u00e7\u00e3o.<\/p>\n","protected":false},"author":8,"featured_media":118575,"comment_status":"open","ping_status":"open","sticky":false,"template":"","format":"standard","meta":{"jetpack_post_was_ever_published":false,"_jetpack_newsletter_access":"","jetpack_publicize_message":"A top Anja Rubik entra para o ramo da beleza com o lan\u00e7amento de um perfume: http:\/\/wp.me\/p3Hz0n-uQt","jetpack_is_tweetstorm":false,"jetpack_publicize_feature_enabled":true,"jetpack_social_post_already_shared":true,"jetpack_social_options":{"image_generator_settings":{"template":"highway","enabled":false}}},"categories":[2],"tags":[],"jetpack_publicize_connections":[],"jetpack_featured_media_url":"https:\/\/i0.wp.com\/agrund.com\/wp-content\/uploads\/sites\/6\/2014\/11\/slide107.jpg?fit=960%2C300&ssl=1","jetpack_sharing_enabled":true,"jetpack_shortlink":"https:\/\/wp.me\/p3Hz0n-uQt","jetpack_likes_enabled":true,"_links":{"self":[{"href":"https:\/\/agrund.com\/index.php\/wp-json\/wp\/v2\/posts\/118573"}],"collection":[{"href":"https:\/\/agrund.com\/index.php\/wp-json\/wp\/v2\/posts"}],"about":[{"href":"https:\/\/agrund.com\/index.php\/wp-json\/wp\/v2\/types\/post"}],"author":[{"embeddable":true,"href":"https:\/\/agrund.com\/index.php\/wp-json\/wp\/v2\/users\/8"}],"replies":[{"embeddable":true,"href":"https:\/\/agrund.com\/index.php\/wp-json\/wp\/v2\/comments?post=118573"}],"version-history":[{"count":0,"href":"https:\/\/agrund.com\/index.php\/wp-json\/wp\/v2\/posts\/118573\/revisions"}],"wp:featuredmedia":[{"embeddable":true,"href":"https:\/\/agrund.com\/index.php\/wp-json\/wp\/v2\/media\/118575"}],"wp:attachment":[{"href":"https:\/\/agrund.com\/index.php\/wp-json\/wp\/v2\/media?parent=118573"}],"wp:term":[{"taxonomy":"category","embeddable":true,"href":"https:\/\/agrund.com\/index.php\/wp-json\/wp\/v2\/categories?post=118573"},{"taxonomy":"post_tag","embeddable":true,"href":"https:\/\/agrund.com\/index.php\/wp-json\/wp\/v2\/tags?post=118573"}],"curies":[{"name":"wp","href":"https:\/\/api.w.org\/{rel}","templated":true}]}}