{"id":118567,"date":"2014-11-19T19:00:26","date_gmt":"2014-11-19T21:00:26","guid":{"rendered":"http:\/\/www.agrund.com\/?p=118567"},"modified":"2014-11-19T11:50:17","modified_gmt":"2014-11-19T13:50:17","slug":"a-coincidencia-fashion-de-rita-ora-e-gigi-hadid","status":"publish","type":"post","link":"https:\/\/agrund.com\/index.php\/a-coincidencia-fashion-de-rita-ora-e-gigi-hadid\/","title":{"rendered":"A coincid\u00eancia fashion de Rita Ora e Gigi Hadid"},"content":{"rendered":"<p>Agrund.com detectou uma coincid\u00eancia fashion no mundo das famosas e quer a sua opini\u00e3o: Rita Ora e a modelo Gigi Hadid escolheram o mesmo vestido Emilio Pucci para diferentes ocasi\u00f5es. Enquanto a cantora fez o estilo mulher fatal combinando a pe\u00e7a com uma sand\u00e1lia rocker, cabelos soltos e um superbatom vermelho, Gigi foi discreta e apostou em uma sand\u00e1lia prata, cabelos presos e make nude. E a\u00ed, quem voc\u00ea acha que mandou melhor na produ\u00e7\u00e3o?<\/p>\n<div id=\"attachment_118569\" style=\"width: 660px\" class=\"wp-caption aligncenter\"><a href=\"https:\/\/i0.wp.com\/www.agrund.com\/wp-content\/uploads\/sites\/6\/2014\/11\/rita-ora-emlio-pucci-lace-dress01.jpg\"><img aria-describedby=\"caption-attachment-118569\" data-attachment-id=\"118569\" data-permalink=\"https:\/\/agrund.com\/index.php\/a-coincidencia-fashion-de-rita-ora-e-gigi-hadid\/rita-ora-emlio-pucci-lace-dress01\/\" data-orig-file=\"https:\/\/i0.wp.com\/agrund.com\/wp-content\/uploads\/sites\/6\/2014\/11\/rita-ora-emlio-pucci-lace-dress01.jpg?fit=650%2C1035&amp;ssl=1\" data-orig-size=\"650,1035\" data-comments-opened=\"1\" data-image-meta=\"{&quot;aperture&quot;:&quot;0&quot;,&quot;credit&quot;:&quot;&quot;,&quot;camera&quot;:&quot;&quot;,&quot;caption&quot;:&quot;&quot;,&quot;created_timestamp&quot;:&quot;0&quot;,&quot;copyright&quot;:&quot;&quot;,&quot;focal_length&quot;:&quot;0&quot;,&quot;iso&quot;:&quot;0&quot;,&quot;shutter_speed&quot;:&quot;0&quot;,&quot;title&quot;:&quot;&quot;,&quot;orientation&quot;:&quot;0&quot;}\" data-image-title=\"Rita Ora\" data-image-description=\"\" data-image-caption=\"&lt;p&gt;Rita Ora&lt;\/p&gt;\n\" data-medium-file=\"https:\/\/i0.wp.com\/agrund.com\/wp-content\/uploads\/sites\/6\/2014\/11\/rita-ora-emlio-pucci-lace-dress01.jpg?fit=188%2C300&amp;ssl=1\" data-large-file=\"https:\/\/i0.wp.com\/agrund.com\/wp-content\/uploads\/sites\/6\/2014\/11\/rita-ora-emlio-pucci-lace-dress01.jpg?fit=643%2C1024&amp;ssl=1\" decoding=\"async\" loading=\"lazy\" class=\"size-full wp-image-118569\" alt=\"Rita Ora\" src=\"https:\/\/i0.wp.com\/www.agrund.com\/wp-content\/uploads\/sites\/6\/2014\/11\/rita-ora-emlio-pucci-lace-dress01.jpg?resize=650%2C1035\" width=\"650\" height=\"1035\" srcset=\"https:\/\/i0.wp.com\/agrund.com\/wp-content\/uploads\/sites\/6\/2014\/11\/rita-ora-emlio-pucci-lace-dress01.jpg?w=650&amp;ssl=1 650w, https:\/\/i0.wp.com\/agrund.com\/wp-content\/uploads\/sites\/6\/2014\/11\/rita-ora-emlio-pucci-lace-dress01.jpg?resize=188%2C300&amp;ssl=1 188w, https:\/\/i0.wp.com\/agrund.com\/wp-content\/uploads\/sites\/6\/2014\/11\/rita-ora-emlio-pucci-lace-dress01.jpg?resize=643%2C1024&amp;ssl=1 643w\" sizes=\"(max-width: 650px) 100vw, 650px\" data-recalc-dims=\"1\" \/><\/a><p id=\"caption-attachment-118569\" class=\"wp-caption-text\">Rita Ora<\/p><\/div>\n<div id=\"attachment_118568\" style=\"width: 510px\" class=\"wp-caption aligncenter\"><a href=\"https:\/\/i0.wp.com\/www.agrund.com\/wp-content\/uploads\/sites\/6\/2014\/11\/1416348079059_Image_galleryImage_MILAN_ITALY_NOVEMBER_18_G.jpg\"><img aria-describedby=\"caption-attachment-118568\" data-attachment-id=\"118568\" data-permalink=\"https:\/\/agrund.com\/index.php\/a-coincidencia-fashion-de-rita-ora-e-gigi-hadid\/1416348079059_image_galleryimage_milan_italy_november_18_g\/\" data-orig-file=\"https:\/\/i0.wp.com\/agrund.com\/wp-content\/uploads\/sites\/6\/2014\/11\/1416348079059_Image_galleryImage_MILAN_ITALY_NOVEMBER_18_G.jpg?fit=500%2C864&amp;ssl=1\" data-orig-size=\"500,864\" data-comments-opened=\"1\" data-image-meta=\"{&quot;aperture&quot;:&quot;0&quot;,&quot;credit&quot;:&quot;&quot;,&quot;camera&quot;:&quot;&quot;,&quot;caption&quot;:&quot;&quot;,&quot;created_timestamp&quot;:&quot;0&quot;,&quot;copyright&quot;:&quot;&quot;,&quot;focal_length&quot;:&quot;0&quot;,&quot;iso&quot;:&quot;0&quot;,&quot;shutter_speed&quot;:&quot;0&quot;,&quot;title&quot;:&quot;&quot;,&quot;orientation&quot;:&quot;0&quot;}\" data-image-title=\"Gigi Hadad\" data-image-description=\"\" data-image-caption=\"&lt;p&gt;Gigi Hadad&lt;\/p&gt;\n\" data-medium-file=\"https:\/\/i0.wp.com\/agrund.com\/wp-content\/uploads\/sites\/6\/2014\/11\/1416348079059_Image_galleryImage_MILAN_ITALY_NOVEMBER_18_G.jpg?fit=174%2C300&amp;ssl=1\" data-large-file=\"https:\/\/i0.wp.com\/agrund.com\/wp-content\/uploads\/sites\/6\/2014\/11\/1416348079059_Image_galleryImage_MILAN_ITALY_NOVEMBER_18_G.jpg?fit=500%2C864&amp;ssl=1\" decoding=\"async\" loading=\"lazy\" class=\"size-full wp-image-118568\" alt=\"Gigi Hadad\" src=\"https:\/\/i0.wp.com\/www.agrund.com\/wp-content\/uploads\/sites\/6\/2014\/11\/1416348079059_Image_galleryImage_MILAN_ITALY_NOVEMBER_18_G.jpg?resize=500%2C864\" width=\"500\" height=\"864\" srcset=\"https:\/\/i0.wp.com\/agrund.com\/wp-content\/uploads\/sites\/6\/2014\/11\/1416348079059_Image_galleryImage_MILAN_ITALY_NOVEMBER_18_G.jpg?w=500&amp;ssl=1 500w, https:\/\/i0.wp.com\/agrund.com\/wp-content\/uploads\/sites\/6\/2014\/11\/1416348079059_Image_galleryImage_MILAN_ITALY_NOVEMBER_18_G.jpg?resize=174%2C300&amp;ssl=1 174w\" sizes=\"(max-width: 500px) 100vw, 500px\" data-recalc-dims=\"1\" \/><\/a><p id=\"caption-attachment-118568\" class=\"wp-caption-text\">Gigi Hadid<\/p><\/div>\n<p>&nbsp;<\/p>\n<p>Imagens: Reprodu\u00e7\u00e3o.<\/p>\n<p>&nbsp;<\/p>\n","protected":false},"excerpt":{"rendered":"<p>Agrund.com detectou uma coincid\u00eancia fashion no mundo das famosas e quer a sua opini\u00e3o: Rita Ora e a modelo Gigi Hadid escolheram o mesmo vestido Emilio Pucci para diferentes ocasi\u00f5es. Enquanto a cantora fez o estilo mulher fatal combinando a pe\u00e7a com uma sand\u00e1lia rocker, cabelos soltos e um superbatom vermelho, Gigi foi discreta e [&hellip;]<\/p>\n","protected":false},"author":8,"featured_media":118570,"comment_status":"open","ping_status":"open","sticky":false,"template":"","format":"standard","meta":{"jetpack_post_was_ever_published":false,"_jetpack_newsletter_access":"","jetpack_publicize_message":"Rita Ora e a modelo Gigi Hadid apostaram no mesmo vestido. Quem voc\u00ea acha que mandou melhor no look? http:\/\/wp.me\/p3Hz0n-uQn","jetpack_is_tweetstorm":false,"jetpack_publicize_feature_enabled":true,"jetpack_social_post_already_shared":true,"jetpack_social_options":{"image_generator_settings":{"template":"highway","enabled":false}}},"categories":[2],"tags":[],"jetpack_publicize_connections":[],"jetpack_featured_media_url":"https:\/\/i0.wp.com\/agrund.com\/wp-content\/uploads\/sites\/6\/2014\/11\/slide106.jpg?fit=500%2C796&ssl=1","jetpack_sharing_enabled":true,"jetpack_shortlink":"https:\/\/wp.me\/p3Hz0n-uQn","jetpack_likes_enabled":true,"_links":{"self":[{"href":"https:\/\/agrund.com\/index.php\/wp-json\/wp\/v2\/posts\/118567"}],"collection":[{"href":"https:\/\/agrund.com\/index.php\/wp-json\/wp\/v2\/posts"}],"about":[{"href":"https:\/\/agrund.com\/index.php\/wp-json\/wp\/v2\/types\/post"}],"author":[{"embeddable":true,"href":"https:\/\/agrund.com\/index.php\/wp-json\/wp\/v2\/users\/8"}],"replies":[{"embeddable":true,"href":"https:\/\/agrund.com\/index.php\/wp-json\/wp\/v2\/comments?post=118567"}],"version-history":[{"count":0,"href":"https:\/\/agrund.com\/index.php\/wp-json\/wp\/v2\/posts\/118567\/revisions"}],"wp:featuredmedia":[{"embeddable":true,"href":"https:\/\/agrund.com\/index.php\/wp-json\/wp\/v2\/media\/118570"}],"wp:attachment":[{"href":"https:\/\/agrund.com\/index.php\/wp-json\/wp\/v2\/media?parent=118567"}],"wp:term":[{"taxonomy":"category","embeddable":true,"href":"https:\/\/agrund.com\/index.php\/wp-json\/wp\/v2\/categories?post=118567"},{"taxonomy":"post_tag","embeddable":true,"href":"https:\/\/agrund.com\/index.php\/wp-json\/wp\/v2\/tags?post=118567"}],"curies":[{"name":"wp","href":"https:\/\/api.w.org\/{rel}","templated":true}]}}