{"id":118548,"date":"2014-11-19T12:00:21","date_gmt":"2014-11-19T14:00:21","guid":{"rendered":"http:\/\/www.agrund.com\/?p=118548"},"modified":"2014-11-19T11:30:51","modified_gmt":"2014-11-19T13:30:51","slug":"cinza-a-cor-do-momento-nos-cabelos","status":"publish","type":"post","link":"https:\/\/agrund.com\/index.php\/cinza-a-cor-do-momento-nos-cabelos\/","title":{"rendered":"Cinza, a cor do momento nos cabelos!"},"content":{"rendered":"<p>A moda e a beleza falam sobre aceita\u00e7\u00e3o; e um visual que nunca esteve mais atual chega chegando na cabe\u00e7a das celebridades: os cabelos cinzas! O grisalho hoje representa n\u00e3o s\u00f3 charme para os homens, mas tamb\u00e9m para as mulheres e estrapola a barreira da idade fazendo com que muita gente pinte as madeixas dessa cor superestilosa.<\/p>\n<p>Quer um exemplo? Quem assistir ao filme &#8220;Jogos Vorazes: A Esperan\u00e7a \u2013 Parte 1&#8221; (com estreia mundial hoje, 19\/11) vai perceber de cara o cabelo cinza da personagem de Julianne Moore. Mas eles n\u00e3o ficam s\u00f3 na fic\u00e7\u00e3o: a vision\u00e1ria Lady Gaga tamb\u00e9m j\u00e1 deu as caras nesse visual seguida por gente como Rihanna e Kylie Jenner, todas superando a onda dos cabelos coloridos a fim de dar lugar ao cinza. Reunimos uma s\u00e9rie de fotos na galeria para voc\u00ea se inspirar e deixamos a dica do momento para quem tiver coragem de encarar a mudan\u00e7a. Agrund.com aprova!<\/p>\n<div id=\"attachment_118549\" style=\"width: 510px\" class=\"wp-caption aligncenter\"><a href=\"https:\/\/i0.wp.com\/www.agrund.com\/wp-content\/uploads\/sites\/6\/2014\/11\/Julianne-Moore1.jpg\"><img aria-describedby=\"caption-attachment-118549\" data-attachment-id=\"118549\" data-permalink=\"https:\/\/agrund.com\/index.php\/cinza-a-cor-do-momento-nos-cabelos\/julianne-moore-6\/\" data-orig-file=\"https:\/\/i0.wp.com\/agrund.com\/wp-content\/uploads\/sites\/6\/2014\/11\/Julianne-Moore1.jpg?fit=500%2C522&amp;ssl=1\" data-orig-size=\"500,522\" data-comments-opened=\"1\" data-image-meta=\"{&quot;aperture&quot;:&quot;0&quot;,&quot;credit&quot;:&quot;&quot;,&quot;camera&quot;:&quot;&quot;,&quot;caption&quot;:&quot;&quot;,&quot;created_timestamp&quot;:&quot;0&quot;,&quot;copyright&quot;:&quot;&quot;,&quot;focal_length&quot;:&quot;0&quot;,&quot;iso&quot;:&quot;0&quot;,&quot;shutter_speed&quot;:&quot;0&quot;,&quot;title&quot;:&quot;&quot;,&quot;orientation&quot;:&quot;0&quot;}\" data-image-title=\"Julianne Moore\" data-image-description=\"\" data-image-caption=\"&lt;p&gt;Julianne Moore&lt;\/p&gt;\n\" data-medium-file=\"https:\/\/i0.wp.com\/agrund.com\/wp-content\/uploads\/sites\/6\/2014\/11\/Julianne-Moore1.jpg?fit=287%2C300&amp;ssl=1\" data-large-file=\"https:\/\/i0.wp.com\/agrund.com\/wp-content\/uploads\/sites\/6\/2014\/11\/Julianne-Moore1.jpg?fit=500%2C522&amp;ssl=1\" decoding=\"async\" loading=\"lazy\" class=\"size-full wp-image-118549\" alt=\"Julianne Moore\" src=\"https:\/\/i0.wp.com\/www.agrund.com\/wp-content\/uploads\/sites\/6\/2014\/11\/Julianne-Moore1.jpg?resize=500%2C522\" width=\"500\" height=\"522\" srcset=\"https:\/\/i0.wp.com\/agrund.com\/wp-content\/uploads\/sites\/6\/2014\/11\/Julianne-Moore1.jpg?w=500&amp;ssl=1 500w, https:\/\/i0.wp.com\/agrund.com\/wp-content\/uploads\/sites\/6\/2014\/11\/Julianne-Moore1.jpg?resize=287%2C300&amp;ssl=1 287w\" sizes=\"(max-width: 500px) 100vw, 500px\" data-recalc-dims=\"1\" \/><\/a><p id=\"caption-attachment-118549\" class=\"wp-caption-text\">Julianne Moore<\/p><\/div>\n<div id=\"attachment_118551\" style=\"width: 510px\" class=\"wp-caption aligncenter\"><a href=\"https:\/\/i0.wp.com\/www.agrund.com\/wp-content\/uploads\/sites\/6\/2014\/11\/Lady-Gaga.jpg\"><img aria-describedby=\"caption-attachment-118551\" data-attachment-id=\"118551\" data-permalink=\"https:\/\/agrund.com\/index.php\/cinza-a-cor-do-momento-nos-cabelos\/lady-gaga-6\/\" data-orig-file=\"https:\/\/i0.wp.com\/agrund.com\/wp-content\/uploads\/sites\/6\/2014\/11\/Lady-Gaga.jpg?fit=500%2C625&amp;ssl=1\" data-orig-size=\"500,625\" data-comments-opened=\"1\" data-image-meta=\"{&quot;aperture&quot;:&quot;0&quot;,&quot;credit&quot;:&quot;&quot;,&quot;camera&quot;:&quot;&quot;,&quot;caption&quot;:&quot;&quot;,&quot;created_timestamp&quot;:&quot;0&quot;,&quot;copyright&quot;:&quot;&quot;,&quot;focal_length&quot;:&quot;0&quot;,&quot;iso&quot;:&quot;0&quot;,&quot;shutter_speed&quot;:&quot;0&quot;,&quot;title&quot;:&quot;&quot;,&quot;orientation&quot;:&quot;0&quot;}\" data-image-title=\"Lady Gaga\" data-image-description=\"\" data-image-caption=\"&lt;p&gt;Lady Gaga&lt;\/p&gt;\n\" data-medium-file=\"https:\/\/i0.wp.com\/agrund.com\/wp-content\/uploads\/sites\/6\/2014\/11\/Lady-Gaga.jpg?fit=240%2C300&amp;ssl=1\" data-large-file=\"https:\/\/i0.wp.com\/agrund.com\/wp-content\/uploads\/sites\/6\/2014\/11\/Lady-Gaga.jpg?fit=500%2C625&amp;ssl=1\" decoding=\"async\" loading=\"lazy\" class=\"size-full wp-image-118551\" alt=\"Lady Gaga\" src=\"https:\/\/i0.wp.com\/www.agrund.com\/wp-content\/uploads\/sites\/6\/2014\/11\/Lady-Gaga.jpg?resize=500%2C625\" width=\"500\" height=\"625\" srcset=\"https:\/\/i0.wp.com\/agrund.com\/wp-content\/uploads\/sites\/6\/2014\/11\/Lady-Gaga.jpg?w=500&amp;ssl=1 500w, https:\/\/i0.wp.com\/agrund.com\/wp-content\/uploads\/sites\/6\/2014\/11\/Lady-Gaga.jpg?resize=240%2C300&amp;ssl=1 240w\" sizes=\"(max-width: 500px) 100vw, 500px\" data-recalc-dims=\"1\" \/><\/a><p id=\"caption-attachment-118551\" class=\"wp-caption-text\">Lady Gaga<\/p><\/div>\n<div id=\"attachment_118552\" style=\"width: 510px\" class=\"wp-caption aligncenter\"><a href=\"https:\/\/i0.wp.com\/www.agrund.com\/wp-content\/uploads\/sites\/6\/2014\/11\/Rihanna.jpg\"><img aria-describedby=\"caption-attachment-118552\" data-attachment-id=\"118552\" data-permalink=\"https:\/\/agrund.com\/index.php\/cinza-a-cor-do-momento-nos-cabelos\/rihanna-9\/\" data-orig-file=\"https:\/\/i0.wp.com\/agrund.com\/wp-content\/uploads\/sites\/6\/2014\/11\/Rihanna.jpg?fit=500%2C628&amp;ssl=1\" data-orig-size=\"500,628\" data-comments-opened=\"1\" data-image-meta=\"{&quot;aperture&quot;:&quot;0&quot;,&quot;credit&quot;:&quot;&quot;,&quot;camera&quot;:&quot;&quot;,&quot;caption&quot;:&quot;&quot;,&quot;created_timestamp&quot;:&quot;0&quot;,&quot;copyright&quot;:&quot;&quot;,&quot;focal_length&quot;:&quot;0&quot;,&quot;iso&quot;:&quot;0&quot;,&quot;shutter_speed&quot;:&quot;0&quot;,&quot;title&quot;:&quot;&quot;,&quot;orientation&quot;:&quot;0&quot;}\" data-image-title=\"Rihanna\" data-image-description=\"\" data-image-caption=\"&lt;p&gt;Rihanna&lt;\/p&gt;\n\" data-medium-file=\"https:\/\/i0.wp.com\/agrund.com\/wp-content\/uploads\/sites\/6\/2014\/11\/Rihanna.jpg?fit=239%2C300&amp;ssl=1\" data-large-file=\"https:\/\/i0.wp.com\/agrund.com\/wp-content\/uploads\/sites\/6\/2014\/11\/Rihanna.jpg?fit=500%2C628&amp;ssl=1\" decoding=\"async\" loading=\"lazy\" class=\"size-full wp-image-118552\" alt=\"Rihanna\" src=\"https:\/\/i0.wp.com\/www.agrund.com\/wp-content\/uploads\/sites\/6\/2014\/11\/Rihanna.jpg?resize=500%2C628\" width=\"500\" height=\"628\" srcset=\"https:\/\/i0.wp.com\/agrund.com\/wp-content\/uploads\/sites\/6\/2014\/11\/Rihanna.jpg?w=500&amp;ssl=1 500w, https:\/\/i0.wp.com\/agrund.com\/wp-content\/uploads\/sites\/6\/2014\/11\/Rihanna.jpg?resize=239%2C300&amp;ssl=1 239w\" sizes=\"(max-width: 500px) 100vw, 500px\" data-recalc-dims=\"1\" \/><\/a><p id=\"caption-attachment-118552\" class=\"wp-caption-text\">Rihanna<\/p><\/div>\n<div id=\"attachment_118550\" style=\"width: 510px\" class=\"wp-caption aligncenter\"><a href=\"https:\/\/i0.wp.com\/www.agrund.com\/wp-content\/uploads\/sites\/6\/2014\/11\/Kylie-Jenner.jpg\"><img aria-describedby=\"caption-attachment-118550\" data-attachment-id=\"118550\" data-permalink=\"https:\/\/agrund.com\/index.php\/cinza-a-cor-do-momento-nos-cabelos\/kylie-jenner-4\/\" data-orig-file=\"https:\/\/i0.wp.com\/agrund.com\/wp-content\/uploads\/sites\/6\/2014\/11\/Kylie-Jenner.jpg?fit=500%2C808&amp;ssl=1\" data-orig-size=\"500,808\" data-comments-opened=\"1\" data-image-meta=\"{&quot;aperture&quot;:&quot;0&quot;,&quot;credit&quot;:&quot;&quot;,&quot;camera&quot;:&quot;&quot;,&quot;caption&quot;:&quot;&quot;,&quot;created_timestamp&quot;:&quot;0&quot;,&quot;copyright&quot;:&quot;&quot;,&quot;focal_length&quot;:&quot;0&quot;,&quot;iso&quot;:&quot;0&quot;,&quot;shutter_speed&quot;:&quot;0&quot;,&quot;title&quot;:&quot;&quot;,&quot;orientation&quot;:&quot;0&quot;}\" data-image-title=\"Kylie Jenner\" data-image-description=\"\" data-image-caption=\"&lt;p&gt;Kylie Jenner&lt;\/p&gt;\n\" data-medium-file=\"https:\/\/i0.wp.com\/agrund.com\/wp-content\/uploads\/sites\/6\/2014\/11\/Kylie-Jenner.jpg?fit=186%2C300&amp;ssl=1\" data-large-file=\"https:\/\/i0.wp.com\/agrund.com\/wp-content\/uploads\/sites\/6\/2014\/11\/Kylie-Jenner.jpg?fit=500%2C808&amp;ssl=1\" decoding=\"async\" loading=\"lazy\" class=\"size-full wp-image-118550\" alt=\"Kylie Jenner\" src=\"https:\/\/i0.wp.com\/www.agrund.com\/wp-content\/uploads\/sites\/6\/2014\/11\/Kylie-Jenner.jpg?resize=500%2C808\" width=\"500\" height=\"808\" srcset=\"https:\/\/i0.wp.com\/agrund.com\/wp-content\/uploads\/sites\/6\/2014\/11\/Kylie-Jenner.jpg?w=500&amp;ssl=1 500w, https:\/\/i0.wp.com\/agrund.com\/wp-content\/uploads\/sites\/6\/2014\/11\/Kylie-Jenner.jpg?resize=186%2C300&amp;ssl=1 186w\" sizes=\"(max-width: 500px) 100vw, 500px\" data-recalc-dims=\"1\" \/><\/a><p id=\"caption-attachment-118550\" class=\"wp-caption-text\">Kylie Jenner<\/p><\/div>\n<p>&nbsp;<\/p>\n<p>Imagens: Reprodu\u00e7\u00e3o.<\/p>\n<p>&nbsp;<\/p>\n<p>&nbsp;<\/p>\n<p>&nbsp;<\/p>\n","protected":false},"excerpt":{"rendered":"<p>A moda e a beleza falam sobre aceita\u00e7\u00e3o; e um visual que nunca esteve mais atual chega chegando na cabe\u00e7a das celebridades: os cabelos cinzas! O grisalho hoje representa n\u00e3o s\u00f3 charme para os homens, mas tamb\u00e9m para as mulheres e estrapola a barreira da idade fazendo com que muita gente pinte as madeixas dessa [&hellip;]<\/p>\n","protected":false},"author":8,"featured_media":118553,"comment_status":"open","ping_status":"open","sticky":false,"template":"","format":"standard","meta":{"jetpack_post_was_ever_published":false,"_jetpack_newsletter_access":"","jetpack_publicize_message":"\u00c9 o fim da era dos cabelos coloridos? O cinza chega com tudo fazendo a cabe\u00e7a de gente como Julianne Moore e Lady Gaga! http:\/\/wp.me\/p3Hz0n-uQ4","jetpack_is_tweetstorm":false,"jetpack_publicize_feature_enabled":true,"jetpack_social_post_already_shared":true,"jetpack_social_options":{"image_generator_settings":{"template":"highway","enabled":false}}},"categories":[2],"tags":[],"jetpack_publicize_connections":[],"jetpack_featured_media_url":"https:\/\/i0.wp.com\/agrund.com\/wp-content\/uploads\/sites\/6\/2014\/11\/slide103.jpg?fit=960%2C300&ssl=1","jetpack_sharing_enabled":true,"jetpack_shortlink":"https:\/\/wp.me\/p3Hz0n-uQ4","jetpack_likes_enabled":true,"_links":{"self":[{"href":"https:\/\/agrund.com\/index.php\/wp-json\/wp\/v2\/posts\/118548"}],"collection":[{"href":"https:\/\/agrund.com\/index.php\/wp-json\/wp\/v2\/posts"}],"about":[{"href":"https:\/\/agrund.com\/index.php\/wp-json\/wp\/v2\/types\/post"}],"author":[{"embeddable":true,"href":"https:\/\/agrund.com\/index.php\/wp-json\/wp\/v2\/users\/8"}],"replies":[{"embeddable":true,"href":"https:\/\/agrund.com\/index.php\/wp-json\/wp\/v2\/comments?post=118548"}],"version-history":[{"count":0,"href":"https:\/\/agrund.com\/index.php\/wp-json\/wp\/v2\/posts\/118548\/revisions"}],"wp:featuredmedia":[{"embeddable":true,"href":"https:\/\/agrund.com\/index.php\/wp-json\/wp\/v2\/media\/118553"}],"wp:attachment":[{"href":"https:\/\/agrund.com\/index.php\/wp-json\/wp\/v2\/media?parent=118548"}],"wp:term":[{"taxonomy":"category","embeddable":true,"href":"https:\/\/agrund.com\/index.php\/wp-json\/wp\/v2\/categories?post=118548"},{"taxonomy":"post_tag","embeddable":true,"href":"https:\/\/agrund.com\/index.php\/wp-json\/wp\/v2\/tags?post=118548"}],"curies":[{"name":"wp","href":"https:\/\/api.w.org\/{rel}","templated":true}]}}