{"id":118541,"date":"2014-11-19T11:00:26","date_gmt":"2014-11-19T13:00:26","guid":{"rendered":"http:\/\/www.agrund.com\/?p=118541"},"modified":"2014-11-19T10:07:18","modified_gmt":"2014-11-19T12:07:18","slug":"fashion-police-tem-nova-apresentadora","status":"publish","type":"post","link":"https:\/\/agrund.com\/index.php\/fashion-police-tem-nova-apresentadora\/","title":{"rendered":"&#8220;Fashion Police&#8221; tem nova apresentadora"},"content":{"rendered":"<div>As d\u00favidas acabaram: o &#8220;Fashion Police&#8221;, exibido no Brasil pelo canal E! Entertainment, j\u00e1 tem uma nova apresentadora: a atriz e comediante Kathy Griffin, que tem experi\u00eancia em comentar tapetes vermelhos e participa\u00e7\u00e3o em uma s\u00e9rie de filmes e programas de TV. A americana assume o posto de Joan Rivers (falecida em setembro desse ano) e deve juntar-se \u00e0 Melissa Rivers, Kelly Osbourne e Giuliana Rancic na turma de comentaristas (ainda n\u00e3o h\u00e1 confirma\u00e7\u00e3o se George Kotsiopoulos continua); mas fique ligado nas mudan\u00e7as: o &#8220;Fashion Police&#8221; n\u00e3o ser\u00e1 mais semanal e deve ir ao ar apenas em ocasi\u00f5es especiais, como premia\u00e7\u00f5es que reunam famosos. Agora \u00e9 esperar para ver!<\/div>\n<div>\n<div id=\"attachment_118542\" style=\"width: 545px\" class=\"wp-caption aligncenter\"><a href=\"https:\/\/i0.wp.com\/www.agrund.com\/wp-content\/uploads\/sites\/6\/2014\/11\/dish-040212-kathy-griffin.jpg\"><img aria-describedby=\"caption-attachment-118542\" data-attachment-id=\"118542\" data-permalink=\"https:\/\/agrund.com\/index.php\/fashion-police-tem-nova-apresentadora\/dish-040212-kathy-griffin\/\" data-orig-file=\"https:\/\/i0.wp.com\/agrund.com\/wp-content\/uploads\/sites\/6\/2014\/11\/dish-040212-kathy-griffin.jpg?fit=535%2C373&amp;ssl=1\" data-orig-size=\"535,373\" data-comments-opened=\"1\" data-image-meta=\"{&quot;aperture&quot;:&quot;0&quot;,&quot;credit&quot;:&quot;&quot;,&quot;camera&quot;:&quot;&quot;,&quot;caption&quot;:&quot;&quot;,&quot;created_timestamp&quot;:&quot;0&quot;,&quot;copyright&quot;:&quot;2012 Beavo Media, LLC.&quot;,&quot;focal_length&quot;:&quot;0&quot;,&quot;iso&quot;:&quot;0&quot;,&quot;shutter_speed&quot;:&quot;0&quot;,&quot;title&quot;:&quot;&quot;,&quot;orientation&quot;:&quot;0&quot;}\" data-image-title=\"&#8220;Fashion Police&#8221; tem nova apresentadora \" data-image-description=\"\" data-image-caption=\"&lt;p&gt;&#8220;Fashion Police&#8221; tem nova apresentadora &lt;\/p&gt;\n\" data-medium-file=\"https:\/\/i0.wp.com\/agrund.com\/wp-content\/uploads\/sites\/6\/2014\/11\/dish-040212-kathy-griffin.jpg?fit=300%2C209&amp;ssl=1\" data-large-file=\"https:\/\/i0.wp.com\/agrund.com\/wp-content\/uploads\/sites\/6\/2014\/11\/dish-040212-kathy-griffin.jpg?fit=535%2C373&amp;ssl=1\" decoding=\"async\" loading=\"lazy\" class=\"size-full wp-image-118542\" alt=\"&quot;Fashion Police&quot; tem nova apresentadora \" src=\"https:\/\/i0.wp.com\/www.agrund.com\/wp-content\/uploads\/sites\/6\/2014\/11\/dish-040212-kathy-griffin.jpg?resize=535%2C373\" width=\"535\" height=\"373\" srcset=\"https:\/\/i0.wp.com\/agrund.com\/wp-content\/uploads\/sites\/6\/2014\/11\/dish-040212-kathy-griffin.jpg?w=535&amp;ssl=1 535w, https:\/\/i0.wp.com\/agrund.com\/wp-content\/uploads\/sites\/6\/2014\/11\/dish-040212-kathy-griffin.jpg?resize=300%2C209&amp;ssl=1 300w\" sizes=\"(max-width: 535px) 100vw, 535px\" data-recalc-dims=\"1\" \/><\/a><p id=\"caption-attachment-118542\" class=\"wp-caption-text\">&#8220;Fashion Police&#8221; tem nova apresentadora<\/p><\/div>\n<p>&nbsp;<\/p>\n<p>Imagem: Reprodu\u00e7\u00e3o.<\/p>\n<\/div>\n","protected":false},"excerpt":{"rendered":"<p>As d\u00favidas acabaram: o &#8220;Fashion Police&#8221;, exibido no Brasil pelo canal E! Entertainment, j\u00e1 tem uma nova apresentadora: a atriz e comediante Kathy Griffin, que tem experi\u00eancia em comentar tapetes vermelhos e participa\u00e7\u00e3o em uma s\u00e9rie de filmes e programas de TV. A americana assume o posto de Joan Rivers (falecida em setembro desse ano) [&hellip;]<\/p>\n","protected":false},"author":8,"featured_media":118543,"comment_status":"open","ping_status":"open","sticky":false,"template":"","format":"standard","meta":{"jetpack_post_was_ever_published":false,"_jetpack_newsletter_access":"","jetpack_publicize_message":"O #FashionPolice continua no ar, mas passa por mudan\u00e7as e ganha nova apresentadora: http:\/\/wp.me\/p3Hz0n-uPX","jetpack_is_tweetstorm":false,"jetpack_publicize_feature_enabled":true,"jetpack_social_post_already_shared":true,"jetpack_social_options":{"image_generator_settings":{"template":"highway","enabled":false}}},"categories":[2],"tags":[],"jetpack_publicize_connections":[],"jetpack_featured_media_url":"https:\/\/i0.wp.com\/agrund.com\/wp-content\/uploads\/sites\/6\/2014\/11\/slide102.jpg?fit=960%2C300&ssl=1","jetpack_sharing_enabled":true,"jetpack_shortlink":"https:\/\/wp.me\/p3Hz0n-uPX","jetpack_likes_enabled":true,"_links":{"self":[{"href":"https:\/\/agrund.com\/index.php\/wp-json\/wp\/v2\/posts\/118541"}],"collection":[{"href":"https:\/\/agrund.com\/index.php\/wp-json\/wp\/v2\/posts"}],"about":[{"href":"https:\/\/agrund.com\/index.php\/wp-json\/wp\/v2\/types\/post"}],"author":[{"embeddable":true,"href":"https:\/\/agrund.com\/index.php\/wp-json\/wp\/v2\/users\/8"}],"replies":[{"embeddable":true,"href":"https:\/\/agrund.com\/index.php\/wp-json\/wp\/v2\/comments?post=118541"}],"version-history":[{"count":0,"href":"https:\/\/agrund.com\/index.php\/wp-json\/wp\/v2\/posts\/118541\/revisions"}],"wp:featuredmedia":[{"embeddable":true,"href":"https:\/\/agrund.com\/index.php\/wp-json\/wp\/v2\/media\/118543"}],"wp:attachment":[{"href":"https:\/\/agrund.com\/index.php\/wp-json\/wp\/v2\/media?parent=118541"}],"wp:term":[{"taxonomy":"category","embeddable":true,"href":"https:\/\/agrund.com\/index.php\/wp-json\/wp\/v2\/categories?post=118541"},{"taxonomy":"post_tag","embeddable":true,"href":"https:\/\/agrund.com\/index.php\/wp-json\/wp\/v2\/tags?post=118541"}],"curies":[{"name":"wp","href":"https:\/\/api.w.org\/{rel}","templated":true}]}}