{"id":118532,"date":"2014-11-19T13:00:12","date_gmt":"2014-11-19T15:00:12","guid":{"rendered":"http:\/\/www.agrund.com\/?p=118532"},"modified":"2014-11-19T11:22:45","modified_gmt":"2014-11-19T13:22:45","slug":"lady-gaga-e-tony-bennett-juntos-na-capa-da-luomo-vogue","status":"publish","type":"post","link":"https:\/\/agrund.com\/index.php\/lady-gaga-e-tony-bennett-juntos-na-capa-da-luomo-vogue\/","title":{"rendered":"Lady Gaga e Tony Bennett juntos na capa da &#8220;L&#8217;Uomo Vogue&#8221;"},"content":{"rendered":"<p>Depois de estrelarem a campanha de fim do ano da H&amp;M (reveja <a href=\"http:\/\/www.agrund.com\/hm-lady-gaga-e-tony-bennett-juntos-em-parceria\/\" target=\"_blank\">AQUI<\/a>), Lady Gaga e Tony Bennett est\u00e3o na capa da &#8220;L&#8217;Uomo Vogue&#8221;. A publica\u00e7\u00e3o tamb\u00e9m traz um editorial da dupla com cliques descontra\u00eddos dos bastidores da grava\u00e7\u00e3o do especial para a televis\u00e3o, batizado &#8220;Tony Bennett e Lady Gaga; Cheek to Cheek LIVE&#8221;. A fotografia \u00e9 assinada por Steven Klein e voc\u00ea v\u00ea os cliques na galeria:<\/p>\n<div id=\"attachment_118534\" style=\"width: 610px\" class=\"wp-caption aligncenter\"><a href=\"https:\/\/i0.wp.com\/www.agrund.com\/wp-content\/uploads\/sites\/6\/2014\/11\/Lady-Gaga-Tony-Bennett-LUomo-Vogue-Photo-Shoot-001-800x553.jpg\"><img aria-describedby=\"caption-attachment-118534\" data-attachment-id=\"118534\" data-permalink=\"https:\/\/agrund.com\/index.php\/lady-gaga-e-tony-bennett-juntos-na-capa-da-luomo-vogue\/lady-gaga-tony-bennett-luomo-vogue-photo-shoot-001-800x553\/\" data-orig-file=\"https:\/\/i0.wp.com\/agrund.com\/wp-content\/uploads\/sites\/6\/2014\/11\/Lady-Gaga-Tony-Bennett-LUomo-Vogue-Photo-Shoot-001-800x553.jpg?fit=600%2C415&amp;ssl=1\" data-orig-size=\"600,415\" data-comments-opened=\"1\" data-image-meta=\"{&quot;aperture&quot;:&quot;0&quot;,&quot;credit&quot;:&quot;&quot;,&quot;camera&quot;:&quot;&quot;,&quot;caption&quot;:&quot;&quot;,&quot;created_timestamp&quot;:&quot;0&quot;,&quot;copyright&quot;:&quot;&quot;,&quot;focal_length&quot;:&quot;0&quot;,&quot;iso&quot;:&quot;0&quot;,&quot;shutter_speed&quot;:&quot;0&quot;,&quot;title&quot;:&quot;&quot;,&quot;orientation&quot;:&quot;0&quot;}\" data-image-title=\"Lady Gaga e Tony Bennett juntos na capa da &#8220;L&#8217;Uomo Vogue&#8221; \" data-image-description=\"\" data-image-caption=\"&lt;p&gt;Lady Gaga e Tony Bennett juntos na capa da &#8220;L&#8217;Uomo Vogue&#8221; &lt;\/p&gt;\n\" data-medium-file=\"https:\/\/i0.wp.com\/agrund.com\/wp-content\/uploads\/sites\/6\/2014\/11\/Lady-Gaga-Tony-Bennett-LUomo-Vogue-Photo-Shoot-001-800x553.jpg?fit=300%2C208&amp;ssl=1\" data-large-file=\"https:\/\/i0.wp.com\/agrund.com\/wp-content\/uploads\/sites\/6\/2014\/11\/Lady-Gaga-Tony-Bennett-LUomo-Vogue-Photo-Shoot-001-800x553.jpg?fit=600%2C415&amp;ssl=1\" decoding=\"async\" loading=\"lazy\" class=\"size-full wp-image-118534\" alt=\"Lady Gaga e Tony Bennett juntos na capa da &quot;L'Uomo Vogue&quot; \" src=\"https:\/\/i0.wp.com\/www.agrund.com\/wp-content\/uploads\/sites\/6\/2014\/11\/Lady-Gaga-Tony-Bennett-LUomo-Vogue-Photo-Shoot-001-800x553.jpg?resize=600%2C415\" width=\"600\" height=\"415\" srcset=\"https:\/\/i0.wp.com\/agrund.com\/wp-content\/uploads\/sites\/6\/2014\/11\/Lady-Gaga-Tony-Bennett-LUomo-Vogue-Photo-Shoot-001-800x553.jpg?w=600&amp;ssl=1 600w, https:\/\/i0.wp.com\/agrund.com\/wp-content\/uploads\/sites\/6\/2014\/11\/Lady-Gaga-Tony-Bennett-LUomo-Vogue-Photo-Shoot-001-800x553.jpg?resize=300%2C208&amp;ssl=1 300w\" sizes=\"(max-width: 600px) 100vw, 600px\" data-recalc-dims=\"1\" \/><\/a><p id=\"caption-attachment-118534\" class=\"wp-caption-text\">Lady Gaga e Tony Bennett juntos na capa da &#8220;L&#8217;Uomo Vogue&#8221;<\/p><\/div>\n<div id=\"attachment_118535\" style=\"width: 610px\" class=\"wp-caption aligncenter\"><a href=\"https:\/\/i0.wp.com\/www.agrund.com\/wp-content\/uploads\/sites\/6\/2014\/11\/Lady-Gaga-Tony-Bennett-LUomo-Vogue-Photo-Shoot-002-800x533.jpg\"><img aria-describedby=\"caption-attachment-118535\" data-attachment-id=\"118535\" data-permalink=\"https:\/\/agrund.com\/index.php\/lady-gaga-e-tony-bennett-juntos-na-capa-da-luomo-vogue\/lady-gaga-tony-bennett-luomo-vogue-photo-shoot-002-800x533\/\" data-orig-file=\"https:\/\/i0.wp.com\/agrund.com\/wp-content\/uploads\/sites\/6\/2014\/11\/Lady-Gaga-Tony-Bennett-LUomo-Vogue-Photo-Shoot-002-800x533.jpg?fit=600%2C400&amp;ssl=1\" data-orig-size=\"600,400\" data-comments-opened=\"1\" data-image-meta=\"{&quot;aperture&quot;:&quot;0&quot;,&quot;credit&quot;:&quot;&quot;,&quot;camera&quot;:&quot;&quot;,&quot;caption&quot;:&quot;&quot;,&quot;created_timestamp&quot;:&quot;0&quot;,&quot;copyright&quot;:&quot;&quot;,&quot;focal_length&quot;:&quot;0&quot;,&quot;iso&quot;:&quot;0&quot;,&quot;shutter_speed&quot;:&quot;0&quot;,&quot;title&quot;:&quot;&quot;,&quot;orientation&quot;:&quot;0&quot;}\" data-image-title=\"Lady Gaga e Tony Bennett juntos na capa da &#8220;L&#8217;Uomo Vogue&#8221; \" data-image-description=\"\" data-image-caption=\"&lt;p&gt;Lady Gaga e Tony Bennett juntos na capa da &#8220;L&#8217;Uomo Vogue&#8221; &lt;\/p&gt;\n\" data-medium-file=\"https:\/\/i0.wp.com\/agrund.com\/wp-content\/uploads\/sites\/6\/2014\/11\/Lady-Gaga-Tony-Bennett-LUomo-Vogue-Photo-Shoot-002-800x533.jpg?fit=300%2C200&amp;ssl=1\" data-large-file=\"https:\/\/i0.wp.com\/agrund.com\/wp-content\/uploads\/sites\/6\/2014\/11\/Lady-Gaga-Tony-Bennett-LUomo-Vogue-Photo-Shoot-002-800x533.jpg?fit=600%2C400&amp;ssl=1\" decoding=\"async\" loading=\"lazy\" class=\"size-full wp-image-118535\" alt=\"Lady Gaga e Tony Bennett juntos na capa da &quot;L'Uomo Vogue&quot; \" src=\"https:\/\/i0.wp.com\/www.agrund.com\/wp-content\/uploads\/sites\/6\/2014\/11\/Lady-Gaga-Tony-Bennett-LUomo-Vogue-Photo-Shoot-002-800x533.jpg?resize=600%2C400\" width=\"600\" height=\"400\" srcset=\"https:\/\/i0.wp.com\/agrund.com\/wp-content\/uploads\/sites\/6\/2014\/11\/Lady-Gaga-Tony-Bennett-LUomo-Vogue-Photo-Shoot-002-800x533.jpg?w=600&amp;ssl=1 600w, https:\/\/i0.wp.com\/agrund.com\/wp-content\/uploads\/sites\/6\/2014\/11\/Lady-Gaga-Tony-Bennett-LUomo-Vogue-Photo-Shoot-002-800x533.jpg?resize=300%2C200&amp;ssl=1 300w\" sizes=\"(max-width: 600px) 100vw, 600px\" data-recalc-dims=\"1\" \/><\/a><p id=\"caption-attachment-118535\" class=\"wp-caption-text\">Lady Gaga e Tony Bennett juntos na capa da &#8220;L&#8217;Uomo Vogue&#8221;<\/p><\/div>\n<div id=\"attachment_118536\" style=\"width: 610px\" class=\"wp-caption aligncenter\"><a href=\"https:\/\/i0.wp.com\/www.agrund.com\/wp-content\/uploads\/sites\/6\/2014\/11\/Lady-Gaga-Tony-Bennett-LUomo-Vogue-Photo-Shoot-003-800x533.jpg\"><img aria-describedby=\"caption-attachment-118536\" data-attachment-id=\"118536\" data-permalink=\"https:\/\/agrund.com\/index.php\/lady-gaga-e-tony-bennett-juntos-na-capa-da-luomo-vogue\/lady-gaga-tony-bennett-luomo-vogue-photo-shoot-003-800x533\/\" data-orig-file=\"https:\/\/i0.wp.com\/agrund.com\/wp-content\/uploads\/sites\/6\/2014\/11\/Lady-Gaga-Tony-Bennett-LUomo-Vogue-Photo-Shoot-003-800x533.jpg?fit=600%2C400&amp;ssl=1\" data-orig-size=\"600,400\" data-comments-opened=\"1\" data-image-meta=\"{&quot;aperture&quot;:&quot;0&quot;,&quot;credit&quot;:&quot;&quot;,&quot;camera&quot;:&quot;&quot;,&quot;caption&quot;:&quot;&quot;,&quot;created_timestamp&quot;:&quot;0&quot;,&quot;copyright&quot;:&quot;&quot;,&quot;focal_length&quot;:&quot;0&quot;,&quot;iso&quot;:&quot;0&quot;,&quot;shutter_speed&quot;:&quot;0&quot;,&quot;title&quot;:&quot;&quot;,&quot;orientation&quot;:&quot;0&quot;}\" data-image-title=\"Lady Gaga e Tony Bennett juntos na capa da &#8220;L&#8217;Uomo Vogue&#8221; \" data-image-description=\"\" data-image-caption=\"&lt;p&gt;Lady Gaga e Tony Bennett juntos na capa da &#8220;L&#8217;Uomo Vogue&#8221; &lt;\/p&gt;\n\" data-medium-file=\"https:\/\/i0.wp.com\/agrund.com\/wp-content\/uploads\/sites\/6\/2014\/11\/Lady-Gaga-Tony-Bennett-LUomo-Vogue-Photo-Shoot-003-800x533.jpg?fit=300%2C200&amp;ssl=1\" data-large-file=\"https:\/\/i0.wp.com\/agrund.com\/wp-content\/uploads\/sites\/6\/2014\/11\/Lady-Gaga-Tony-Bennett-LUomo-Vogue-Photo-Shoot-003-800x533.jpg?fit=600%2C400&amp;ssl=1\" decoding=\"async\" loading=\"lazy\" class=\"size-full wp-image-118536\" alt=\"Lady Gaga e Tony Bennett juntos na capa da &quot;L'Uomo Vogue&quot; \" src=\"https:\/\/i0.wp.com\/www.agrund.com\/wp-content\/uploads\/sites\/6\/2014\/11\/Lady-Gaga-Tony-Bennett-LUomo-Vogue-Photo-Shoot-003-800x533.jpg?resize=600%2C400\" width=\"600\" height=\"400\" srcset=\"https:\/\/i0.wp.com\/agrund.com\/wp-content\/uploads\/sites\/6\/2014\/11\/Lady-Gaga-Tony-Bennett-LUomo-Vogue-Photo-Shoot-003-800x533.jpg?w=600&amp;ssl=1 600w, https:\/\/i0.wp.com\/agrund.com\/wp-content\/uploads\/sites\/6\/2014\/11\/Lady-Gaga-Tony-Bennett-LUomo-Vogue-Photo-Shoot-003-800x533.jpg?resize=300%2C200&amp;ssl=1 300w\" sizes=\"(max-width: 600px) 100vw, 600px\" data-recalc-dims=\"1\" \/><\/a><p id=\"caption-attachment-118536\" class=\"wp-caption-text\">Lady Gaga e Tony Bennett juntos na capa da &#8220;L&#8217;Uomo Vogue&#8221;<\/p><\/div>\n<div id=\"attachment_118537\" style=\"width: 610px\" class=\"wp-caption aligncenter\"><a href=\"https:\/\/i0.wp.com\/www.agrund.com\/wp-content\/uploads\/sites\/6\/2014\/11\/Lady-Gaga-Tony-Bennett-LUomo-Vogue-Photo-Shoot-004-800x533.jpg\"><img aria-describedby=\"caption-attachment-118537\" data-attachment-id=\"118537\" data-permalink=\"https:\/\/agrund.com\/index.php\/lady-gaga-e-tony-bennett-juntos-na-capa-da-luomo-vogue\/lady-gaga-tony-bennett-luomo-vogue-photo-shoot-004-800x533\/\" data-orig-file=\"https:\/\/i0.wp.com\/agrund.com\/wp-content\/uploads\/sites\/6\/2014\/11\/Lady-Gaga-Tony-Bennett-LUomo-Vogue-Photo-Shoot-004-800x533.jpg?fit=600%2C400&amp;ssl=1\" data-orig-size=\"600,400\" data-comments-opened=\"1\" data-image-meta=\"{&quot;aperture&quot;:&quot;0&quot;,&quot;credit&quot;:&quot;&quot;,&quot;camera&quot;:&quot;&quot;,&quot;caption&quot;:&quot;&quot;,&quot;created_timestamp&quot;:&quot;0&quot;,&quot;copyright&quot;:&quot;&quot;,&quot;focal_length&quot;:&quot;0&quot;,&quot;iso&quot;:&quot;0&quot;,&quot;shutter_speed&quot;:&quot;0&quot;,&quot;title&quot;:&quot;&quot;,&quot;orientation&quot;:&quot;0&quot;}\" data-image-title=\"Lady Gaga e Tony Bennett juntos na capa da &#8220;L&#8217;Uomo Vogue&#8221; \" data-image-description=\"\" data-image-caption=\"&lt;p&gt;Lady Gaga e Tony Bennett juntos na capa da &#8220;L&#8217;Uomo Vogue&#8221; &lt;\/p&gt;\n\" data-medium-file=\"https:\/\/i0.wp.com\/agrund.com\/wp-content\/uploads\/sites\/6\/2014\/11\/Lady-Gaga-Tony-Bennett-LUomo-Vogue-Photo-Shoot-004-800x533.jpg?fit=300%2C200&amp;ssl=1\" data-large-file=\"https:\/\/i0.wp.com\/agrund.com\/wp-content\/uploads\/sites\/6\/2014\/11\/Lady-Gaga-Tony-Bennett-LUomo-Vogue-Photo-Shoot-004-800x533.jpg?fit=600%2C400&amp;ssl=1\" decoding=\"async\" loading=\"lazy\" class=\"size-full wp-image-118537\" alt=\"Lady Gaga e Tony Bennett juntos na capa da &quot;L'Uomo Vogue&quot; \" src=\"https:\/\/i0.wp.com\/www.agrund.com\/wp-content\/uploads\/sites\/6\/2014\/11\/Lady-Gaga-Tony-Bennett-LUomo-Vogue-Photo-Shoot-004-800x533.jpg?resize=600%2C400\" width=\"600\" height=\"400\" srcset=\"https:\/\/i0.wp.com\/agrund.com\/wp-content\/uploads\/sites\/6\/2014\/11\/Lady-Gaga-Tony-Bennett-LUomo-Vogue-Photo-Shoot-004-800x533.jpg?w=600&amp;ssl=1 600w, https:\/\/i0.wp.com\/agrund.com\/wp-content\/uploads\/sites\/6\/2014\/11\/Lady-Gaga-Tony-Bennett-LUomo-Vogue-Photo-Shoot-004-800x533.jpg?resize=300%2C200&amp;ssl=1 300w\" sizes=\"(max-width: 600px) 100vw, 600px\" data-recalc-dims=\"1\" \/><\/a><p id=\"caption-attachment-118537\" class=\"wp-caption-text\">Lady Gaga e Tony Bennett juntos na capa da &#8220;L&#8217;Uomo Vogue&#8221;<\/p><\/div>\n<p>&nbsp;<\/p>\n<p>Imagens: Reprodu\u00e7\u00e3o.<\/p>\n<p>&nbsp;<\/p>\n<p>&nbsp;<\/p>\n<p>&nbsp;<\/p>\n","protected":false},"excerpt":{"rendered":"<p>Depois de estrelarem a campanha de fim do ano da H&amp;M (reveja AQUI), Lady Gaga e Tony Bennett est\u00e3o na capa da &#8220;L&#8217;Uomo Vogue&#8221;. A publica\u00e7\u00e3o tamb\u00e9m traz um editorial da dupla com cliques descontra\u00eddos dos bastidores da grava\u00e7\u00e3o do especial para a televis\u00e3o, batizado &#8220;Tony Bennett e Lady Gaga; Cheek to Cheek LIVE&#8221;. A [&hellip;]<\/p>\n","protected":false},"author":8,"featured_media":118533,"comment_status":"open","ping_status":"open","sticky":false,"template":"","format":"standard","meta":{"jetpack_post_was_ever_published":false,"_jetpack_newsletter_access":"","jetpack_publicize_message":"A dupla din\u00e2mica Lady Gaga e Tony Bennett s\u00e3o estrelas da \"L'Uomo Vogue\": http:\/\/wp.me\/p3Hz0n-uPO","jetpack_is_tweetstorm":false,"jetpack_publicize_feature_enabled":true,"jetpack_social_post_already_shared":true,"jetpack_social_options":{"image_generator_settings":{"template":"highway","enabled":false}}},"categories":[2],"tags":[],"jetpack_publicize_connections":[],"jetpack_featured_media_url":"https:\/\/i0.wp.com\/agrund.com\/wp-content\/uploads\/sites\/6\/2014\/11\/slide101.jpg?fit=960%2C300&ssl=1","jetpack_sharing_enabled":true,"jetpack_shortlink":"https:\/\/wp.me\/p3Hz0n-uPO","jetpack_likes_enabled":true,"_links":{"self":[{"href":"https:\/\/agrund.com\/index.php\/wp-json\/wp\/v2\/posts\/118532"}],"collection":[{"href":"https:\/\/agrund.com\/index.php\/wp-json\/wp\/v2\/posts"}],"about":[{"href":"https:\/\/agrund.com\/index.php\/wp-json\/wp\/v2\/types\/post"}],"author":[{"embeddable":true,"href":"https:\/\/agrund.com\/index.php\/wp-json\/wp\/v2\/users\/8"}],"replies":[{"embeddable":true,"href":"https:\/\/agrund.com\/index.php\/wp-json\/wp\/v2\/comments?post=118532"}],"version-history":[{"count":0,"href":"https:\/\/agrund.com\/index.php\/wp-json\/wp\/v2\/posts\/118532\/revisions"}],"wp:featuredmedia":[{"embeddable":true,"href":"https:\/\/agrund.com\/index.php\/wp-json\/wp\/v2\/media\/118533"}],"wp:attachment":[{"href":"https:\/\/agrund.com\/index.php\/wp-json\/wp\/v2\/media?parent=118532"}],"wp:term":[{"taxonomy":"category","embeddable":true,"href":"https:\/\/agrund.com\/index.php\/wp-json\/wp\/v2\/categories?post=118532"},{"taxonomy":"post_tag","embeddable":true,"href":"https:\/\/agrund.com\/index.php\/wp-json\/wp\/v2\/tags?post=118532"}],"curies":[{"name":"wp","href":"https:\/\/api.w.org\/{rel}","templated":true}]}}