{"id":118527,"date":"2014-11-19T10:00:15","date_gmt":"2014-11-19T12:00:15","guid":{"rendered":"http:\/\/www.agrund.com\/?p=118527"},"modified":"2014-11-19T00:00:11","modified_gmt":"2014-11-19T02:00:11","slug":"as-curvas-de-demi-lovato","status":"publish","type":"post","link":"https:\/\/agrund.com\/index.php\/as-curvas-de-demi-lovato\/","title":{"rendered":"As curvas de Demi Lovato"},"content":{"rendered":"<p>Durante muitos anos Demi Lovato lutou contra dist\u00farbios alimentares, mas parece que hoje ela j\u00e1 aceita e sente orgulho do pr\u00f3prio corpo. Prova disso \u00e9 a declara\u00e7\u00e3o que ela deu durante uma entrevista \u00e0 &#8220;Glam Belleza Latina&#8221;: &#8220;minha gen\u00e9tica me deu uma figura com curvas e eu estou tentando entender que na cultura latina isso \u00e9 bonito. Eu n\u00e3o olho mais para meu corpo e penso, &#8216;Oh meu Deus, eu tenho um bumbum muito grande&#8217;, ou ent\u00e3o &#8216;eu odeio minhas coxas&#8217;. Em alguns dias, eu n\u00e3o os amo. Mas voc\u00ea sabe, essa \u00e9 uma das coisas que me faz ser eu mesma&#8221;, disse a cantora. Isso a\u00ed Demi, bela li\u00e7\u00e3o de autoestima!<\/p>\n<div id=\"attachment_118528\" style=\"width: 510px\" class=\"wp-caption aligncenter\"><a href=\"https:\/\/i0.wp.com\/www.agrund.com\/wp-content\/uploads\/sites\/6\/2014\/11\/demi-lovato-on-the-2014-vmas-red-carpet.jpg\"><img aria-describedby=\"caption-attachment-118528\" data-attachment-id=\"118528\" data-permalink=\"https:\/\/agrund.com\/index.php\/as-curvas-de-demi-lovato\/demi-lovato-on-the-2014-vmas-red-carpet\/\" data-orig-file=\"https:\/\/i0.wp.com\/agrund.com\/wp-content\/uploads\/sites\/6\/2014\/11\/demi-lovato-on-the-2014-vmas-red-carpet.jpg?fit=500%2C753&amp;ssl=1\" data-orig-size=\"500,753\" data-comments-opened=\"1\" data-image-meta=\"{&quot;aperture&quot;:&quot;7.1&quot;,&quot;credit&quot;:&quot;Larry Busacca&quot;,&quot;camera&quot;:&quot;NIKON D4S&quot;,&quot;caption&quot;:&quot;attends the 2014 MTV Video Music Awards at The Forum on August 24, 2014 in Inglewood, California.&quot;,&quot;created_timestamp&quot;:&quot;1408901461&quot;,&quot;copyright&quot;:&quot;2014 Getty Images&quot;,&quot;focal_length&quot;:&quot;34&quot;,&quot;iso&quot;:&quot;320&quot;,&quot;shutter_speed&quot;:&quot;0.003125&quot;,&quot;title&quot;:&quot;&quot;,&quot;orientation&quot;:&quot;1&quot;}\" data-image-title=\"As curvas de Demi Lovato  \" data-image-description=\"\" data-image-caption=\"&lt;p&gt;As curvas de Demi Lovato  &lt;\/p&gt;\n\" data-medium-file=\"https:\/\/i0.wp.com\/agrund.com\/wp-content\/uploads\/sites\/6\/2014\/11\/demi-lovato-on-the-2014-vmas-red-carpet.jpg?fit=199%2C300&amp;ssl=1\" data-large-file=\"https:\/\/i0.wp.com\/agrund.com\/wp-content\/uploads\/sites\/6\/2014\/11\/demi-lovato-on-the-2014-vmas-red-carpet.jpg?fit=500%2C753&amp;ssl=1\" decoding=\"async\" loading=\"lazy\" class=\"size-full wp-image-118528\" alt=\"As curvas de Demi Lovato  \" src=\"https:\/\/i0.wp.com\/www.agrund.com\/wp-content\/uploads\/sites\/6\/2014\/11\/demi-lovato-on-the-2014-vmas-red-carpet.jpg?resize=500%2C753\" width=\"500\" height=\"753\" srcset=\"https:\/\/i0.wp.com\/agrund.com\/wp-content\/uploads\/sites\/6\/2014\/11\/demi-lovato-on-the-2014-vmas-red-carpet.jpg?w=500&amp;ssl=1 500w, https:\/\/i0.wp.com\/agrund.com\/wp-content\/uploads\/sites\/6\/2014\/11\/demi-lovato-on-the-2014-vmas-red-carpet.jpg?resize=199%2C300&amp;ssl=1 199w\" sizes=\"(max-width: 500px) 100vw, 500px\" data-recalc-dims=\"1\" \/><\/a><p id=\"caption-attachment-118528\" class=\"wp-caption-text\">As curvas de Demi Lovato<\/p><\/div>\n<p>&nbsp;<\/p>\n<p>Imagens: Reprodu\u00e7\u00e3o.<\/p>\n","protected":false},"excerpt":{"rendered":"<p>Durante muitos anos Demi Lovato lutou contra dist\u00farbios alimentares, mas parece que hoje ela j\u00e1 aceita e sente orgulho do pr\u00f3prio corpo. Prova disso \u00e9 a declara\u00e7\u00e3o que ela deu durante uma entrevista \u00e0 &#8220;Glam Belleza Latina&#8221;: &#8220;minha gen\u00e9tica me deu uma figura com curvas e eu estou tentando entender que na cultura latina isso [&hellip;]<\/p>\n","protected":false},"author":8,"featured_media":118529,"comment_status":"open","ping_status":"open","sticky":false,"template":"","format":"standard","meta":{"jetpack_post_was_ever_published":false,"_jetpack_newsletter_access":"","jetpack_publicize_message":"Demi Lovato est\u00e1 de bem com o pr\u00f3prio corpo e deu um show de autoestima quando falou sobre ele: http:\/\/wp.me\/p3Hz0n-uPJ","jetpack_is_tweetstorm":false,"jetpack_publicize_feature_enabled":true,"jetpack_social_post_already_shared":true,"jetpack_social_options":{"image_generator_settings":{"template":"highway","enabled":false}}},"categories":[2],"tags":[],"jetpack_publicize_connections":[],"jetpack_featured_media_url":"https:\/\/i0.wp.com\/agrund.com\/wp-content\/uploads\/sites\/6\/2014\/11\/slide100.jpg?fit=960%2C300&ssl=1","jetpack_sharing_enabled":true,"jetpack_shortlink":"https:\/\/wp.me\/p3Hz0n-uPJ","jetpack_likes_enabled":true,"_links":{"self":[{"href":"https:\/\/agrund.com\/index.php\/wp-json\/wp\/v2\/posts\/118527"}],"collection":[{"href":"https:\/\/agrund.com\/index.php\/wp-json\/wp\/v2\/posts"}],"about":[{"href":"https:\/\/agrund.com\/index.php\/wp-json\/wp\/v2\/types\/post"}],"author":[{"embeddable":true,"href":"https:\/\/agrund.com\/index.php\/wp-json\/wp\/v2\/users\/8"}],"replies":[{"embeddable":true,"href":"https:\/\/agrund.com\/index.php\/wp-json\/wp\/v2\/comments?post=118527"}],"version-history":[{"count":0,"href":"https:\/\/agrund.com\/index.php\/wp-json\/wp\/v2\/posts\/118527\/revisions"}],"wp:featuredmedia":[{"embeddable":true,"href":"https:\/\/agrund.com\/index.php\/wp-json\/wp\/v2\/media\/118529"}],"wp:attachment":[{"href":"https:\/\/agrund.com\/index.php\/wp-json\/wp\/v2\/media?parent=118527"}],"wp:term":[{"taxonomy":"category","embeddable":true,"href":"https:\/\/agrund.com\/index.php\/wp-json\/wp\/v2\/categories?post=118527"},{"taxonomy":"post_tag","embeddable":true,"href":"https:\/\/agrund.com\/index.php\/wp-json\/wp\/v2\/tags?post=118527"}],"curies":[{"name":"wp","href":"https:\/\/api.w.org\/{rel}","templated":true}]}}