{"id":118521,"date":"2014-11-18T21:00:44","date_gmt":"2014-11-18T23:00:44","guid":{"rendered":"http:\/\/www.agrund.com\/?p=118521"},"modified":"2014-11-18T20:55:07","modified_gmt":"2014-11-18T22:55:07","slug":"as-atracoes-musicais-do-victorias-secret-fashion-show","status":"publish","type":"post","link":"https:\/\/agrund.com\/index.php\/as-atracoes-musicais-do-victorias-secret-fashion-show\/","title":{"rendered":"As atra\u00e7\u00f5es musicais do Victoria&#8217;s Secret Fashion Show"},"content":{"rendered":"<p>O aguardado Victoria&#8217;s Secret Fashion Show desse ano continua dando o que falar: depois de todas as novidades que j\u00e1 contamos <a href=\"http:\/\/www.agrund.com\/?s=fashion+show&amp;x=0&amp;y=0\" target=\"_blank\">AQUI<\/a> a marca finalmente anunciou quais artistas far\u00e3o os shows do evento. E a\u00ed, voc\u00ea tem algum palpite dos escolhidos? Como alguns j\u00e1 imaginavam, as queridinhas do pop Ariana Grande e Taylor Swift est\u00e3o confirmad\u00edssimas na passarela, assim como o fen\u00f4meno brit\u00e2nico de 2014, Ed Sheeran, e o cantor irl\u00e2nd\u00eas Hozier. Esse ano promete!<\/p>\n<div id=\"attachment_118522\" style=\"width: 560px\" class=\"wp-caption aligncenter\"><a href=\"https:\/\/i0.wp.com\/www.agrund.com\/wp-content\/uploads\/sites\/6\/2014\/11\/tay-swift-and-ariana-to-perform-at-vs-fashion-show-but-which-lucky-boys-are-joining-them-650.jpg\"><img aria-describedby=\"caption-attachment-118522\" data-attachment-id=\"118522\" data-permalink=\"https:\/\/agrund.com\/index.php\/as-atracoes-musicais-do-victorias-secret-fashion-show\/tay-swift-and-ariana-to-perform-at-vs-fashion-show-but-which-lucky-boys-are-joining-them-650\/\" data-orig-file=\"https:\/\/i0.wp.com\/agrund.com\/wp-content\/uploads\/sites\/6\/2014\/11\/tay-swift-and-ariana-to-perform-at-vs-fashion-show-but-which-lucky-boys-are-joining-them-650.jpg?fit=550%2C422&amp;ssl=1\" data-orig-size=\"550,422\" data-comments-opened=\"1\" data-image-meta=\"{&quot;aperture&quot;:&quot;0&quot;,&quot;credit&quot;:&quot;&quot;,&quot;camera&quot;:&quot;&quot;,&quot;caption&quot;:&quot;&quot;,&quot;created_timestamp&quot;:&quot;0&quot;,&quot;copyright&quot;:&quot;&quot;,&quot;focal_length&quot;:&quot;0&quot;,&quot;iso&quot;:&quot;0&quot;,&quot;shutter_speed&quot;:&quot;0&quot;,&quot;title&quot;:&quot;&quot;,&quot;orientation&quot;:&quot;0&quot;}\" data-image-title=\"tay-swift-and-ariana-to-perform-at-vs-fashion-show-but-which-lucky-boys-are-joining-them-650\" data-image-description=\"\" data-image-caption=\"&lt;p&gt;As atra\u00e7\u00f5es musicais do Victoria&#8217;s Secret Fashion Show&lt;\/p&gt;\n\" data-medium-file=\"https:\/\/i0.wp.com\/agrund.com\/wp-content\/uploads\/sites\/6\/2014\/11\/tay-swift-and-ariana-to-perform-at-vs-fashion-show-but-which-lucky-boys-are-joining-them-650.jpg?fit=300%2C230&amp;ssl=1\" data-large-file=\"https:\/\/i0.wp.com\/agrund.com\/wp-content\/uploads\/sites\/6\/2014\/11\/tay-swift-and-ariana-to-perform-at-vs-fashion-show-but-which-lucky-boys-are-joining-them-650.jpg?fit=550%2C422&amp;ssl=1\" decoding=\"async\" loading=\"lazy\" class=\"size-full wp-image-118522\" alt=\"As atra\u00e7\u00f5es musicais do Victoria's Secret Fashion Show \" src=\"https:\/\/i0.wp.com\/www.agrund.com\/wp-content\/uploads\/sites\/6\/2014\/11\/tay-swift-and-ariana-to-perform-at-vs-fashion-show-but-which-lucky-boys-are-joining-them-650.jpg?resize=550%2C422\" width=\"550\" height=\"422\" srcset=\"https:\/\/i0.wp.com\/agrund.com\/wp-content\/uploads\/sites\/6\/2014\/11\/tay-swift-and-ariana-to-perform-at-vs-fashion-show-but-which-lucky-boys-are-joining-them-650.jpg?w=550&amp;ssl=1 550w, https:\/\/i0.wp.com\/agrund.com\/wp-content\/uploads\/sites\/6\/2014\/11\/tay-swift-and-ariana-to-perform-at-vs-fashion-show-but-which-lucky-boys-are-joining-them-650.jpg?resize=300%2C230&amp;ssl=1 300w\" sizes=\"(max-width: 550px) 100vw, 550px\" data-recalc-dims=\"1\" \/><\/a><p id=\"caption-attachment-118522\" class=\"wp-caption-text\">As atra\u00e7\u00f5es musicais do Victoria&#8217;s Secret Fashion Show<\/p><\/div>\n<p>&nbsp;<\/p>\n<p>Imagens: Reprodu\u00e7\u00e3o.<\/p>\n","protected":false},"excerpt":{"rendered":"<p>O aguardado Victoria&#8217;s Secret Fashion Show desse ano continua dando o que falar: depois de todas as novidades que j\u00e1 contamos AQUI a marca finalmente anunciou quais artistas far\u00e3o os shows do evento. E a\u00ed, voc\u00ea tem algum palpite dos escolhidos? Como alguns j\u00e1 imaginavam, as queridinhas do pop Ariana Grande e Taylor Swift est\u00e3o [&hellip;]<\/p>\n","protected":false},"author":8,"featured_media":118523,"comment_status":"open","ping_status":"open","sticky":false,"template":"","format":"standard","meta":{"jetpack_post_was_ever_published":false,"_jetpack_newsletter_access":"","jetpack_publicize_message":"Clique no link e confira quem vai cantar no desfile da #VictoriasSecret desse ano: http:\/\/wp.me\/p3Hz0n-uPD","jetpack_is_tweetstorm":false,"jetpack_publicize_feature_enabled":true,"jetpack_social_post_already_shared":true,"jetpack_social_options":{"image_generator_settings":{"template":"highway","enabled":false}}},"categories":[2],"tags":[],"jetpack_publicize_connections":[],"jetpack_featured_media_url":"https:\/\/i0.wp.com\/agrund.com\/wp-content\/uploads\/sites\/6\/2014\/11\/slide99.jpg?fit=960%2C300&ssl=1","jetpack_sharing_enabled":true,"jetpack_shortlink":"https:\/\/wp.me\/p3Hz0n-uPD","jetpack_likes_enabled":true,"_links":{"self":[{"href":"https:\/\/agrund.com\/index.php\/wp-json\/wp\/v2\/posts\/118521"}],"collection":[{"href":"https:\/\/agrund.com\/index.php\/wp-json\/wp\/v2\/posts"}],"about":[{"href":"https:\/\/agrund.com\/index.php\/wp-json\/wp\/v2\/types\/post"}],"author":[{"embeddable":true,"href":"https:\/\/agrund.com\/index.php\/wp-json\/wp\/v2\/users\/8"}],"replies":[{"embeddable":true,"href":"https:\/\/agrund.com\/index.php\/wp-json\/wp\/v2\/comments?post=118521"}],"version-history":[{"count":0,"href":"https:\/\/agrund.com\/index.php\/wp-json\/wp\/v2\/posts\/118521\/revisions"}],"wp:featuredmedia":[{"embeddable":true,"href":"https:\/\/agrund.com\/index.php\/wp-json\/wp\/v2\/media\/118523"}],"wp:attachment":[{"href":"https:\/\/agrund.com\/index.php\/wp-json\/wp\/v2\/media?parent=118521"}],"wp:term":[{"taxonomy":"category","embeddable":true,"href":"https:\/\/agrund.com\/index.php\/wp-json\/wp\/v2\/categories?post=118521"},{"taxonomy":"post_tag","embeddable":true,"href":"https:\/\/agrund.com\/index.php\/wp-json\/wp\/v2\/tags?post=118521"}],"curies":[{"name":"wp","href":"https:\/\/api.w.org\/{rel}","templated":true}]}}