{"id":118503,"date":"2014-11-18T18:00:38","date_gmt":"2014-11-18T20:00:38","guid":{"rendered":"http:\/\/www.agrund.com\/?p=118503"},"modified":"2014-11-18T13:51:49","modified_gmt":"2014-11-18T15:51:49","slug":"grandes-nomes-da-moda-brasileira-juntos-em-campanha","status":"publish","type":"post","link":"https:\/\/agrund.com\/index.php\/grandes-nomes-da-moda-brasileira-juntos-em-campanha\/","title":{"rendered":"Grandes nomes da moda brasileira juntos em campanha"},"content":{"rendered":"<p>Lembra quando contamos <a href=\"http:\/\/www.agrund.com\/moda-estilistas-da-casa-de-criadores-lancam-edicoes-especiais-de-calcados\/\" target=\"_blank\">AQUI<\/a> sobre a cole\u00e7\u00e3o c\u00e1psula de sneakers da Cravo &amp; Canela em parceria com a Casa de Criadores? Pois ela acaba de ganhar uma campanha pra ningu\u00e9m botar defeito: quem estrela os cliques com os t\u00eanis da linha s\u00e3o grandes nomes da moda brasileira, como Dudu Bertholini, Juliana Jabour, Alexandra Farah, Chiara Gadaleta e Lara Gerin. Os cliques s\u00e3o de Claudia Guimar\u00e3es (que tamb\u00e9m foi modelo) e voc\u00ea v\u00ea na galeria:<\/p>\n<div id=\"attachment_118507\" style=\"width: 410px\" class=\"wp-caption aligncenter\"><a href=\"https:\/\/i0.wp.com\/www.agrund.com\/wp-content\/uploads\/sites\/6\/2014\/11\/cravo-e-canela-dudu-bertholini_652x408.jpg\"><img aria-describedby=\"caption-attachment-118507\" data-attachment-id=\"118507\" data-permalink=\"https:\/\/agrund.com\/index.php\/grandes-nomes-da-moda-brasileira-juntos-em-campanha\/cravo-e-canela-dudu-bertholini_652x408\/\" data-orig-file=\"https:\/\/i0.wp.com\/agrund.com\/wp-content\/uploads\/sites\/6\/2014\/11\/cravo-e-canela-dudu-bertholini_652x408.jpg?fit=400%2C535&amp;ssl=1\" data-orig-size=\"400,535\" data-comments-opened=\"1\" data-image-meta=\"{&quot;aperture&quot;:&quot;0&quot;,&quot;credit&quot;:&quot;&quot;,&quot;camera&quot;:&quot;&quot;,&quot;caption&quot;:&quot;&quot;,&quot;created_timestamp&quot;:&quot;0&quot;,&quot;copyright&quot;:&quot;&quot;,&quot;focal_length&quot;:&quot;0&quot;,&quot;iso&quot;:&quot;0&quot;,&quot;shutter_speed&quot;:&quot;0&quot;,&quot;title&quot;:&quot;&quot;,&quot;orientation&quot;:&quot;0&quot;}\" data-image-title=\"cravo-e-canela-dudu-bertholini_652x408\" data-image-description=\"\" data-image-caption=\"&lt;p&gt;Dudu Bertholini&lt;\/p&gt;\n\" data-medium-file=\"https:\/\/i0.wp.com\/agrund.com\/wp-content\/uploads\/sites\/6\/2014\/11\/cravo-e-canela-dudu-bertholini_652x408.jpg?fit=224%2C300&amp;ssl=1\" data-large-file=\"https:\/\/i0.wp.com\/agrund.com\/wp-content\/uploads\/sites\/6\/2014\/11\/cravo-e-canela-dudu-bertholini_652x408.jpg?fit=400%2C535&amp;ssl=1\" decoding=\"async\" loading=\"lazy\" class=\"size-full wp-image-118507\" alt=\"Dudu Bertholini\" src=\"https:\/\/i0.wp.com\/www.agrund.com\/wp-content\/uploads\/sites\/6\/2014\/11\/cravo-e-canela-dudu-bertholini_652x408.jpg?resize=400%2C535\" width=\"400\" height=\"535\" srcset=\"https:\/\/i0.wp.com\/agrund.com\/wp-content\/uploads\/sites\/6\/2014\/11\/cravo-e-canela-dudu-bertholini_652x408.jpg?w=400&amp;ssl=1 400w, https:\/\/i0.wp.com\/agrund.com\/wp-content\/uploads\/sites\/6\/2014\/11\/cravo-e-canela-dudu-bertholini_652x408.jpg?resize=224%2C300&amp;ssl=1 224w\" sizes=\"(max-width: 400px) 100vw, 400px\" data-recalc-dims=\"1\" \/><\/a><p id=\"caption-attachment-118507\" class=\"wp-caption-text\">Dudu Bertholini<\/p><\/div>\n<div id=\"attachment_118508\" style=\"width: 410px\" class=\"wp-caption aligncenter\"><a href=\"https:\/\/i0.wp.com\/www.agrund.com\/wp-content\/uploads\/sites\/6\/2014\/11\/cravo-e-canela-juliana-jabour_652x408.jpg\"><img aria-describedby=\"caption-attachment-118508\" data-attachment-id=\"118508\" data-permalink=\"https:\/\/agrund.com\/index.php\/grandes-nomes-da-moda-brasileira-juntos-em-campanha\/cravo-e-canela-juliana-jabour_652x408\/\" data-orig-file=\"https:\/\/i0.wp.com\/agrund.com\/wp-content\/uploads\/sites\/6\/2014\/11\/cravo-e-canela-juliana-jabour_652x408.jpg?fit=400%2C532&amp;ssl=1\" data-orig-size=\"400,532\" data-comments-opened=\"1\" data-image-meta=\"{&quot;aperture&quot;:&quot;0&quot;,&quot;credit&quot;:&quot;&quot;,&quot;camera&quot;:&quot;&quot;,&quot;caption&quot;:&quot;&quot;,&quot;created_timestamp&quot;:&quot;0&quot;,&quot;copyright&quot;:&quot;&quot;,&quot;focal_length&quot;:&quot;0&quot;,&quot;iso&quot;:&quot;0&quot;,&quot;shutter_speed&quot;:&quot;0&quot;,&quot;title&quot;:&quot;&quot;,&quot;orientation&quot;:&quot;0&quot;}\" data-image-title=\"cravo-e-canela-juliana-jabour_652x408\" data-image-description=\"\" data-image-caption=\"&lt;p&gt;Juliana Jabour&lt;\/p&gt;\n\" data-medium-file=\"https:\/\/i0.wp.com\/agrund.com\/wp-content\/uploads\/sites\/6\/2014\/11\/cravo-e-canela-juliana-jabour_652x408.jpg?fit=226%2C300&amp;ssl=1\" data-large-file=\"https:\/\/i0.wp.com\/agrund.com\/wp-content\/uploads\/sites\/6\/2014\/11\/cravo-e-canela-juliana-jabour_652x408.jpg?fit=400%2C532&amp;ssl=1\" decoding=\"async\" loading=\"lazy\" class=\"size-full wp-image-118508\" alt=\"Juliana Jabour\" src=\"https:\/\/i0.wp.com\/www.agrund.com\/wp-content\/uploads\/sites\/6\/2014\/11\/cravo-e-canela-juliana-jabour_652x408.jpg?resize=400%2C532\" width=\"400\" height=\"532\" srcset=\"https:\/\/i0.wp.com\/agrund.com\/wp-content\/uploads\/sites\/6\/2014\/11\/cravo-e-canela-juliana-jabour_652x408.jpg?w=400&amp;ssl=1 400w, https:\/\/i0.wp.com\/agrund.com\/wp-content\/uploads\/sites\/6\/2014\/11\/cravo-e-canela-juliana-jabour_652x408.jpg?resize=226%2C300&amp;ssl=1 226w\" sizes=\"(max-width: 400px) 100vw, 400px\" data-recalc-dims=\"1\" \/><\/a><p id=\"caption-attachment-118508\" class=\"wp-caption-text\">Juliana Jabour<\/p><\/div>\n<div id=\"attachment_118504\" style=\"width: 410px\" class=\"wp-caption aligncenter\"><a href=\"https:\/\/i0.wp.com\/www.agrund.com\/wp-content\/uploads\/sites\/6\/2014\/11\/cravo-e-canela-ale-farah_652x408.jpg\"><img aria-describedby=\"caption-attachment-118504\" data-attachment-id=\"118504\" data-permalink=\"https:\/\/agrund.com\/index.php\/grandes-nomes-da-moda-brasileira-juntos-em-campanha\/cravo-e-canela-ale-farah_652x408\/\" data-orig-file=\"https:\/\/i0.wp.com\/agrund.com\/wp-content\/uploads\/sites\/6\/2014\/11\/cravo-e-canela-ale-farah_652x408.jpg?fit=400%2C535&amp;ssl=1\" data-orig-size=\"400,535\" data-comments-opened=\"1\" data-image-meta=\"{&quot;aperture&quot;:&quot;0&quot;,&quot;credit&quot;:&quot;&quot;,&quot;camera&quot;:&quot;&quot;,&quot;caption&quot;:&quot;&quot;,&quot;created_timestamp&quot;:&quot;0&quot;,&quot;copyright&quot;:&quot;&quot;,&quot;focal_length&quot;:&quot;0&quot;,&quot;iso&quot;:&quot;0&quot;,&quot;shutter_speed&quot;:&quot;0&quot;,&quot;title&quot;:&quot;&quot;,&quot;orientation&quot;:&quot;0&quot;}\" data-image-title=\"cravo-e-canela-ale-farah_652x408\" data-image-description=\"\" data-image-caption=\"&lt;p&gt;Alexandra Farah&lt;\/p&gt;\n\" data-medium-file=\"https:\/\/i0.wp.com\/agrund.com\/wp-content\/uploads\/sites\/6\/2014\/11\/cravo-e-canela-ale-farah_652x408.jpg?fit=224%2C300&amp;ssl=1\" data-large-file=\"https:\/\/i0.wp.com\/agrund.com\/wp-content\/uploads\/sites\/6\/2014\/11\/cravo-e-canela-ale-farah_652x408.jpg?fit=400%2C535&amp;ssl=1\" decoding=\"async\" loading=\"lazy\" class=\"size-full wp-image-118504\" alt=\"Alexandra Farah\" src=\"https:\/\/i0.wp.com\/www.agrund.com\/wp-content\/uploads\/sites\/6\/2014\/11\/cravo-e-canela-ale-farah_652x408.jpg?resize=400%2C535\" width=\"400\" height=\"535\" srcset=\"https:\/\/i0.wp.com\/agrund.com\/wp-content\/uploads\/sites\/6\/2014\/11\/cravo-e-canela-ale-farah_652x408.jpg?w=400&amp;ssl=1 400w, https:\/\/i0.wp.com\/agrund.com\/wp-content\/uploads\/sites\/6\/2014\/11\/cravo-e-canela-ale-farah_652x408.jpg?resize=224%2C300&amp;ssl=1 224w\" sizes=\"(max-width: 400px) 100vw, 400px\" data-recalc-dims=\"1\" \/><\/a><p id=\"caption-attachment-118504\" class=\"wp-caption-text\">Alexandra Farah<\/p><\/div>\n<div id=\"attachment_118505\" style=\"width: 410px\" class=\"wp-caption aligncenter\"><a href=\"https:\/\/i0.wp.com\/www.agrund.com\/wp-content\/uploads\/sites\/6\/2014\/11\/cravo-e-canela-chiara-gadaleta_652x408.jpg\"><img aria-describedby=\"caption-attachment-118505\" data-attachment-id=\"118505\" data-permalink=\"https:\/\/agrund.com\/index.php\/grandes-nomes-da-moda-brasileira-juntos-em-campanha\/cravo-e-canela-chiara-gadaleta_652x408\/\" data-orig-file=\"https:\/\/i0.wp.com\/agrund.com\/wp-content\/uploads\/sites\/6\/2014\/11\/cravo-e-canela-chiara-gadaleta_652x408.jpg?fit=400%2C537&amp;ssl=1\" data-orig-size=\"400,537\" data-comments-opened=\"1\" data-image-meta=\"{&quot;aperture&quot;:&quot;0&quot;,&quot;credit&quot;:&quot;&quot;,&quot;camera&quot;:&quot;&quot;,&quot;caption&quot;:&quot;&quot;,&quot;created_timestamp&quot;:&quot;0&quot;,&quot;copyright&quot;:&quot;&quot;,&quot;focal_length&quot;:&quot;0&quot;,&quot;iso&quot;:&quot;0&quot;,&quot;shutter_speed&quot;:&quot;0&quot;,&quot;title&quot;:&quot;&quot;,&quot;orientation&quot;:&quot;0&quot;}\" data-image-title=\"cravo-e-canela-chiara-gadaleta_652x408\" data-image-description=\"\" data-image-caption=\"&lt;p&gt;Chiara Gadaleta&lt;\/p&gt;\n\" data-medium-file=\"https:\/\/i0.wp.com\/agrund.com\/wp-content\/uploads\/sites\/6\/2014\/11\/cravo-e-canela-chiara-gadaleta_652x408.jpg?fit=223%2C300&amp;ssl=1\" data-large-file=\"https:\/\/i0.wp.com\/agrund.com\/wp-content\/uploads\/sites\/6\/2014\/11\/cravo-e-canela-chiara-gadaleta_652x408.jpg?fit=400%2C537&amp;ssl=1\" decoding=\"async\" loading=\"lazy\" class=\"size-full wp-image-118505\" alt=\"Chiara Gadaleta\" src=\"https:\/\/i0.wp.com\/www.agrund.com\/wp-content\/uploads\/sites\/6\/2014\/11\/cravo-e-canela-chiara-gadaleta_652x408.jpg?resize=400%2C537\" width=\"400\" height=\"537\" srcset=\"https:\/\/i0.wp.com\/agrund.com\/wp-content\/uploads\/sites\/6\/2014\/11\/cravo-e-canela-chiara-gadaleta_652x408.jpg?w=400&amp;ssl=1 400w, https:\/\/i0.wp.com\/agrund.com\/wp-content\/uploads\/sites\/6\/2014\/11\/cravo-e-canela-chiara-gadaleta_652x408.jpg?resize=223%2C300&amp;ssl=1 223w\" sizes=\"(max-width: 400px) 100vw, 400px\" data-recalc-dims=\"1\" \/><\/a><p id=\"caption-attachment-118505\" class=\"wp-caption-text\">Chiara Gadaleta<\/p><\/div>\n<div id=\"attachment_118510\" style=\"width: 410px\" class=\"wp-caption aligncenter\"><a href=\"https:\/\/i0.wp.com\/www.agrund.com\/wp-content\/uploads\/sites\/6\/2014\/11\/cravo-e-canela-lara-gerin_652x408.jpg\"><img aria-describedby=\"caption-attachment-118510\" data-attachment-id=\"118510\" data-permalink=\"https:\/\/agrund.com\/index.php\/grandes-nomes-da-moda-brasileira-juntos-em-campanha\/cravo-e-canela-lara-gerin_652x408\/\" data-orig-file=\"https:\/\/i0.wp.com\/agrund.com\/wp-content\/uploads\/sites\/6\/2014\/11\/cravo-e-canela-lara-gerin_652x408.jpg?fit=400%2C532&amp;ssl=1\" data-orig-size=\"400,532\" data-comments-opened=\"1\" data-image-meta=\"{&quot;aperture&quot;:&quot;0&quot;,&quot;credit&quot;:&quot;&quot;,&quot;camera&quot;:&quot;&quot;,&quot;caption&quot;:&quot;&quot;,&quot;created_timestamp&quot;:&quot;0&quot;,&quot;copyright&quot;:&quot;&quot;,&quot;focal_length&quot;:&quot;0&quot;,&quot;iso&quot;:&quot;0&quot;,&quot;shutter_speed&quot;:&quot;0&quot;,&quot;title&quot;:&quot;&quot;,&quot;orientation&quot;:&quot;0&quot;}\" data-image-title=\"cravo-e-canela-lara-gerin_652x408\" data-image-description=\"\" data-image-caption=\"&lt;p&gt;Lara Gerin&lt;\/p&gt;\n\" data-medium-file=\"https:\/\/i0.wp.com\/agrund.com\/wp-content\/uploads\/sites\/6\/2014\/11\/cravo-e-canela-lara-gerin_652x408.jpg?fit=226%2C300&amp;ssl=1\" data-large-file=\"https:\/\/i0.wp.com\/agrund.com\/wp-content\/uploads\/sites\/6\/2014\/11\/cravo-e-canela-lara-gerin_652x408.jpg?fit=400%2C532&amp;ssl=1\" decoding=\"async\" loading=\"lazy\" class=\"size-full wp-image-118510\" alt=\"Lara Gerin\" src=\"https:\/\/i0.wp.com\/www.agrund.com\/wp-content\/uploads\/sites\/6\/2014\/11\/cravo-e-canela-lara-gerin_652x408.jpg?resize=400%2C532\" width=\"400\" height=\"532\" srcset=\"https:\/\/i0.wp.com\/agrund.com\/wp-content\/uploads\/sites\/6\/2014\/11\/cravo-e-canela-lara-gerin_652x408.jpg?w=400&amp;ssl=1 400w, https:\/\/i0.wp.com\/agrund.com\/wp-content\/uploads\/sites\/6\/2014\/11\/cravo-e-canela-lara-gerin_652x408.jpg?resize=226%2C300&amp;ssl=1 226w\" sizes=\"(max-width: 400px) 100vw, 400px\" data-recalc-dims=\"1\" \/><\/a><p id=\"caption-attachment-118510\" class=\"wp-caption-text\">Lara Gerin<\/p><\/div>\n<div id=\"attachment_118509\" style=\"width: 410px\" class=\"wp-caption aligncenter\"><a href=\"https:\/\/i0.wp.com\/www.agrund.com\/wp-content\/uploads\/sites\/6\/2014\/11\/cravo-e-canela-karla-girotto_652x408.jpg\"><img aria-describedby=\"caption-attachment-118509\" data-attachment-id=\"118509\" data-permalink=\"https:\/\/agrund.com\/index.php\/grandes-nomes-da-moda-brasileira-juntos-em-campanha\/cravo-e-canela-karla-girotto_652x408\/\" data-orig-file=\"https:\/\/i0.wp.com\/agrund.com\/wp-content\/uploads\/sites\/6\/2014\/11\/cravo-e-canela-karla-girotto_652x408.jpg?fit=400%2C539&amp;ssl=1\" data-orig-size=\"400,539\" data-comments-opened=\"1\" data-image-meta=\"{&quot;aperture&quot;:&quot;0&quot;,&quot;credit&quot;:&quot;&quot;,&quot;camera&quot;:&quot;&quot;,&quot;caption&quot;:&quot;&quot;,&quot;created_timestamp&quot;:&quot;0&quot;,&quot;copyright&quot;:&quot;&quot;,&quot;focal_length&quot;:&quot;0&quot;,&quot;iso&quot;:&quot;0&quot;,&quot;shutter_speed&quot;:&quot;0&quot;,&quot;title&quot;:&quot;&quot;,&quot;orientation&quot;:&quot;0&quot;}\" data-image-title=\"cravo-e-canela-karla-girotto_652x408\" data-image-description=\"\" data-image-caption=\"&lt;p&gt;Karla Girotto&lt;\/p&gt;\n\" data-medium-file=\"https:\/\/i0.wp.com\/agrund.com\/wp-content\/uploads\/sites\/6\/2014\/11\/cravo-e-canela-karla-girotto_652x408.jpg?fit=223%2C300&amp;ssl=1\" data-large-file=\"https:\/\/i0.wp.com\/agrund.com\/wp-content\/uploads\/sites\/6\/2014\/11\/cravo-e-canela-karla-girotto_652x408.jpg?fit=400%2C539&amp;ssl=1\" decoding=\"async\" loading=\"lazy\" class=\"size-full wp-image-118509\" alt=\"Karla Girotto\" src=\"https:\/\/i0.wp.com\/www.agrund.com\/wp-content\/uploads\/sites\/6\/2014\/11\/cravo-e-canela-karla-girotto_652x408.jpg?resize=400%2C539\" width=\"400\" height=\"539\" srcset=\"https:\/\/i0.wp.com\/agrund.com\/wp-content\/uploads\/sites\/6\/2014\/11\/cravo-e-canela-karla-girotto_652x408.jpg?w=400&amp;ssl=1 400w, https:\/\/i0.wp.com\/agrund.com\/wp-content\/uploads\/sites\/6\/2014\/11\/cravo-e-canela-karla-girotto_652x408.jpg?resize=223%2C300&amp;ssl=1 223w\" sizes=\"(max-width: 400px) 100vw, 400px\" data-recalc-dims=\"1\" \/><\/a><p id=\"caption-attachment-118509\" class=\"wp-caption-text\">Karla Girotto<\/p><\/div>\n<div id=\"attachment_118506\" style=\"width: 410px\" class=\"wp-caption aligncenter\"><a href=\"https:\/\/i0.wp.com\/www.agrund.com\/wp-content\/uploads\/sites\/6\/2014\/11\/cravo-e-canela-claudia-guimaraes_652x408.jpg\"><img aria-describedby=\"caption-attachment-118506\" data-attachment-id=\"118506\" data-permalink=\"https:\/\/agrund.com\/index.php\/grandes-nomes-da-moda-brasileira-juntos-em-campanha\/cravo-e-canela-claudia-guimaraes_652x408\/\" data-orig-file=\"https:\/\/i0.wp.com\/agrund.com\/wp-content\/uploads\/sites\/6\/2014\/11\/cravo-e-canela-claudia-guimaraes_652x408.jpg?fit=400%2C539&amp;ssl=1\" data-orig-size=\"400,539\" data-comments-opened=\"1\" data-image-meta=\"{&quot;aperture&quot;:&quot;0&quot;,&quot;credit&quot;:&quot;&quot;,&quot;camera&quot;:&quot;&quot;,&quot;caption&quot;:&quot;&quot;,&quot;created_timestamp&quot;:&quot;0&quot;,&quot;copyright&quot;:&quot;&quot;,&quot;focal_length&quot;:&quot;0&quot;,&quot;iso&quot;:&quot;0&quot;,&quot;shutter_speed&quot;:&quot;0&quot;,&quot;title&quot;:&quot;&quot;,&quot;orientation&quot;:&quot;0&quot;}\" data-image-title=\"cravo-e-canela-claudia-guimaraes_652x408\" data-image-description=\"\" data-image-caption=\"&lt;p&gt;Claudia Guimar\u00e3es&lt;\/p&gt;\n\" data-medium-file=\"https:\/\/i0.wp.com\/agrund.com\/wp-content\/uploads\/sites\/6\/2014\/11\/cravo-e-canela-claudia-guimaraes_652x408.jpg?fit=223%2C300&amp;ssl=1\" data-large-file=\"https:\/\/i0.wp.com\/agrund.com\/wp-content\/uploads\/sites\/6\/2014\/11\/cravo-e-canela-claudia-guimaraes_652x408.jpg?fit=400%2C539&amp;ssl=1\" decoding=\"async\" loading=\"lazy\" class=\"size-full wp-image-118506\" alt=\"Claudia Guimar\u00e3es\" src=\"https:\/\/i0.wp.com\/www.agrund.com\/wp-content\/uploads\/sites\/6\/2014\/11\/cravo-e-canela-claudia-guimaraes_652x408.jpg?resize=400%2C539\" width=\"400\" height=\"539\" srcset=\"https:\/\/i0.wp.com\/agrund.com\/wp-content\/uploads\/sites\/6\/2014\/11\/cravo-e-canela-claudia-guimaraes_652x408.jpg?w=400&amp;ssl=1 400w, https:\/\/i0.wp.com\/agrund.com\/wp-content\/uploads\/sites\/6\/2014\/11\/cravo-e-canela-claudia-guimaraes_652x408.jpg?resize=223%2C300&amp;ssl=1 223w\" sizes=\"(max-width: 400px) 100vw, 400px\" data-recalc-dims=\"1\" \/><\/a><p id=\"caption-attachment-118506\" class=\"wp-caption-text\">Claudia Guimar\u00e3es<\/p><\/div>\n<p>&nbsp;<\/p>\n<p>Imagens: Reprodu\u00e7\u00e3o.<\/p>\n<p>&nbsp;<\/p>\n<p>&nbsp;<\/p>\n<p>&nbsp;<\/p>\n<p>&nbsp;<\/p>\n<p>&nbsp;<\/p>\n<p>&nbsp;<\/p>\n","protected":false},"excerpt":{"rendered":"<p>Lembra quando contamos AQUI sobre a cole\u00e7\u00e3o c\u00e1psula de sneakers da Cravo &amp; Canela em parceria com a Casa de Criadores? Pois ela acaba de ganhar uma campanha pra ningu\u00e9m botar defeito: quem estrela os cliques com os t\u00eanis da linha s\u00e3o grandes nomes da moda brasileira, como Dudu Bertholini, Juliana Jabour, Alexandra Farah, Chiara [&hellip;]<\/p>\n","protected":false},"author":8,"featured_media":118511,"comment_status":"open","ping_status":"open","sticky":false,"template":"","format":"standard","meta":{"jetpack_post_was_ever_published":false,"_jetpack_newsletter_access":"","jetpack_publicize_message":"","jetpack_is_tweetstorm":false,"jetpack_publicize_feature_enabled":true,"jetpack_social_post_already_shared":true,"jetpack_social_options":{"image_generator_settings":{"template":"highway","enabled":false}}},"categories":[2],"tags":[],"jetpack_publicize_connections":[],"jetpack_featured_media_url":"https:\/\/i0.wp.com\/agrund.com\/wp-content\/uploads\/sites\/6\/2014\/11\/slide97.jpg?fit=960%2C300&ssl=1","jetpack_sharing_enabled":true,"jetpack_shortlink":"https:\/\/wp.me\/p3Hz0n-uPl","jetpack_likes_enabled":true,"_links":{"self":[{"href":"https:\/\/agrund.com\/index.php\/wp-json\/wp\/v2\/posts\/118503"}],"collection":[{"href":"https:\/\/agrund.com\/index.php\/wp-json\/wp\/v2\/posts"}],"about":[{"href":"https:\/\/agrund.com\/index.php\/wp-json\/wp\/v2\/types\/post"}],"author":[{"embeddable":true,"href":"https:\/\/agrund.com\/index.php\/wp-json\/wp\/v2\/users\/8"}],"replies":[{"embeddable":true,"href":"https:\/\/agrund.com\/index.php\/wp-json\/wp\/v2\/comments?post=118503"}],"version-history":[{"count":0,"href":"https:\/\/agrund.com\/index.php\/wp-json\/wp\/v2\/posts\/118503\/revisions"}],"wp:featuredmedia":[{"embeddable":true,"href":"https:\/\/agrund.com\/index.php\/wp-json\/wp\/v2\/media\/118511"}],"wp:attachment":[{"href":"https:\/\/agrund.com\/index.php\/wp-json\/wp\/v2\/media?parent=118503"}],"wp:term":[{"taxonomy":"category","embeddable":true,"href":"https:\/\/agrund.com\/index.php\/wp-json\/wp\/v2\/categories?post=118503"},{"taxonomy":"post_tag","embeddable":true,"href":"https:\/\/agrund.com\/index.php\/wp-json\/wp\/v2\/tags?post=118503"}],"curies":[{"name":"wp","href":"https:\/\/api.w.org\/{rel}","templated":true}]}}