{"id":118477,"date":"2014-11-18T14:00:57","date_gmt":"2014-11-18T16:00:57","guid":{"rendered":"http:\/\/www.agrund.com\/?p=118477"},"modified":"2014-11-18T10:10:32","modified_gmt":"2014-11-18T12:10:32","slug":"as-angels-do-victorias-secret-fashion-show-2014","status":"publish","type":"post","link":"https:\/\/agrund.com\/index.php\/as-angels-do-victorias-secret-fashion-show-2014\/","title":{"rendered":"As Angels do Victoria&#8217;s Secret Fashion Show 2014"},"content":{"rendered":"<p>As pessoas n\u00e3o param de falar sobre o desfile da Victoria&#8217;s Secret desse ano marcado para acontecer em 2\/12 na capital brit\u00e2nica. E depois de voc\u00ea ver um preview de uma das fantasias<a href=\"http:\/\/www.agrund.com\/o-look-de-lily-donaldson-para-o-victorias-secret-fashion-show\/\" target=\"_blank\"> AQUI <\/a>e dos suti\u00e3s milion\u00e1rios de 2014 <a href=\"http:\/\/www.agrund.com\/brasileiras-desfilam-o-fantasy-bra-da-victorias-secret\/\" target=\"_blank\">AQUI<\/a>, agrund.com conta quem faz parte do casting definitivo de Angels para a apresenta\u00e7\u00e3o. Confira a rela\u00e7\u00e3o abaixo e fique ligada para ver o resultado na passarela!<\/p>\n<div id=\"attachment_118478\" style=\"width: 610px\" class=\"wp-caption aligncenter\"><a href=\"https:\/\/i0.wp.com\/www.agrund.com\/wp-content\/uploads\/sites\/6\/2014\/11\/Manners-mooiste-Victorias-Secret-Angel.jpg\"><img aria-describedby=\"caption-attachment-118478\" data-attachment-id=\"118478\" data-permalink=\"https:\/\/agrund.com\/index.php\/as-angels-do-victorias-secret-fashion-show-2014\/manners-mooiste-victorias-secret-angel\/\" data-orig-file=\"https:\/\/i0.wp.com\/agrund.com\/wp-content\/uploads\/sites\/6\/2014\/11\/Manners-mooiste-Victorias-Secret-Angel.jpg?fit=600%2C338&amp;ssl=1\" data-orig-size=\"600,338\" data-comments-opened=\"1\" data-image-meta=\"{&quot;aperture&quot;:&quot;0&quot;,&quot;credit&quot;:&quot;Evan Agostini&quot;,&quot;camera&quot;:&quot;&quot;,&quot;caption&quot;:&quot;Models, from left, Lily Aldrige, Karlie Kloss, Adriana Lima, Candice Swanepoel, Bahati Prinsloo and Alessandra Ambrosio walk the runway during the finale of the 2013 Victoria&#039;s Secret Fashion Show at the 69th Regiment Armory on Wednesday, Nov. 13, 2013 in New York. (Photo by Evan Agostini\\\/Invision\\\/AP)&quot;,&quot;created_timestamp&quot;:&quot;0&quot;,&quot;copyright&quot;:&quot;&quot;,&quot;focal_length&quot;:&quot;0&quot;,&quot;iso&quot;:&quot;0&quot;,&quot;shutter_speed&quot;:&quot;0&quot;,&quot;title&quot;:&quot;&quot;,&quot;orientation&quot;:&quot;1&quot;}\" data-image-title=\"As Angels do Victoria&#8217;s Secret Fashion Show 2014 \" data-image-description=\"\" data-image-caption=\"&lt;p&gt;As Angels do Victoria&#8217;s Secret Fashion Show 2014 &lt;\/p&gt;\n\" data-medium-file=\"https:\/\/i0.wp.com\/agrund.com\/wp-content\/uploads\/sites\/6\/2014\/11\/Manners-mooiste-Victorias-Secret-Angel.jpg?fit=300%2C169&amp;ssl=1\" data-large-file=\"https:\/\/i0.wp.com\/agrund.com\/wp-content\/uploads\/sites\/6\/2014\/11\/Manners-mooiste-Victorias-Secret-Angel.jpg?fit=600%2C338&amp;ssl=1\" decoding=\"async\" loading=\"lazy\" class=\"size-full wp-image-118478\" alt=\"As Angels do Victoria's Secret Fashion Show 2014 \" src=\"https:\/\/i0.wp.com\/www.agrund.com\/wp-content\/uploads\/sites\/6\/2014\/11\/Manners-mooiste-Victorias-Secret-Angel.jpg?resize=600%2C338\" width=\"600\" height=\"338\" srcset=\"https:\/\/i0.wp.com\/agrund.com\/wp-content\/uploads\/sites\/6\/2014\/11\/Manners-mooiste-Victorias-Secret-Angel.jpg?w=600&amp;ssl=1 600w, https:\/\/i0.wp.com\/agrund.com\/wp-content\/uploads\/sites\/6\/2014\/11\/Manners-mooiste-Victorias-Secret-Angel.jpg?resize=300%2C169&amp;ssl=1 300w\" sizes=\"(max-width: 600px) 100vw, 600px\" data-recalc-dims=\"1\" \/><\/a><p id=\"caption-attachment-118478\" class=\"wp-caption-text\">As Angels do Victoria&#8217;s Secret Fashion Show 2014<\/p><\/div>\n<p>&nbsp;<\/p>\n<p>Adriana Lima (brasileira)<br \/>\nAlessandra Ambr\u00f3sio (brasileira)<br \/>\nBehati Prinsloo (namibiana)<br \/>\nCandice Swanepoel (sul-africana)<br \/>\nDoutzen Kroes (sueca)<br \/>\nKarlie Kloss (americana)<br \/>\nLily Aldridge (americana)<br \/>\nLindsay Ellingson (americana)<\/p>\n<p>&nbsp;<\/p>\n<p>Imagem: Reprodu\u00e7\u00e3o.<\/p>\n","protected":false},"excerpt":{"rendered":"<p>As pessoas n\u00e3o param de falar sobre o desfile da Victoria&#8217;s Secret desse ano marcado para acontecer em 2\/12 na capital brit\u00e2nica. E depois de voc\u00ea ver um preview de uma das fantasias AQUI e dos suti\u00e3s milion\u00e1rios de 2014 AQUI, agrund.com conta quem faz parte do casting definitivo de Angels para a apresenta\u00e7\u00e3o. Confira [&hellip;]<\/p>\n","protected":false},"author":8,"featured_media":118480,"comment_status":"open","ping_status":"open","sticky":false,"template":"","format":"standard","meta":{"jetpack_post_was_ever_published":false,"_jetpack_newsletter_access":"","jetpack_publicize_message":"Guia #VictoriasSecret: veja quem s\u00e3o as Angels que v\u00e3o subir \u00e0 passarela do desfile desse ano! http:\/\/wp.me\/p3Hz0n-uOV","jetpack_is_tweetstorm":false,"jetpack_publicize_feature_enabled":true,"jetpack_social_post_already_shared":true,"jetpack_social_options":{"image_generator_settings":{"template":"highway","enabled":false}}},"categories":[2],"tags":[],"jetpack_publicize_connections":[],"jetpack_featured_media_url":"https:\/\/i0.wp.com\/agrund.com\/wp-content\/uploads\/sites\/6\/2014\/11\/slide94.jpg?fit=960%2C300&ssl=1","jetpack_sharing_enabled":true,"jetpack_shortlink":"https:\/\/wp.me\/p3Hz0n-uOV","jetpack_likes_enabled":true,"_links":{"self":[{"href":"https:\/\/agrund.com\/index.php\/wp-json\/wp\/v2\/posts\/118477"}],"collection":[{"href":"https:\/\/agrund.com\/index.php\/wp-json\/wp\/v2\/posts"}],"about":[{"href":"https:\/\/agrund.com\/index.php\/wp-json\/wp\/v2\/types\/post"}],"author":[{"embeddable":true,"href":"https:\/\/agrund.com\/index.php\/wp-json\/wp\/v2\/users\/8"}],"replies":[{"embeddable":true,"href":"https:\/\/agrund.com\/index.php\/wp-json\/wp\/v2\/comments?post=118477"}],"version-history":[{"count":0,"href":"https:\/\/agrund.com\/index.php\/wp-json\/wp\/v2\/posts\/118477\/revisions"}],"wp:featuredmedia":[{"embeddable":true,"href":"https:\/\/agrund.com\/index.php\/wp-json\/wp\/v2\/media\/118480"}],"wp:attachment":[{"href":"https:\/\/agrund.com\/index.php\/wp-json\/wp\/v2\/media?parent=118477"}],"wp:term":[{"taxonomy":"category","embeddable":true,"href":"https:\/\/agrund.com\/index.php\/wp-json\/wp\/v2\/categories?post=118477"},{"taxonomy":"post_tag","embeddable":true,"href":"https:\/\/agrund.com\/index.php\/wp-json\/wp\/v2\/tags?post=118477"}],"curies":[{"name":"wp","href":"https:\/\/api.w.org\/{rel}","templated":true}]}}