{"id":118470,"date":"2014-11-18T16:00:27","date_gmt":"2014-11-18T18:00:27","guid":{"rendered":"http:\/\/www.agrund.com\/?p=118470"},"modified":"2014-11-18T13:21:00","modified_gmt":"2014-11-18T15:21:00","slug":"brasileira-estrela-nova-campanha-da-tom-ford","status":"publish","type":"post","link":"https:\/\/agrund.com\/index.php\/brasileira-estrela-nova-campanha-da-tom-ford\/","title":{"rendered":"Brasileira estrela nova campanha da Tom Ford"},"content":{"rendered":"<p>\u200bA \u200bTom Ford acaba de anunciar sua nova linha de batons com 50 cores diferentes e preparou uma campanha especial\u200b para a novidade. \u200bTratam-se de v\u00eddeos que mostram v\u00e1rios casais se beijando, \u200bsendo que um deles traz a brasileira Aline Weber \u200bcomo estrela dando vida \u00e0 uma mulher sexy e apaixonante que conquista um novo homem a cada batom usado\u200b. Voc\u00ea v\u00ea um preview abaixo e confere o v\u00eddeo na \u00edntegra clicando <a href=\"https:\/\/www.youtube.com\/watch?v=atB82jrDtAw\" target=\"_blank\">AQUI<\/a>!<\/p>\n<div id=\"attachment_118471\" style=\"width: 560px\" class=\"wp-caption aligncenter\"><a href=\"https:\/\/i0.wp.com\/www.agrund.com\/wp-content\/uploads\/sites\/6\/2014\/11\/Aline-1.jpg\"><img aria-describedby=\"caption-attachment-118471\" data-attachment-id=\"118471\" data-permalink=\"https:\/\/agrund.com\/index.php\/brasileira-estrela-nova-campanha-da-tom-ford\/aline-1\/\" data-orig-file=\"https:\/\/i0.wp.com\/agrund.com\/wp-content\/uploads\/sites\/6\/2014\/11\/Aline-1.jpg?fit=550%2C371&amp;ssl=1\" data-orig-size=\"550,371\" data-comments-opened=\"1\" data-image-meta=\"{&quot;aperture&quot;:&quot;0&quot;,&quot;credit&quot;:&quot;&quot;,&quot;camera&quot;:&quot;&quot;,&quot;caption&quot;:&quot;&quot;,&quot;created_timestamp&quot;:&quot;0&quot;,&quot;copyright&quot;:&quot;&quot;,&quot;focal_length&quot;:&quot;0&quot;,&quot;iso&quot;:&quot;0&quot;,&quot;shutter_speed&quot;:&quot;0&quot;,&quot;title&quot;:&quot;&quot;,&quot;orientation&quot;:&quot;0&quot;}\" data-image-title=\"Brasileira estrela nova campanha da Tom Ford \" data-image-description=\"\" data-image-caption=\"&lt;p&gt;Brasileira estrela nova campanha da Tom Ford &lt;\/p&gt;\n\" data-medium-file=\"https:\/\/i0.wp.com\/agrund.com\/wp-content\/uploads\/sites\/6\/2014\/11\/Aline-1.jpg?fit=300%2C202&amp;ssl=1\" data-large-file=\"https:\/\/i0.wp.com\/agrund.com\/wp-content\/uploads\/sites\/6\/2014\/11\/Aline-1.jpg?fit=550%2C371&amp;ssl=1\" decoding=\"async\" loading=\"lazy\" class=\"size-full wp-image-118471\" alt=\"Brasileira estrela nova campanha da Tom Ford \" src=\"https:\/\/i0.wp.com\/www.agrund.com\/wp-content\/uploads\/sites\/6\/2014\/11\/Aline-1.jpg?resize=550%2C371\" width=\"550\" height=\"371\" srcset=\"https:\/\/i0.wp.com\/agrund.com\/wp-content\/uploads\/sites\/6\/2014\/11\/Aline-1.jpg?w=550&amp;ssl=1 550w, https:\/\/i0.wp.com\/agrund.com\/wp-content\/uploads\/sites\/6\/2014\/11\/Aline-1.jpg?resize=300%2C202&amp;ssl=1 300w\" sizes=\"(max-width: 550px) 100vw, 550px\" data-recalc-dims=\"1\" \/><\/a><p id=\"caption-attachment-118471\" class=\"wp-caption-text\">Brasileira estrela nova campanha da Tom Ford<\/p><\/div>\n<div id=\"attachment_118472\" style=\"width: 560px\" class=\"wp-caption aligncenter\"><a href=\"https:\/\/i0.wp.com\/www.agrund.com\/wp-content\/uploads\/sites\/6\/2014\/11\/Aline-2.jpg\"><img aria-describedby=\"caption-attachment-118472\" data-attachment-id=\"118472\" data-permalink=\"https:\/\/agrund.com\/index.php\/brasileira-estrela-nova-campanha-da-tom-ford\/aline-2\/\" data-orig-file=\"https:\/\/i0.wp.com\/agrund.com\/wp-content\/uploads\/sites\/6\/2014\/11\/Aline-2.jpg?fit=550%2C370&amp;ssl=1\" data-orig-size=\"550,370\" data-comments-opened=\"1\" data-image-meta=\"{&quot;aperture&quot;:&quot;0&quot;,&quot;credit&quot;:&quot;&quot;,&quot;camera&quot;:&quot;&quot;,&quot;caption&quot;:&quot;&quot;,&quot;created_timestamp&quot;:&quot;0&quot;,&quot;copyright&quot;:&quot;&quot;,&quot;focal_length&quot;:&quot;0&quot;,&quot;iso&quot;:&quot;0&quot;,&quot;shutter_speed&quot;:&quot;0&quot;,&quot;title&quot;:&quot;&quot;,&quot;orientation&quot;:&quot;0&quot;}\" data-image-title=\"Brasileira estrela nova campanha da Tom Ford \" data-image-description=\"\" data-image-caption=\"&lt;p&gt;Brasileira estrela nova campanha da Tom Ford &lt;\/p&gt;\n\" data-medium-file=\"https:\/\/i0.wp.com\/agrund.com\/wp-content\/uploads\/sites\/6\/2014\/11\/Aline-2.jpg?fit=300%2C202&amp;ssl=1\" data-large-file=\"https:\/\/i0.wp.com\/agrund.com\/wp-content\/uploads\/sites\/6\/2014\/11\/Aline-2.jpg?fit=550%2C370&amp;ssl=1\" decoding=\"async\" loading=\"lazy\" class=\"size-full wp-image-118472\" alt=\"Brasileira estrela nova campanha da Tom Ford \" src=\"https:\/\/i0.wp.com\/www.agrund.com\/wp-content\/uploads\/sites\/6\/2014\/11\/Aline-2.jpg?resize=550%2C370\" width=\"550\" height=\"370\" srcset=\"https:\/\/i0.wp.com\/agrund.com\/wp-content\/uploads\/sites\/6\/2014\/11\/Aline-2.jpg?w=550&amp;ssl=1 550w, https:\/\/i0.wp.com\/agrund.com\/wp-content\/uploads\/sites\/6\/2014\/11\/Aline-2.jpg?resize=300%2C202&amp;ssl=1 300w\" sizes=\"(max-width: 550px) 100vw, 550px\" data-recalc-dims=\"1\" \/><\/a><p id=\"caption-attachment-118472\" class=\"wp-caption-text\">Brasileira estrela nova campanha da Tom Ford<\/p><\/div>\n<div id=\"attachment_118473\" style=\"width: 560px\" class=\"wp-caption aligncenter\"><a href=\"https:\/\/i0.wp.com\/www.agrund.com\/wp-content\/uploads\/sites\/6\/2014\/11\/Batons.jpg\"><img aria-describedby=\"caption-attachment-118473\" data-attachment-id=\"118473\" data-permalink=\"https:\/\/agrund.com\/index.php\/brasileira-estrela-nova-campanha-da-tom-ford\/batons\/\" data-orig-file=\"https:\/\/i0.wp.com\/agrund.com\/wp-content\/uploads\/sites\/6\/2014\/11\/Batons.jpg?fit=550%2C367&amp;ssl=1\" data-orig-size=\"550,367\" data-comments-opened=\"1\" data-image-meta=\"{&quot;aperture&quot;:&quot;0&quot;,&quot;credit&quot;:&quot;&quot;,&quot;camera&quot;:&quot;&quot;,&quot;caption&quot;:&quot;&quot;,&quot;created_timestamp&quot;:&quot;0&quot;,&quot;copyright&quot;:&quot;&quot;,&quot;focal_length&quot;:&quot;0&quot;,&quot;iso&quot;:&quot;0&quot;,&quot;shutter_speed&quot;:&quot;0&quot;,&quot;title&quot;:&quot;&quot;,&quot;orientation&quot;:&quot;0&quot;}\" data-image-title=\"Brasileira estrela nova campanha da Tom Ford \" data-image-description=\"\" data-image-caption=\"&lt;p&gt;Brasileira estrela nova campanha da Tom Ford &lt;\/p&gt;\n\" data-medium-file=\"https:\/\/i0.wp.com\/agrund.com\/wp-content\/uploads\/sites\/6\/2014\/11\/Batons.jpg?fit=300%2C200&amp;ssl=1\" data-large-file=\"https:\/\/i0.wp.com\/agrund.com\/wp-content\/uploads\/sites\/6\/2014\/11\/Batons.jpg?fit=550%2C367&amp;ssl=1\" decoding=\"async\" loading=\"lazy\" class=\"size-full wp-image-118473\" alt=\"Brasileira estrela nova campanha da Tom Ford \" src=\"https:\/\/i0.wp.com\/www.agrund.com\/wp-content\/uploads\/sites\/6\/2014\/11\/Batons.jpg?resize=550%2C367\" width=\"550\" height=\"367\" srcset=\"https:\/\/i0.wp.com\/agrund.com\/wp-content\/uploads\/sites\/6\/2014\/11\/Batons.jpg?w=550&amp;ssl=1 550w, https:\/\/i0.wp.com\/agrund.com\/wp-content\/uploads\/sites\/6\/2014\/11\/Batons.jpg?resize=300%2C200&amp;ssl=1 300w\" sizes=\"(max-width: 550px) 100vw, 550px\" data-recalc-dims=\"1\" \/><\/a><p id=\"caption-attachment-118473\" class=\"wp-caption-text\">Brasileira estrela nova campanha da Tom Ford<\/p><\/div>\n<p>&nbsp;<\/p>\n<p>Imagens: Reprodu\u00e7\u00e3o.<\/p>\n","protected":false},"excerpt":{"rendered":"<p>\u200bA \u200bTom Ford acaba de anunciar sua nova linha de batons com 50 cores diferentes e preparou uma campanha especial\u200b para a novidade. \u200bTratam-se de v\u00eddeos que mostram v\u00e1rios casais se beijando, \u200bsendo que um deles traz a brasileira Aline Weber \u200bcomo estrela dando vida \u00e0 uma mulher sexy e apaixonante que conquista um novo [&hellip;]<\/p>\n","protected":false},"author":8,"featured_media":118474,"comment_status":"open","ping_status":"open","sticky":false,"template":"","format":"standard","meta":{"jetpack_post_was_ever_published":false,"_jetpack_newsletter_access":"","jetpack_publicize_message":"Tem brasileira na nova campanha da Tom Ford. Vem saber quem \u00e9:  http:\/\/wp.me\/p3Hz0n-uOO","jetpack_is_tweetstorm":false,"jetpack_publicize_feature_enabled":true,"jetpack_social_post_already_shared":true,"jetpack_social_options":{"image_generator_settings":{"template":"highway","enabled":false}}},"categories":[2],"tags":[],"jetpack_publicize_connections":[],"jetpack_featured_media_url":"https:\/\/i0.wp.com\/agrund.com\/wp-content\/uploads\/sites\/6\/2014\/11\/slide92.jpg?fit=960%2C300&ssl=1","jetpack_sharing_enabled":true,"jetpack_shortlink":"https:\/\/wp.me\/p3Hz0n-uOO","jetpack_likes_enabled":true,"_links":{"self":[{"href":"https:\/\/agrund.com\/index.php\/wp-json\/wp\/v2\/posts\/118470"}],"collection":[{"href":"https:\/\/agrund.com\/index.php\/wp-json\/wp\/v2\/posts"}],"about":[{"href":"https:\/\/agrund.com\/index.php\/wp-json\/wp\/v2\/types\/post"}],"author":[{"embeddable":true,"href":"https:\/\/agrund.com\/index.php\/wp-json\/wp\/v2\/users\/8"}],"replies":[{"embeddable":true,"href":"https:\/\/agrund.com\/index.php\/wp-json\/wp\/v2\/comments?post=118470"}],"version-history":[{"count":0,"href":"https:\/\/agrund.com\/index.php\/wp-json\/wp\/v2\/posts\/118470\/revisions"}],"wp:featuredmedia":[{"embeddable":true,"href":"https:\/\/agrund.com\/index.php\/wp-json\/wp\/v2\/media\/118474"}],"wp:attachment":[{"href":"https:\/\/agrund.com\/index.php\/wp-json\/wp\/v2\/media?parent=118470"}],"wp:term":[{"taxonomy":"category","embeddable":true,"href":"https:\/\/agrund.com\/index.php\/wp-json\/wp\/v2\/categories?post=118470"},{"taxonomy":"post_tag","embeddable":true,"href":"https:\/\/agrund.com\/index.php\/wp-json\/wp\/v2\/tags?post=118470"}],"curies":[{"name":"wp","href":"https:\/\/api.w.org\/{rel}","templated":true}]}}