{"id":118390,"date":"2014-11-17T12:00:42","date_gmt":"2014-11-17T14:00:42","guid":{"rendered":"http:\/\/www.agrund.com\/?p=118390"},"modified":"2014-11-17T11:36:08","modified_gmt":"2014-11-17T13:36:08","slug":"o-vestido-de-casamento-de-solange-knowles","status":"publish","type":"post","link":"https:\/\/agrund.com\/index.php\/o-vestido-de-casamento-de-solange-knowles\/","title":{"rendered":"O vestido de casamento de Solange Knowles"},"content":{"rendered":"<p>Solange Knowles, irm\u00e3 da diva Beyonc\u00e9, casou-se com o diretor Alan Ferguson no domingo (16\/11) em Nova Orleans, EUA; e \u00e9 claro que mesmo depois de tudo que aconteceu entre Solange e Jay-Z logo ap\u00f3s o baile do MET desse ano (saiba mais sobre a confus\u00e3o <a href=\"http:\/\/www.agrund.com\/celebridades-divorcio-de-beyonce-e-jay-z-foi-truque-de-marketing\/\" target=\"_blank\">AQUI<\/a>), Bey e o marido estavam l\u00e1 com a filha Blue Ivy. Pol\u00eamicas \u00e0 parte, a noiva mostrou que est\u00e1 com tudo em cima e desfilou em um vestido elegante que chamou a aten\u00e7\u00e3o de muita gente.<\/p>\n<p>O modelo \u00e9 assinado por Humberto Leon, estilista da Kenzo, e vem sem nenhum decote junto de uma capa; para completar, Solange combinou a pe\u00e7a com braceletes dourados \u2013 acess\u00f3rios pouco comuns no altar que, lado a lado com o penteado black power, deram um peso bacana na produ\u00e7\u00e3o. Para depois da cerim\u00f4nia a cantora escolheu um macac\u00e3o decotado tamb\u00e9m coberto por uma esp\u00e9cie de capa. E a\u00ed, qual das produ\u00e7\u00f5es de Solange Knowles voc\u00ea gostou mais?<\/p>\n<div id=\"attachment_118392\" style=\"width: 510px\" class=\"wp-caption aligncenter\"><a href=\"https:\/\/i0.wp.com\/www.agrund.com\/wp-content\/uploads\/sites\/6\/2014\/11\/solange-knowles-wedding-dress.jpg\"><img aria-describedby=\"caption-attachment-118392\" data-attachment-id=\"118392\" data-permalink=\"https:\/\/agrund.com\/index.php\/o-vestido-de-casamento-de-solange-knowles\/solange-knowles-wedding-dress\/\" data-orig-file=\"https:\/\/i0.wp.com\/agrund.com\/wp-content\/uploads\/sites\/6\/2014\/11\/solange-knowles-wedding-dress.jpg?fit=500%2C750&amp;ssl=1\" data-orig-size=\"500,750\" data-comments-opened=\"1\" data-image-meta=\"{&quot;aperture&quot;:&quot;0&quot;,&quot;credit&quot;:&quot;&quot;,&quot;camera&quot;:&quot;&quot;,&quot;caption&quot;:&quot;&quot;,&quot;created_timestamp&quot;:&quot;0&quot;,&quot;copyright&quot;:&quot;&quot;,&quot;focal_length&quot;:&quot;0&quot;,&quot;iso&quot;:&quot;0&quot;,&quot;shutter_speed&quot;:&quot;0&quot;,&quot;title&quot;:&quot;&quot;,&quot;orientation&quot;:&quot;0&quot;}\" data-image-title=\"\" data-image-description=\"\" data-image-caption=\"&lt;p&gt;O vestido de casamento de Solange Knowles &lt;\/p&gt;\n\" data-medium-file=\"https:\/\/i0.wp.com\/agrund.com\/wp-content\/uploads\/sites\/6\/2014\/11\/solange-knowles-wedding-dress.jpg?fit=200%2C300&amp;ssl=1\" data-large-file=\"https:\/\/i0.wp.com\/agrund.com\/wp-content\/uploads\/sites\/6\/2014\/11\/solange-knowles-wedding-dress.jpg?fit=500%2C750&amp;ssl=1\" decoding=\"async\" loading=\"lazy\" class=\"size-full wp-image-118392\" alt=\"O vestido de casamento de Solange Knowles \" src=\"https:\/\/i0.wp.com\/www.agrund.com\/wp-content\/uploads\/sites\/6\/2014\/11\/solange-knowles-wedding-dress.jpg?resize=500%2C750\" width=\"500\" height=\"750\" srcset=\"https:\/\/i0.wp.com\/agrund.com\/wp-content\/uploads\/sites\/6\/2014\/11\/solange-knowles-wedding-dress.jpg?w=500&amp;ssl=1 500w, https:\/\/i0.wp.com\/agrund.com\/wp-content\/uploads\/sites\/6\/2014\/11\/solange-knowles-wedding-dress.jpg?resize=200%2C300&amp;ssl=1 200w\" sizes=\"(max-width: 500px) 100vw, 500px\" data-recalc-dims=\"1\" \/><\/a><p id=\"caption-attachment-118392\" class=\"wp-caption-text\">O vestido de casamento de Solange Knowles<\/p><\/div>\n<div id=\"attachment_118391\" style=\"width: 510px\" class=\"wp-caption aligncenter\"><a href=\"https:\/\/i0.wp.com\/www.agrund.com\/wp-content\/uploads\/sites\/6\/2014\/11\/ak_26302_02.jpg\"><img aria-describedby=\"caption-attachment-118391\" data-attachment-id=\"118391\" data-permalink=\"https:\/\/agrund.com\/index.php\/o-vestido-de-casamento-de-solange-knowles\/ak_26302_02\/\" data-orig-file=\"https:\/\/i0.wp.com\/agrund.com\/wp-content\/uploads\/sites\/6\/2014\/11\/ak_26302_02.jpg?fit=500%2C750&amp;ssl=1\" data-orig-size=\"500,750\" data-comments-opened=\"1\" data-image-meta=\"{&quot;aperture&quot;:&quot;0&quot;,&quot;credit&quot;:&quot;&quot;,&quot;camera&quot;:&quot;&quot;,&quot;caption&quot;:&quot;&quot;,&quot;created_timestamp&quot;:&quot;0&quot;,&quot;copyright&quot;:&quot;&quot;,&quot;focal_length&quot;:&quot;0&quot;,&quot;iso&quot;:&quot;0&quot;,&quot;shutter_speed&quot;:&quot;0&quot;,&quot;title&quot;:&quot;&quot;,&quot;orientation&quot;:&quot;0&quot;}\" data-image-title=\"\" data-image-description=\"\" data-image-caption=\"&lt;p&gt;O vestido de casamento de Solange Knowles &lt;\/p&gt;\n\" data-medium-file=\"https:\/\/i0.wp.com\/agrund.com\/wp-content\/uploads\/sites\/6\/2014\/11\/ak_26302_02.jpg?fit=200%2C300&amp;ssl=1\" data-large-file=\"https:\/\/i0.wp.com\/agrund.com\/wp-content\/uploads\/sites\/6\/2014\/11\/ak_26302_02.jpg?fit=500%2C750&amp;ssl=1\" decoding=\"async\" loading=\"lazy\" class=\"size-full wp-image-118391\" alt=\"O vestido de casamento de Solange Knowles \" src=\"https:\/\/i0.wp.com\/www.agrund.com\/wp-content\/uploads\/sites\/6\/2014\/11\/ak_26302_02.jpg?resize=500%2C750\" width=\"500\" height=\"750\" srcset=\"https:\/\/i0.wp.com\/agrund.com\/wp-content\/uploads\/sites\/6\/2014\/11\/ak_26302_02.jpg?w=500&amp;ssl=1 500w, https:\/\/i0.wp.com\/agrund.com\/wp-content\/uploads\/sites\/6\/2014\/11\/ak_26302_02.jpg?resize=200%2C300&amp;ssl=1 200w\" sizes=\"(max-width: 500px) 100vw, 500px\" data-recalc-dims=\"1\" \/><\/a><p id=\"caption-attachment-118391\" class=\"wp-caption-text\">O vestido de casamento de Solange Knowles<\/p><\/div>\n<p>&nbsp;<\/p>\n<p>Imagens: Reprodu\u00e7\u00e3o.<\/p>\n<p>&nbsp;<\/p>\n","protected":false},"excerpt":{"rendered":"<p>Solange Knowles, irm\u00e3 da diva Beyonc\u00e9, casou-se com o diretor Alan Ferguson no domingo (16\/11) em Nova Orleans, EUA; e \u00e9 claro que mesmo depois de tudo que aconteceu entre Solange e Jay-Z logo ap\u00f3s o baile do MET desse ano (saiba mais sobre a confus\u00e3o AQUI), Bey e o marido estavam l\u00e1 com a [&hellip;]<\/p>\n","protected":false},"author":8,"featured_media":118393,"comment_status":"open","ping_status":"open","sticky":false,"template":"","format":"standard","meta":{"jetpack_post_was_ever_published":false,"_jetpack_newsletter_access":"","jetpack_publicize_message":"Solange Knowles usou um vestido cheio de estilo no casamento com Alan Ferguson. Veja o modelo e conte o que achou: http:\/\/wp.me\/p3Hz0n-uNw","jetpack_is_tweetstorm":false,"jetpack_publicize_feature_enabled":true,"jetpack_social_post_already_shared":true,"jetpack_social_options":{"image_generator_settings":{"template":"highway","enabled":false}}},"categories":[2],"tags":[],"jetpack_publicize_connections":[],"jetpack_featured_media_url":"https:\/\/i0.wp.com\/agrund.com\/wp-content\/uploads\/sites\/6\/2014\/11\/slide86.jpg?fit=960%2C300&ssl=1","jetpack_sharing_enabled":true,"jetpack_shortlink":"https:\/\/wp.me\/p3Hz0n-uNw","jetpack_likes_enabled":true,"_links":{"self":[{"href":"https:\/\/agrund.com\/index.php\/wp-json\/wp\/v2\/posts\/118390"}],"collection":[{"href":"https:\/\/agrund.com\/index.php\/wp-json\/wp\/v2\/posts"}],"about":[{"href":"https:\/\/agrund.com\/index.php\/wp-json\/wp\/v2\/types\/post"}],"author":[{"embeddable":true,"href":"https:\/\/agrund.com\/index.php\/wp-json\/wp\/v2\/users\/8"}],"replies":[{"embeddable":true,"href":"https:\/\/agrund.com\/index.php\/wp-json\/wp\/v2\/comments?post=118390"}],"version-history":[{"count":0,"href":"https:\/\/agrund.com\/index.php\/wp-json\/wp\/v2\/posts\/118390\/revisions"}],"wp:featuredmedia":[{"embeddable":true,"href":"https:\/\/agrund.com\/index.php\/wp-json\/wp\/v2\/media\/118393"}],"wp:attachment":[{"href":"https:\/\/agrund.com\/index.php\/wp-json\/wp\/v2\/media?parent=118390"}],"wp:term":[{"taxonomy":"category","embeddable":true,"href":"https:\/\/agrund.com\/index.php\/wp-json\/wp\/v2\/categories?post=118390"},{"taxonomy":"post_tag","embeddable":true,"href":"https:\/\/agrund.com\/index.php\/wp-json\/wp\/v2\/tags?post=118390"}],"curies":[{"name":"wp","href":"https:\/\/api.w.org\/{rel}","templated":true}]}}