{"id":118335,"date":"2014-11-14T20:00:09","date_gmt":"2014-11-14T22:00:09","guid":{"rendered":"http:\/\/www.agrund.com\/?p=118335"},"modified":"2014-11-14T20:16:23","modified_gmt":"2014-11-14T22:16:23","slug":"agenda-dia-do-acre-agita-recife","status":"publish","type":"post","link":"https:\/\/agrund.com\/index.php\/agenda-dia-do-acre-agita-recife\/","title":{"rendered":"Agenda :: Dia do ACRE agita Recife"},"content":{"rendered":"<p style=\"text-align: right\">Por T\u00e9ta Barbosa<\/p>\n<p style=\"text-align: left\">Um estilista comum marcaria um lan\u00e7amento de cole\u00e7\u00e3o com desfile e espumante. C\u00e1ssio, da ACRE, est\u00e1 longe de ser um estilista comum e para lan\u00e7ar as novidades da sua marca ele produziu em evento cultural inteiro! Batizado Dia do ACRE, o programa vai contar com show, cinema, maracat\u00fa, recitais de poesia e claro, o desfile da \u201cCom o que nos restar\u00e1\u201d \u2013 nome da cole\u00e7\u00e3o de ver\u00e3o 2015.<br \/>\nMarcado para amanh\u00e3, 15\/11, o Dia do ACRE tem in\u00edcio \u00e0s 16h com o ensaio e cortejo do Maracatu V\u00e1rzea do Capibaribe e segue com a distribui\u00e7\u00e3o de edi\u00e7\u00f5es da revista de arte contempor\u00e2nea &#8220;Recibo&#8221;. Paralelamente, o artista pl\u00e1stico Arbos vai fazer uma interven\u00e7\u00e3o pintando uma estrutura ao longo da tarde al\u00e9m de v\u00e1rias outras coisas imperd\u00edveis. Acesse o <a href=\"http:\/\/batidasalvetodos.ne10.uol.com.br\/2014\/11\/o-dia-do-acre\/#.VGYnU4dceHo\" target=\"_blank\"><strong>Batida Salve Todos<\/strong> <\/a>para conferir a programa\u00e7\u00e3o completa e agende-se, caso esteja em Recife.<\/p>\n<div id=\"attachment_118336\" style=\"width: 510px\" class=\"wp-caption aligncenter\"><a href=\"https:\/\/i0.wp.com\/www.agrund.com\/wp-content\/uploads\/sites\/6\/2014\/11\/acre3.jpg\"><img aria-describedby=\"caption-attachment-118336\" data-attachment-id=\"118336\" data-permalink=\"https:\/\/agrund.com\/index.php\/agenda-dia-do-acre-agita-recife\/acre3\/\" data-orig-file=\"https:\/\/i0.wp.com\/agrund.com\/wp-content\/uploads\/sites\/6\/2014\/11\/acre3.jpg?fit=500%2C718&amp;ssl=1\" data-orig-size=\"500,718\" data-comments-opened=\"1\" data-image-meta=\"{&quot;aperture&quot;:&quot;0&quot;,&quot;credit&quot;:&quot;&quot;,&quot;camera&quot;:&quot;&quot;,&quot;caption&quot;:&quot;&quot;,&quot;created_timestamp&quot;:&quot;0&quot;,&quot;copyright&quot;:&quot;&quot;,&quot;focal_length&quot;:&quot;0&quot;,&quot;iso&quot;:&quot;0&quot;,&quot;shutter_speed&quot;:&quot;0&quot;,&quot;title&quot;:&quot;&quot;,&quot;orientation&quot;:&quot;0&quot;}\" data-image-title=\"acre3\" data-image-description=\"\" data-image-caption=\"&lt;p&gt;Agenda :: Dia do ACRE agita Recife&lt;\/p&gt;\n\" data-medium-file=\"https:\/\/i0.wp.com\/agrund.com\/wp-content\/uploads\/sites\/6\/2014\/11\/acre3.jpg?fit=209%2C300&amp;ssl=1\" data-large-file=\"https:\/\/i0.wp.com\/agrund.com\/wp-content\/uploads\/sites\/6\/2014\/11\/acre3.jpg?fit=500%2C718&amp;ssl=1\" decoding=\"async\" loading=\"lazy\" class=\"size-full wp-image-118336\" alt=\"Agenda :: Dia do ACRE agita Recife \" src=\"https:\/\/i0.wp.com\/www.agrund.com\/wp-content\/uploads\/sites\/6\/2014\/11\/acre3.jpg?resize=500%2C718\" width=\"500\" height=\"718\" srcset=\"https:\/\/i0.wp.com\/agrund.com\/wp-content\/uploads\/sites\/6\/2014\/11\/acre3.jpg?w=500&amp;ssl=1 500w, https:\/\/i0.wp.com\/agrund.com\/wp-content\/uploads\/sites\/6\/2014\/11\/acre3.jpg?resize=209%2C300&amp;ssl=1 209w\" sizes=\"(max-width: 500px) 100vw, 500px\" data-recalc-dims=\"1\" \/><\/a><p id=\"caption-attachment-118336\" class=\"wp-caption-text\">Agenda :: Dia do ACRE agita Recife<\/p><\/div>\n<p style=\"text-align: left\">E voc\u00eas achando que n\u00e3o tem nada de bacana nessa cidade. Tsc, tsc, tsc&#8230;<\/p>\n<p><strong>Dia do ACRE<\/strong><br \/>\nS\u00e1bado, 15\/11, \u00e0 partir das 16h<br \/>\nRua da Aurora, pr\u00f3ximo ao monumento Tortura Nunca Mais \u2013 Recife, PE<br \/>\nEntrada gratuita<\/p>\n<p>&nbsp;<\/p>\n<p>Imagens: Divulga\u00e7\u00e3o.<\/p>\n","protected":false},"excerpt":{"rendered":"<p>Por T\u00e9ta Barbosa Um estilista comum marcaria um lan\u00e7amento de cole\u00e7\u00e3o com desfile e espumante. C\u00e1ssio, da ACRE, est\u00e1 longe de ser um estilista comum e para lan\u00e7ar as novidades da sua marca ele produziu em evento cultural inteiro! Batizado Dia do ACRE, o programa vai contar com show, cinema, maracat\u00fa, recitais de poesia e [&hellip;]<\/p>\n","protected":false},"author":8,"featured_media":118337,"comment_status":"open","ping_status":"open","sticky":false,"template":"","format":"standard","meta":{"jetpack_post_was_ever_published":false,"_jetpack_newsletter_access":"","jetpack_publicize_message":"Vai estar por Recife nesse fim de semana? T\u00e9ta Barbosa d\u00e1 a dica de um programa cultural imperd\u00edvel que rola na cidade: http:\/\/wp.me\/p3Hz0n-uMD","jetpack_is_tweetstorm":false,"jetpack_publicize_feature_enabled":true,"jetpack_social_post_already_shared":true,"jetpack_social_options":{"image_generator_settings":{"template":"highway","enabled":false}}},"categories":[2],"tags":[],"jetpack_publicize_connections":[],"jetpack_featured_media_url":"https:\/\/i0.wp.com\/agrund.com\/wp-content\/uploads\/sites\/6\/2014\/11\/slide81.jpg?fit=960%2C300&ssl=1","jetpack_sharing_enabled":true,"jetpack_shortlink":"https:\/\/wp.me\/p3Hz0n-uMD","jetpack_likes_enabled":true,"_links":{"self":[{"href":"https:\/\/agrund.com\/index.php\/wp-json\/wp\/v2\/posts\/118335"}],"collection":[{"href":"https:\/\/agrund.com\/index.php\/wp-json\/wp\/v2\/posts"}],"about":[{"href":"https:\/\/agrund.com\/index.php\/wp-json\/wp\/v2\/types\/post"}],"author":[{"embeddable":true,"href":"https:\/\/agrund.com\/index.php\/wp-json\/wp\/v2\/users\/8"}],"replies":[{"embeddable":true,"href":"https:\/\/agrund.com\/index.php\/wp-json\/wp\/v2\/comments?post=118335"}],"version-history":[{"count":0,"href":"https:\/\/agrund.com\/index.php\/wp-json\/wp\/v2\/posts\/118335\/revisions"}],"wp:featuredmedia":[{"embeddable":true,"href":"https:\/\/agrund.com\/index.php\/wp-json\/wp\/v2\/media\/118337"}],"wp:attachment":[{"href":"https:\/\/agrund.com\/index.php\/wp-json\/wp\/v2\/media?parent=118335"}],"wp:term":[{"taxonomy":"category","embeddable":true,"href":"https:\/\/agrund.com\/index.php\/wp-json\/wp\/v2\/categories?post=118335"},{"taxonomy":"post_tag","embeddable":true,"href":"https:\/\/agrund.com\/index.php\/wp-json\/wp\/v2\/tags?post=118335"}],"curies":[{"name":"wp","href":"https:\/\/api.w.org\/{rel}","templated":true}]}}