{"id":117351,"date":"2014-11-05T14:00:28","date_gmt":"2014-11-05T16:00:28","guid":{"rendered":"http:\/\/www.agrund.com\/?p=117351"},"modified":"2014-11-05T10:28:30","modified_gmt":"2014-11-05T12:28:30","slug":"rihanna-nas-capas-de-dezembro","status":"publish","type":"post","link":"https:\/\/agrund.com\/index.php\/rihanna-nas-capas-de-dezembro\/","title":{"rendered":"Rihanna nas capas de dezembro"},"content":{"rendered":"<p>Rihanna acaba de invadir duas capas (e recheios) de revistas nas edi\u00e7\u00f5es de dezembro. Uma delas \u00e9 a &#8220;Elle&#8221; americana, na qual a cantora encarna uma diva vestindo looks do outono-inverno 2014\/15 vindos direto da alta-costura de marcas como Valentino, Dior e Armani Priv\u00ea. J\u00e1 a &#8220;Esquire&#8221; brit\u00e2nica mostra uma Rihanna mais sensual com quase tudo revelado. Os cliques s\u00e3o de Paola Kudacki e Ellen Von Unwerth respectivamente e voc\u00ea v\u00ea os resultados na galeria:<\/p>\n<div id=\"attachment_117352\" style=\"width: 560px\" class=\"wp-caption aligncenter\"><a href=\"https:\/\/i0.wp.com\/www.agrund.com\/wp-content\/uploads\/sites\/6\/2014\/11\/rihanna-elle-december-2014-01.jpg\"><img aria-describedby=\"caption-attachment-117352\" data-attachment-id=\"117352\" data-permalink=\"https:\/\/agrund.com\/index.php\/rihanna-nas-capas-de-dezembro\/rihanna-elle-december-2014-01\/\" data-orig-file=\"https:\/\/i0.wp.com\/agrund.com\/wp-content\/uploads\/sites\/6\/2014\/11\/rihanna-elle-december-2014-01.jpg?fit=550%2C747&amp;ssl=1\" data-orig-size=\"550,747\" data-comments-opened=\"1\" data-image-meta=\"{&quot;aperture&quot;:&quot;0&quot;,&quot;credit&quot;:&quot;&quot;,&quot;camera&quot;:&quot;&quot;,&quot;caption&quot;:&quot;&quot;,&quot;created_timestamp&quot;:&quot;0&quot;,&quot;copyright&quot;:&quot;&quot;,&quot;focal_length&quot;:&quot;0&quot;,&quot;iso&quot;:&quot;0&quot;,&quot;shutter_speed&quot;:&quot;0&quot;,&quot;title&quot;:&quot;&quot;,&quot;orientation&quot;:&quot;0&quot;}\" data-image-title=\"rihanna-elle-december-2014-01\" data-image-description=\"\" data-image-caption=\"&lt;p&gt;Rihanna nas capas de dezembro &lt;\/p&gt;\n\" data-medium-file=\"https:\/\/i0.wp.com\/agrund.com\/wp-content\/uploads\/sites\/6\/2014\/11\/rihanna-elle-december-2014-01.jpg?fit=221%2C300&amp;ssl=1\" data-large-file=\"https:\/\/i0.wp.com\/agrund.com\/wp-content\/uploads\/sites\/6\/2014\/11\/rihanna-elle-december-2014-01.jpg?fit=550%2C747&amp;ssl=1\" decoding=\"async\" loading=\"lazy\" class=\"size-full wp-image-117352\" alt=\"Rihanna nas capas de dezembro \" src=\"https:\/\/i0.wp.com\/www.agrund.com\/wp-content\/uploads\/sites\/6\/2014\/11\/rihanna-elle-december-2014-01.jpg?resize=550%2C747\" width=\"550\" height=\"747\" srcset=\"https:\/\/i0.wp.com\/agrund.com\/wp-content\/uploads\/sites\/6\/2014\/11\/rihanna-elle-december-2014-01.jpg?w=550&amp;ssl=1 550w, https:\/\/i0.wp.com\/agrund.com\/wp-content\/uploads\/sites\/6\/2014\/11\/rihanna-elle-december-2014-01.jpg?resize=221%2C300&amp;ssl=1 221w\" sizes=\"(max-width: 550px) 100vw, 550px\" data-recalc-dims=\"1\" \/><\/a><p id=\"caption-attachment-117352\" class=\"wp-caption-text\">Rihanna nas capas de dezembro<\/p><\/div>\n<div id=\"attachment_117354\" style=\"width: 560px\" class=\"wp-caption aligncenter\"><a href=\"https:\/\/i0.wp.com\/www.agrund.com\/wp-content\/uploads\/sites\/6\/2014\/11\/rihanna-elle-december-2014-04.jpg\"><img aria-describedby=\"caption-attachment-117354\" data-attachment-id=\"117354\" data-permalink=\"https:\/\/agrund.com\/index.php\/rihanna-nas-capas-de-dezembro\/rihanna-elle-december-2014-04\/\" data-orig-file=\"https:\/\/i0.wp.com\/agrund.com\/wp-content\/uploads\/sites\/6\/2014\/11\/rihanna-elle-december-2014-04.jpg?fit=550%2C733&amp;ssl=1\" data-orig-size=\"550,733\" data-comments-opened=\"1\" data-image-meta=\"{&quot;aperture&quot;:&quot;0&quot;,&quot;credit&quot;:&quot;&quot;,&quot;camera&quot;:&quot;&quot;,&quot;caption&quot;:&quot;&quot;,&quot;created_timestamp&quot;:&quot;0&quot;,&quot;copyright&quot;:&quot;&quot;,&quot;focal_length&quot;:&quot;0&quot;,&quot;iso&quot;:&quot;0&quot;,&quot;shutter_speed&quot;:&quot;0&quot;,&quot;title&quot;:&quot;&quot;,&quot;orientation&quot;:&quot;0&quot;}\" data-image-title=\"rihanna-elle-december-2014-04\" data-image-description=\"\" data-image-caption=\"&lt;p&gt;Rihanna nas capas de dezembro &lt;\/p&gt;\n\" data-medium-file=\"https:\/\/i0.wp.com\/agrund.com\/wp-content\/uploads\/sites\/6\/2014\/11\/rihanna-elle-december-2014-04.jpg?fit=225%2C300&amp;ssl=1\" data-large-file=\"https:\/\/i0.wp.com\/agrund.com\/wp-content\/uploads\/sites\/6\/2014\/11\/rihanna-elle-december-2014-04.jpg?fit=550%2C733&amp;ssl=1\" decoding=\"async\" loading=\"lazy\" class=\"size-full wp-image-117354\" alt=\"Rihanna nas capas de dezembro \" src=\"https:\/\/i0.wp.com\/www.agrund.com\/wp-content\/uploads\/sites\/6\/2014\/11\/rihanna-elle-december-2014-04.jpg?resize=550%2C733\" width=\"550\" height=\"733\" srcset=\"https:\/\/i0.wp.com\/agrund.com\/wp-content\/uploads\/sites\/6\/2014\/11\/rihanna-elle-december-2014-04.jpg?w=550&amp;ssl=1 550w, https:\/\/i0.wp.com\/agrund.com\/wp-content\/uploads\/sites\/6\/2014\/11\/rihanna-elle-december-2014-04.jpg?resize=225%2C300&amp;ssl=1 225w\" sizes=\"(max-width: 550px) 100vw, 550px\" data-recalc-dims=\"1\" \/><\/a><p id=\"caption-attachment-117354\" class=\"wp-caption-text\">Rihanna nas capas de dezembro<\/p><\/div>\n<div id=\"attachment_117353\" style=\"width: 560px\" class=\"wp-caption aligncenter\"><a href=\"https:\/\/i0.wp.com\/www.agrund.com\/wp-content\/uploads\/sites\/6\/2014\/11\/rihanna-elle-december-2014-03.jpg\"><img aria-describedby=\"caption-attachment-117353\" data-attachment-id=\"117353\" data-permalink=\"https:\/\/agrund.com\/index.php\/rihanna-nas-capas-de-dezembro\/rihanna-elle-december-2014-03\/\" data-orig-file=\"https:\/\/i0.wp.com\/agrund.com\/wp-content\/uploads\/sites\/6\/2014\/11\/rihanna-elle-december-2014-03.jpg?fit=550%2C725&amp;ssl=1\" data-orig-size=\"550,725\" data-comments-opened=\"1\" data-image-meta=\"{&quot;aperture&quot;:&quot;0&quot;,&quot;credit&quot;:&quot;&quot;,&quot;camera&quot;:&quot;&quot;,&quot;caption&quot;:&quot;&quot;,&quot;created_timestamp&quot;:&quot;0&quot;,&quot;copyright&quot;:&quot;&quot;,&quot;focal_length&quot;:&quot;0&quot;,&quot;iso&quot;:&quot;0&quot;,&quot;shutter_speed&quot;:&quot;0&quot;,&quot;title&quot;:&quot;&quot;,&quot;orientation&quot;:&quot;0&quot;}\" data-image-title=\"rihanna-elle-december-2014-03\" data-image-description=\"\" data-image-caption=\"&lt;p&gt;Rihanna nas capas de dezembro &lt;\/p&gt;\n\" data-medium-file=\"https:\/\/i0.wp.com\/agrund.com\/wp-content\/uploads\/sites\/6\/2014\/11\/rihanna-elle-december-2014-03.jpg?fit=228%2C300&amp;ssl=1\" data-large-file=\"https:\/\/i0.wp.com\/agrund.com\/wp-content\/uploads\/sites\/6\/2014\/11\/rihanna-elle-december-2014-03.jpg?fit=550%2C725&amp;ssl=1\" decoding=\"async\" loading=\"lazy\" class=\"size-full wp-image-117353\" alt=\"Rihanna nas capas de dezembro \" src=\"https:\/\/i0.wp.com\/www.agrund.com\/wp-content\/uploads\/sites\/6\/2014\/11\/rihanna-elle-december-2014-03.jpg?resize=550%2C725\" width=\"550\" height=\"725\" srcset=\"https:\/\/i0.wp.com\/agrund.com\/wp-content\/uploads\/sites\/6\/2014\/11\/rihanna-elle-december-2014-03.jpg?w=550&amp;ssl=1 550w, https:\/\/i0.wp.com\/agrund.com\/wp-content\/uploads\/sites\/6\/2014\/11\/rihanna-elle-december-2014-03.jpg?resize=228%2C300&amp;ssl=1 228w\" sizes=\"(max-width: 550px) 100vw, 550px\" data-recalc-dims=\"1\" \/><\/a><p id=\"caption-attachment-117353\" class=\"wp-caption-text\">Rihanna nas capas de dezembro<\/p><\/div>\n<div id=\"attachment_117355\" style=\"width: 560px\" class=\"wp-caption aligncenter\"><a href=\"https:\/\/i0.wp.com\/www.agrund.com\/wp-content\/uploads\/sites\/6\/2014\/11\/rihanna-elle-december-2014-06.jpg\"><img aria-describedby=\"caption-attachment-117355\" data-attachment-id=\"117355\" data-permalink=\"https:\/\/agrund.com\/index.php\/rihanna-nas-capas-de-dezembro\/rihanna-elle-december-2014-06\/\" data-orig-file=\"https:\/\/i0.wp.com\/agrund.com\/wp-content\/uploads\/sites\/6\/2014\/11\/rihanna-elle-december-2014-06.jpg?fit=550%2C752&amp;ssl=1\" data-orig-size=\"550,752\" data-comments-opened=\"1\" data-image-meta=\"{&quot;aperture&quot;:&quot;0&quot;,&quot;credit&quot;:&quot;&quot;,&quot;camera&quot;:&quot;&quot;,&quot;caption&quot;:&quot;&quot;,&quot;created_timestamp&quot;:&quot;0&quot;,&quot;copyright&quot;:&quot;&quot;,&quot;focal_length&quot;:&quot;0&quot;,&quot;iso&quot;:&quot;0&quot;,&quot;shutter_speed&quot;:&quot;0&quot;,&quot;title&quot;:&quot;&quot;,&quot;orientation&quot;:&quot;0&quot;}\" data-image-title=\"rihanna-elle-december-2014-06\" data-image-description=\"\" data-image-caption=\"&lt;p&gt;Rihanna nas capas de dezembro &lt;\/p&gt;\n\" data-medium-file=\"https:\/\/i0.wp.com\/agrund.com\/wp-content\/uploads\/sites\/6\/2014\/11\/rihanna-elle-december-2014-06.jpg?fit=219%2C300&amp;ssl=1\" data-large-file=\"https:\/\/i0.wp.com\/agrund.com\/wp-content\/uploads\/sites\/6\/2014\/11\/rihanna-elle-december-2014-06.jpg?fit=550%2C752&amp;ssl=1\" decoding=\"async\" loading=\"lazy\" class=\"size-full wp-image-117355\" alt=\"Rihanna nas capas de dezembro \" src=\"https:\/\/i0.wp.com\/www.agrund.com\/wp-content\/uploads\/sites\/6\/2014\/11\/rihanna-elle-december-2014-06.jpg?resize=550%2C752\" width=\"550\" height=\"752\" srcset=\"https:\/\/i0.wp.com\/agrund.com\/wp-content\/uploads\/sites\/6\/2014\/11\/rihanna-elle-december-2014-06.jpg?w=550&amp;ssl=1 550w, https:\/\/i0.wp.com\/agrund.com\/wp-content\/uploads\/sites\/6\/2014\/11\/rihanna-elle-december-2014-06.jpg?resize=219%2C300&amp;ssl=1 219w\" sizes=\"(max-width: 550px) 100vw, 550px\" data-recalc-dims=\"1\" \/><\/a><p id=\"caption-attachment-117355\" class=\"wp-caption-text\">Rihanna nas capas de dezembro<\/p><\/div>\n<div id=\"attachment_117356\" style=\"width: 560px\" class=\"wp-caption aligncenter\"><a href=\"https:\/\/i0.wp.com\/www.agrund.com\/wp-content\/uploads\/sites\/6\/2014\/11\/rihanna-elle-december-2014-07.jpg\"><img aria-describedby=\"caption-attachment-117356\" data-attachment-id=\"117356\" data-permalink=\"https:\/\/agrund.com\/index.php\/rihanna-nas-capas-de-dezembro\/rihanna-elle-december-2014-07\/\" data-orig-file=\"https:\/\/i0.wp.com\/agrund.com\/wp-content\/uploads\/sites\/6\/2014\/11\/rihanna-elle-december-2014-07.jpg?fit=550%2C727&amp;ssl=1\" data-orig-size=\"550,727\" data-comments-opened=\"1\" data-image-meta=\"{&quot;aperture&quot;:&quot;0&quot;,&quot;credit&quot;:&quot;&quot;,&quot;camera&quot;:&quot;&quot;,&quot;caption&quot;:&quot;&quot;,&quot;created_timestamp&quot;:&quot;0&quot;,&quot;copyright&quot;:&quot;&quot;,&quot;focal_length&quot;:&quot;0&quot;,&quot;iso&quot;:&quot;0&quot;,&quot;shutter_speed&quot;:&quot;0&quot;,&quot;title&quot;:&quot;&quot;,&quot;orientation&quot;:&quot;0&quot;}\" data-image-title=\"rihanna-elle-december-2014-07\" data-image-description=\"\" data-image-caption=\"&lt;p&gt;Rihanna nas capas de dezembro &lt;\/p&gt;\n\" data-medium-file=\"https:\/\/i0.wp.com\/agrund.com\/wp-content\/uploads\/sites\/6\/2014\/11\/rihanna-elle-december-2014-07.jpg?fit=227%2C300&amp;ssl=1\" data-large-file=\"https:\/\/i0.wp.com\/agrund.com\/wp-content\/uploads\/sites\/6\/2014\/11\/rihanna-elle-december-2014-07.jpg?fit=550%2C727&amp;ssl=1\" decoding=\"async\" loading=\"lazy\" class=\"size-full wp-image-117356\" alt=\"Rihanna nas capas de dezembro \" src=\"https:\/\/i0.wp.com\/www.agrund.com\/wp-content\/uploads\/sites\/6\/2014\/11\/rihanna-elle-december-2014-07.jpg?resize=550%2C727\" width=\"550\" height=\"727\" srcset=\"https:\/\/i0.wp.com\/agrund.com\/wp-content\/uploads\/sites\/6\/2014\/11\/rihanna-elle-december-2014-07.jpg?w=550&amp;ssl=1 550w, https:\/\/i0.wp.com\/agrund.com\/wp-content\/uploads\/sites\/6\/2014\/11\/rihanna-elle-december-2014-07.jpg?resize=227%2C300&amp;ssl=1 227w\" sizes=\"(max-width: 550px) 100vw, 550px\" data-recalc-dims=\"1\" \/><\/a><p id=\"caption-attachment-117356\" class=\"wp-caption-text\">Rihanna nas capas de dezembro<\/p><\/div>\n<div id=\"attachment_117357\" style=\"width: 560px\" class=\"wp-caption aligncenter\"><a href=\"https:\/\/i0.wp.com\/www.agrund.com\/wp-content\/uploads\/sites\/6\/2014\/11\/rihanna-elle-december-2014-08.jpg\"><img aria-describedby=\"caption-attachment-117357\" data-attachment-id=\"117357\" data-permalink=\"https:\/\/agrund.com\/index.php\/rihanna-nas-capas-de-dezembro\/rihanna-elle-december-2014-08\/\" data-orig-file=\"https:\/\/i0.wp.com\/agrund.com\/wp-content\/uploads\/sites\/6\/2014\/11\/rihanna-elle-december-2014-08.jpg?fit=550%2C749&amp;ssl=1\" data-orig-size=\"550,749\" data-comments-opened=\"1\" data-image-meta=\"{&quot;aperture&quot;:&quot;0&quot;,&quot;credit&quot;:&quot;&quot;,&quot;camera&quot;:&quot;&quot;,&quot;caption&quot;:&quot;&quot;,&quot;created_timestamp&quot;:&quot;0&quot;,&quot;copyright&quot;:&quot;&quot;,&quot;focal_length&quot;:&quot;0&quot;,&quot;iso&quot;:&quot;0&quot;,&quot;shutter_speed&quot;:&quot;0&quot;,&quot;title&quot;:&quot;&quot;,&quot;orientation&quot;:&quot;0&quot;}\" data-image-title=\"rihanna-elle-december-2014-08\" data-image-description=\"\" data-image-caption=\"&lt;p&gt;Rihanna nas capas de dezembro &lt;\/p&gt;\n\" data-medium-file=\"https:\/\/i0.wp.com\/agrund.com\/wp-content\/uploads\/sites\/6\/2014\/11\/rihanna-elle-december-2014-08.jpg?fit=220%2C300&amp;ssl=1\" data-large-file=\"https:\/\/i0.wp.com\/agrund.com\/wp-content\/uploads\/sites\/6\/2014\/11\/rihanna-elle-december-2014-08.jpg?fit=550%2C749&amp;ssl=1\" decoding=\"async\" loading=\"lazy\" class=\"size-full wp-image-117357\" alt=\"Rihanna nas capas de dezembro \" src=\"https:\/\/i0.wp.com\/www.agrund.com\/wp-content\/uploads\/sites\/6\/2014\/11\/rihanna-elle-december-2014-08.jpg?resize=550%2C749\" width=\"550\" height=\"749\" srcset=\"https:\/\/i0.wp.com\/agrund.com\/wp-content\/uploads\/sites\/6\/2014\/11\/rihanna-elle-december-2014-08.jpg?w=550&amp;ssl=1 550w, https:\/\/i0.wp.com\/agrund.com\/wp-content\/uploads\/sites\/6\/2014\/11\/rihanna-elle-december-2014-08.jpg?resize=220%2C300&amp;ssl=1 220w\" sizes=\"(max-width: 550px) 100vw, 550px\" data-recalc-dims=\"1\" \/><\/a><p id=\"caption-attachment-117357\" class=\"wp-caption-text\">Rihanna nas capas de dezembro<\/p><\/div>\n<div id=\"attachment_117358\" style=\"width: 560px\" class=\"wp-caption aligncenter\"><a href=\"https:\/\/i0.wp.com\/www.agrund.com\/wp-content\/uploads\/sites\/6\/2014\/11\/rihanna-elle-december-2014-09.jpg\"><img aria-describedby=\"caption-attachment-117358\" data-attachment-id=\"117358\" data-permalink=\"https:\/\/agrund.com\/index.php\/rihanna-nas-capas-de-dezembro\/rihanna-elle-december-2014-09\/\" data-orig-file=\"https:\/\/i0.wp.com\/agrund.com\/wp-content\/uploads\/sites\/6\/2014\/11\/rihanna-elle-december-2014-09.jpg?fit=550%2C743&amp;ssl=1\" data-orig-size=\"550,743\" data-comments-opened=\"1\" data-image-meta=\"{&quot;aperture&quot;:&quot;0&quot;,&quot;credit&quot;:&quot;&quot;,&quot;camera&quot;:&quot;&quot;,&quot;caption&quot;:&quot;&quot;,&quot;created_timestamp&quot;:&quot;0&quot;,&quot;copyright&quot;:&quot;&quot;,&quot;focal_length&quot;:&quot;0&quot;,&quot;iso&quot;:&quot;0&quot;,&quot;shutter_speed&quot;:&quot;0&quot;,&quot;title&quot;:&quot;&quot;,&quot;orientation&quot;:&quot;0&quot;}\" data-image-title=\"rihanna-elle-december-2014-09\" data-image-description=\"\" data-image-caption=\"&lt;p&gt;Rihanna nas capas de dezembro &lt;\/p&gt;\n\" data-medium-file=\"https:\/\/i0.wp.com\/agrund.com\/wp-content\/uploads\/sites\/6\/2014\/11\/rihanna-elle-december-2014-09.jpg?fit=222%2C300&amp;ssl=1\" data-large-file=\"https:\/\/i0.wp.com\/agrund.com\/wp-content\/uploads\/sites\/6\/2014\/11\/rihanna-elle-december-2014-09.jpg?fit=550%2C743&amp;ssl=1\" decoding=\"async\" loading=\"lazy\" class=\"size-full wp-image-117358\" alt=\"Rihanna nas capas de dezembro \" src=\"https:\/\/i0.wp.com\/www.agrund.com\/wp-content\/uploads\/sites\/6\/2014\/11\/rihanna-elle-december-2014-09.jpg?resize=550%2C743\" width=\"550\" height=\"743\" srcset=\"https:\/\/i0.wp.com\/agrund.com\/wp-content\/uploads\/sites\/6\/2014\/11\/rihanna-elle-december-2014-09.jpg?w=550&amp;ssl=1 550w, https:\/\/i0.wp.com\/agrund.com\/wp-content\/uploads\/sites\/6\/2014\/11\/rihanna-elle-december-2014-09.jpg?resize=222%2C300&amp;ssl=1 222w\" sizes=\"(max-width: 550px) 100vw, 550px\" data-recalc-dims=\"1\" \/><\/a><p id=\"caption-attachment-117358\" class=\"wp-caption-text\">Rihanna nas capas de dezembro<\/p><\/div>\n<div id=\"attachment_117363\" style=\"width: 560px\" class=\"wp-caption aligncenter\"><a href=\"https:\/\/i0.wp.com\/www.agrund.com\/wp-content\/uploads\/sites\/6\/2014\/11\/rihanna-esquire-uk-december-2014-photoshoot-06.jpg\"><img aria-describedby=\"caption-attachment-117363\" data-attachment-id=\"117363\" data-permalink=\"https:\/\/agrund.com\/index.php\/rihanna-nas-capas-de-dezembro\/rihanna-esquire-uk-december-2014-photoshoot-06\/\" data-orig-file=\"https:\/\/i0.wp.com\/agrund.com\/wp-content\/uploads\/sites\/6\/2014\/11\/rihanna-esquire-uk-december-2014-photoshoot-06.jpg?fit=550%2C738&amp;ssl=1\" data-orig-size=\"550,738\" data-comments-opened=\"1\" data-image-meta=\"{&quot;aperture&quot;:&quot;0&quot;,&quot;credit&quot;:&quot;&quot;,&quot;camera&quot;:&quot;&quot;,&quot;caption&quot;:&quot;&quot;,&quot;created_timestamp&quot;:&quot;0&quot;,&quot;copyright&quot;:&quot;&quot;,&quot;focal_length&quot;:&quot;0&quot;,&quot;iso&quot;:&quot;0&quot;,&quot;shutter_speed&quot;:&quot;0&quot;,&quot;title&quot;:&quot;&quot;,&quot;orientation&quot;:&quot;0&quot;}\" data-image-title=\"rihanna-esquire-uk-december-2014-photoshoot-06\" data-image-description=\"\" data-image-caption=\"&lt;p&gt;Rihanna nas capas de dezembro &lt;\/p&gt;\n\" data-medium-file=\"https:\/\/i0.wp.com\/agrund.com\/wp-content\/uploads\/sites\/6\/2014\/11\/rihanna-esquire-uk-december-2014-photoshoot-06.jpg?fit=224%2C300&amp;ssl=1\" data-large-file=\"https:\/\/i0.wp.com\/agrund.com\/wp-content\/uploads\/sites\/6\/2014\/11\/rihanna-esquire-uk-december-2014-photoshoot-06.jpg?fit=550%2C738&amp;ssl=1\" decoding=\"async\" loading=\"lazy\" class=\"size-full wp-image-117363\" alt=\"Rihanna nas capas de dezembro \" src=\"https:\/\/i0.wp.com\/www.agrund.com\/wp-content\/uploads\/sites\/6\/2014\/11\/rihanna-esquire-uk-december-2014-photoshoot-06.jpg?resize=550%2C738\" width=\"550\" height=\"738\" srcset=\"https:\/\/i0.wp.com\/agrund.com\/wp-content\/uploads\/sites\/6\/2014\/11\/rihanna-esquire-uk-december-2014-photoshoot-06.jpg?w=550&amp;ssl=1 550w, https:\/\/i0.wp.com\/agrund.com\/wp-content\/uploads\/sites\/6\/2014\/11\/rihanna-esquire-uk-december-2014-photoshoot-06.jpg?resize=224%2C300&amp;ssl=1 224w\" sizes=\"(max-width: 550px) 100vw, 550px\" data-recalc-dims=\"1\" \/><\/a><p id=\"caption-attachment-117363\" class=\"wp-caption-text\">Rihanna nas capas de dezembro<\/p><\/div>\n<div id=\"attachment_117362\" style=\"width: 560px\" class=\"wp-caption aligncenter\"><a href=\"https:\/\/i0.wp.com\/www.agrund.com\/wp-content\/uploads\/sites\/6\/2014\/11\/rihanna-esquire-uk-december-2014-photoshoot-05-800x1107.jpg\"><img aria-describedby=\"caption-attachment-117362\" data-attachment-id=\"117362\" data-permalink=\"https:\/\/agrund.com\/index.php\/rihanna-nas-capas-de-dezembro\/rihanna-esquire-uk-december-2014-photoshoot-05-800x1107\/\" data-orig-file=\"https:\/\/i0.wp.com\/agrund.com\/wp-content\/uploads\/sites\/6\/2014\/11\/rihanna-esquire-uk-december-2014-photoshoot-05-800x1107.jpg?fit=550%2C729&amp;ssl=1\" data-orig-size=\"550,729\" data-comments-opened=\"1\" data-image-meta=\"{&quot;aperture&quot;:&quot;0&quot;,&quot;credit&quot;:&quot;&quot;,&quot;camera&quot;:&quot;&quot;,&quot;caption&quot;:&quot;&quot;,&quot;created_timestamp&quot;:&quot;0&quot;,&quot;copyright&quot;:&quot;&quot;,&quot;focal_length&quot;:&quot;0&quot;,&quot;iso&quot;:&quot;0&quot;,&quot;shutter_speed&quot;:&quot;0&quot;,&quot;title&quot;:&quot;&quot;,&quot;orientation&quot;:&quot;0&quot;}\" data-image-title=\"rihanna-esquire-uk-december-2014-photoshoot-05-800&#215;1107\" data-image-description=\"\" data-image-caption=\"&lt;p&gt;Rihanna nas capas de dezembro &lt;\/p&gt;\n\" data-medium-file=\"https:\/\/i0.wp.com\/agrund.com\/wp-content\/uploads\/sites\/6\/2014\/11\/rihanna-esquire-uk-december-2014-photoshoot-05-800x1107.jpg?fit=226%2C300&amp;ssl=1\" data-large-file=\"https:\/\/i0.wp.com\/agrund.com\/wp-content\/uploads\/sites\/6\/2014\/11\/rihanna-esquire-uk-december-2014-photoshoot-05-800x1107.jpg?fit=550%2C729&amp;ssl=1\" decoding=\"async\" loading=\"lazy\" class=\"size-full wp-image-117362\" alt=\"Rihanna nas capas de dezembro \" src=\"https:\/\/i0.wp.com\/www.agrund.com\/wp-content\/uploads\/sites\/6\/2014\/11\/rihanna-esquire-uk-december-2014-photoshoot-05-800x1107.jpg?resize=550%2C729\" width=\"550\" height=\"729\" srcset=\"https:\/\/i0.wp.com\/agrund.com\/wp-content\/uploads\/sites\/6\/2014\/11\/rihanna-esquire-uk-december-2014-photoshoot-05-800x1107.jpg?w=550&amp;ssl=1 550w, https:\/\/i0.wp.com\/agrund.com\/wp-content\/uploads\/sites\/6\/2014\/11\/rihanna-esquire-uk-december-2014-photoshoot-05-800x1107.jpg?resize=226%2C300&amp;ssl=1 226w\" sizes=\"(max-width: 550px) 100vw, 550px\" data-recalc-dims=\"1\" \/><\/a><p id=\"caption-attachment-117362\" class=\"wp-caption-text\">Rihanna nas capas de dezembro<\/p><\/div>\n<div id=\"attachment_117361\" style=\"width: 560px\" class=\"wp-caption aligncenter\"><a href=\"https:\/\/i0.wp.com\/www.agrund.com\/wp-content\/uploads\/sites\/6\/2014\/11\/rihanna-esquire-uk-december-2014-photoshoot-04.jpg\"><img aria-describedby=\"caption-attachment-117361\" data-attachment-id=\"117361\" data-permalink=\"https:\/\/agrund.com\/index.php\/rihanna-nas-capas-de-dezembro\/rihanna-esquire-uk-december-2014-photoshoot-04\/\" data-orig-file=\"https:\/\/i0.wp.com\/agrund.com\/wp-content\/uploads\/sites\/6\/2014\/11\/rihanna-esquire-uk-december-2014-photoshoot-04.jpg?fit=550%2C737&amp;ssl=1\" data-orig-size=\"550,737\" data-comments-opened=\"1\" data-image-meta=\"{&quot;aperture&quot;:&quot;0&quot;,&quot;credit&quot;:&quot;&quot;,&quot;camera&quot;:&quot;&quot;,&quot;caption&quot;:&quot;&quot;,&quot;created_timestamp&quot;:&quot;0&quot;,&quot;copyright&quot;:&quot;&quot;,&quot;focal_length&quot;:&quot;0&quot;,&quot;iso&quot;:&quot;0&quot;,&quot;shutter_speed&quot;:&quot;0&quot;,&quot;title&quot;:&quot;&quot;,&quot;orientation&quot;:&quot;0&quot;}\" data-image-title=\"rihanna-esquire-uk-december-2014-photoshoot-04\" data-image-description=\"\" data-image-caption=\"&lt;p&gt;Rihanna nas capas de dezembro &lt;\/p&gt;\n\" data-medium-file=\"https:\/\/i0.wp.com\/agrund.com\/wp-content\/uploads\/sites\/6\/2014\/11\/rihanna-esquire-uk-december-2014-photoshoot-04.jpg?fit=224%2C300&amp;ssl=1\" data-large-file=\"https:\/\/i0.wp.com\/agrund.com\/wp-content\/uploads\/sites\/6\/2014\/11\/rihanna-esquire-uk-december-2014-photoshoot-04.jpg?fit=550%2C737&amp;ssl=1\" decoding=\"async\" loading=\"lazy\" class=\"size-full wp-image-117361\" alt=\"Rihanna nas capas de dezembro \" src=\"https:\/\/i0.wp.com\/www.agrund.com\/wp-content\/uploads\/sites\/6\/2014\/11\/rihanna-esquire-uk-december-2014-photoshoot-04.jpg?resize=550%2C737\" width=\"550\" height=\"737\" srcset=\"https:\/\/i0.wp.com\/agrund.com\/wp-content\/uploads\/sites\/6\/2014\/11\/rihanna-esquire-uk-december-2014-photoshoot-04.jpg?w=550&amp;ssl=1 550w, https:\/\/i0.wp.com\/agrund.com\/wp-content\/uploads\/sites\/6\/2014\/11\/rihanna-esquire-uk-december-2014-photoshoot-04.jpg?resize=224%2C300&amp;ssl=1 224w\" sizes=\"(max-width: 550px) 100vw, 550px\" data-recalc-dims=\"1\" \/><\/a><p id=\"caption-attachment-117361\" class=\"wp-caption-text\">Rihanna nas capas de dezembro<\/p><\/div>\n<div id=\"attachment_117360\" style=\"width: 560px\" class=\"wp-caption aligncenter\"><a href=\"https:\/\/i0.wp.com\/www.agrund.com\/wp-content\/uploads\/sites\/6\/2014\/11\/rihanna-esquire-uk-december-2014-photoshoot-02-800x1104.jpg\"><img aria-describedby=\"caption-attachment-117360\" data-attachment-id=\"117360\" data-permalink=\"https:\/\/agrund.com\/index.php\/rihanna-nas-capas-de-dezembro\/rihanna-esquire-uk-december-2014-photoshoot-02-800x1104\/\" data-orig-file=\"https:\/\/i0.wp.com\/agrund.com\/wp-content\/uploads\/sites\/6\/2014\/11\/rihanna-esquire-uk-december-2014-photoshoot-02-800x1104.jpg?fit=550%2C732&amp;ssl=1\" data-orig-size=\"550,732\" data-comments-opened=\"1\" data-image-meta=\"{&quot;aperture&quot;:&quot;0&quot;,&quot;credit&quot;:&quot;&quot;,&quot;camera&quot;:&quot;&quot;,&quot;caption&quot;:&quot;&quot;,&quot;created_timestamp&quot;:&quot;0&quot;,&quot;copyright&quot;:&quot;&quot;,&quot;focal_length&quot;:&quot;0&quot;,&quot;iso&quot;:&quot;0&quot;,&quot;shutter_speed&quot;:&quot;0&quot;,&quot;title&quot;:&quot;&quot;,&quot;orientation&quot;:&quot;0&quot;}\" data-image-title=\"rihanna-esquire-uk-december-2014-photoshoot-02-800&#215;1104\" data-image-description=\"\" data-image-caption=\"&lt;p&gt;Rihanna nas capas de dezembro &lt;\/p&gt;\n\" data-medium-file=\"https:\/\/i0.wp.com\/agrund.com\/wp-content\/uploads\/sites\/6\/2014\/11\/rihanna-esquire-uk-december-2014-photoshoot-02-800x1104.jpg?fit=225%2C300&amp;ssl=1\" data-large-file=\"https:\/\/i0.wp.com\/agrund.com\/wp-content\/uploads\/sites\/6\/2014\/11\/rihanna-esquire-uk-december-2014-photoshoot-02-800x1104.jpg?fit=550%2C732&amp;ssl=1\" decoding=\"async\" loading=\"lazy\" class=\"size-full wp-image-117360\" alt=\"Rihanna nas capas de dezembro \" src=\"https:\/\/i0.wp.com\/www.agrund.com\/wp-content\/uploads\/sites\/6\/2014\/11\/rihanna-esquire-uk-december-2014-photoshoot-02-800x1104.jpg?resize=550%2C732\" width=\"550\" height=\"732\" srcset=\"https:\/\/i0.wp.com\/agrund.com\/wp-content\/uploads\/sites\/6\/2014\/11\/rihanna-esquire-uk-december-2014-photoshoot-02-800x1104.jpg?w=550&amp;ssl=1 550w, https:\/\/i0.wp.com\/agrund.com\/wp-content\/uploads\/sites\/6\/2014\/11\/rihanna-esquire-uk-december-2014-photoshoot-02-800x1104.jpg?resize=225%2C300&amp;ssl=1 225w\" sizes=\"(max-width: 550px) 100vw, 550px\" data-recalc-dims=\"1\" \/><\/a><p id=\"caption-attachment-117360\" class=\"wp-caption-text\">Rihanna nas capas de dezembro<\/p><\/div>\n<div id=\"attachment_117359\" style=\"width: 560px\" class=\"wp-caption aligncenter\"><a href=\"https:\/\/i0.wp.com\/www.agrund.com\/wp-content\/uploads\/sites\/6\/2014\/11\/rihanna-esquire-uk-december-2014-photoshoot-01-800x1114.jpg\"><img aria-describedby=\"caption-attachment-117359\" data-attachment-id=\"117359\" data-permalink=\"https:\/\/agrund.com\/index.php\/rihanna-nas-capas-de-dezembro\/rihanna-esquire-uk-december-2014-photoshoot-01-800x1114\/\" data-orig-file=\"https:\/\/i0.wp.com\/agrund.com\/wp-content\/uploads\/sites\/6\/2014\/11\/rihanna-esquire-uk-december-2014-photoshoot-01-800x1114.jpg?fit=550%2C737&amp;ssl=1\" data-orig-size=\"550,737\" data-comments-opened=\"1\" data-image-meta=\"{&quot;aperture&quot;:&quot;0&quot;,&quot;credit&quot;:&quot;&quot;,&quot;camera&quot;:&quot;&quot;,&quot;caption&quot;:&quot;&quot;,&quot;created_timestamp&quot;:&quot;0&quot;,&quot;copyright&quot;:&quot;&quot;,&quot;focal_length&quot;:&quot;0&quot;,&quot;iso&quot;:&quot;0&quot;,&quot;shutter_speed&quot;:&quot;0&quot;,&quot;title&quot;:&quot;&quot;,&quot;orientation&quot;:&quot;0&quot;}\" data-image-title=\"rihanna-esquire-uk-december-2014-photoshoot-01-800&#215;1114\" data-image-description=\"\" data-image-caption=\"&lt;p&gt;Rihanna nas capas de dezembro &lt;\/p&gt;\n\" data-medium-file=\"https:\/\/i0.wp.com\/agrund.com\/wp-content\/uploads\/sites\/6\/2014\/11\/rihanna-esquire-uk-december-2014-photoshoot-01-800x1114.jpg?fit=224%2C300&amp;ssl=1\" data-large-file=\"https:\/\/i0.wp.com\/agrund.com\/wp-content\/uploads\/sites\/6\/2014\/11\/rihanna-esquire-uk-december-2014-photoshoot-01-800x1114.jpg?fit=550%2C737&amp;ssl=1\" decoding=\"async\" loading=\"lazy\" class=\"size-full wp-image-117359\" alt=\"Rihanna nas capas de dezembro \" src=\"https:\/\/i0.wp.com\/www.agrund.com\/wp-content\/uploads\/sites\/6\/2014\/11\/rihanna-esquire-uk-december-2014-photoshoot-01-800x1114.jpg?resize=550%2C737\" width=\"550\" height=\"737\" srcset=\"https:\/\/i0.wp.com\/agrund.com\/wp-content\/uploads\/sites\/6\/2014\/11\/rihanna-esquire-uk-december-2014-photoshoot-01-800x1114.jpg?w=550&amp;ssl=1 550w, https:\/\/i0.wp.com\/agrund.com\/wp-content\/uploads\/sites\/6\/2014\/11\/rihanna-esquire-uk-december-2014-photoshoot-01-800x1114.jpg?resize=224%2C300&amp;ssl=1 224w\" sizes=\"(max-width: 550px) 100vw, 550px\" data-recalc-dims=\"1\" \/><\/a><p id=\"caption-attachment-117359\" class=\"wp-caption-text\">Rihanna nas capas de dezembro<\/p><\/div>\n<p>&nbsp;<\/p>\n<p>Imagens: Reprodu\u00e7\u00e3o.<\/p>\n<p>&nbsp;<\/p>\n<p>&nbsp;<\/p>\n<p>&nbsp;<\/p>\n<p>&nbsp;<\/p>\n<p>&nbsp;<\/p>\n<p>&nbsp;<\/p>\n<p>&nbsp;<\/p>\n<p>&nbsp;<\/p>\n<p>&nbsp;<\/p>\n<p>&nbsp;<\/p>\n<p>&nbsp;<\/p>\n","protected":false},"excerpt":{"rendered":"<p>Rihanna acaba de invadir duas capas (e recheios) de revistas nas edi\u00e7\u00f5es de dezembro. Uma delas \u00e9 a &#8220;Elle&#8221; americana, na qual a cantora encarna uma diva vestindo looks do outono-inverno 2014\/15 vindos direto da alta-costura de marcas como Valentino, Dior e Armani Priv\u00ea. J\u00e1 a &#8220;Esquire&#8221; brit\u00e2nica mostra uma Rihanna mais sensual com quase [&hellip;]<\/p>\n","protected":false},"author":8,"featured_media":117364,"comment_status":"open","ping_status":"open","sticky":false,"template":"","format":"standard","meta":{"jetpack_post_was_ever_published":false,"_jetpack_newsletter_access":"","jetpack_publicize_message":"#Rihanna \u00e9 estrela da #Elle e da #Esquire de dezembro. Em qual delas voc\u00ea acha que a cantora se saiu melhor? http:\/\/wp.me\/p3Hz0n-uwL","jetpack_is_tweetstorm":false,"jetpack_publicize_feature_enabled":true,"jetpack_social_post_already_shared":true,"jetpack_social_options":{"image_generator_settings":{"template":"highway","enabled":false}}},"categories":[2],"tags":[],"jetpack_publicize_connections":[],"jetpack_featured_media_url":"https:\/\/i0.wp.com\/agrund.com\/wp-content\/uploads\/sites\/6\/2014\/11\/slide19.jpg?fit=960%2C300&ssl=1","jetpack_sharing_enabled":true,"jetpack_shortlink":"https:\/\/wp.me\/p3Hz0n-uwL","jetpack_likes_enabled":true,"_links":{"self":[{"href":"https:\/\/agrund.com\/index.php\/wp-json\/wp\/v2\/posts\/117351"}],"collection":[{"href":"https:\/\/agrund.com\/index.php\/wp-json\/wp\/v2\/posts"}],"about":[{"href":"https:\/\/agrund.com\/index.php\/wp-json\/wp\/v2\/types\/post"}],"author":[{"embeddable":true,"href":"https:\/\/agrund.com\/index.php\/wp-json\/wp\/v2\/users\/8"}],"replies":[{"embeddable":true,"href":"https:\/\/agrund.com\/index.php\/wp-json\/wp\/v2\/comments?post=117351"}],"version-history":[{"count":0,"href":"https:\/\/agrund.com\/index.php\/wp-json\/wp\/v2\/posts\/117351\/revisions"}],"wp:featuredmedia":[{"embeddable":true,"href":"https:\/\/agrund.com\/index.php\/wp-json\/wp\/v2\/media\/117364"}],"wp:attachment":[{"href":"https:\/\/agrund.com\/index.php\/wp-json\/wp\/v2\/media?parent=117351"}],"wp:term":[{"taxonomy":"category","embeddable":true,"href":"https:\/\/agrund.com\/index.php\/wp-json\/wp\/v2\/categories?post=117351"},{"taxonomy":"post_tag","embeddable":true,"href":"https:\/\/agrund.com\/index.php\/wp-json\/wp\/v2\/tags?post=117351"}],"curies":[{"name":"wp","href":"https:\/\/api.w.org\/{rel}","templated":true}]}}