{"id":117337,"date":"2014-11-05T12:00:16","date_gmt":"2014-11-05T14:00:16","guid":{"rendered":"http:\/\/www.agrund.com\/?p=117337"},"modified":"2014-11-05T10:10:22","modified_gmt":"2014-11-05T12:10:22","slug":"as-fotos-de-emma-stone-em-cabaret","status":"publish","type":"post","link":"https:\/\/agrund.com\/index.php\/as-fotos-de-emma-stone-em-cabaret\/","title":{"rendered":"As fotos de Emma Stone em &#8220;Cabaret&#8221;"},"content":{"rendered":"<p>Depois de falarmos <a href=\"http:\/\/www.agrund.com\/celebridades-emma-stone-e-a-nova-estrela-da-broadway\/\" target=\"_blank\">AQUI<\/a> que Emma Stone seria a nova Sally Bowles na montagem de &#8220;Cabaret&#8221; na Broadway, a &#8220;Vanity Fair&#8221; americana decidiu colocar n\u00e3o s\u00f3 a estrela, mas todo o elenco nas p\u00e1ginas da revista. A atriz esbanja sensualidade em um ensaio ao lado dos outros integrantes do espet\u00e1culo dando uma pr\u00e9via do que estar\u00e1 nos palcos do teatro em breve. Confira as imagens na galeria:<\/p>\n<div id=\"attachment_117341\" style=\"width: 610px\" class=\"wp-caption aligncenter\"><a href=\"https:\/\/i0.wp.com\/www.agrund.com\/wp-content\/uploads\/sites\/6\/2014\/11\/emma-stone-cabaret-promo-photos-2014-04.jpg\"><img aria-describedby=\"caption-attachment-117341\" data-attachment-id=\"117341\" data-permalink=\"https:\/\/agrund.com\/index.php\/as-fotos-de-emma-stone-em-cabaret\/emma-stone-cabaret-promo-photos-2014-04\/\" data-orig-file=\"https:\/\/i0.wp.com\/agrund.com\/wp-content\/uploads\/sites\/6\/2014\/11\/emma-stone-cabaret-promo-photos-2014-04.jpg?fit=600%2C746&amp;ssl=1\" data-orig-size=\"600,746\" data-comments-opened=\"1\" data-image-meta=\"{&quot;aperture&quot;:&quot;0&quot;,&quot;credit&quot;:&quot;&quot;,&quot;camera&quot;:&quot;&quot;,&quot;caption&quot;:&quot;&quot;,&quot;created_timestamp&quot;:&quot;0&quot;,&quot;copyright&quot;:&quot;&quot;,&quot;focal_length&quot;:&quot;0&quot;,&quot;iso&quot;:&quot;0&quot;,&quot;shutter_speed&quot;:&quot;0&quot;,&quot;title&quot;:&quot;&quot;,&quot;orientation&quot;:&quot;0&quot;}\" data-image-title=\"emma-stone-cabaret-promo-photos-2014-04\" data-image-description=\"\" data-image-caption=\"&lt;p&gt;As fotos de Emma Stone em &#8220;Cabaret&#8221; &lt;\/p&gt;\n\" data-medium-file=\"https:\/\/i0.wp.com\/agrund.com\/wp-content\/uploads\/sites\/6\/2014\/11\/emma-stone-cabaret-promo-photos-2014-04.jpg?fit=241%2C300&amp;ssl=1\" data-large-file=\"https:\/\/i0.wp.com\/agrund.com\/wp-content\/uploads\/sites\/6\/2014\/11\/emma-stone-cabaret-promo-photos-2014-04.jpg?fit=600%2C746&amp;ssl=1\" decoding=\"async\" loading=\"lazy\" class=\"size-full wp-image-117341\" alt=\"As fotos de Emma Stone em &quot;Cabaret&quot; \" src=\"https:\/\/i0.wp.com\/www.agrund.com\/wp-content\/uploads\/sites\/6\/2014\/11\/emma-stone-cabaret-promo-photos-2014-04.jpg?resize=600%2C746\" width=\"600\" height=\"746\" srcset=\"https:\/\/i0.wp.com\/agrund.com\/wp-content\/uploads\/sites\/6\/2014\/11\/emma-stone-cabaret-promo-photos-2014-04.jpg?w=600&amp;ssl=1 600w, https:\/\/i0.wp.com\/agrund.com\/wp-content\/uploads\/sites\/6\/2014\/11\/emma-stone-cabaret-promo-photos-2014-04.jpg?resize=241%2C300&amp;ssl=1 241w\" sizes=\"(max-width: 600px) 100vw, 600px\" data-recalc-dims=\"1\" \/><\/a><p id=\"caption-attachment-117341\" class=\"wp-caption-text\">As fotos de Emma Stone em &#8220;Cabaret&#8221;<\/p><\/div>\n<div id=\"attachment_117340\" style=\"width: 610px\" class=\"wp-caption aligncenter\"><a href=\"https:\/\/i0.wp.com\/www.agrund.com\/wp-content\/uploads\/sites\/6\/2014\/11\/emma-stone-cabaret-promo-photos-2014-03.jpg\"><img aria-describedby=\"caption-attachment-117340\" data-attachment-id=\"117340\" data-permalink=\"https:\/\/agrund.com\/index.php\/as-fotos-de-emma-stone-em-cabaret\/emma-stone-cabaret-promo-photos-2014-03\/\" data-orig-file=\"https:\/\/i0.wp.com\/agrund.com\/wp-content\/uploads\/sites\/6\/2014\/11\/emma-stone-cabaret-promo-photos-2014-03.jpg?fit=600%2C411&amp;ssl=1\" data-orig-size=\"600,411\" data-comments-opened=\"1\" data-image-meta=\"{&quot;aperture&quot;:&quot;0&quot;,&quot;credit&quot;:&quot;&quot;,&quot;camera&quot;:&quot;&quot;,&quot;caption&quot;:&quot;&quot;,&quot;created_timestamp&quot;:&quot;0&quot;,&quot;copyright&quot;:&quot;&quot;,&quot;focal_length&quot;:&quot;0&quot;,&quot;iso&quot;:&quot;0&quot;,&quot;shutter_speed&quot;:&quot;0&quot;,&quot;title&quot;:&quot;&quot;,&quot;orientation&quot;:&quot;0&quot;}\" data-image-title=\"emma-stone-cabaret-promo-photos-2014-03\" data-image-description=\"\" data-image-caption=\"&lt;p&gt;As fotos de Emma Stone em &#8220;Cabaret&#8221; &lt;\/p&gt;\n\" data-medium-file=\"https:\/\/i0.wp.com\/agrund.com\/wp-content\/uploads\/sites\/6\/2014\/11\/emma-stone-cabaret-promo-photos-2014-03.jpg?fit=300%2C206&amp;ssl=1\" data-large-file=\"https:\/\/i0.wp.com\/agrund.com\/wp-content\/uploads\/sites\/6\/2014\/11\/emma-stone-cabaret-promo-photos-2014-03.jpg?fit=600%2C411&amp;ssl=1\" decoding=\"async\" loading=\"lazy\" class=\"size-full wp-image-117340\" alt=\"As fotos de Emma Stone em &quot;Cabaret&quot; \" src=\"https:\/\/i0.wp.com\/www.agrund.com\/wp-content\/uploads\/sites\/6\/2014\/11\/emma-stone-cabaret-promo-photos-2014-03.jpg?resize=600%2C411\" width=\"600\" height=\"411\" srcset=\"https:\/\/i0.wp.com\/agrund.com\/wp-content\/uploads\/sites\/6\/2014\/11\/emma-stone-cabaret-promo-photos-2014-03.jpg?w=600&amp;ssl=1 600w, https:\/\/i0.wp.com\/agrund.com\/wp-content\/uploads\/sites\/6\/2014\/11\/emma-stone-cabaret-promo-photos-2014-03.jpg?resize=300%2C206&amp;ssl=1 300w\" sizes=\"(max-width: 600px) 100vw, 600px\" data-recalc-dims=\"1\" \/><\/a><p id=\"caption-attachment-117340\" class=\"wp-caption-text\">As fotos de Emma Stone em &#8220;Cabaret&#8221;<\/p><\/div>\n<div id=\"attachment_117339\" style=\"width: 610px\" class=\"wp-caption aligncenter\"><a href=\"https:\/\/i0.wp.com\/www.agrund.com\/wp-content\/uploads\/sites\/6\/2014\/11\/emma-stone-cabaret-promo-photos-2014-02.jpg\"><img aria-describedby=\"caption-attachment-117339\" data-attachment-id=\"117339\" data-permalink=\"https:\/\/agrund.com\/index.php\/as-fotos-de-emma-stone-em-cabaret\/emma-stone-cabaret-promo-photos-2014-02\/\" data-orig-file=\"https:\/\/i0.wp.com\/agrund.com\/wp-content\/uploads\/sites\/6\/2014\/11\/emma-stone-cabaret-promo-photos-2014-02.jpg?fit=600%2C399&amp;ssl=1\" data-orig-size=\"600,399\" data-comments-opened=\"1\" data-image-meta=\"{&quot;aperture&quot;:&quot;0&quot;,&quot;credit&quot;:&quot;&quot;,&quot;camera&quot;:&quot;&quot;,&quot;caption&quot;:&quot;&quot;,&quot;created_timestamp&quot;:&quot;0&quot;,&quot;copyright&quot;:&quot;&quot;,&quot;focal_length&quot;:&quot;0&quot;,&quot;iso&quot;:&quot;0&quot;,&quot;shutter_speed&quot;:&quot;0&quot;,&quot;title&quot;:&quot;&quot;,&quot;orientation&quot;:&quot;0&quot;}\" data-image-title=\"emma-stone-cabaret-promo-photos-2014-02\" data-image-description=\"\" data-image-caption=\"&lt;p&gt;As fotos de Emma Stone em &#8220;Cabaret&#8221; &lt;\/p&gt;\n\" data-medium-file=\"https:\/\/i0.wp.com\/agrund.com\/wp-content\/uploads\/sites\/6\/2014\/11\/emma-stone-cabaret-promo-photos-2014-02.jpg?fit=300%2C200&amp;ssl=1\" data-large-file=\"https:\/\/i0.wp.com\/agrund.com\/wp-content\/uploads\/sites\/6\/2014\/11\/emma-stone-cabaret-promo-photos-2014-02.jpg?fit=600%2C399&amp;ssl=1\" decoding=\"async\" loading=\"lazy\" class=\"size-full wp-image-117339\" alt=\"As fotos de Emma Stone em &quot;Cabaret&quot; \" src=\"https:\/\/i0.wp.com\/www.agrund.com\/wp-content\/uploads\/sites\/6\/2014\/11\/emma-stone-cabaret-promo-photos-2014-02.jpg?resize=600%2C399\" width=\"600\" height=\"399\" srcset=\"https:\/\/i0.wp.com\/agrund.com\/wp-content\/uploads\/sites\/6\/2014\/11\/emma-stone-cabaret-promo-photos-2014-02.jpg?w=600&amp;ssl=1 600w, https:\/\/i0.wp.com\/agrund.com\/wp-content\/uploads\/sites\/6\/2014\/11\/emma-stone-cabaret-promo-photos-2014-02.jpg?resize=300%2C200&amp;ssl=1 300w\" sizes=\"(max-width: 600px) 100vw, 600px\" data-recalc-dims=\"1\" \/><\/a><p id=\"caption-attachment-117339\" class=\"wp-caption-text\">As fotos de Emma Stone em &#8220;Cabaret&#8221;<\/p><\/div>\n<div id=\"attachment_117338\" style=\"width: 610px\" class=\"wp-caption aligncenter\"><a href=\"https:\/\/i0.wp.com\/www.agrund.com\/wp-content\/uploads\/sites\/6\/2014\/11\/emma-stone-cabaret-promo-photos-2014-01.jpg\"><img aria-describedby=\"caption-attachment-117338\" data-attachment-id=\"117338\" data-permalink=\"https:\/\/agrund.com\/index.php\/as-fotos-de-emma-stone-em-cabaret\/emma-stone-cabaret-promo-photos-2014-01\/\" data-orig-file=\"https:\/\/i0.wp.com\/agrund.com\/wp-content\/uploads\/sites\/6\/2014\/11\/emma-stone-cabaret-promo-photos-2014-01.jpg?fit=600%2C412&amp;ssl=1\" data-orig-size=\"600,412\" data-comments-opened=\"1\" data-image-meta=\"{&quot;aperture&quot;:&quot;0&quot;,&quot;credit&quot;:&quot;&quot;,&quot;camera&quot;:&quot;&quot;,&quot;caption&quot;:&quot;&quot;,&quot;created_timestamp&quot;:&quot;0&quot;,&quot;copyright&quot;:&quot;&quot;,&quot;focal_length&quot;:&quot;0&quot;,&quot;iso&quot;:&quot;0&quot;,&quot;shutter_speed&quot;:&quot;0&quot;,&quot;title&quot;:&quot;&quot;,&quot;orientation&quot;:&quot;0&quot;}\" data-image-title=\"emma-stone-cabaret-promo-photos-2014-01\" data-image-description=\"\" data-image-caption=\"&lt;p&gt;As fotos de Emma Stone em &#8220;Cabaret&#8221; &lt;\/p&gt;\n\" data-medium-file=\"https:\/\/i0.wp.com\/agrund.com\/wp-content\/uploads\/sites\/6\/2014\/11\/emma-stone-cabaret-promo-photos-2014-01.jpg?fit=300%2C206&amp;ssl=1\" data-large-file=\"https:\/\/i0.wp.com\/agrund.com\/wp-content\/uploads\/sites\/6\/2014\/11\/emma-stone-cabaret-promo-photos-2014-01.jpg?fit=600%2C412&amp;ssl=1\" decoding=\"async\" loading=\"lazy\" class=\"size-full wp-image-117338\" alt=\"As fotos de Emma Stone em &quot;Cabaret&quot; \" src=\"https:\/\/i0.wp.com\/www.agrund.com\/wp-content\/uploads\/sites\/6\/2014\/11\/emma-stone-cabaret-promo-photos-2014-01.jpg?resize=600%2C412\" width=\"600\" height=\"412\" srcset=\"https:\/\/i0.wp.com\/agrund.com\/wp-content\/uploads\/sites\/6\/2014\/11\/emma-stone-cabaret-promo-photos-2014-01.jpg?w=600&amp;ssl=1 600w, https:\/\/i0.wp.com\/agrund.com\/wp-content\/uploads\/sites\/6\/2014\/11\/emma-stone-cabaret-promo-photos-2014-01.jpg?resize=300%2C206&amp;ssl=1 300w\" sizes=\"(max-width: 600px) 100vw, 600px\" data-recalc-dims=\"1\" \/><\/a><p id=\"caption-attachment-117338\" class=\"wp-caption-text\">As fotos de Emma Stone em &#8220;Cabaret&#8221;<\/p><\/div>\n<p>&nbsp;<\/p>\n<p>Imagens: Reprodu\u00e7\u00e3o.<\/p>\n<p>&nbsp;<\/p>\n<p>&nbsp;<\/p>\n<p>&nbsp;<\/p>\n<p>&nbsp;<\/p>\n","protected":false},"excerpt":{"rendered":"<p>Depois de falarmos AQUI que Emma Stone seria a nova Sally Bowles na montagem de &#8220;Cabaret&#8221; na Broadway, a &#8220;Vanity Fair&#8221; americana decidiu colocar n\u00e3o s\u00f3 a estrela, mas todo o elenco nas p\u00e1ginas da revista. A atriz esbanja sensualidade em um ensaio ao lado dos outros integrantes do espet\u00e1culo dando uma pr\u00e9via do que [&hellip;]<\/p>\n","protected":false},"author":8,"featured_media":117343,"comment_status":"open","ping_status":"open","sticky":false,"template":"","format":"standard","meta":{"jetpack_post_was_ever_published":false,"_jetpack_newsletter_access":"","jetpack_publicize_message":"Veja um preview de Emma Stone em #Cabaret nas p\u00e1ginas da #VanityFair: http:\/\/wp.me\/p3Hz0n-uwx","jetpack_is_tweetstorm":false,"jetpack_publicize_feature_enabled":true,"jetpack_social_post_already_shared":true,"jetpack_social_options":{"image_generator_settings":{"template":"highway","enabled":false}}},"categories":[2],"tags":[],"jetpack_publicize_connections":[],"jetpack_featured_media_url":"https:\/\/i0.wp.com\/agrund.com\/wp-content\/uploads\/sites\/6\/2014\/11\/slide18.jpg?fit=960%2C300&ssl=1","jetpack_sharing_enabled":true,"jetpack_shortlink":"https:\/\/wp.me\/p3Hz0n-uwx","jetpack_likes_enabled":true,"_links":{"self":[{"href":"https:\/\/agrund.com\/index.php\/wp-json\/wp\/v2\/posts\/117337"}],"collection":[{"href":"https:\/\/agrund.com\/index.php\/wp-json\/wp\/v2\/posts"}],"about":[{"href":"https:\/\/agrund.com\/index.php\/wp-json\/wp\/v2\/types\/post"}],"author":[{"embeddable":true,"href":"https:\/\/agrund.com\/index.php\/wp-json\/wp\/v2\/users\/8"}],"replies":[{"embeddable":true,"href":"https:\/\/agrund.com\/index.php\/wp-json\/wp\/v2\/comments?post=117337"}],"version-history":[{"count":0,"href":"https:\/\/agrund.com\/index.php\/wp-json\/wp\/v2\/posts\/117337\/revisions"}],"wp:featuredmedia":[{"embeddable":true,"href":"https:\/\/agrund.com\/index.php\/wp-json\/wp\/v2\/media\/117343"}],"wp:attachment":[{"href":"https:\/\/agrund.com\/index.php\/wp-json\/wp\/v2\/media?parent=117337"}],"wp:term":[{"taxonomy":"category","embeddable":true,"href":"https:\/\/agrund.com\/index.php\/wp-json\/wp\/v2\/categories?post=117337"},{"taxonomy":"post_tag","embeddable":true,"href":"https:\/\/agrund.com\/index.php\/wp-json\/wp\/v2\/tags?post=117337"}],"curies":[{"name":"wp","href":"https:\/\/api.w.org\/{rel}","templated":true}]}}