{"id":116861,"date":"2014-10-31T21:00:44","date_gmt":"2014-10-31T23:00:44","guid":{"rendered":"http:\/\/www.agrund.com\/?p=116861"},"modified":"2014-10-31T20:32:34","modified_gmt":"2014-10-31T22:32:34","slug":"fendas-franjas-e-companhia-veja-as-apostas-das-famosas-nessa-semana","status":"publish","type":"post","link":"https:\/\/agrund.com\/index.php\/fendas-franjas-e-companhia-veja-as-apostas-das-famosas-nessa-semana\/","title":{"rendered":"Fendas, franjas e companhia: veja as apostas das famosas nessa semana"},"content":{"rendered":"<p>Por Ros\u00e2ngela Espinossi<\/p>\n<p>Curtos e longos marcaram os looks das celebridades essa semana. Com os pr\u00eamios Profissionais do Ano da Globo e Multishow, as atrizes e cantoras apostaram tanto em looks dignos de tapetes vermelhos quanto em produ\u00e7\u00f5es mais informais com espa\u00e7o para cr\u00edticas e elogios. N\u00f3s do <a href=\"http:\/\/www.elasnotapetevermelho.com.br\/novo\/\" target=\"_blank\">Elas do Tapete Vermelho<\/a> queremos saber sua opini\u00e3o sobre os looks das famosas e, al\u00e9m de destacar os que mais chamaram a aten\u00e7\u00e3o na galeria, tamb\u00e9m preparamos uma enquete no site para saber seus favoritos. Confira abaixo e depois corra pra l\u00e1!<\/p>\n<p>Ivete Sangalo usou um vestido dourado com franjas da Printing que a transformou numa diva; mas \u00e9 sempre bom lembrar que o recurso, ainda mais em camadas, pode ampliar a silhueta e valorizar as curvas.\u00a0J\u00e1 Bruna Marquezine apostou num vestido Gucci de seda azul bordado com cristais nas laterais. O modelo contornou a silhueta da garota e deixou o resultado com cara de mulher\u00e3o!<\/p>\n<div id=\"attachment_116864\" style=\"width: 560px\" class=\"wp-caption aligncenter\"><a href=\"https:\/\/i0.wp.com\/www.agrund.com\/wp-content\/uploads\/sites\/6\/2014\/10\/tapete-3.jpg\"><img aria-describedby=\"caption-attachment-116864\" data-attachment-id=\"116864\" data-permalink=\"https:\/\/agrund.com\/index.php\/fendas-franjas-e-companhia-veja-as-apostas-das-famosas-nessa-semana\/tapete-3\/\" data-orig-file=\"https:\/\/i0.wp.com\/agrund.com\/wp-content\/uploads\/sites\/6\/2014\/10\/tapete-3.jpg?fit=550%2C413&amp;ssl=1\" data-orig-size=\"550,413\" data-comments-opened=\"1\" data-image-meta=\"{&quot;aperture&quot;:&quot;0&quot;,&quot;credit&quot;:&quot;&quot;,&quot;camera&quot;:&quot;&quot;,&quot;caption&quot;:&quot;&quot;,&quot;created_timestamp&quot;:&quot;0&quot;,&quot;copyright&quot;:&quot;&quot;,&quot;focal_length&quot;:&quot;0&quot;,&quot;iso&quot;:&quot;0&quot;,&quot;shutter_speed&quot;:&quot;0&quot;,&quot;title&quot;:&quot;&quot;,&quot;orientation&quot;:&quot;0&quot;}\" data-image-title=\"tapete 3\" data-image-description=\"\" data-image-caption=\"&lt;p&gt;Fendas, franjas e companhia: veja as apostas das famosas nessa semana  &lt;\/p&gt;\n\" data-medium-file=\"https:\/\/i0.wp.com\/agrund.com\/wp-content\/uploads\/sites\/6\/2014\/10\/tapete-3.jpg?fit=300%2C225&amp;ssl=1\" data-large-file=\"https:\/\/i0.wp.com\/agrund.com\/wp-content\/uploads\/sites\/6\/2014\/10\/tapete-3.jpg?fit=550%2C413&amp;ssl=1\" decoding=\"async\" loading=\"lazy\" class=\"size-full wp-image-116864\" alt=\"Fendas, franjas e companhia: veja as apostas das famosas nessa semana  \" src=\"https:\/\/i0.wp.com\/www.agrund.com\/wp-content\/uploads\/sites\/6\/2014\/10\/tapete-3.jpg?resize=550%2C413\" width=\"550\" height=\"413\" srcset=\"https:\/\/i0.wp.com\/agrund.com\/wp-content\/uploads\/sites\/6\/2014\/10\/tapete-3.jpg?w=550&amp;ssl=1 550w, https:\/\/i0.wp.com\/agrund.com\/wp-content\/uploads\/sites\/6\/2014\/10\/tapete-3.jpg?resize=300%2C225&amp;ssl=1 300w\" sizes=\"(max-width: 550px) 100vw, 550px\" data-recalc-dims=\"1\" \/><\/a><p id=\"caption-attachment-116864\" class=\"wp-caption-text\">Fendas, franjas e companhia: veja as apostas das famosas nessa semana<\/p><\/div>\n<p>&nbsp;<\/p>\n<p>Anitta e Sophia Abrah\u00e3o, que no domingo (2\/11) desfilam para a Coca-Cola Jeans em SP, foram ao Pr\u00eamio Multishow com looks bem informais. Anitta usou body transparente recortado com cal\u00e7a larga de cintura baixa e jaquetinha. Ousada, n\u00e9? Sophia preferiu top cropped com acabamento vin\u00edlico, saia de cintura alta (\u00f3tima op\u00e7\u00e3o para quem quer usar blusa curtinha) e casaco com efeito metalizado.<\/p>\n<div id=\"attachment_116863\" style=\"width: 560px\" class=\"wp-caption aligncenter\"><a href=\"https:\/\/i0.wp.com\/www.agrund.com\/wp-content\/uploads\/sites\/6\/2014\/10\/tapete-2.jpg\"><img aria-describedby=\"caption-attachment-116863\" data-attachment-id=\"116863\" data-permalink=\"https:\/\/agrund.com\/index.php\/fendas-franjas-e-companhia-veja-as-apostas-das-famosas-nessa-semana\/tapete-2\/\" data-orig-file=\"https:\/\/i0.wp.com\/agrund.com\/wp-content\/uploads\/sites\/6\/2014\/10\/tapete-2.jpg?fit=550%2C413&amp;ssl=1\" data-orig-size=\"550,413\" data-comments-opened=\"1\" data-image-meta=\"{&quot;aperture&quot;:&quot;0&quot;,&quot;credit&quot;:&quot;&quot;,&quot;camera&quot;:&quot;&quot;,&quot;caption&quot;:&quot;&quot;,&quot;created_timestamp&quot;:&quot;0&quot;,&quot;copyright&quot;:&quot;&quot;,&quot;focal_length&quot;:&quot;0&quot;,&quot;iso&quot;:&quot;0&quot;,&quot;shutter_speed&quot;:&quot;0&quot;,&quot;title&quot;:&quot;&quot;,&quot;orientation&quot;:&quot;0&quot;}\" data-image-title=\"tapete 2\" data-image-description=\"\" data-image-caption=\"&lt;p&gt;Fendas, franjas e companhia: veja as apostas das famosas nessa semana  &lt;\/p&gt;\n\" data-medium-file=\"https:\/\/i0.wp.com\/agrund.com\/wp-content\/uploads\/sites\/6\/2014\/10\/tapete-2.jpg?fit=300%2C225&amp;ssl=1\" data-large-file=\"https:\/\/i0.wp.com\/agrund.com\/wp-content\/uploads\/sites\/6\/2014\/10\/tapete-2.jpg?fit=550%2C413&amp;ssl=1\" decoding=\"async\" loading=\"lazy\" class=\"size-full wp-image-116863\" alt=\"Fendas, franjas e companhia: veja as apostas das famosas nessa semana  \" src=\"https:\/\/i0.wp.com\/www.agrund.com\/wp-content\/uploads\/sites\/6\/2014\/10\/tapete-2.jpg?resize=550%2C413\" width=\"550\" height=\"413\" srcset=\"https:\/\/i0.wp.com\/agrund.com\/wp-content\/uploads\/sites\/6\/2014\/10\/tapete-2.jpg?w=550&amp;ssl=1 550w, https:\/\/i0.wp.com\/agrund.com\/wp-content\/uploads\/sites\/6\/2014\/10\/tapete-2.jpg?resize=300%2C225&amp;ssl=1 300w\" sizes=\"(max-width: 550px) 100vw, 550px\" data-recalc-dims=\"1\" \/><\/a><p id=\"caption-attachment-116863\" class=\"wp-caption-text\">Fendas, franjas e companhia: veja as apostas das famosas nessa semana<\/p><\/div>\n<p>&nbsp;<\/p>\n<p>Na onda do preto entraram Adriana Birolli e Paula Fernandes. A primeira usou um modelito Versace com fenda aberta por z\u00edper na diagonal \u2013 recurso que agrada as mais t\u00edmidas e as mais ousadas, j\u00e1 que a pr\u00f3pria pessoa pode regular o quanto quer mostrar. Paula Fernandes, por outro lado, foi de franjas e decote profundo com tramas, ideal apenas para locais nos quais um pouco de sensualidade n\u00e3o faz mal a ningu\u00e9m.<\/p>\n<div id=\"attachment_116862\" style=\"width: 560px\" class=\"wp-caption aligncenter\"><a href=\"https:\/\/i0.wp.com\/www.agrund.com\/wp-content\/uploads\/sites\/6\/2014\/10\/tapete-1.jpg\"><img aria-describedby=\"caption-attachment-116862\" data-attachment-id=\"116862\" data-permalink=\"https:\/\/agrund.com\/index.php\/fendas-franjas-e-companhia-veja-as-apostas-das-famosas-nessa-semana\/tapete-1\/\" data-orig-file=\"https:\/\/i0.wp.com\/agrund.com\/wp-content\/uploads\/sites\/6\/2014\/10\/tapete-1.jpg?fit=550%2C413&amp;ssl=1\" data-orig-size=\"550,413\" data-comments-opened=\"1\" data-image-meta=\"{&quot;aperture&quot;:&quot;0&quot;,&quot;credit&quot;:&quot;&quot;,&quot;camera&quot;:&quot;&quot;,&quot;caption&quot;:&quot;&quot;,&quot;created_timestamp&quot;:&quot;0&quot;,&quot;copyright&quot;:&quot;&quot;,&quot;focal_length&quot;:&quot;0&quot;,&quot;iso&quot;:&quot;0&quot;,&quot;shutter_speed&quot;:&quot;0&quot;,&quot;title&quot;:&quot;&quot;,&quot;orientation&quot;:&quot;0&quot;}\" data-image-title=\"tapete 1\" data-image-description=\"\" data-image-caption=\"&lt;p&gt;Fendas, franjas e companhia: veja as apostas das famosas nessa semana  &lt;\/p&gt;\n\" data-medium-file=\"https:\/\/i0.wp.com\/agrund.com\/wp-content\/uploads\/sites\/6\/2014\/10\/tapete-1.jpg?fit=300%2C225&amp;ssl=1\" data-large-file=\"https:\/\/i0.wp.com\/agrund.com\/wp-content\/uploads\/sites\/6\/2014\/10\/tapete-1.jpg?fit=550%2C413&amp;ssl=1\" decoding=\"async\" loading=\"lazy\" class=\"size-full wp-image-116862\" alt=\"Fendas, franjas e companhia: veja as apostas das famosas nessa semana  \" src=\"https:\/\/i0.wp.com\/www.agrund.com\/wp-content\/uploads\/sites\/6\/2014\/10\/tapete-1.jpg?resize=550%2C413\" width=\"550\" height=\"413\" srcset=\"https:\/\/i0.wp.com\/agrund.com\/wp-content\/uploads\/sites\/6\/2014\/10\/tapete-1.jpg?w=550&amp;ssl=1 550w, https:\/\/i0.wp.com\/agrund.com\/wp-content\/uploads\/sites\/6\/2014\/10\/tapete-1.jpg?resize=300%2C225&amp;ssl=1 300w\" sizes=\"(max-width: 550px) 100vw, 550px\" data-recalc-dims=\"1\" \/><\/a><p id=\"caption-attachment-116862\" class=\"wp-caption-text\">Fendas, franjas e companhia: veja as apostas das famosas nessa semana<\/p><\/div>\n<p>&nbsp;<\/p>\n<p>Imagens: Reprodu\u00e7\u00e3o.<\/p>\n","protected":false},"excerpt":{"rendered":"<p>Por Ros\u00e2ngela Espinossi Curtos e longos marcaram os looks das celebridades essa semana. Com os pr\u00eamios Profissionais do Ano da Globo e Multishow, as atrizes e cantoras apostaram tanto em looks dignos de tapetes vermelhos quanto em produ\u00e7\u00f5es mais informais com espa\u00e7o para cr\u00edticas e elogios. N\u00f3s do Elas do Tapete Vermelho queremos saber sua [&hellip;]<\/p>\n","protected":false},"author":8,"featured_media":116865,"comment_status":"open","ping_status":"open","sticky":false,"template":"","format":"standard","meta":{"jetpack_post_was_ever_published":false,"_jetpack_newsletter_access":"","jetpack_publicize_message":"Ros\u00e2ngela Espinossi destaca os looks das famosas que mais chamaram a aten\u00e7\u00e3o essa semana, incluindo #IveteSangalo e #Anitta: http:\/\/wp.me\/p3Hz0n-uoR","jetpack_is_tweetstorm":false,"jetpack_publicize_feature_enabled":true,"jetpack_social_post_already_shared":true,"jetpack_social_options":{"image_generator_settings":{"template":"highway","enabled":false}}},"categories":[2],"tags":[],"jetpack_publicize_connections":[],"jetpack_featured_media_url":"https:\/\/i0.wp.com\/agrund.com\/wp-content\/uploads\/sites\/6\/2014\/10\/slidero1.jpg?fit=960%2C300&ssl=1","jetpack_sharing_enabled":true,"jetpack_shortlink":"https:\/\/wp.me\/p3Hz0n-uoR","jetpack_likes_enabled":true,"_links":{"self":[{"href":"https:\/\/agrund.com\/index.php\/wp-json\/wp\/v2\/posts\/116861"}],"collection":[{"href":"https:\/\/agrund.com\/index.php\/wp-json\/wp\/v2\/posts"}],"about":[{"href":"https:\/\/agrund.com\/index.php\/wp-json\/wp\/v2\/types\/post"}],"author":[{"embeddable":true,"href":"https:\/\/agrund.com\/index.php\/wp-json\/wp\/v2\/users\/8"}],"replies":[{"embeddable":true,"href":"https:\/\/agrund.com\/index.php\/wp-json\/wp\/v2\/comments?post=116861"}],"version-history":[{"count":0,"href":"https:\/\/agrund.com\/index.php\/wp-json\/wp\/v2\/posts\/116861\/revisions"}],"wp:featuredmedia":[{"embeddable":true,"href":"https:\/\/agrund.com\/index.php\/wp-json\/wp\/v2\/media\/116865"}],"wp:attachment":[{"href":"https:\/\/agrund.com\/index.php\/wp-json\/wp\/v2\/media?parent=116861"}],"wp:term":[{"taxonomy":"category","embeddable":true,"href":"https:\/\/agrund.com\/index.php\/wp-json\/wp\/v2\/categories?post=116861"},{"taxonomy":"post_tag","embeddable":true,"href":"https:\/\/agrund.com\/index.php\/wp-json\/wp\/v2\/tags?post=116861"}],"curies":[{"name":"wp","href":"https:\/\/api.w.org\/{rel}","templated":true}]}}