{"id":116850,"date":"2014-10-31T20:00:36","date_gmt":"2014-10-31T22:00:36","guid":{"rendered":"http:\/\/www.agrund.com\/?p=116850"},"modified":"2014-10-31T19:00:27","modified_gmt":"2014-10-31T21:00:27","slug":"as-maquiagens-das-celebridades-no-amfar-2014","status":"publish","type":"post","link":"https:\/\/agrund.com\/index.php\/as-maquiagens-das-celebridades-no-amfar-2014\/","title":{"rendered":"As maquiagens das celebridades no amfAR 2014"},"content":{"rendered":"<p style=\"text-align: right\">Por Anna Lee, de Los Angeles<\/p>\n<p style=\"text-align: left\">A edi\u00e7\u00e3o 2014 do baile da amfAR, evento realizado em prol da busca pela cura da AIDS, rolou na noite do dia 29\/10 em Los Angeles e v\u00e1rias celebridades deram as caras no tapete vermelho com maquiagens lindas e f\u00e1ceis de usar. Selecionei as que mais chamaram a aten\u00e7\u00e3o e mostro em detalhes na galeria!<\/p>\n<p style=\"text-align: left\">O cl\u00e1ssico duo de delineador preto e batom vermelho reinaram entre as famosas. Rihanna, Gwyneth Paltrow e Dita Von Teese foram algumas das que apostaram nesse visual!<\/p>\n<div id=\"attachment_116856\" style=\"width: 510px\" class=\"wp-caption aligncenter\"><a href=\"https:\/\/i0.wp.com\/www.agrund.com\/wp-content\/uploads\/sites\/6\/2014\/10\/Rihanna.png\"><img aria-describedby=\"caption-attachment-116856\" data-attachment-id=\"116856\" data-permalink=\"https:\/\/agrund.com\/index.php\/as-maquiagens-das-celebridades-no-amfar-2014\/rihanna-8\/\" data-orig-file=\"https:\/\/i0.wp.com\/agrund.com\/wp-content\/uploads\/sites\/6\/2014\/10\/Rihanna.png?fit=500%2C680&amp;ssl=1\" data-orig-size=\"500,680\" data-comments-opened=\"1\" data-image-meta=\"{&quot;aperture&quot;:&quot;0&quot;,&quot;credit&quot;:&quot;&quot;,&quot;camera&quot;:&quot;&quot;,&quot;caption&quot;:&quot;&quot;,&quot;created_timestamp&quot;:&quot;0&quot;,&quot;copyright&quot;:&quot;&quot;,&quot;focal_length&quot;:&quot;0&quot;,&quot;iso&quot;:&quot;0&quot;,&quot;shutter_speed&quot;:&quot;0&quot;,&quot;title&quot;:&quot;&quot;,&quot;orientation&quot;:&quot;0&quot;}\" data-image-title=\"Rihanna\" data-image-description=\"\" data-image-caption=\"&lt;p&gt;Rihanna&lt;\/p&gt;\n\" data-medium-file=\"https:\/\/i0.wp.com\/agrund.com\/wp-content\/uploads\/sites\/6\/2014\/10\/Rihanna.png?fit=221%2C300&amp;ssl=1\" data-large-file=\"https:\/\/i0.wp.com\/agrund.com\/wp-content\/uploads\/sites\/6\/2014\/10\/Rihanna.png?fit=500%2C680&amp;ssl=1\" decoding=\"async\" loading=\"lazy\" class=\"size-full wp-image-116856\" alt=\"Rihanna\" src=\"https:\/\/i0.wp.com\/www.agrund.com\/wp-content\/uploads\/sites\/6\/2014\/10\/Rihanna.png?resize=500%2C680\" width=\"500\" height=\"680\" srcset=\"https:\/\/i0.wp.com\/agrund.com\/wp-content\/uploads\/sites\/6\/2014\/10\/Rihanna.png?w=500&amp;ssl=1 500w, https:\/\/i0.wp.com\/agrund.com\/wp-content\/uploads\/sites\/6\/2014\/10\/Rihanna.png?resize=221%2C300&amp;ssl=1 221w\" sizes=\"(max-width: 500px) 100vw, 500px\" data-recalc-dims=\"1\" \/><\/a><p id=\"caption-attachment-116856\" class=\"wp-caption-text\">Rihanna<\/p><\/div>\n<div id=\"attachment_116853\" style=\"width: 510px\" class=\"wp-caption aligncenter\"><a href=\"https:\/\/i0.wp.com\/www.agrund.com\/wp-content\/uploads\/sites\/6\/2014\/10\/Gwyneth-Paltrow.jpg\"><img aria-describedby=\"caption-attachment-116853\" data-attachment-id=\"116853\" data-permalink=\"https:\/\/agrund.com\/index.php\/as-maquiagens-das-celebridades-no-amfar-2014\/gwyneth-paltrow-5\/\" data-orig-file=\"https:\/\/i0.wp.com\/agrund.com\/wp-content\/uploads\/sites\/6\/2014\/10\/Gwyneth-Paltrow.jpg?fit=500%2C736&amp;ssl=1\" data-orig-size=\"500,736\" data-comments-opened=\"1\" data-image-meta=\"{&quot;aperture&quot;:&quot;7.1&quot;,&quot;credit&quot;:&quot;Jason Merritt&quot;,&quot;camera&quot;:&quot;NIKON D4S&quot;,&quot;caption&quot;:&quot;HOLLYWOOD, CA - OCTOBER 29:  Actress Gwyneth Paltrow attends amfAR LA Inspiration Gala honoring Tom Ford at Milk Studios on October 29, 2014 in Hollywood, California.  (Photo by Jason Merritt\\\/Getty Images for amfAR)&quot;,&quot;created_timestamp&quot;:&quot;1414611100&quot;,&quot;copyright&quot;:&quot;2014 Getty Images&quot;,&quot;focal_length&quot;:&quot;85&quot;,&quot;iso&quot;:&quot;800&quot;,&quot;shutter_speed&quot;:&quot;0.004&quot;,&quot;title&quot;:&quot;&quot;,&quot;orientation&quot;:&quot;1&quot;}\" data-image-title=\"Gwyneth Paltrow\" data-image-description=\"&lt;p&gt;HOLLYWOOD, CA &#8211; OCTOBER 29:  Actress Gwyneth Paltrow attends amfAR LA Inspiration Gala honoring Tom Ford at Milk Studios on October 29, 2014 in Hollywood, California.  (Photo by Jason Merritt\/Getty Images for amfAR)&lt;\/p&gt;\n\" data-image-caption=\"&lt;p&gt;Gwyneth Paltrow&lt;\/p&gt;\n\" data-medium-file=\"https:\/\/i0.wp.com\/agrund.com\/wp-content\/uploads\/sites\/6\/2014\/10\/Gwyneth-Paltrow.jpg?fit=204%2C300&amp;ssl=1\" data-large-file=\"https:\/\/i0.wp.com\/agrund.com\/wp-content\/uploads\/sites\/6\/2014\/10\/Gwyneth-Paltrow.jpg?fit=500%2C736&amp;ssl=1\" decoding=\"async\" loading=\"lazy\" class=\"size-full wp-image-116853\" alt=\"Gwyneth Paltrow\" src=\"https:\/\/i0.wp.com\/www.agrund.com\/wp-content\/uploads\/sites\/6\/2014\/10\/Gwyneth-Paltrow.jpg?resize=500%2C736\" width=\"500\" height=\"736\" srcset=\"https:\/\/i0.wp.com\/agrund.com\/wp-content\/uploads\/sites\/6\/2014\/10\/Gwyneth-Paltrow.jpg?w=500&amp;ssl=1 500w, https:\/\/i0.wp.com\/agrund.com\/wp-content\/uploads\/sites\/6\/2014\/10\/Gwyneth-Paltrow.jpg?resize=204%2C300&amp;ssl=1 204w\" sizes=\"(max-width: 500px) 100vw, 500px\" data-recalc-dims=\"1\" \/><\/a><p id=\"caption-attachment-116853\" class=\"wp-caption-text\">Gwyneth Paltrow<\/p><\/div>\n<div id=\"attachment_116852\" style=\"width: 510px\" class=\"wp-caption aligncenter\"><a href=\"https:\/\/i0.wp.com\/www.agrund.com\/wp-content\/uploads\/sites\/6\/2014\/10\/Dita-Von-Teese.jpg\"><img aria-describedby=\"caption-attachment-116852\" data-attachment-id=\"116852\" data-permalink=\"https:\/\/agrund.com\/index.php\/as-maquiagens-das-celebridades-no-amfar-2014\/dita-von-teese-4\/\" data-orig-file=\"https:\/\/i0.wp.com\/agrund.com\/wp-content\/uploads\/sites\/6\/2014\/10\/Dita-Von-Teese.jpg?fit=500%2C619&amp;ssl=1\" data-orig-size=\"500,619\" data-comments-opened=\"1\" data-image-meta=\"{&quot;aperture&quot;:&quot;7.1&quot;,&quot;credit&quot;:&quot;Jason Merritt&quot;,&quot;camera&quot;:&quot;NIKON D4S&quot;,&quot;caption&quot;:&quot;HOLLYWOOD, CA - OCTOBER 29:  Model Dita Von Teese attends amfAR LA Inspiration Gala honoring Tom Ford at Milk Studios on October 29, 2014 in Hollywood, California.  (Photo by Jason Merritt\\\/Getty Images for amfAR)&quot;,&quot;created_timestamp&quot;:&quot;1414609341&quot;,&quot;copyright&quot;:&quot;2014 Getty Images&quot;,&quot;focal_length&quot;:&quot;82&quot;,&quot;iso&quot;:&quot;800&quot;,&quot;shutter_speed&quot;:&quot;0.004&quot;,&quot;title&quot;:&quot;&quot;,&quot;orientation&quot;:&quot;1&quot;}\" data-image-title=\"Dita Von Teese\" data-image-description=\"&lt;p&gt;HOLLYWOOD, CA &#8211; OCTOBER 29:  Model Dita Von Teese attends amfAR LA Inspiration Gala honoring Tom Ford at Milk Studios on October 29, 2014 in Hollywood, California.  (Photo by Jason Merritt\/Getty Images for amfAR)&lt;\/p&gt;\n\" data-image-caption=\"&lt;p&gt;Dita Von Teese&lt;\/p&gt;\n\" data-medium-file=\"https:\/\/i0.wp.com\/agrund.com\/wp-content\/uploads\/sites\/6\/2014\/10\/Dita-Von-Teese.jpg?fit=242%2C300&amp;ssl=1\" data-large-file=\"https:\/\/i0.wp.com\/agrund.com\/wp-content\/uploads\/sites\/6\/2014\/10\/Dita-Von-Teese.jpg?fit=500%2C619&amp;ssl=1\" decoding=\"async\" loading=\"lazy\" class=\"size-full wp-image-116852\" alt=\"Dita Von Teese\" src=\"https:\/\/i0.wp.com\/www.agrund.com\/wp-content\/uploads\/sites\/6\/2014\/10\/Dita-Von-Teese.jpg?resize=500%2C619\" width=\"500\" height=\"619\" srcset=\"https:\/\/i0.wp.com\/agrund.com\/wp-content\/uploads\/sites\/6\/2014\/10\/Dita-Von-Teese.jpg?w=500&amp;ssl=1 500w, https:\/\/i0.wp.com\/agrund.com\/wp-content\/uploads\/sites\/6\/2014\/10\/Dita-Von-Teese.jpg?resize=242%2C300&amp;ssl=1 242w\" sizes=\"(max-width: 500px) 100vw, 500px\" data-recalc-dims=\"1\" \/><\/a><p id=\"caption-attachment-116852\" class=\"wp-caption-text\">Dita Von Teese<\/p><\/div>\n<p>&nbsp;<\/p>\n<p>Outro cl\u00e1ssico que brilhou entre as convidadas foi o olho esfumado com batom nude. Camilla Belle preferiu um p\u00eassego nos l\u00e1bios enquanto Lea Michele foi mais tradicional investindo em um tom parecido com a pele da atriz.<\/p>\n<div id=\"attachment_116851\" style=\"width: 510px\" class=\"wp-caption aligncenter\"><a href=\"https:\/\/i0.wp.com\/www.agrund.com\/wp-content\/uploads\/sites\/6\/2014\/10\/Camila-Belle.jpg\"><img aria-describedby=\"caption-attachment-116851\" data-attachment-id=\"116851\" data-permalink=\"https:\/\/agrund.com\/index.php\/as-maquiagens-das-celebridades-no-amfar-2014\/camila-belle\/\" data-orig-file=\"https:\/\/i0.wp.com\/agrund.com\/wp-content\/uploads\/sites\/6\/2014\/10\/Camila-Belle.jpg?fit=500%2C690&amp;ssl=1\" data-orig-size=\"500,690\" data-comments-opened=\"1\" data-image-meta=\"{&quot;aperture&quot;:&quot;7.1&quot;,&quot;credit&quot;:&quot;Jason Merritt&quot;,&quot;camera&quot;:&quot;NIKON D4S&quot;,&quot;caption&quot;:&quot;HOLLYWOOD, CA - OCTOBER 29:  Actress Camilla Belle attends amfAR LA Inspiration Gala honoring Tom Ford at Milk Studios on October 29, 2014 in Hollywood, California.  (Photo by Jason Merritt\\\/Getty Images for amfAR)&quot;,&quot;created_timestamp&quot;:&quot;1414611028&quot;,&quot;copyright&quot;:&quot;2014 Getty Images&quot;,&quot;focal_length&quot;:&quot;82&quot;,&quot;iso&quot;:&quot;800&quot;,&quot;shutter_speed&quot;:&quot;0.004&quot;,&quot;title&quot;:&quot;&quot;,&quot;orientation&quot;:&quot;1&quot;}\" data-image-title=\"Camila Belle\" data-image-description=\"&lt;p&gt;HOLLYWOOD, CA &#8211; OCTOBER 29:  Actress Camilla Belle attends amfAR LA Inspiration Gala honoring Tom Ford at Milk Studios on October 29, 2014 in Hollywood, California.  (Photo by Jason Merritt\/Getty Images for amfAR)&lt;\/p&gt;\n\" data-image-caption=\"&lt;p&gt;Camila Belle&lt;\/p&gt;\n\" data-medium-file=\"https:\/\/i0.wp.com\/agrund.com\/wp-content\/uploads\/sites\/6\/2014\/10\/Camila-Belle.jpg?fit=217%2C300&amp;ssl=1\" data-large-file=\"https:\/\/i0.wp.com\/agrund.com\/wp-content\/uploads\/sites\/6\/2014\/10\/Camila-Belle.jpg?fit=500%2C690&amp;ssl=1\" decoding=\"async\" loading=\"lazy\" class=\"size-full wp-image-116851\" alt=\"Camila Belle\" src=\"https:\/\/i0.wp.com\/www.agrund.com\/wp-content\/uploads\/sites\/6\/2014\/10\/Camila-Belle.jpg?resize=500%2C690\" width=\"500\" height=\"690\" srcset=\"https:\/\/i0.wp.com\/agrund.com\/wp-content\/uploads\/sites\/6\/2014\/10\/Camila-Belle.jpg?w=500&amp;ssl=1 500w, https:\/\/i0.wp.com\/agrund.com\/wp-content\/uploads\/sites\/6\/2014\/10\/Camila-Belle.jpg?resize=217%2C300&amp;ssl=1 217w\" sizes=\"(max-width: 500px) 100vw, 500px\" data-recalc-dims=\"1\" \/><\/a><p id=\"caption-attachment-116851\" class=\"wp-caption-text\">Camila Belle<\/p><\/div>\n<div id=\"attachment_116854\" style=\"width: 510px\" class=\"wp-caption aligncenter\"><a href=\"https:\/\/i0.wp.com\/www.agrund.com\/wp-content\/uploads\/sites\/6\/2014\/10\/Lea-Michele1.jpg\"><img aria-describedby=\"caption-attachment-116854\" data-attachment-id=\"116854\" data-permalink=\"https:\/\/agrund.com\/index.php\/as-maquiagens-das-celebridades-no-amfar-2014\/lea-michele-9\/\" data-orig-file=\"https:\/\/i0.wp.com\/agrund.com\/wp-content\/uploads\/sites\/6\/2014\/10\/Lea-Michele1.jpg?fit=500%2C708&amp;ssl=1\" data-orig-size=\"500,708\" data-comments-opened=\"1\" data-image-meta=\"{&quot;aperture&quot;:&quot;7.1&quot;,&quot;credit&quot;:&quot;Jason Merritt&quot;,&quot;camera&quot;:&quot;NIKON D4S&quot;,&quot;caption&quot;:&quot;HOLLYWOOD, CA - OCTOBER 29:  Actress Lea Michele attends the 2014 amfAR LA Inspiration Gala at Milk Studios on October 29, 2014 in Hollywood, California.  (Photo by Jason Merritt\\\/Getty Images for amfAR)&quot;,&quot;created_timestamp&quot;:&quot;1414610928&quot;,&quot;copyright&quot;:&quot;2014 Getty Images&quot;,&quot;focal_length&quot;:&quot;92&quot;,&quot;iso&quot;:&quot;800&quot;,&quot;shutter_speed&quot;:&quot;0.004&quot;,&quot;title&quot;:&quot;&quot;,&quot;orientation&quot;:&quot;1&quot;}\" data-image-title=\"Lea Michele\" data-image-description=\"&lt;p&gt;HOLLYWOOD, CA &#8211; OCTOBER 29:  Actress Lea Michele attends the 2014 amfAR LA Inspiration Gala at Milk Studios on October 29, 2014 in Hollywood, California.  (Photo by Jason Merritt\/Getty Images for amfAR)&lt;\/p&gt;\n\" data-image-caption=\"&lt;p&gt;Lea Michele&lt;\/p&gt;\n\" data-medium-file=\"https:\/\/i0.wp.com\/agrund.com\/wp-content\/uploads\/sites\/6\/2014\/10\/Lea-Michele1.jpg?fit=212%2C300&amp;ssl=1\" data-large-file=\"https:\/\/i0.wp.com\/agrund.com\/wp-content\/uploads\/sites\/6\/2014\/10\/Lea-Michele1.jpg?fit=500%2C708&amp;ssl=1\" decoding=\"async\" loading=\"lazy\" class=\"size-full wp-image-116854\" alt=\"Lea Michele\" src=\"https:\/\/i0.wp.com\/www.agrund.com\/wp-content\/uploads\/sites\/6\/2014\/10\/Lea-Michele1.jpg?resize=500%2C708\" width=\"500\" height=\"708\" srcset=\"https:\/\/i0.wp.com\/agrund.com\/wp-content\/uploads\/sites\/6\/2014\/10\/Lea-Michele1.jpg?w=500&amp;ssl=1 500w, https:\/\/i0.wp.com\/agrund.com\/wp-content\/uploads\/sites\/6\/2014\/10\/Lea-Michele1.jpg?resize=212%2C300&amp;ssl=1 212w\" sizes=\"(max-width: 500px) 100vw, 500px\" data-recalc-dims=\"1\" \/><\/a><p id=\"caption-attachment-116854\" class=\"wp-caption-text\">Lea Michele<\/p><\/div>\n<p>&nbsp;<\/p>\n<p>J\u00e1 Miley Cyrus inovou na proposta de maquiagem para tapete vermelho e escolheu usar um delineador cinza. O resultado \u00e9 at\u00e9 bacana, n\u00e9?<\/p>\n<div id=\"attachment_116855\" style=\"width: 510px\" class=\"wp-caption aligncenter\"><a href=\"https:\/\/i0.wp.com\/www.agrund.com\/wp-content\/uploads\/sites\/6\/2014\/10\/Miley-Cyrus1.jpg\"><img aria-describedby=\"caption-attachment-116855\" data-attachment-id=\"116855\" data-permalink=\"https:\/\/agrund.com\/index.php\/as-maquiagens-das-celebridades-no-amfar-2014\/miley-cyrus-6\/\" data-orig-file=\"https:\/\/i0.wp.com\/agrund.com\/wp-content\/uploads\/sites\/6\/2014\/10\/Miley-Cyrus1.jpg?fit=500%2C619&amp;ssl=1\" data-orig-size=\"500,619\" data-comments-opened=\"1\" data-image-meta=\"{&quot;aperture&quot;:&quot;7.1&quot;,&quot;credit&quot;:&quot;Jason Merritt&quot;,&quot;camera&quot;:&quot;NIKON D4S&quot;,&quot;caption&quot;:&quot;HOLLYWOOD, CA - OCTOBER 29:  Singer Miley Cyrus attends the 2014 amfAR LA Inspiration Gala at Milk Studios on October 29, 2014 in Hollywood, California.  (Photo by Jason Merritt\\\/Getty Images for amfAR)&quot;,&quot;created_timestamp&quot;:&quot;1414612075&quot;,&quot;copyright&quot;:&quot;2014 Getty Images&quot;,&quot;focal_length&quot;:&quot;75&quot;,&quot;iso&quot;:&quot;800&quot;,&quot;shutter_speed&quot;:&quot;0.004&quot;,&quot;title&quot;:&quot;&quot;,&quot;orientation&quot;:&quot;1&quot;}\" data-image-title=\"Miley Cyrus\" data-image-description=\"&lt;p&gt;HOLLYWOOD, CA &#8211; OCTOBER 29:  Singer Miley Cyrus attends the 2014 amfAR LA Inspiration Gala at Milk Studios on October 29, 2014 in Hollywood, California.  (Photo by Jason Merritt\/Getty Images for amfAR)&lt;\/p&gt;\n\" data-image-caption=\"&lt;p&gt;Miley Cyrus&lt;\/p&gt;\n\" data-medium-file=\"https:\/\/i0.wp.com\/agrund.com\/wp-content\/uploads\/sites\/6\/2014\/10\/Miley-Cyrus1.jpg?fit=242%2C300&amp;ssl=1\" data-large-file=\"https:\/\/i0.wp.com\/agrund.com\/wp-content\/uploads\/sites\/6\/2014\/10\/Miley-Cyrus1.jpg?fit=500%2C619&amp;ssl=1\" decoding=\"async\" loading=\"lazy\" class=\"size-full wp-image-116855\" alt=\"Miley Cyrus\" src=\"https:\/\/i0.wp.com\/www.agrund.com\/wp-content\/uploads\/sites\/6\/2014\/10\/Miley-Cyrus1.jpg?resize=500%2C619\" width=\"500\" height=\"619\" srcset=\"https:\/\/i0.wp.com\/agrund.com\/wp-content\/uploads\/sites\/6\/2014\/10\/Miley-Cyrus1.jpg?w=500&amp;ssl=1 500w, https:\/\/i0.wp.com\/agrund.com\/wp-content\/uploads\/sites\/6\/2014\/10\/Miley-Cyrus1.jpg?resize=242%2C300&amp;ssl=1 242w\" sizes=\"(max-width: 500px) 100vw, 500px\" data-recalc-dims=\"1\" \/><\/a><p id=\"caption-attachment-116855\" class=\"wp-caption-text\">Miley Cyrus<\/p><\/div>\n<p>&nbsp;<\/p>\n<p>E a\u00ed, qual dessas maquiagens faz mais seu estilo? Conta pra gente nos coment\u00e1rios e depois acesse o <a href=\"http:\/\/www.modanaesquina.com.br\" target=\"_blank\">Moda na Esquina<\/a> para saber outras novidades quentes sobre moda e beleza aqui de Los Angeles!<\/p>\n<p>&nbsp;<\/p>\n<p>Imagens: Reprodu\u00e7\u00e3o.<\/p>\n","protected":false},"excerpt":{"rendered":"<p>Por Anna Lee, de Los Angeles A edi\u00e7\u00e3o 2014 do baile da amfAR, evento realizado em prol da busca pela cura da AIDS, rolou na noite do dia 29\/10 em Los Angeles e v\u00e1rias celebridades deram as caras no tapete vermelho com maquiagens lindas e f\u00e1ceis de usar. Selecionei as que mais chamaram a aten\u00e7\u00e3o [&hellip;]<\/p>\n","protected":false},"author":8,"featured_media":116857,"comment_status":"open","ping_status":"open","sticky":false,"template":"","format":"standard","meta":{"jetpack_post_was_ever_published":false,"_jetpack_newsletter_access":"","jetpack_publicize_message":"De #DitavonTeese \u00e0 #MileyCyrus: Anna Lee mostra as maquiagens que foram destaque no baile da amfAR! http:\/\/wp.me\/p3Hz0n-uoG","jetpack_is_tweetstorm":false,"jetpack_publicize_feature_enabled":true,"jetpack_social_post_already_shared":true,"jetpack_social_options":{"image_generator_settings":{"template":"highway","enabled":false}}},"categories":[2],"tags":[],"jetpack_publicize_connections":[],"jetpack_featured_media_url":"https:\/\/i0.wp.com\/agrund.com\/wp-content\/uploads\/sites\/6\/2014\/10\/slideanna2.jpg?fit=960%2C300&ssl=1","jetpack_sharing_enabled":true,"jetpack_shortlink":"https:\/\/wp.me\/p3Hz0n-uoG","jetpack_likes_enabled":true,"_links":{"self":[{"href":"https:\/\/agrund.com\/index.php\/wp-json\/wp\/v2\/posts\/116850"}],"collection":[{"href":"https:\/\/agrund.com\/index.php\/wp-json\/wp\/v2\/posts"}],"about":[{"href":"https:\/\/agrund.com\/index.php\/wp-json\/wp\/v2\/types\/post"}],"author":[{"embeddable":true,"href":"https:\/\/agrund.com\/index.php\/wp-json\/wp\/v2\/users\/8"}],"replies":[{"embeddable":true,"href":"https:\/\/agrund.com\/index.php\/wp-json\/wp\/v2\/comments?post=116850"}],"version-history":[{"count":0,"href":"https:\/\/agrund.com\/index.php\/wp-json\/wp\/v2\/posts\/116850\/revisions"}],"wp:featuredmedia":[{"embeddable":true,"href":"https:\/\/agrund.com\/index.php\/wp-json\/wp\/v2\/media\/116857"}],"wp:attachment":[{"href":"https:\/\/agrund.com\/index.php\/wp-json\/wp\/v2\/media?parent=116850"}],"wp:term":[{"taxonomy":"category","embeddable":true,"href":"https:\/\/agrund.com\/index.php\/wp-json\/wp\/v2\/categories?post=116850"},{"taxonomy":"post_tag","embeddable":true,"href":"https:\/\/agrund.com\/index.php\/wp-json\/wp\/v2\/tags?post=116850"}],"curies":[{"name":"wp","href":"https:\/\/api.w.org\/{rel}","templated":true}]}}