{"id":116827,"date":"2014-10-31T18:00:12","date_gmt":"2014-10-31T20:00:12","guid":{"rendered":"http:\/\/www.agrund.com\/?p=116827"},"modified":"2014-10-31T14:41:05","modified_gmt":"2014-10-31T16:41:05","slug":"gisele-bundchen-conta-como-conciliar-trabalho-e-vida-pessoal","status":"publish","type":"post","link":"https:\/\/agrund.com\/index.php\/gisele-bundchen-conta-como-conciliar-trabalho-e-vida-pessoal\/","title":{"rendered":"Gisele B\u00fcndchen conta como conciliar trabalho e vida pessoal"},"content":{"rendered":"<p>N\u00e3o \u00e9 \u00e0 toa que Gisele B\u00fcndchen \u00e9 a modelo mais bem paga do mundo (reveja <a href=\"http:\/\/www.agrund.com\/time-de-brasileiras-no-ranking-das-modelos-mais-bem-pagas-da-forbes\/\" target=\"_blank\">AQUI<\/a>): a brasileira \u00e9 refer\u00eancia quando o assunto \u00e9 sucesso na carreira, mas ela mesmo afirma que n\u00e3o se deslumbrou com a fama. Em entrevista \u00e0 edi\u00e7\u00e3o de novembro da &#8220;Elle&#8221; brasileira (da qual a top \u00e9 capa, por sinal), ela disse que quando as pessoa confiam \u00e0 ela um trabalho o m\u00ednimo que tem a fazer \u00e9 dar 100% de si: &#8220;nunca me atrasei, respeito as pessoas e quero fazer o meu melhor todas as vezes. Apare\u00e7a e d\u00ea resultado. Quando eu perder isso vou parar. Fiz um milh\u00e3o de fotos na minha vida e minha empolga\u00e7\u00e3o continua intacta&#8221;.<\/p>\n<p>Gisele ainda declarou que n\u00e3o existe segredo para ser modelo, esposa e m\u00e3e, mas sim a eterna busca por um equil\u00edbrio: &#8220;\u00e0s vezes vou dormir feliz porque fiz um bom trabalho no dia. Outras vezes queria ter feito as coisas de outro jeito. \u00c9 um ajuste eterno. Agora est\u00e1 ficando mais dif\u00edcil viajar a trabalho. Tenho um filho para levar para a escola e ainda voltar r\u00e1pido para ver o meu beb\u00ea&#8221;. Viu? At\u00e9 ela tem que se dividir entre o trabalho e a vida pessoal! Veja alguns cliques da modelo na pr\u00f3xima Elle e comente o que achou do resultado:<\/p>\n<div id=\"attachment_116830\" style=\"width: 510px\" class=\"wp-caption aligncenter\"><a href=\"https:\/\/i0.wp.com\/www.agrund.com\/wp-content\/uploads\/sites\/6\/2014\/10\/bts_ElleBrasil_GB-090.jpg\"><img aria-describedby=\"caption-attachment-116830\" data-attachment-id=\"116830\" data-permalink=\"https:\/\/agrund.com\/index.php\/gisele-bundchen-conta-como-conciliar-trabalho-e-vida-pessoal\/bts_ellebrasil_gb-090\/\" data-orig-file=\"https:\/\/i0.wp.com\/agrund.com\/wp-content\/uploads\/sites\/6\/2014\/10\/bts_ElleBrasil_GB-090.jpg?fit=500%2C705&amp;ssl=1\" data-orig-size=\"500,705\" data-comments-opened=\"1\" data-image-meta=\"{&quot;aperture&quot;:&quot;0&quot;,&quot;credit&quot;:&quot;&quot;,&quot;camera&quot;:&quot;&quot;,&quot;caption&quot;:&quot;&quot;,&quot;created_timestamp&quot;:&quot;0&quot;,&quot;copyright&quot;:&quot;&quot;,&quot;focal_length&quot;:&quot;0&quot;,&quot;iso&quot;:&quot;0&quot;,&quot;shutter_speed&quot;:&quot;0&quot;,&quot;title&quot;:&quot;&quot;,&quot;orientation&quot;:&quot;0&quot;}\" data-image-title=\"bts_ElleBrasil_GB-090\" data-image-description=\"\" data-image-caption=\"&lt;p&gt;Gisele B\u00fcndchen conta como conciliar trabalho e vida pessoal &lt;\/p&gt;\n\" data-medium-file=\"https:\/\/i0.wp.com\/agrund.com\/wp-content\/uploads\/sites\/6\/2014\/10\/bts_ElleBrasil_GB-090.jpg?fit=213%2C300&amp;ssl=1\" data-large-file=\"https:\/\/i0.wp.com\/agrund.com\/wp-content\/uploads\/sites\/6\/2014\/10\/bts_ElleBrasil_GB-090.jpg?fit=500%2C705&amp;ssl=1\" decoding=\"async\" loading=\"lazy\" class=\"size-full wp-image-116830\" alt=\"Gisele B\u00fcndchen conta como conciliar trabalho e vida pessoal \" src=\"https:\/\/i0.wp.com\/www.agrund.com\/wp-content\/uploads\/sites\/6\/2014\/10\/bts_ElleBrasil_GB-090.jpg?resize=500%2C705\" width=\"500\" height=\"705\" srcset=\"https:\/\/i0.wp.com\/agrund.com\/wp-content\/uploads\/sites\/6\/2014\/10\/bts_ElleBrasil_GB-090.jpg?w=500&amp;ssl=1 500w, https:\/\/i0.wp.com\/agrund.com\/wp-content\/uploads\/sites\/6\/2014\/10\/bts_ElleBrasil_GB-090.jpg?resize=213%2C300&amp;ssl=1 213w\" sizes=\"(max-width: 500px) 100vw, 500px\" data-recalc-dims=\"1\" \/><\/a><p id=\"caption-attachment-116830\" class=\"wp-caption-text\">Gisele B\u00fcndchen conta como conciliar trabalho e vida pessoal<\/p><\/div>\n<div id=\"attachment_116828\" style=\"width: 510px\" class=\"wp-caption aligncenter\"><a href=\"https:\/\/i0.wp.com\/www.agrund.com\/wp-content\/uploads\/sites\/6\/2014\/10\/bts_ElleBrasil_GB-040.jpg\"><img aria-describedby=\"caption-attachment-116828\" data-attachment-id=\"116828\" data-permalink=\"https:\/\/agrund.com\/index.php\/gisele-bundchen-conta-como-conciliar-trabalho-e-vida-pessoal\/bts_ellebrasil_gb-040\/\" data-orig-file=\"https:\/\/i0.wp.com\/agrund.com\/wp-content\/uploads\/sites\/6\/2014\/10\/bts_ElleBrasil_GB-040.jpg?fit=500%2C390&amp;ssl=1\" data-orig-size=\"500,390\" data-comments-opened=\"1\" data-image-meta=\"{&quot;aperture&quot;:&quot;0&quot;,&quot;credit&quot;:&quot;&quot;,&quot;camera&quot;:&quot;&quot;,&quot;caption&quot;:&quot;&quot;,&quot;created_timestamp&quot;:&quot;0&quot;,&quot;copyright&quot;:&quot;&quot;,&quot;focal_length&quot;:&quot;0&quot;,&quot;iso&quot;:&quot;0&quot;,&quot;shutter_speed&quot;:&quot;0&quot;,&quot;title&quot;:&quot;&quot;,&quot;orientation&quot;:&quot;0&quot;}\" data-image-title=\"bts_ElleBrasil_GB-040\" data-image-description=\"\" data-image-caption=\"&lt;p&gt;Gisele B\u00fcndchen conta como conciliar trabalho e vida pessoal &lt;\/p&gt;\n\" data-medium-file=\"https:\/\/i0.wp.com\/agrund.com\/wp-content\/uploads\/sites\/6\/2014\/10\/bts_ElleBrasil_GB-040.jpg?fit=300%2C234&amp;ssl=1\" data-large-file=\"https:\/\/i0.wp.com\/agrund.com\/wp-content\/uploads\/sites\/6\/2014\/10\/bts_ElleBrasil_GB-040.jpg?fit=500%2C390&amp;ssl=1\" decoding=\"async\" loading=\"lazy\" class=\"size-full wp-image-116828\" alt=\"Gisele B\u00fcndchen conta como conciliar trabalho e vida pessoal \" src=\"https:\/\/i0.wp.com\/www.agrund.com\/wp-content\/uploads\/sites\/6\/2014\/10\/bts_ElleBrasil_GB-040.jpg?resize=500%2C390\" width=\"500\" height=\"390\" srcset=\"https:\/\/i0.wp.com\/agrund.com\/wp-content\/uploads\/sites\/6\/2014\/10\/bts_ElleBrasil_GB-040.jpg?w=500&amp;ssl=1 500w, https:\/\/i0.wp.com\/agrund.com\/wp-content\/uploads\/sites\/6\/2014\/10\/bts_ElleBrasil_GB-040.jpg?resize=300%2C234&amp;ssl=1 300w\" sizes=\"(max-width: 500px) 100vw, 500px\" data-recalc-dims=\"1\" \/><\/a><p id=\"caption-attachment-116828\" class=\"wp-caption-text\">Gisele B\u00fcndchen conta como conciliar trabalho e vida pessoal<\/p><\/div>\n<div id=\"attachment_116829\" style=\"width: 510px\" class=\"wp-caption aligncenter\"><a href=\"https:\/\/i0.wp.com\/www.agrund.com\/wp-content\/uploads\/sites\/6\/2014\/10\/bts_ElleBrasil_GB-080.jpg\"><img aria-describedby=\"caption-attachment-116829\" data-attachment-id=\"116829\" data-permalink=\"https:\/\/agrund.com\/index.php\/gisele-bundchen-conta-como-conciliar-trabalho-e-vida-pessoal\/bts_ellebrasil_gb-080\/\" data-orig-file=\"https:\/\/i0.wp.com\/agrund.com\/wp-content\/uploads\/sites\/6\/2014\/10\/bts_ElleBrasil_GB-080.jpg?fit=500%2C663&amp;ssl=1\" data-orig-size=\"500,663\" data-comments-opened=\"1\" data-image-meta=\"{&quot;aperture&quot;:&quot;0&quot;,&quot;credit&quot;:&quot;&quot;,&quot;camera&quot;:&quot;&quot;,&quot;caption&quot;:&quot;&quot;,&quot;created_timestamp&quot;:&quot;0&quot;,&quot;copyright&quot;:&quot;&quot;,&quot;focal_length&quot;:&quot;0&quot;,&quot;iso&quot;:&quot;0&quot;,&quot;shutter_speed&quot;:&quot;0&quot;,&quot;title&quot;:&quot;&quot;,&quot;orientation&quot;:&quot;0&quot;}\" data-image-title=\"bts_ElleBrasil_GB-080\" data-image-description=\"\" data-image-caption=\"&lt;p&gt;Gisele B\u00fcndchen conta como conciliar trabalho e vida pessoal &lt;\/p&gt;\n\" data-medium-file=\"https:\/\/i0.wp.com\/agrund.com\/wp-content\/uploads\/sites\/6\/2014\/10\/bts_ElleBrasil_GB-080.jpg?fit=226%2C300&amp;ssl=1\" data-large-file=\"https:\/\/i0.wp.com\/agrund.com\/wp-content\/uploads\/sites\/6\/2014\/10\/bts_ElleBrasil_GB-080.jpg?fit=500%2C663&amp;ssl=1\" decoding=\"async\" loading=\"lazy\" class=\"size-full wp-image-116829\" alt=\"Gisele B\u00fcndchen conta como conciliar trabalho e vida pessoal \" src=\"https:\/\/i0.wp.com\/www.agrund.com\/wp-content\/uploads\/sites\/6\/2014\/10\/bts_ElleBrasil_GB-080.jpg?resize=500%2C663\" width=\"500\" height=\"663\" srcset=\"https:\/\/i0.wp.com\/agrund.com\/wp-content\/uploads\/sites\/6\/2014\/10\/bts_ElleBrasil_GB-080.jpg?w=500&amp;ssl=1 500w, https:\/\/i0.wp.com\/agrund.com\/wp-content\/uploads\/sites\/6\/2014\/10\/bts_ElleBrasil_GB-080.jpg?resize=226%2C300&amp;ssl=1 226w\" sizes=\"(max-width: 500px) 100vw, 500px\" data-recalc-dims=\"1\" \/><\/a><p id=\"caption-attachment-116829\" class=\"wp-caption-text\">Gisele B\u00fcndchen conta como conciliar trabalho e vida pessoal<\/p><\/div>\n<div id=\"attachment_116831\" style=\"width: 510px\" class=\"wp-caption aligncenter\"><a href=\"https:\/\/i0.wp.com\/www.agrund.com\/wp-content\/uploads\/sites\/6\/2014\/10\/gisele-bundchen-elle-brazil-november-2014-cover.jpg\"><img aria-describedby=\"caption-attachment-116831\" data-attachment-id=\"116831\" data-permalink=\"https:\/\/agrund.com\/index.php\/gisele-bundchen-conta-como-conciliar-trabalho-e-vida-pessoal\/gisele-bundchen-elle-brazil-november-2014-cover\/\" data-orig-file=\"https:\/\/i0.wp.com\/agrund.com\/wp-content\/uploads\/sites\/6\/2014\/10\/gisele-bundchen-elle-brazil-november-2014-cover.jpg?fit=500%2C645&amp;ssl=1\" data-orig-size=\"500,645\" data-comments-opened=\"1\" data-image-meta=\"{&quot;aperture&quot;:&quot;0&quot;,&quot;credit&quot;:&quot;&quot;,&quot;camera&quot;:&quot;&quot;,&quot;caption&quot;:&quot;&quot;,&quot;created_timestamp&quot;:&quot;0&quot;,&quot;copyright&quot;:&quot;&quot;,&quot;focal_length&quot;:&quot;0&quot;,&quot;iso&quot;:&quot;0&quot;,&quot;shutter_speed&quot;:&quot;0&quot;,&quot;title&quot;:&quot;&quot;,&quot;orientation&quot;:&quot;0&quot;}\" data-image-title=\"gisele-bundchen-elle-brazil-november-2014-cover\" data-image-description=\"\" data-image-caption=\"&lt;p&gt;Gisele B\u00fcndchen conta como conciliar trabalho e vida pessoal &lt;\/p&gt;\n\" data-medium-file=\"https:\/\/i0.wp.com\/agrund.com\/wp-content\/uploads\/sites\/6\/2014\/10\/gisele-bundchen-elle-brazil-november-2014-cover.jpg?fit=233%2C300&amp;ssl=1\" data-large-file=\"https:\/\/i0.wp.com\/agrund.com\/wp-content\/uploads\/sites\/6\/2014\/10\/gisele-bundchen-elle-brazil-november-2014-cover.jpg?fit=500%2C645&amp;ssl=1\" decoding=\"async\" loading=\"lazy\" class=\"size-full wp-image-116831\" alt=\"Gisele B\u00fcndchen conta como conciliar trabalho e vida pessoal \" src=\"https:\/\/i0.wp.com\/www.agrund.com\/wp-content\/uploads\/sites\/6\/2014\/10\/gisele-bundchen-elle-brazil-november-2014-cover.jpg?resize=500%2C645\" width=\"500\" height=\"645\" srcset=\"https:\/\/i0.wp.com\/agrund.com\/wp-content\/uploads\/sites\/6\/2014\/10\/gisele-bundchen-elle-brazil-november-2014-cover.jpg?w=500&amp;ssl=1 500w, https:\/\/i0.wp.com\/agrund.com\/wp-content\/uploads\/sites\/6\/2014\/10\/gisele-bundchen-elle-brazil-november-2014-cover.jpg?resize=233%2C300&amp;ssl=1 233w\" sizes=\"(max-width: 500px) 100vw, 500px\" data-recalc-dims=\"1\" \/><\/a><p id=\"caption-attachment-116831\" class=\"wp-caption-text\">Gisele B\u00fcndchen conta como conciliar trabalho e vida pessoal<\/p><\/div>\n<p>&nbsp;<\/p>\n<p>Imagens: Divulga\u00e7\u00e3o.<\/p>\n<p>&nbsp;<\/p>\n<p>&nbsp;<\/p>\n","protected":false},"excerpt":{"rendered":"<p>N\u00e3o \u00e9 \u00e0 toa que Gisele B\u00fcndchen \u00e9 a modelo mais bem paga do mundo (reveja AQUI): a brasileira \u00e9 refer\u00eancia quando o assunto \u00e9 sucesso na carreira, mas ela mesmo afirma que n\u00e3o se deslumbrou com a fama. Em entrevista \u00e0 edi\u00e7\u00e3o de novembro da &#8220;Elle&#8221; brasileira (da qual a top \u00e9 capa, por [&hellip;]<\/p>\n","protected":false},"author":8,"featured_media":116832,"comment_status":"open","ping_status":"open","sticky":false,"template":"","format":"standard","meta":{"jetpack_post_was_ever_published":false,"_jetpack_newsletter_access":"","jetpack_publicize_message":"At\u00e9 #GiseleB\u00fcndchen tem que dividir a agenda entre vida pessoal e profissional. Ela conta os segredos do sucesso: http:\/\/wp.me\/p3Hz0n-uoj","jetpack_is_tweetstorm":false,"jetpack_publicize_feature_enabled":true,"jetpack_social_post_already_shared":true,"jetpack_social_options":{"image_generator_settings":{"template":"highway","enabled":false}}},"categories":[2],"tags":[],"jetpack_publicize_connections":[],"jetpack_featured_media_url":"https:\/\/i0.wp.com\/agrund.com\/wp-content\/uploads\/sites\/6\/2014\/10\/slidegisele.jpg?fit=960%2C300&ssl=1","jetpack_sharing_enabled":true,"jetpack_shortlink":"https:\/\/wp.me\/p3Hz0n-uoj","jetpack_likes_enabled":true,"_links":{"self":[{"href":"https:\/\/agrund.com\/index.php\/wp-json\/wp\/v2\/posts\/116827"}],"collection":[{"href":"https:\/\/agrund.com\/index.php\/wp-json\/wp\/v2\/posts"}],"about":[{"href":"https:\/\/agrund.com\/index.php\/wp-json\/wp\/v2\/types\/post"}],"author":[{"embeddable":true,"href":"https:\/\/agrund.com\/index.php\/wp-json\/wp\/v2\/users\/8"}],"replies":[{"embeddable":true,"href":"https:\/\/agrund.com\/index.php\/wp-json\/wp\/v2\/comments?post=116827"}],"version-history":[{"count":0,"href":"https:\/\/agrund.com\/index.php\/wp-json\/wp\/v2\/posts\/116827\/revisions"}],"wp:featuredmedia":[{"embeddable":true,"href":"https:\/\/agrund.com\/index.php\/wp-json\/wp\/v2\/media\/116832"}],"wp:attachment":[{"href":"https:\/\/agrund.com\/index.php\/wp-json\/wp\/v2\/media?parent=116827"}],"wp:term":[{"taxonomy":"category","embeddable":true,"href":"https:\/\/agrund.com\/index.php\/wp-json\/wp\/v2\/categories?post=116827"},{"taxonomy":"post_tag","embeddable":true,"href":"https:\/\/agrund.com\/index.php\/wp-json\/wp\/v2\/tags?post=116827"}],"curies":[{"name":"wp","href":"https:\/\/api.w.org\/{rel}","templated":true}]}}