{"id":116757,"date":"2014-10-31T13:00:20","date_gmt":"2014-10-31T15:00:20","guid":{"rendered":"http:\/\/www.agrund.com\/?p=116757"},"modified":"2014-10-31T11:59:08","modified_gmt":"2014-10-31T13:59:08","slug":"fernando-cozendey-outono-inverno-2015","status":"publish","type":"post","link":"https:\/\/agrund.com\/index.php\/fernando-cozendey-outono-inverno-2015\/","title":{"rendered":"Fernando Cozendey outono-inverno 2015"},"content":{"rendered":"<p>A lycra nunca foi t\u00e3o amada por Fernando Cozendey! Claro, essa \u00e9 a base do estilista em todos os trabalhos, mas o outono-inverno 2015 parece ressaltar ainda mais a paix\u00e3o dele por essa mat\u00e9ria-prima, j\u00e1 que o tema da cole\u00e7\u00e3o \u00e9 o amor. Muito al\u00e9m dessa poss\u00edvel liga\u00e7\u00e3o entre ele e o tecido (pelo menos para os olhos de quem acompanha a moda de Fernando), o amor aqui \u00e9 uma paix\u00e3o por si mesmo \u2013 sentimento que chega para quebrar todos os preconceitos e desigualdades. \u00c9 diante disso que surge um casting composto por deficientes, transsexuais e modelos plus-size, uma proposta n\u00e3o t\u00e3o comum nos padr\u00f5es das passarelas. &#8220;\u00c9 muito f\u00e1cil colocar Gisele B\u00fcndchen pra protestar na passarela. Minha ideia \u00e9 que pessoas normais e reais representem essa busca por mudan\u00e7as&#8221;, dizia Fernando no backstage.<\/p>\n<p>E sabe como o estilista traduziu esse conceito nas roupas? Abusando da lycra vermelha ao sobrepor transpar\u00eancias com imagens de cora\u00e7\u00f5es (\u00e0s vezes partidos, afinal nem tudo na vida s\u00e3o flores quando o assunto s\u00e3o as diferen\u00e7as), enquanto, por outro lado, o toque de sensualidade vem dos recortes que deixam o corpo \u00e0 mostra \u2013 independente de qual corpo for esse. A f\u00eanix no fim da cole\u00e7\u00e3o, criatura que tamb\u00e9m d\u00e1 nome \u00e0s cria\u00e7\u00f5es da esta\u00e7\u00e3o, representa um renascimento ao encarar qualquer dificuldade e reerguer-se diante disso para o mundo. Recado dado!<\/p>\n<div id=\"attachment_116758\" style=\"width: 510px\" class=\"wp-caption aligncenter\"><a href=\"https:\/\/i0.wp.com\/www.agrund.com\/wp-content\/uploads\/sites\/6\/2014\/10\/Fernando-1.jpg\"><img aria-describedby=\"caption-attachment-116758\" data-attachment-id=\"116758\" data-permalink=\"https:\/\/agrund.com\/index.php\/fernando-cozendey-outono-inverno-2015\/fernando-1-2\/\" data-orig-file=\"https:\/\/i0.wp.com\/agrund.com\/wp-content\/uploads\/sites\/6\/2014\/10\/Fernando-1.jpg?fit=500%2C751&amp;ssl=1\" data-orig-size=\"500,751\" data-comments-opened=\"1\" data-image-meta=\"{&quot;aperture&quot;:&quot;0&quot;,&quot;credit&quot;:&quot;&quot;,&quot;camera&quot;:&quot;&quot;,&quot;caption&quot;:&quot;&quot;,&quot;created_timestamp&quot;:&quot;0&quot;,&quot;copyright&quot;:&quot;&quot;,&quot;focal_length&quot;:&quot;0&quot;,&quot;iso&quot;:&quot;0&quot;,&quot;shutter_speed&quot;:&quot;0&quot;,&quot;title&quot;:&quot;&quot;,&quot;orientation&quot;:&quot;0&quot;}\" data-image-title=\"Fernando 1\" data-image-description=\"\" data-image-caption=\"&lt;p&gt;Fernando Cozendey outono-inverno 2015 &lt;\/p&gt;\n\" data-medium-file=\"https:\/\/i0.wp.com\/agrund.com\/wp-content\/uploads\/sites\/6\/2014\/10\/Fernando-1.jpg?fit=200%2C300&amp;ssl=1\" data-large-file=\"https:\/\/i0.wp.com\/agrund.com\/wp-content\/uploads\/sites\/6\/2014\/10\/Fernando-1.jpg?fit=500%2C751&amp;ssl=1\" decoding=\"async\" loading=\"lazy\" class=\"size-full wp-image-116758\" alt=\"Fernando Cozendey outono-inverno 2015 \" src=\"https:\/\/i0.wp.com\/www.agrund.com\/wp-content\/uploads\/sites\/6\/2014\/10\/Fernando-1.jpg?resize=500%2C751\" width=\"500\" height=\"751\" srcset=\"https:\/\/i0.wp.com\/agrund.com\/wp-content\/uploads\/sites\/6\/2014\/10\/Fernando-1.jpg?w=500&amp;ssl=1 500w, https:\/\/i0.wp.com\/agrund.com\/wp-content\/uploads\/sites\/6\/2014\/10\/Fernando-1.jpg?resize=200%2C300&amp;ssl=1 200w\" sizes=\"(max-width: 500px) 100vw, 500px\" data-recalc-dims=\"1\" \/><\/a><p id=\"caption-attachment-116758\" class=\"wp-caption-text\">Fernando Cozendey outono-inverno 2015<\/p><\/div>\n<div id=\"attachment_116759\" style=\"width: 510px\" class=\"wp-caption aligncenter\"><a href=\"https:\/\/i0.wp.com\/www.agrund.com\/wp-content\/uploads\/sites\/6\/2014\/10\/Fernando-2.jpg\"><img aria-describedby=\"caption-attachment-116759\" data-attachment-id=\"116759\" data-permalink=\"https:\/\/agrund.com\/index.php\/fernando-cozendey-outono-inverno-2015\/fernando-2-2\/\" data-orig-file=\"https:\/\/i0.wp.com\/agrund.com\/wp-content\/uploads\/sites\/6\/2014\/10\/Fernando-2.jpg?fit=500%2C751&amp;ssl=1\" data-orig-size=\"500,751\" data-comments-opened=\"1\" data-image-meta=\"{&quot;aperture&quot;:&quot;0&quot;,&quot;credit&quot;:&quot;&quot;,&quot;camera&quot;:&quot;&quot;,&quot;caption&quot;:&quot;&quot;,&quot;created_timestamp&quot;:&quot;0&quot;,&quot;copyright&quot;:&quot;&quot;,&quot;focal_length&quot;:&quot;0&quot;,&quot;iso&quot;:&quot;0&quot;,&quot;shutter_speed&quot;:&quot;0&quot;,&quot;title&quot;:&quot;&quot;,&quot;orientation&quot;:&quot;0&quot;}\" data-image-title=\"Fernando 2\" data-image-description=\"\" data-image-caption=\"&lt;p&gt;Fernando Cozendey outono-inverno 2015 &lt;\/p&gt;\n\" data-medium-file=\"https:\/\/i0.wp.com\/agrund.com\/wp-content\/uploads\/sites\/6\/2014\/10\/Fernando-2.jpg?fit=200%2C300&amp;ssl=1\" data-large-file=\"https:\/\/i0.wp.com\/agrund.com\/wp-content\/uploads\/sites\/6\/2014\/10\/Fernando-2.jpg?fit=500%2C751&amp;ssl=1\" decoding=\"async\" loading=\"lazy\" class=\"size-full wp-image-116759\" alt=\"Fernando Cozendey outono-inverno 2015 \" src=\"https:\/\/i0.wp.com\/www.agrund.com\/wp-content\/uploads\/sites\/6\/2014\/10\/Fernando-2.jpg?resize=500%2C751\" width=\"500\" height=\"751\" srcset=\"https:\/\/i0.wp.com\/agrund.com\/wp-content\/uploads\/sites\/6\/2014\/10\/Fernando-2.jpg?w=500&amp;ssl=1 500w, https:\/\/i0.wp.com\/agrund.com\/wp-content\/uploads\/sites\/6\/2014\/10\/Fernando-2.jpg?resize=200%2C300&amp;ssl=1 200w\" sizes=\"(max-width: 500px) 100vw, 500px\" data-recalc-dims=\"1\" \/><\/a><p id=\"caption-attachment-116759\" class=\"wp-caption-text\">Fernando Cozendey outono-inverno 2015<\/p><\/div>\n<div id=\"attachment_116760\" style=\"width: 510px\" class=\"wp-caption aligncenter\"><a href=\"https:\/\/i0.wp.com\/www.agrund.com\/wp-content\/uploads\/sites\/6\/2014\/10\/Fernando-3.jpg\"><img aria-describedby=\"caption-attachment-116760\" data-attachment-id=\"116760\" data-permalink=\"https:\/\/agrund.com\/index.php\/fernando-cozendey-outono-inverno-2015\/fernando-3-2\/\" data-orig-file=\"https:\/\/i0.wp.com\/agrund.com\/wp-content\/uploads\/sites\/6\/2014\/10\/Fernando-3.jpg?fit=500%2C751&amp;ssl=1\" data-orig-size=\"500,751\" data-comments-opened=\"1\" data-image-meta=\"{&quot;aperture&quot;:&quot;0&quot;,&quot;credit&quot;:&quot;&quot;,&quot;camera&quot;:&quot;&quot;,&quot;caption&quot;:&quot;&quot;,&quot;created_timestamp&quot;:&quot;0&quot;,&quot;copyright&quot;:&quot;&quot;,&quot;focal_length&quot;:&quot;0&quot;,&quot;iso&quot;:&quot;0&quot;,&quot;shutter_speed&quot;:&quot;0&quot;,&quot;title&quot;:&quot;&quot;,&quot;orientation&quot;:&quot;0&quot;}\" data-image-title=\"Fernando 3\" data-image-description=\"\" data-image-caption=\"&lt;p&gt;Fernando Cozendey outono-inverno 2015 &lt;\/p&gt;\n\" data-medium-file=\"https:\/\/i0.wp.com\/agrund.com\/wp-content\/uploads\/sites\/6\/2014\/10\/Fernando-3.jpg?fit=200%2C300&amp;ssl=1\" data-large-file=\"https:\/\/i0.wp.com\/agrund.com\/wp-content\/uploads\/sites\/6\/2014\/10\/Fernando-3.jpg?fit=500%2C751&amp;ssl=1\" decoding=\"async\" loading=\"lazy\" class=\"size-full wp-image-116760\" alt=\"Fernando Cozendey outono-inverno 2015 \" src=\"https:\/\/i0.wp.com\/www.agrund.com\/wp-content\/uploads\/sites\/6\/2014\/10\/Fernando-3.jpg?resize=500%2C751\" width=\"500\" height=\"751\" srcset=\"https:\/\/i0.wp.com\/agrund.com\/wp-content\/uploads\/sites\/6\/2014\/10\/Fernando-3.jpg?w=500&amp;ssl=1 500w, https:\/\/i0.wp.com\/agrund.com\/wp-content\/uploads\/sites\/6\/2014\/10\/Fernando-3.jpg?resize=200%2C300&amp;ssl=1 200w\" sizes=\"(max-width: 500px) 100vw, 500px\" data-recalc-dims=\"1\" \/><\/a><p id=\"caption-attachment-116760\" class=\"wp-caption-text\">Fernando Cozendey outono-inverno 2015<\/p><\/div>\n<div id=\"attachment_116761\" style=\"width: 510px\" class=\"wp-caption aligncenter\"><a href=\"https:\/\/i0.wp.com\/www.agrund.com\/wp-content\/uploads\/sites\/6\/2014\/10\/Fernando-4.jpg\"><img aria-describedby=\"caption-attachment-116761\" data-attachment-id=\"116761\" data-permalink=\"https:\/\/agrund.com\/index.php\/fernando-cozendey-outono-inverno-2015\/fernando-4-2\/\" data-orig-file=\"https:\/\/i0.wp.com\/agrund.com\/wp-content\/uploads\/sites\/6\/2014\/10\/Fernando-4.jpg?fit=500%2C751&amp;ssl=1\" data-orig-size=\"500,751\" data-comments-opened=\"1\" data-image-meta=\"{&quot;aperture&quot;:&quot;0&quot;,&quot;credit&quot;:&quot;&quot;,&quot;camera&quot;:&quot;&quot;,&quot;caption&quot;:&quot;&quot;,&quot;created_timestamp&quot;:&quot;0&quot;,&quot;copyright&quot;:&quot;&quot;,&quot;focal_length&quot;:&quot;0&quot;,&quot;iso&quot;:&quot;0&quot;,&quot;shutter_speed&quot;:&quot;0&quot;,&quot;title&quot;:&quot;&quot;,&quot;orientation&quot;:&quot;0&quot;}\" data-image-title=\"Fernando 4\" data-image-description=\"\" data-image-caption=\"&lt;p&gt;Fernando Cozendey outono-inverno 2015 &lt;\/p&gt;\n\" data-medium-file=\"https:\/\/i0.wp.com\/agrund.com\/wp-content\/uploads\/sites\/6\/2014\/10\/Fernando-4.jpg?fit=200%2C300&amp;ssl=1\" data-large-file=\"https:\/\/i0.wp.com\/agrund.com\/wp-content\/uploads\/sites\/6\/2014\/10\/Fernando-4.jpg?fit=500%2C751&amp;ssl=1\" decoding=\"async\" loading=\"lazy\" class=\"size-full wp-image-116761\" alt=\"Fernando Cozendey outono-inverno 2015 \" src=\"https:\/\/i0.wp.com\/www.agrund.com\/wp-content\/uploads\/sites\/6\/2014\/10\/Fernando-4.jpg?resize=500%2C751\" width=\"500\" height=\"751\" srcset=\"https:\/\/i0.wp.com\/agrund.com\/wp-content\/uploads\/sites\/6\/2014\/10\/Fernando-4.jpg?w=500&amp;ssl=1 500w, https:\/\/i0.wp.com\/agrund.com\/wp-content\/uploads\/sites\/6\/2014\/10\/Fernando-4.jpg?resize=200%2C300&amp;ssl=1 200w\" sizes=\"(max-width: 500px) 100vw, 500px\" data-recalc-dims=\"1\" \/><\/a><p id=\"caption-attachment-116761\" class=\"wp-caption-text\">Fernando Cozendey outono-inverno 2015<\/p><\/div>\n<div id=\"attachment_116762\" style=\"width: 510px\" class=\"wp-caption aligncenter\"><a href=\"https:\/\/i0.wp.com\/www.agrund.com\/wp-content\/uploads\/sites\/6\/2014\/10\/Fernando-5.jpg\"><img aria-describedby=\"caption-attachment-116762\" data-attachment-id=\"116762\" data-permalink=\"https:\/\/agrund.com\/index.php\/fernando-cozendey-outono-inverno-2015\/fernando-5-2\/\" data-orig-file=\"https:\/\/i0.wp.com\/agrund.com\/wp-content\/uploads\/sites\/6\/2014\/10\/Fernando-5.jpg?fit=500%2C751&amp;ssl=1\" data-orig-size=\"500,751\" data-comments-opened=\"1\" data-image-meta=\"{&quot;aperture&quot;:&quot;0&quot;,&quot;credit&quot;:&quot;&quot;,&quot;camera&quot;:&quot;&quot;,&quot;caption&quot;:&quot;&quot;,&quot;created_timestamp&quot;:&quot;0&quot;,&quot;copyright&quot;:&quot;&quot;,&quot;focal_length&quot;:&quot;0&quot;,&quot;iso&quot;:&quot;0&quot;,&quot;shutter_speed&quot;:&quot;0&quot;,&quot;title&quot;:&quot;&quot;,&quot;orientation&quot;:&quot;0&quot;}\" data-image-title=\"Fernando 5\" data-image-description=\"\" data-image-caption=\"&lt;p&gt;Fernando Cozendey outono-inverno 2015 &lt;\/p&gt;\n\" data-medium-file=\"https:\/\/i0.wp.com\/agrund.com\/wp-content\/uploads\/sites\/6\/2014\/10\/Fernando-5.jpg?fit=200%2C300&amp;ssl=1\" data-large-file=\"https:\/\/i0.wp.com\/agrund.com\/wp-content\/uploads\/sites\/6\/2014\/10\/Fernando-5.jpg?fit=500%2C751&amp;ssl=1\" decoding=\"async\" loading=\"lazy\" class=\"size-full wp-image-116762\" alt=\"Fernando Cozendey outono-inverno 2015 \" src=\"https:\/\/i0.wp.com\/www.agrund.com\/wp-content\/uploads\/sites\/6\/2014\/10\/Fernando-5.jpg?resize=500%2C751\" width=\"500\" height=\"751\" srcset=\"https:\/\/i0.wp.com\/agrund.com\/wp-content\/uploads\/sites\/6\/2014\/10\/Fernando-5.jpg?w=500&amp;ssl=1 500w, https:\/\/i0.wp.com\/agrund.com\/wp-content\/uploads\/sites\/6\/2014\/10\/Fernando-5.jpg?resize=200%2C300&amp;ssl=1 200w\" sizes=\"(max-width: 500px) 100vw, 500px\" data-recalc-dims=\"1\" \/><\/a><p id=\"caption-attachment-116762\" class=\"wp-caption-text\">Fernando Cozendey outono-inverno 2015<\/p><\/div>\n<div id=\"attachment_116763\" style=\"width: 510px\" class=\"wp-caption aligncenter\"><a href=\"https:\/\/i0.wp.com\/www.agrund.com\/wp-content\/uploads\/sites\/6\/2014\/10\/Fernando-6.jpg\"><img aria-describedby=\"caption-attachment-116763\" data-attachment-id=\"116763\" data-permalink=\"https:\/\/agrund.com\/index.php\/fernando-cozendey-outono-inverno-2015\/fernando-6-2\/\" data-orig-file=\"https:\/\/i0.wp.com\/agrund.com\/wp-content\/uploads\/sites\/6\/2014\/10\/Fernando-6.jpg?fit=500%2C751&amp;ssl=1\" data-orig-size=\"500,751\" data-comments-opened=\"1\" data-image-meta=\"{&quot;aperture&quot;:&quot;0&quot;,&quot;credit&quot;:&quot;&quot;,&quot;camera&quot;:&quot;&quot;,&quot;caption&quot;:&quot;&quot;,&quot;created_timestamp&quot;:&quot;0&quot;,&quot;copyright&quot;:&quot;&quot;,&quot;focal_length&quot;:&quot;0&quot;,&quot;iso&quot;:&quot;0&quot;,&quot;shutter_speed&quot;:&quot;0&quot;,&quot;title&quot;:&quot;&quot;,&quot;orientation&quot;:&quot;0&quot;}\" data-image-title=\"Fernando 6\" data-image-description=\"\" data-image-caption=\"&lt;p&gt;Fernando Cozendey outono-inverno 2015 &lt;\/p&gt;\n\" data-medium-file=\"https:\/\/i0.wp.com\/agrund.com\/wp-content\/uploads\/sites\/6\/2014\/10\/Fernando-6.jpg?fit=200%2C300&amp;ssl=1\" data-large-file=\"https:\/\/i0.wp.com\/agrund.com\/wp-content\/uploads\/sites\/6\/2014\/10\/Fernando-6.jpg?fit=500%2C751&amp;ssl=1\" decoding=\"async\" loading=\"lazy\" class=\"size-full wp-image-116763\" alt=\"Fernando Cozendey outono-inverno 2015 \" src=\"https:\/\/i0.wp.com\/www.agrund.com\/wp-content\/uploads\/sites\/6\/2014\/10\/Fernando-6.jpg?resize=500%2C751\" width=\"500\" height=\"751\" srcset=\"https:\/\/i0.wp.com\/agrund.com\/wp-content\/uploads\/sites\/6\/2014\/10\/Fernando-6.jpg?w=500&amp;ssl=1 500w, https:\/\/i0.wp.com\/agrund.com\/wp-content\/uploads\/sites\/6\/2014\/10\/Fernando-6.jpg?resize=200%2C300&amp;ssl=1 200w\" sizes=\"(max-width: 500px) 100vw, 500px\" data-recalc-dims=\"1\" \/><\/a><p id=\"caption-attachment-116763\" class=\"wp-caption-text\">Fernando Cozendey outono-inverno 2015<\/p><\/div>\n<div id=\"attachment_116764\" style=\"width: 510px\" class=\"wp-caption aligncenter\"><a href=\"https:\/\/i0.wp.com\/www.agrund.com\/wp-content\/uploads\/sites\/6\/2014\/10\/Fernando-7.jpg\"><img aria-describedby=\"caption-attachment-116764\" data-attachment-id=\"116764\" data-permalink=\"https:\/\/agrund.com\/index.php\/fernando-cozendey-outono-inverno-2015\/fernando-7-2\/\" data-orig-file=\"https:\/\/i0.wp.com\/agrund.com\/wp-content\/uploads\/sites\/6\/2014\/10\/Fernando-7.jpg?fit=500%2C751&amp;ssl=1\" data-orig-size=\"500,751\" data-comments-opened=\"1\" data-image-meta=\"{&quot;aperture&quot;:&quot;0&quot;,&quot;credit&quot;:&quot;&quot;,&quot;camera&quot;:&quot;&quot;,&quot;caption&quot;:&quot;&quot;,&quot;created_timestamp&quot;:&quot;0&quot;,&quot;copyright&quot;:&quot;&quot;,&quot;focal_length&quot;:&quot;0&quot;,&quot;iso&quot;:&quot;0&quot;,&quot;shutter_speed&quot;:&quot;0&quot;,&quot;title&quot;:&quot;&quot;,&quot;orientation&quot;:&quot;0&quot;}\" data-image-title=\"Fernando 7\" data-image-description=\"\" data-image-caption=\"&lt;p&gt;Fernando Cozendey outono-inverno 2015 &lt;\/p&gt;\n\" data-medium-file=\"https:\/\/i0.wp.com\/agrund.com\/wp-content\/uploads\/sites\/6\/2014\/10\/Fernando-7.jpg?fit=200%2C300&amp;ssl=1\" data-large-file=\"https:\/\/i0.wp.com\/agrund.com\/wp-content\/uploads\/sites\/6\/2014\/10\/Fernando-7.jpg?fit=500%2C751&amp;ssl=1\" decoding=\"async\" loading=\"lazy\" class=\"size-full wp-image-116764\" alt=\"Fernando Cozendey outono-inverno 2015 \" src=\"https:\/\/i0.wp.com\/www.agrund.com\/wp-content\/uploads\/sites\/6\/2014\/10\/Fernando-7.jpg?resize=500%2C751\" width=\"500\" height=\"751\" srcset=\"https:\/\/i0.wp.com\/agrund.com\/wp-content\/uploads\/sites\/6\/2014\/10\/Fernando-7.jpg?w=500&amp;ssl=1 500w, https:\/\/i0.wp.com\/agrund.com\/wp-content\/uploads\/sites\/6\/2014\/10\/Fernando-7.jpg?resize=200%2C300&amp;ssl=1 200w\" sizes=\"(max-width: 500px) 100vw, 500px\" data-recalc-dims=\"1\" \/><\/a><p id=\"caption-attachment-116764\" class=\"wp-caption-text\">Fernando Cozendey outono-inverno 2015<\/p><\/div>\n<div id=\"attachment_116765\" style=\"width: 510px\" class=\"wp-caption aligncenter\"><a href=\"https:\/\/i0.wp.com\/www.agrund.com\/wp-content\/uploads\/sites\/6\/2014\/10\/Fernando-8.jpg\"><img aria-describedby=\"caption-attachment-116765\" data-attachment-id=\"116765\" data-permalink=\"https:\/\/agrund.com\/index.php\/fernando-cozendey-outono-inverno-2015\/fernando-8-2\/\" data-orig-file=\"https:\/\/i0.wp.com\/agrund.com\/wp-content\/uploads\/sites\/6\/2014\/10\/Fernando-8.jpg?fit=500%2C751&amp;ssl=1\" data-orig-size=\"500,751\" data-comments-opened=\"1\" data-image-meta=\"{&quot;aperture&quot;:&quot;0&quot;,&quot;credit&quot;:&quot;&quot;,&quot;camera&quot;:&quot;&quot;,&quot;caption&quot;:&quot;&quot;,&quot;created_timestamp&quot;:&quot;0&quot;,&quot;copyright&quot;:&quot;&quot;,&quot;focal_length&quot;:&quot;0&quot;,&quot;iso&quot;:&quot;0&quot;,&quot;shutter_speed&quot;:&quot;0&quot;,&quot;title&quot;:&quot;&quot;,&quot;orientation&quot;:&quot;0&quot;}\" data-image-title=\"Fernando 8\" data-image-description=\"\" data-image-caption=\"&lt;p&gt;Fernando Cozendey outono-inverno 2015 &lt;\/p&gt;\n\" data-medium-file=\"https:\/\/i0.wp.com\/agrund.com\/wp-content\/uploads\/sites\/6\/2014\/10\/Fernando-8.jpg?fit=200%2C300&amp;ssl=1\" data-large-file=\"https:\/\/i0.wp.com\/agrund.com\/wp-content\/uploads\/sites\/6\/2014\/10\/Fernando-8.jpg?fit=500%2C751&amp;ssl=1\" decoding=\"async\" loading=\"lazy\" class=\"size-full wp-image-116765\" alt=\"Fernando Cozendey outono-inverno 2015 \" src=\"https:\/\/i0.wp.com\/www.agrund.com\/wp-content\/uploads\/sites\/6\/2014\/10\/Fernando-8.jpg?resize=500%2C751\" width=\"500\" height=\"751\" srcset=\"https:\/\/i0.wp.com\/agrund.com\/wp-content\/uploads\/sites\/6\/2014\/10\/Fernando-8.jpg?w=500&amp;ssl=1 500w, https:\/\/i0.wp.com\/agrund.com\/wp-content\/uploads\/sites\/6\/2014\/10\/Fernando-8.jpg?resize=200%2C300&amp;ssl=1 200w\" sizes=\"(max-width: 500px) 100vw, 500px\" data-recalc-dims=\"1\" \/><\/a><p id=\"caption-attachment-116765\" class=\"wp-caption-text\">Fernando Cozendey outono-inverno 2015<\/p><\/div>\n<div id=\"attachment_116766\" style=\"width: 510px\" class=\"wp-caption aligncenter\"><a href=\"https:\/\/i0.wp.com\/www.agrund.com\/wp-content\/uploads\/sites\/6\/2014\/10\/Fernando-9.jpg\"><img aria-describedby=\"caption-attachment-116766\" data-attachment-id=\"116766\" data-permalink=\"https:\/\/agrund.com\/index.php\/fernando-cozendey-outono-inverno-2015\/fernando-9-2\/\" data-orig-file=\"https:\/\/i0.wp.com\/agrund.com\/wp-content\/uploads\/sites\/6\/2014\/10\/Fernando-9.jpg?fit=500%2C751&amp;ssl=1\" data-orig-size=\"500,751\" data-comments-opened=\"1\" data-image-meta=\"{&quot;aperture&quot;:&quot;0&quot;,&quot;credit&quot;:&quot;&quot;,&quot;camera&quot;:&quot;&quot;,&quot;caption&quot;:&quot;&quot;,&quot;created_timestamp&quot;:&quot;0&quot;,&quot;copyright&quot;:&quot;&quot;,&quot;focal_length&quot;:&quot;0&quot;,&quot;iso&quot;:&quot;0&quot;,&quot;shutter_speed&quot;:&quot;0&quot;,&quot;title&quot;:&quot;&quot;,&quot;orientation&quot;:&quot;0&quot;}\" data-image-title=\"Fernando 9\" data-image-description=\"\" data-image-caption=\"&lt;p&gt;Fernando Cozendey outono-inverno 2015 &lt;\/p&gt;\n\" data-medium-file=\"https:\/\/i0.wp.com\/agrund.com\/wp-content\/uploads\/sites\/6\/2014\/10\/Fernando-9.jpg?fit=200%2C300&amp;ssl=1\" data-large-file=\"https:\/\/i0.wp.com\/agrund.com\/wp-content\/uploads\/sites\/6\/2014\/10\/Fernando-9.jpg?fit=500%2C751&amp;ssl=1\" decoding=\"async\" loading=\"lazy\" class=\"size-full wp-image-116766\" alt=\"Fernando Cozendey outono-inverno 2015 \" src=\"https:\/\/i0.wp.com\/www.agrund.com\/wp-content\/uploads\/sites\/6\/2014\/10\/Fernando-9.jpg?resize=500%2C751\" width=\"500\" height=\"751\" srcset=\"https:\/\/i0.wp.com\/agrund.com\/wp-content\/uploads\/sites\/6\/2014\/10\/Fernando-9.jpg?w=500&amp;ssl=1 500w, https:\/\/i0.wp.com\/agrund.com\/wp-content\/uploads\/sites\/6\/2014\/10\/Fernando-9.jpg?resize=200%2C300&amp;ssl=1 200w\" sizes=\"(max-width: 500px) 100vw, 500px\" data-recalc-dims=\"1\" \/><\/a><p id=\"caption-attachment-116766\" class=\"wp-caption-text\">Fernando Cozendey outono-inverno 2015<\/p><\/div>\n<div id=\"attachment_116767\" style=\"width: 510px\" class=\"wp-caption aligncenter\"><a href=\"https:\/\/i0.wp.com\/www.agrund.com\/wp-content\/uploads\/sites\/6\/2014\/10\/Fernando-10.jpg\"><img aria-describedby=\"caption-attachment-116767\" data-attachment-id=\"116767\" data-permalink=\"https:\/\/agrund.com\/index.php\/fernando-cozendey-outono-inverno-2015\/fernando-10-2\/\" data-orig-file=\"https:\/\/i0.wp.com\/agrund.com\/wp-content\/uploads\/sites\/6\/2014\/10\/Fernando-10.jpg?fit=500%2C751&amp;ssl=1\" data-orig-size=\"500,751\" data-comments-opened=\"1\" data-image-meta=\"{&quot;aperture&quot;:&quot;0&quot;,&quot;credit&quot;:&quot;&quot;,&quot;camera&quot;:&quot;&quot;,&quot;caption&quot;:&quot;&quot;,&quot;created_timestamp&quot;:&quot;0&quot;,&quot;copyright&quot;:&quot;&quot;,&quot;focal_length&quot;:&quot;0&quot;,&quot;iso&quot;:&quot;0&quot;,&quot;shutter_speed&quot;:&quot;0&quot;,&quot;title&quot;:&quot;&quot;,&quot;orientation&quot;:&quot;0&quot;}\" data-image-title=\"Fernando 10\" data-image-description=\"\" data-image-caption=\"&lt;p&gt;Fernando Cozendey outono-inverno 2015 &lt;\/p&gt;\n\" data-medium-file=\"https:\/\/i0.wp.com\/agrund.com\/wp-content\/uploads\/sites\/6\/2014\/10\/Fernando-10.jpg?fit=200%2C300&amp;ssl=1\" data-large-file=\"https:\/\/i0.wp.com\/agrund.com\/wp-content\/uploads\/sites\/6\/2014\/10\/Fernando-10.jpg?fit=500%2C751&amp;ssl=1\" decoding=\"async\" loading=\"lazy\" class=\"size-full wp-image-116767\" alt=\"Fernando Cozendey outono-inverno 2015 \" src=\"https:\/\/i0.wp.com\/www.agrund.com\/wp-content\/uploads\/sites\/6\/2014\/10\/Fernando-10.jpg?resize=500%2C751\" width=\"500\" height=\"751\" srcset=\"https:\/\/i0.wp.com\/agrund.com\/wp-content\/uploads\/sites\/6\/2014\/10\/Fernando-10.jpg?w=500&amp;ssl=1 500w, https:\/\/i0.wp.com\/agrund.com\/wp-content\/uploads\/sites\/6\/2014\/10\/Fernando-10.jpg?resize=200%2C300&amp;ssl=1 200w\" sizes=\"(max-width: 500px) 100vw, 500px\" data-recalc-dims=\"1\" \/><\/a><p id=\"caption-attachment-116767\" class=\"wp-caption-text\">Fernando Cozendey outono-inverno 2015<\/p><\/div>\n<div id=\"attachment_116768\" style=\"width: 510px\" class=\"wp-caption aligncenter\"><a href=\"https:\/\/i0.wp.com\/www.agrund.com\/wp-content\/uploads\/sites\/6\/2014\/10\/Fernando-11.jpg\"><img aria-describedby=\"caption-attachment-116768\" data-attachment-id=\"116768\" data-permalink=\"https:\/\/agrund.com\/index.php\/fernando-cozendey-outono-inverno-2015\/fernando-11\/\" data-orig-file=\"https:\/\/i0.wp.com\/agrund.com\/wp-content\/uploads\/sites\/6\/2014\/10\/Fernando-11.jpg?fit=500%2C751&amp;ssl=1\" data-orig-size=\"500,751\" data-comments-opened=\"1\" data-image-meta=\"{&quot;aperture&quot;:&quot;0&quot;,&quot;credit&quot;:&quot;&quot;,&quot;camera&quot;:&quot;&quot;,&quot;caption&quot;:&quot;&quot;,&quot;created_timestamp&quot;:&quot;0&quot;,&quot;copyright&quot;:&quot;&quot;,&quot;focal_length&quot;:&quot;0&quot;,&quot;iso&quot;:&quot;0&quot;,&quot;shutter_speed&quot;:&quot;0&quot;,&quot;title&quot;:&quot;&quot;,&quot;orientation&quot;:&quot;0&quot;}\" data-image-title=\"Fernando 11\" data-image-description=\"\" data-image-caption=\"&lt;p&gt;Fernando Cozendey outono-inverno 2015 &lt;\/p&gt;\n\" data-medium-file=\"https:\/\/i0.wp.com\/agrund.com\/wp-content\/uploads\/sites\/6\/2014\/10\/Fernando-11.jpg?fit=200%2C300&amp;ssl=1\" data-large-file=\"https:\/\/i0.wp.com\/agrund.com\/wp-content\/uploads\/sites\/6\/2014\/10\/Fernando-11.jpg?fit=500%2C751&amp;ssl=1\" decoding=\"async\" loading=\"lazy\" class=\"size-full wp-image-116768\" alt=\"Fernando Cozendey outono-inverno 2015 \" src=\"https:\/\/i0.wp.com\/www.agrund.com\/wp-content\/uploads\/sites\/6\/2014\/10\/Fernando-11.jpg?resize=500%2C751\" width=\"500\" height=\"751\" srcset=\"https:\/\/i0.wp.com\/agrund.com\/wp-content\/uploads\/sites\/6\/2014\/10\/Fernando-11.jpg?w=500&amp;ssl=1 500w, https:\/\/i0.wp.com\/agrund.com\/wp-content\/uploads\/sites\/6\/2014\/10\/Fernando-11.jpg?resize=200%2C300&amp;ssl=1 200w\" sizes=\"(max-width: 500px) 100vw, 500px\" data-recalc-dims=\"1\" \/><\/a><p id=\"caption-attachment-116768\" class=\"wp-caption-text\">Fernando Cozendey outono-inverno 2015<\/p><\/div>\n<div id=\"attachment_116769\" style=\"width: 510px\" class=\"wp-caption aligncenter\"><a href=\"https:\/\/i0.wp.com\/www.agrund.com\/wp-content\/uploads\/sites\/6\/2014\/10\/Fernando-12.jpg\"><img aria-describedby=\"caption-attachment-116769\" data-attachment-id=\"116769\" data-permalink=\"https:\/\/agrund.com\/index.php\/fernando-cozendey-outono-inverno-2015\/fernando-12\/\" data-orig-file=\"https:\/\/i0.wp.com\/agrund.com\/wp-content\/uploads\/sites\/6\/2014\/10\/Fernando-12.jpg?fit=500%2C751&amp;ssl=1\" data-orig-size=\"500,751\" data-comments-opened=\"1\" data-image-meta=\"{&quot;aperture&quot;:&quot;0&quot;,&quot;credit&quot;:&quot;&quot;,&quot;camera&quot;:&quot;&quot;,&quot;caption&quot;:&quot;&quot;,&quot;created_timestamp&quot;:&quot;0&quot;,&quot;copyright&quot;:&quot;&quot;,&quot;focal_length&quot;:&quot;0&quot;,&quot;iso&quot;:&quot;0&quot;,&quot;shutter_speed&quot;:&quot;0&quot;,&quot;title&quot;:&quot;&quot;,&quot;orientation&quot;:&quot;0&quot;}\" data-image-title=\"Fernando 12\" data-image-description=\"\" data-image-caption=\"&lt;p&gt;Fernando Cozendey outono-inverno 2015 &lt;\/p&gt;\n\" data-medium-file=\"https:\/\/i0.wp.com\/agrund.com\/wp-content\/uploads\/sites\/6\/2014\/10\/Fernando-12.jpg?fit=200%2C300&amp;ssl=1\" data-large-file=\"https:\/\/i0.wp.com\/agrund.com\/wp-content\/uploads\/sites\/6\/2014\/10\/Fernando-12.jpg?fit=500%2C751&amp;ssl=1\" decoding=\"async\" loading=\"lazy\" class=\"size-full wp-image-116769\" alt=\"Fernando Cozendey outono-inverno 2015 \" src=\"https:\/\/i0.wp.com\/www.agrund.com\/wp-content\/uploads\/sites\/6\/2014\/10\/Fernando-12.jpg?resize=500%2C751\" width=\"500\" height=\"751\" srcset=\"https:\/\/i0.wp.com\/agrund.com\/wp-content\/uploads\/sites\/6\/2014\/10\/Fernando-12.jpg?w=500&amp;ssl=1 500w, https:\/\/i0.wp.com\/agrund.com\/wp-content\/uploads\/sites\/6\/2014\/10\/Fernando-12.jpg?resize=200%2C300&amp;ssl=1 200w\" sizes=\"(max-width: 500px) 100vw, 500px\" data-recalc-dims=\"1\" \/><\/a><p id=\"caption-attachment-116769\" class=\"wp-caption-text\">Fernando Cozendey outono-inverno 2015<\/p><\/div>\n<div id=\"attachment_116770\" style=\"width: 510px\" class=\"wp-caption aligncenter\"><a href=\"https:\/\/i0.wp.com\/www.agrund.com\/wp-content\/uploads\/sites\/6\/2014\/10\/Fernando-13.jpg\"><img aria-describedby=\"caption-attachment-116770\" data-attachment-id=\"116770\" data-permalink=\"https:\/\/agrund.com\/index.php\/fernando-cozendey-outono-inverno-2015\/fernando-13\/\" data-orig-file=\"https:\/\/i0.wp.com\/agrund.com\/wp-content\/uploads\/sites\/6\/2014\/10\/Fernando-13.jpg?fit=500%2C751&amp;ssl=1\" data-orig-size=\"500,751\" data-comments-opened=\"1\" data-image-meta=\"{&quot;aperture&quot;:&quot;0&quot;,&quot;credit&quot;:&quot;&quot;,&quot;camera&quot;:&quot;&quot;,&quot;caption&quot;:&quot;&quot;,&quot;created_timestamp&quot;:&quot;0&quot;,&quot;copyright&quot;:&quot;&quot;,&quot;focal_length&quot;:&quot;0&quot;,&quot;iso&quot;:&quot;0&quot;,&quot;shutter_speed&quot;:&quot;0&quot;,&quot;title&quot;:&quot;&quot;,&quot;orientation&quot;:&quot;0&quot;}\" data-image-title=\"Fernando 13\" data-image-description=\"\" data-image-caption=\"&lt;p&gt;Fernando Cozendey outono-inverno 2015 &lt;\/p&gt;\n\" data-medium-file=\"https:\/\/i0.wp.com\/agrund.com\/wp-content\/uploads\/sites\/6\/2014\/10\/Fernando-13.jpg?fit=200%2C300&amp;ssl=1\" data-large-file=\"https:\/\/i0.wp.com\/agrund.com\/wp-content\/uploads\/sites\/6\/2014\/10\/Fernando-13.jpg?fit=500%2C751&amp;ssl=1\" decoding=\"async\" loading=\"lazy\" class=\"size-full wp-image-116770\" alt=\"Fernando Cozendey outono-inverno 2015 \" src=\"https:\/\/i0.wp.com\/www.agrund.com\/wp-content\/uploads\/sites\/6\/2014\/10\/Fernando-13.jpg?resize=500%2C751\" width=\"500\" height=\"751\" srcset=\"https:\/\/i0.wp.com\/agrund.com\/wp-content\/uploads\/sites\/6\/2014\/10\/Fernando-13.jpg?w=500&amp;ssl=1 500w, https:\/\/i0.wp.com\/agrund.com\/wp-content\/uploads\/sites\/6\/2014\/10\/Fernando-13.jpg?resize=200%2C300&amp;ssl=1 200w\" sizes=\"(max-width: 500px) 100vw, 500px\" data-recalc-dims=\"1\" \/><\/a><p id=\"caption-attachment-116770\" class=\"wp-caption-text\">Fernando Cozendey outono-inverno 2015<\/p><\/div>\n<div id=\"attachment_116771\" style=\"width: 510px\" class=\"wp-caption aligncenter\"><a href=\"https:\/\/i0.wp.com\/www.agrund.com\/wp-content\/uploads\/sites\/6\/2014\/10\/Fernando-14.jpg\"><img aria-describedby=\"caption-attachment-116771\" data-attachment-id=\"116771\" data-permalink=\"https:\/\/agrund.com\/index.php\/fernando-cozendey-outono-inverno-2015\/fernando-14\/\" data-orig-file=\"https:\/\/i0.wp.com\/agrund.com\/wp-content\/uploads\/sites\/6\/2014\/10\/Fernando-14.jpg?fit=500%2C751&amp;ssl=1\" data-orig-size=\"500,751\" data-comments-opened=\"1\" data-image-meta=\"{&quot;aperture&quot;:&quot;0&quot;,&quot;credit&quot;:&quot;&quot;,&quot;camera&quot;:&quot;&quot;,&quot;caption&quot;:&quot;&quot;,&quot;created_timestamp&quot;:&quot;0&quot;,&quot;copyright&quot;:&quot;&quot;,&quot;focal_length&quot;:&quot;0&quot;,&quot;iso&quot;:&quot;0&quot;,&quot;shutter_speed&quot;:&quot;0&quot;,&quot;title&quot;:&quot;&quot;,&quot;orientation&quot;:&quot;0&quot;}\" data-image-title=\"Fernando 14\" data-image-description=\"\" data-image-caption=\"&lt;p&gt;Fernando Cozendey outono-inverno 2015 &lt;\/p&gt;\n\" data-medium-file=\"https:\/\/i0.wp.com\/agrund.com\/wp-content\/uploads\/sites\/6\/2014\/10\/Fernando-14.jpg?fit=200%2C300&amp;ssl=1\" data-large-file=\"https:\/\/i0.wp.com\/agrund.com\/wp-content\/uploads\/sites\/6\/2014\/10\/Fernando-14.jpg?fit=500%2C751&amp;ssl=1\" decoding=\"async\" loading=\"lazy\" class=\"size-full wp-image-116771\" alt=\"Fernando Cozendey outono-inverno 2015 \" src=\"https:\/\/i0.wp.com\/www.agrund.com\/wp-content\/uploads\/sites\/6\/2014\/10\/Fernando-14.jpg?resize=500%2C751\" width=\"500\" height=\"751\" srcset=\"https:\/\/i0.wp.com\/agrund.com\/wp-content\/uploads\/sites\/6\/2014\/10\/Fernando-14.jpg?w=500&amp;ssl=1 500w, https:\/\/i0.wp.com\/agrund.com\/wp-content\/uploads\/sites\/6\/2014\/10\/Fernando-14.jpg?resize=200%2C300&amp;ssl=1 200w\" sizes=\"(max-width: 500px) 100vw, 500px\" data-recalc-dims=\"1\" \/><\/a><p id=\"caption-attachment-116771\" class=\"wp-caption-text\">Fernando Cozendey outono-inverno 2015<\/p><\/div>\n<div id=\"attachment_116772\" style=\"width: 510px\" class=\"wp-caption aligncenter\"><a href=\"https:\/\/i0.wp.com\/www.agrund.com\/wp-content\/uploads\/sites\/6\/2014\/10\/Fernando-15.jpg\"><img aria-describedby=\"caption-attachment-116772\" data-attachment-id=\"116772\" data-permalink=\"https:\/\/agrund.com\/index.php\/fernando-cozendey-outono-inverno-2015\/fernando-15\/\" data-orig-file=\"https:\/\/i0.wp.com\/agrund.com\/wp-content\/uploads\/sites\/6\/2014\/10\/Fernando-15.jpg?fit=500%2C333&amp;ssl=1\" data-orig-size=\"500,333\" data-comments-opened=\"1\" data-image-meta=\"{&quot;aperture&quot;:&quot;0&quot;,&quot;credit&quot;:&quot;&quot;,&quot;camera&quot;:&quot;&quot;,&quot;caption&quot;:&quot;&quot;,&quot;created_timestamp&quot;:&quot;0&quot;,&quot;copyright&quot;:&quot;&quot;,&quot;focal_length&quot;:&quot;0&quot;,&quot;iso&quot;:&quot;0&quot;,&quot;shutter_speed&quot;:&quot;0&quot;,&quot;title&quot;:&quot;&quot;,&quot;orientation&quot;:&quot;0&quot;}\" data-image-title=\"Fernando 15\" data-image-description=\"\" data-image-caption=\"&lt;p&gt;Fernando Cozendey outono-inverno 2015 &lt;\/p&gt;\n\" data-medium-file=\"https:\/\/i0.wp.com\/agrund.com\/wp-content\/uploads\/sites\/6\/2014\/10\/Fernando-15.jpg?fit=300%2C200&amp;ssl=1\" data-large-file=\"https:\/\/i0.wp.com\/agrund.com\/wp-content\/uploads\/sites\/6\/2014\/10\/Fernando-15.jpg?fit=500%2C333&amp;ssl=1\" decoding=\"async\" loading=\"lazy\" class=\"size-full wp-image-116772\" alt=\"Fernando Cozendey outono-inverno 2015 \" src=\"https:\/\/i0.wp.com\/www.agrund.com\/wp-content\/uploads\/sites\/6\/2014\/10\/Fernando-15.jpg?resize=500%2C333\" width=\"500\" height=\"333\" srcset=\"https:\/\/i0.wp.com\/agrund.com\/wp-content\/uploads\/sites\/6\/2014\/10\/Fernando-15.jpg?w=500&amp;ssl=1 500w, https:\/\/i0.wp.com\/agrund.com\/wp-content\/uploads\/sites\/6\/2014\/10\/Fernando-15.jpg?resize=300%2C200&amp;ssl=1 300w\" sizes=\"(max-width: 500px) 100vw, 500px\" data-recalc-dims=\"1\" \/><\/a><p id=\"caption-attachment-116772\" class=\"wp-caption-text\">Fernando Cozendey outono-inverno 2015<\/p><\/div>\n<p>&nbsp;<\/p>\n<p>Imagens: Marcelo Soubhia\/Ag\u00eancia Fotosite.<\/p>\n<p>&nbsp;<\/p>\n<p>&nbsp;<\/p>\n<p>&nbsp;<\/p>\n<p>&nbsp;<\/p>\n<p>&nbsp;<\/p>\n<p>&nbsp;<\/p>\n<p>&nbsp;<\/p>\n<p>&nbsp;<\/p>\n<p>&nbsp;<\/p>\n<p>&nbsp;<\/p>\n<p>&nbsp;<\/p>\n<p>&nbsp;<\/p>\n<p>&nbsp;<\/p>\n<p>&nbsp;<\/p>\n","protected":false},"excerpt":{"rendered":"<p>A lycra nunca foi t\u00e3o amada por Fernando Cozendey! Claro, essa \u00e9 a base do estilista em todos os trabalhos, mas o outono-inverno 2015 parece ressaltar ainda mais a paix\u00e3o dele por essa mat\u00e9ria-prima, j\u00e1 que o tema da cole\u00e7\u00e3o \u00e9 o amor. Muito al\u00e9m dessa poss\u00edvel liga\u00e7\u00e3o entre ele e o tecido (pelo menos [&hellip;]<\/p>\n","protected":false},"author":8,"featured_media":116773,"comment_status":"open","ping_status":"open","sticky":false,"template":"","format":"standard","meta":{"jetpack_post_was_ever_published":false,"_jetpack_newsletter_access":"","jetpack_publicize_message":"O inverno 2015 do Fernando Cozendey \u00e9 uma ode ao amor com alma de protesto contra as desigualdades: http:\/\/wp.me\/p3Hz0n-unb","jetpack_is_tweetstorm":false,"jetpack_publicize_feature_enabled":true,"jetpack_social_post_already_shared":true,"jetpack_social_options":{"image_generator_settings":{"template":"highway","enabled":false}}},"categories":[9,2],"tags":[],"jetpack_publicize_connections":[],"jetpack_featured_media_url":"https:\/\/i0.wp.com\/agrund.com\/wp-content\/uploads\/sites\/6\/2014\/10\/slide244.jpg?fit=960%2C300&ssl=1","jetpack_sharing_enabled":true,"jetpack_shortlink":"https:\/\/wp.me\/p3Hz0n-unb","jetpack_likes_enabled":true,"_links":{"self":[{"href":"https:\/\/agrund.com\/index.php\/wp-json\/wp\/v2\/posts\/116757"}],"collection":[{"href":"https:\/\/agrund.com\/index.php\/wp-json\/wp\/v2\/posts"}],"about":[{"href":"https:\/\/agrund.com\/index.php\/wp-json\/wp\/v2\/types\/post"}],"author":[{"embeddable":true,"href":"https:\/\/agrund.com\/index.php\/wp-json\/wp\/v2\/users\/8"}],"replies":[{"embeddable":true,"href":"https:\/\/agrund.com\/index.php\/wp-json\/wp\/v2\/comments?post=116757"}],"version-history":[{"count":0,"href":"https:\/\/agrund.com\/index.php\/wp-json\/wp\/v2\/posts\/116757\/revisions"}],"wp:featuredmedia":[{"embeddable":true,"href":"https:\/\/agrund.com\/index.php\/wp-json\/wp\/v2\/media\/116773"}],"wp:attachment":[{"href":"https:\/\/agrund.com\/index.php\/wp-json\/wp\/v2\/media?parent=116757"}],"wp:term":[{"taxonomy":"category","embeddable":true,"href":"https:\/\/agrund.com\/index.php\/wp-json\/wp\/v2\/categories?post=116757"},{"taxonomy":"post_tag","embeddable":true,"href":"https:\/\/agrund.com\/index.php\/wp-json\/wp\/v2\/tags?post=116757"}],"curies":[{"name":"wp","href":"https:\/\/api.w.org\/{rel}","templated":true}]}}