{"id":116722,"date":"2014-10-31T10:00:01","date_gmt":"2014-10-31T12:00:01","guid":{"rendered":"http:\/\/www.agrund.com\/?p=116722"},"modified":"2014-10-31T06:09:21","modified_gmt":"2014-10-31T08:09:21","slug":"a-sandalia-da-primavera-verao-201415","status":"publish","type":"post","link":"https:\/\/agrund.com\/index.php\/a-sandalia-da-primavera-verao-201415\/","title":{"rendered":"A sand\u00e1lia da primavera-ver\u00e3o 2014\/15"},"content":{"rendered":"<p>O ver\u00e3o est\u00e1 chegando e nada melhor que apostar nos sapatos confort\u00e1veis para a esta\u00e7\u00e3o, como as rasteirinhas e os chinelos. Mas voc\u00ea j\u00e1 deve ter reparado que tem um modelo em especial com tiras largas que est\u00e1 dominando os p\u00e9s das celebridades. Trata-se da birken, sand\u00e1lia inspirada no modelo Birkenstock famoso nos anos 1990. Hoje existem op\u00e7\u00f5es em diversas cores e estampas que garantem a versatilidade desse acess\u00f3rio que \u00e9 perfeito para looks com jeans, saia, vestido e cal\u00e7as. Confira uma sele\u00e7\u00e3o de looks com a birken na galeria e inspire-se!<\/p>\n<div id=\"attachment_116729\" style=\"width: 510px\" class=\"wp-caption aligncenter\"><a href=\"https:\/\/i0.wp.com\/www.agrund.com\/wp-content\/uploads\/sites\/6\/2014\/10\/DSC6910lovelypepa_birkenstock2.jpg\"><img aria-describedby=\"caption-attachment-116729\" data-attachment-id=\"116729\" data-permalink=\"https:\/\/agrund.com\/index.php\/a-sandalia-da-primavera-verao-201415\/dsc6910lovelypepa_birkenstock2\/\" data-orig-file=\"https:\/\/i0.wp.com\/agrund.com\/wp-content\/uploads\/sites\/6\/2014\/10\/DSC6910lovelypepa_birkenstock2.jpg?fit=500%2C775&amp;ssl=1\" data-orig-size=\"500,775\" data-comments-opened=\"1\" data-image-meta=\"{&quot;aperture&quot;:&quot;2.8&quot;,&quot;credit&quot;:&quot;&quot;,&quot;camera&quot;:&quot;NIKON D800&quot;,&quot;caption&quot;:&quot;&quot;,&quot;created_timestamp&quot;:&quot;1396357301&quot;,&quot;copyright&quot;:&quot;&quot;,&quot;focal_length&quot;:&quot;70&quot;,&quot;iso&quot;:&quot;800&quot;,&quot;shutter_speed&quot;:&quot;0.000625&quot;,&quot;title&quot;:&quot;&quot;,&quot;orientation&quot;:&quot;1&quot;}\" data-image-title=\"DSC6910lovelypepa_birkenstock2\" data-image-description=\"\" data-image-caption=\"&lt;p&gt;A sand\u00e1lia da primavera-ver\u00e3o 2014\/15 &lt;\/p&gt;\n\" data-medium-file=\"https:\/\/i0.wp.com\/agrund.com\/wp-content\/uploads\/sites\/6\/2014\/10\/DSC6910lovelypepa_birkenstock2.jpg?fit=194%2C300&amp;ssl=1\" data-large-file=\"https:\/\/i0.wp.com\/agrund.com\/wp-content\/uploads\/sites\/6\/2014\/10\/DSC6910lovelypepa_birkenstock2.jpg?fit=500%2C775&amp;ssl=1\" decoding=\"async\" loading=\"lazy\" class=\"size-full wp-image-116729\" alt=\"A sand\u00e1lia da primavera-ver\u00e3o 2014\/15 \" src=\"https:\/\/i0.wp.com\/www.agrund.com\/wp-content\/uploads\/sites\/6\/2014\/10\/DSC6910lovelypepa_birkenstock2.jpg?resize=500%2C775\" width=\"500\" height=\"775\" srcset=\"https:\/\/i0.wp.com\/agrund.com\/wp-content\/uploads\/sites\/6\/2014\/10\/DSC6910lovelypepa_birkenstock2.jpg?w=500&amp;ssl=1 500w, https:\/\/i0.wp.com\/agrund.com\/wp-content\/uploads\/sites\/6\/2014\/10\/DSC6910lovelypepa_birkenstock2.jpg?resize=194%2C300&amp;ssl=1 194w\" sizes=\"(max-width: 500px) 100vw, 500px\" data-recalc-dims=\"1\" \/><\/a><p id=\"caption-attachment-116729\" class=\"wp-caption-text\">A sand\u00e1lia da primavera-ver\u00e3o 2014\/15<\/p><\/div>\n<div id=\"attachment_116724\" style=\"width: 510px\" class=\"wp-caption aligncenter\"><a href=\"https:\/\/i0.wp.com\/www.agrund.com\/wp-content\/uploads\/sites\/6\/2014\/10\/301734.jpg\"><img aria-describedby=\"caption-attachment-116724\" data-attachment-id=\"116724\" data-permalink=\"https:\/\/agrund.com\/index.php\/a-sandalia-da-primavera-verao-201415\/attachment\/301734\/\" data-orig-file=\"https:\/\/i0.wp.com\/agrund.com\/wp-content\/uploads\/sites\/6\/2014\/10\/301734.jpg?fit=500%2C675&amp;ssl=1\" data-orig-size=\"500,675\" data-comments-opened=\"1\" data-image-meta=\"{&quot;aperture&quot;:&quot;0&quot;,&quot;credit&quot;:&quot;&quot;,&quot;camera&quot;:&quot;&quot;,&quot;caption&quot;:&quot;&quot;,&quot;created_timestamp&quot;:&quot;0&quot;,&quot;copyright&quot;:&quot;&quot;,&quot;focal_length&quot;:&quot;0&quot;,&quot;iso&quot;:&quot;0&quot;,&quot;shutter_speed&quot;:&quot;0&quot;,&quot;title&quot;:&quot;&quot;,&quot;orientation&quot;:&quot;0&quot;}\" data-image-title=\"A sand\u00e1lia da primavera-ver\u00e3o 2014\/15 A sand\u00e1lia da primavera-ver\u00e3o 2014\/15 \" data-image-description=\"\" data-image-caption=\"&lt;p&gt;A sand\u00e1lia da primavera-ver\u00e3o 2014\/15 &lt;\/p&gt;\n\" data-medium-file=\"https:\/\/i0.wp.com\/agrund.com\/wp-content\/uploads\/sites\/6\/2014\/10\/301734.jpg?fit=222%2C300&amp;ssl=1\" data-large-file=\"https:\/\/i0.wp.com\/agrund.com\/wp-content\/uploads\/sites\/6\/2014\/10\/301734.jpg?fit=500%2C675&amp;ssl=1\" decoding=\"async\" loading=\"lazy\" class=\"size-full wp-image-116724\" alt=\"A sand\u00e1lia da primavera-ver\u00e3o 2014\/15 \" src=\"https:\/\/i0.wp.com\/www.agrund.com\/wp-content\/uploads\/sites\/6\/2014\/10\/301734.jpg?resize=500%2C675\" width=\"500\" height=\"675\" srcset=\"https:\/\/i0.wp.com\/agrund.com\/wp-content\/uploads\/sites\/6\/2014\/10\/301734.jpg?w=500&amp;ssl=1 500w, https:\/\/i0.wp.com\/agrund.com\/wp-content\/uploads\/sites\/6\/2014\/10\/301734.jpg?resize=222%2C300&amp;ssl=1 222w\" sizes=\"(max-width: 500px) 100vw, 500px\" data-recalc-dims=\"1\" \/><\/a><p id=\"caption-attachment-116724\" class=\"wp-caption-text\">A sand\u00e1lia da primavera-ver\u00e3o 2014\/15<\/p><\/div>\n<div id=\"attachment_116725\" style=\"width: 510px\" class=\"wp-caption aligncenter\"><a href=\"https:\/\/i0.wp.com\/www.agrund.com\/wp-content\/uploads\/sites\/6\/2014\/10\/3866007_6-29-141.jpg\"><img aria-describedby=\"caption-attachment-116725\" data-attachment-id=\"116725\" data-permalink=\"https:\/\/agrund.com\/index.php\/a-sandalia-da-primavera-verao-201415\/3866007_6-29-141\/\" data-orig-file=\"https:\/\/i0.wp.com\/agrund.com\/wp-content\/uploads\/sites\/6\/2014\/10\/3866007_6-29-141.jpg?fit=500%2C752&amp;ssl=1\" data-orig-size=\"500,752\" data-comments-opened=\"1\" data-image-meta=\"{&quot;aperture&quot;:&quot;0&quot;,&quot;credit&quot;:&quot;&quot;,&quot;camera&quot;:&quot;&quot;,&quot;caption&quot;:&quot;&quot;,&quot;created_timestamp&quot;:&quot;0&quot;,&quot;copyright&quot;:&quot;&quot;,&quot;focal_length&quot;:&quot;0&quot;,&quot;iso&quot;:&quot;0&quot;,&quot;shutter_speed&quot;:&quot;0&quot;,&quot;title&quot;:&quot;&quot;,&quot;orientation&quot;:&quot;0&quot;}\" data-image-title=\"\" data-image-description=\"\" data-image-caption=\"&lt;p&gt;A sand\u00e1lia da primavera-ver\u00e3o 2014\/15 &lt;\/p&gt;\n\" data-medium-file=\"https:\/\/i0.wp.com\/agrund.com\/wp-content\/uploads\/sites\/6\/2014\/10\/3866007_6-29-141.jpg?fit=199%2C300&amp;ssl=1\" data-large-file=\"https:\/\/i0.wp.com\/agrund.com\/wp-content\/uploads\/sites\/6\/2014\/10\/3866007_6-29-141.jpg?fit=500%2C752&amp;ssl=1\" decoding=\"async\" loading=\"lazy\" class=\"size-full wp-image-116725\" alt=\"A sand\u00e1lia da primavera-ver\u00e3o 2014\/15 \" src=\"https:\/\/i0.wp.com\/www.agrund.com\/wp-content\/uploads\/sites\/6\/2014\/10\/3866007_6-29-141.jpg?resize=500%2C752\" width=\"500\" height=\"752\" srcset=\"https:\/\/i0.wp.com\/agrund.com\/wp-content\/uploads\/sites\/6\/2014\/10\/3866007_6-29-141.jpg?w=500&amp;ssl=1 500w, https:\/\/i0.wp.com\/agrund.com\/wp-content\/uploads\/sites\/6\/2014\/10\/3866007_6-29-141.jpg?resize=199%2C300&amp;ssl=1 199w\" sizes=\"(max-width: 500px) 100vw, 500px\" data-recalc-dims=\"1\" \/><\/a><p id=\"caption-attachment-116725\" class=\"wp-caption-text\">A sand\u00e1lia da primavera-ver\u00e3o 2014\/15<\/p><\/div>\n<div id=\"attachment_116727\" style=\"width: 510px\" class=\"wp-caption aligncenter\"><a href=\"https:\/\/i0.wp.com\/www.agrund.com\/wp-content\/uploads\/sites\/6\/2014\/10\/4041619_2.jpg\"><img aria-describedby=\"caption-attachment-116727\" data-attachment-id=\"116727\" data-permalink=\"https:\/\/agrund.com\/index.php\/a-sandalia-da-primavera-verao-201415\/4041619_2\/\" data-orig-file=\"https:\/\/i0.wp.com\/agrund.com\/wp-content\/uploads\/sites\/6\/2014\/10\/4041619_2.jpg?fit=500%2C750&amp;ssl=1\" data-orig-size=\"500,750\" data-comments-opened=\"1\" data-image-meta=\"{&quot;aperture&quot;:&quot;7.1&quot;,&quot;credit&quot;:&quot;&quot;,&quot;camera&quot;:&quot;Canon EOS 450D&quot;,&quot;caption&quot;:&quot;&quot;,&quot;created_timestamp&quot;:&quot;1214089880&quot;,&quot;copyright&quot;:&quot;&quot;,&quot;focal_length&quot;:&quot;55&quot;,&quot;iso&quot;:&quot;200&quot;,&quot;shutter_speed&quot;:&quot;0.005&quot;,&quot;title&quot;:&quot;&quot;,&quot;orientation&quot;:&quot;1&quot;}\" data-image-title=\"A sand\u00e1lia da primavera-ver\u00e3o 2014\/15 \" data-image-description=\"\" data-image-caption=\"&lt;p&gt;A sand\u00e1lia da primavera-ver\u00e3o 2014\/15 &lt;\/p&gt;\n\" data-medium-file=\"https:\/\/i0.wp.com\/agrund.com\/wp-content\/uploads\/sites\/6\/2014\/10\/4041619_2.jpg?fit=200%2C300&amp;ssl=1\" data-large-file=\"https:\/\/i0.wp.com\/agrund.com\/wp-content\/uploads\/sites\/6\/2014\/10\/4041619_2.jpg?fit=500%2C750&amp;ssl=1\" decoding=\"async\" loading=\"lazy\" class=\"size-full wp-image-116727\" alt=\"A sand\u00e1lia da primavera-ver\u00e3o 2014\/15 \" src=\"https:\/\/i0.wp.com\/www.agrund.com\/wp-content\/uploads\/sites\/6\/2014\/10\/4041619_2.jpg?resize=500%2C750\" width=\"500\" height=\"750\" srcset=\"https:\/\/i0.wp.com\/agrund.com\/wp-content\/uploads\/sites\/6\/2014\/10\/4041619_2.jpg?w=500&amp;ssl=1 500w, https:\/\/i0.wp.com\/agrund.com\/wp-content\/uploads\/sites\/6\/2014\/10\/4041619_2.jpg?resize=200%2C300&amp;ssl=1 200w\" sizes=\"(max-width: 500px) 100vw, 500px\" data-recalc-dims=\"1\" \/><\/a><p id=\"caption-attachment-116727\" class=\"wp-caption-text\">A sand\u00e1lia da primavera-ver\u00e3o 2014\/15<\/p><\/div>\n<div id=\"attachment_116726\" style=\"width: 510px\" class=\"wp-caption aligncenter\"><a href=\"https:\/\/i0.wp.com\/www.agrund.com\/wp-content\/uploads\/sites\/6\/2014\/10\/3973680_eyes.jpg\"><img aria-describedby=\"caption-attachment-116726\" data-attachment-id=\"116726\" data-permalink=\"https:\/\/agrund.com\/index.php\/a-sandalia-da-primavera-verao-201415\/3973680_eyes\/\" data-orig-file=\"https:\/\/i0.wp.com\/agrund.com\/wp-content\/uploads\/sites\/6\/2014\/10\/3973680_eyes.jpg?fit=500%2C741&amp;ssl=1\" data-orig-size=\"500,741\" data-comments-opened=\"1\" data-image-meta=\"{&quot;aperture&quot;:&quot;0&quot;,&quot;credit&quot;:&quot;&quot;,&quot;camera&quot;:&quot;&quot;,&quot;caption&quot;:&quot;&quot;,&quot;created_timestamp&quot;:&quot;0&quot;,&quot;copyright&quot;:&quot;&quot;,&quot;focal_length&quot;:&quot;0&quot;,&quot;iso&quot;:&quot;0&quot;,&quot;shutter_speed&quot;:&quot;0&quot;,&quot;title&quot;:&quot;&quot;,&quot;orientation&quot;:&quot;0&quot;}\" data-image-title=\"A sand\u00e1lia da primavera-ver\u00e3o 2014\/15 A sand\u00e1lia da primavera-ver\u00e3o 2014\/15 \" data-image-description=\"\" data-image-caption=\"&lt;p&gt;A sand\u00e1lia da primavera-ver\u00e3o 2014\/15 &lt;\/p&gt;\n\" data-medium-file=\"https:\/\/i0.wp.com\/agrund.com\/wp-content\/uploads\/sites\/6\/2014\/10\/3973680_eyes.jpg?fit=202%2C300&amp;ssl=1\" data-large-file=\"https:\/\/i0.wp.com\/agrund.com\/wp-content\/uploads\/sites\/6\/2014\/10\/3973680_eyes.jpg?fit=500%2C741&amp;ssl=1\" decoding=\"async\" loading=\"lazy\" class=\"size-full wp-image-116726\" alt=\"A sand\u00e1lia da primavera-ver\u00e3o 2014\/15 \" src=\"https:\/\/i0.wp.com\/www.agrund.com\/wp-content\/uploads\/sites\/6\/2014\/10\/3973680_eyes.jpg?resize=500%2C741\" width=\"500\" height=\"741\" srcset=\"https:\/\/i0.wp.com\/agrund.com\/wp-content\/uploads\/sites\/6\/2014\/10\/3973680_eyes.jpg?w=500&amp;ssl=1 500w, https:\/\/i0.wp.com\/agrund.com\/wp-content\/uploads\/sites\/6\/2014\/10\/3973680_eyes.jpg?resize=202%2C300&amp;ssl=1 202w\" sizes=\"(max-width: 500px) 100vw, 500px\" data-recalc-dims=\"1\" \/><\/a><p id=\"caption-attachment-116726\" class=\"wp-caption-text\">A sand\u00e1lia da primavera-ver\u00e3o 2014\/15<\/p><\/div>\n<div id=\"attachment_116728\" style=\"width: 510px\" class=\"wp-caption aligncenter\"><a href=\"https:\/\/i0.wp.com\/www.agrund.com\/wp-content\/uploads\/sites\/6\/2014\/10\/birk2-636x954-1.jpg\"><img aria-describedby=\"caption-attachment-116728\" data-attachment-id=\"116728\" data-permalink=\"https:\/\/agrund.com\/index.php\/a-sandalia-da-primavera-verao-201415\/birk2-636x954-1\/\" data-orig-file=\"https:\/\/i0.wp.com\/agrund.com\/wp-content\/uploads\/sites\/6\/2014\/10\/birk2-636x954-1.jpg?fit=500%2C681&amp;ssl=1\" data-orig-size=\"500,681\" data-comments-opened=\"1\" data-image-meta=\"{&quot;aperture&quot;:&quot;0&quot;,&quot;credit&quot;:&quot;&quot;,&quot;camera&quot;:&quot;&quot;,&quot;caption&quot;:&quot;&quot;,&quot;created_timestamp&quot;:&quot;0&quot;,&quot;copyright&quot;:&quot;&quot;,&quot;focal_length&quot;:&quot;0&quot;,&quot;iso&quot;:&quot;0&quot;,&quot;shutter_speed&quot;:&quot;0&quot;,&quot;title&quot;:&quot;&quot;,&quot;orientation&quot;:&quot;0&quot;}\" data-image-title=\"A sand\u00e1lia da primavera-ver\u00e3o 2014\/15 \" data-image-description=\"\" data-image-caption=\"&lt;p&gt;A sand\u00e1lia da primavera-ver\u00e3o 2014\/15 &lt;\/p&gt;\n\" data-medium-file=\"https:\/\/i0.wp.com\/agrund.com\/wp-content\/uploads\/sites\/6\/2014\/10\/birk2-636x954-1.jpg?fit=220%2C300&amp;ssl=1\" data-large-file=\"https:\/\/i0.wp.com\/agrund.com\/wp-content\/uploads\/sites\/6\/2014\/10\/birk2-636x954-1.jpg?fit=500%2C681&amp;ssl=1\" decoding=\"async\" loading=\"lazy\" class=\"size-full wp-image-116728\" alt=\"A sand\u00e1lia da primavera-ver\u00e3o 2014\/15 \" src=\"https:\/\/i0.wp.com\/www.agrund.com\/wp-content\/uploads\/sites\/6\/2014\/10\/birk2-636x954-1.jpg?resize=500%2C681\" width=\"500\" height=\"681\" srcset=\"https:\/\/i0.wp.com\/agrund.com\/wp-content\/uploads\/sites\/6\/2014\/10\/birk2-636x954-1.jpg?w=500&amp;ssl=1 500w, https:\/\/i0.wp.com\/agrund.com\/wp-content\/uploads\/sites\/6\/2014\/10\/birk2-636x954-1.jpg?resize=220%2C300&amp;ssl=1 220w\" sizes=\"(max-width: 500px) 100vw, 500px\" data-recalc-dims=\"1\" \/><\/a><p id=\"caption-attachment-116728\" class=\"wp-caption-text\">A sand\u00e1lia da primavera-ver\u00e3o 2014\/15<\/p><\/div>\n<p>&nbsp;<\/p>\n<p>Imagens: Reprodu\u00e7\u00e3o.<\/p>\n<p>&nbsp;<\/p>\n<p>&nbsp;<\/p>\n<p>&nbsp;<\/p>\n<p>&nbsp;<\/p>\n<p>&nbsp;<\/p>\n","protected":false},"excerpt":{"rendered":"<p>O ver\u00e3o est\u00e1 chegando e nada melhor que apostar nos sapatos confort\u00e1veis para a esta\u00e7\u00e3o, como as rasteirinhas e os chinelos. Mas voc\u00ea j\u00e1 deve ter reparado que tem um modelo em especial com tiras largas que est\u00e1 dominando os p\u00e9s das celebridades. Trata-se da birken, sand\u00e1lia inspirada no modelo Birkenstock famoso nos anos 1990. [&hellip;]<\/p>\n","protected":false},"author":8,"featured_media":116723,"comment_status":"open","ping_status":"open","sticky":false,"template":"","format":"standard","meta":{"jetpack_post_was_ever_published":false,"_jetpack_newsletter_access":"","jetpack_publicize_message":"Agrund.com conta qual o sapato do momento entre os fashionistas e famosos: http:\/\/wp.me\/p3Hz0n-umC","jetpack_is_tweetstorm":false,"jetpack_publicize_feature_enabled":true,"jetpack_social_post_already_shared":true,"jetpack_social_options":{"image_generator_settings":{"template":"highway","enabled":false}}},"categories":[2],"tags":[],"jetpack_publicize_connections":[],"jetpack_featured_media_url":"https:\/\/i0.wp.com\/agrund.com\/wp-content\/uploads\/sites\/6\/2014\/10\/slide241.jpg?fit=960%2C300&ssl=1","jetpack_sharing_enabled":true,"jetpack_shortlink":"https:\/\/wp.me\/p3Hz0n-umC","jetpack_likes_enabled":true,"_links":{"self":[{"href":"https:\/\/agrund.com\/index.php\/wp-json\/wp\/v2\/posts\/116722"}],"collection":[{"href":"https:\/\/agrund.com\/index.php\/wp-json\/wp\/v2\/posts"}],"about":[{"href":"https:\/\/agrund.com\/index.php\/wp-json\/wp\/v2\/types\/post"}],"author":[{"embeddable":true,"href":"https:\/\/agrund.com\/index.php\/wp-json\/wp\/v2\/users\/8"}],"replies":[{"embeddable":true,"href":"https:\/\/agrund.com\/index.php\/wp-json\/wp\/v2\/comments?post=116722"}],"version-history":[{"count":0,"href":"https:\/\/agrund.com\/index.php\/wp-json\/wp\/v2\/posts\/116722\/revisions"}],"wp:featuredmedia":[{"embeddable":true,"href":"https:\/\/agrund.com\/index.php\/wp-json\/wp\/v2\/media\/116723"}],"wp:attachment":[{"href":"https:\/\/agrund.com\/index.php\/wp-json\/wp\/v2\/media?parent=116722"}],"wp:term":[{"taxonomy":"category","embeddable":true,"href":"https:\/\/agrund.com\/index.php\/wp-json\/wp\/v2\/categories?post=116722"},{"taxonomy":"post_tag","embeddable":true,"href":"https:\/\/agrund.com\/index.php\/wp-json\/wp\/v2\/tags?post=116722"}],"curies":[{"name":"wp","href":"https:\/\/api.w.org\/{rel}","templated":true}]}}