{"id":116698,"date":"2014-10-30T18:00:08","date_gmt":"2014-10-30T20:00:08","guid":{"rendered":"http:\/\/www.agrund.com\/?p=116698"},"modified":"2014-10-30T16:11:24","modified_gmt":"2014-10-30T18:11:24","slug":"os-looks-ousados-de-rihanna-e-miley-cyrus-no-amfar","status":"publish","type":"post","link":"https:\/\/agrund.com\/index.php\/os-looks-ousados-de-rihanna-e-miley-cyrus-no-amfar\/","title":{"rendered":"Os looks ousados de Rihanna e Miley Cyrus no amfAR"},"content":{"rendered":"<p>Rihanna e Miley Cyrus deram o que falar na noite de ontem, 29\/10, durante o baile da amfAR em Los Angeles. O motivo? Os looks escolhidos pelas cantoras, claro! Rihanna optou por um vestido longo branco cheio de recortes com uma ousada transpar\u00eancia no busto; j\u00e1 Miley apareceu com um longo preto cuja parte de cima era feita em tule transparente com faixas de couro bordadas \u2013 o que cobriu o pouco de corpo que era necess\u00e1rio para n\u00e3o mostrar demais. Ambas as produ\u00e7\u00f5es foram assinadas pelo homenageado da noite, Tom Ford.<\/p>\n<p>Veja os detalhes na galeria e comente o que achou de cada uma delas!<\/p>\n<div id=\"attachment_116701\" style=\"width: 510px\" class=\"wp-caption aligncenter\"><a href=\"https:\/\/i0.wp.com\/www.agrund.com\/wp-content\/uploads\/sites\/6\/2014\/10\/rihanna-tom-ford-pasties-dress.jpg\"><img aria-describedby=\"caption-attachment-116701\" data-attachment-id=\"116701\" data-permalink=\"https:\/\/agrund.com\/index.php\/os-looks-ousados-de-rihanna-e-miley-cyrus-no-amfar\/rihanna-tom-ford-pasties-dress\/\" data-orig-file=\"https:\/\/i0.wp.com\/agrund.com\/wp-content\/uploads\/sites\/6\/2014\/10\/rihanna-tom-ford-pasties-dress.jpg?fit=500%2C731&amp;ssl=1\" data-orig-size=\"500,731\" data-comments-opened=\"1\" data-image-meta=\"{&quot;aperture&quot;:&quot;0&quot;,&quot;credit&quot;:&quot;&quot;,&quot;camera&quot;:&quot;&quot;,&quot;caption&quot;:&quot;&quot;,&quot;created_timestamp&quot;:&quot;0&quot;,&quot;copyright&quot;:&quot;&quot;,&quot;focal_length&quot;:&quot;0&quot;,&quot;iso&quot;:&quot;0&quot;,&quot;shutter_speed&quot;:&quot;0&quot;,&quot;title&quot;:&quot;&quot;,&quot;orientation&quot;:&quot;0&quot;}\" data-image-title=\"rihanna-tom-ford-pasties-dress\" data-image-description=\"\" data-image-caption=\"&lt;p&gt;Os looks ousados de Rihanna e Miley Cyrus no amfAR  &lt;\/p&gt;\n\" data-medium-file=\"https:\/\/i0.wp.com\/agrund.com\/wp-content\/uploads\/sites\/6\/2014\/10\/rihanna-tom-ford-pasties-dress.jpg?fit=205%2C300&amp;ssl=1\" data-large-file=\"https:\/\/i0.wp.com\/agrund.com\/wp-content\/uploads\/sites\/6\/2014\/10\/rihanna-tom-ford-pasties-dress.jpg?fit=500%2C731&amp;ssl=1\" decoding=\"async\" loading=\"lazy\" class=\"size-full wp-image-116701\" alt=\"Os looks ousados de Rihanna e Miley Cyrus no amfAR  \" src=\"https:\/\/i0.wp.com\/www.agrund.com\/wp-content\/uploads\/sites\/6\/2014\/10\/rihanna-tom-ford-pasties-dress.jpg?resize=500%2C731\" width=\"500\" height=\"731\" srcset=\"https:\/\/i0.wp.com\/agrund.com\/wp-content\/uploads\/sites\/6\/2014\/10\/rihanna-tom-ford-pasties-dress.jpg?w=500&amp;ssl=1 500w, https:\/\/i0.wp.com\/agrund.com\/wp-content\/uploads\/sites\/6\/2014\/10\/rihanna-tom-ford-pasties-dress.jpg?resize=205%2C300&amp;ssl=1 205w\" sizes=\"(max-width: 500px) 100vw, 500px\" data-recalc-dims=\"1\" \/><\/a><p id=\"caption-attachment-116701\" class=\"wp-caption-text\">Os looks ousados de Rihanna e Miley Cyrus no amfAR<\/p><\/div>\n<div id=\"attachment_116700\" style=\"width: 510px\" class=\"wp-caption aligncenter\"><a href=\"https:\/\/i0.wp.com\/www.agrund.com\/wp-content\/uploads\/sites\/6\/2014\/10\/rihanna-tom-ford-pasties.jpg\"><img aria-describedby=\"caption-attachment-116700\" data-attachment-id=\"116700\" data-permalink=\"https:\/\/agrund.com\/index.php\/os-looks-ousados-de-rihanna-e-miley-cyrus-no-amfar\/rihanna-tom-ford-pasties\/\" data-orig-file=\"https:\/\/i0.wp.com\/agrund.com\/wp-content\/uploads\/sites\/6\/2014\/10\/rihanna-tom-ford-pasties.jpg?fit=500%2C750&amp;ssl=1\" data-orig-size=\"500,750\" data-comments-opened=\"1\" data-image-meta=\"{&quot;aperture&quot;:&quot;0&quot;,&quot;credit&quot;:&quot;&quot;,&quot;camera&quot;:&quot;&quot;,&quot;caption&quot;:&quot;&quot;,&quot;created_timestamp&quot;:&quot;0&quot;,&quot;copyright&quot;:&quot;&quot;,&quot;focal_length&quot;:&quot;0&quot;,&quot;iso&quot;:&quot;0&quot;,&quot;shutter_speed&quot;:&quot;0&quot;,&quot;title&quot;:&quot;&quot;,&quot;orientation&quot;:&quot;0&quot;}\" data-image-title=\"rihanna-tom-ford-pasties\" data-image-description=\"\" data-image-caption=\"&lt;p&gt;Os looks ousados de Rihanna e Miley Cyrus no amfAR  &lt;\/p&gt;\n\" data-medium-file=\"https:\/\/i0.wp.com\/agrund.com\/wp-content\/uploads\/sites\/6\/2014\/10\/rihanna-tom-ford-pasties.jpg?fit=200%2C300&amp;ssl=1\" data-large-file=\"https:\/\/i0.wp.com\/agrund.com\/wp-content\/uploads\/sites\/6\/2014\/10\/rihanna-tom-ford-pasties.jpg?fit=500%2C750&amp;ssl=1\" decoding=\"async\" loading=\"lazy\" class=\"size-full wp-image-116700\" alt=\"Os looks ousados de Rihanna e Miley Cyrus no amfAR  \" src=\"https:\/\/i0.wp.com\/www.agrund.com\/wp-content\/uploads\/sites\/6\/2014\/10\/rihanna-tom-ford-pasties.jpg?resize=500%2C750\" width=\"500\" height=\"750\" srcset=\"https:\/\/i0.wp.com\/agrund.com\/wp-content\/uploads\/sites\/6\/2014\/10\/rihanna-tom-ford-pasties.jpg?w=500&amp;ssl=1 500w, https:\/\/i0.wp.com\/agrund.com\/wp-content\/uploads\/sites\/6\/2014\/10\/rihanna-tom-ford-pasties.jpg?resize=200%2C300&amp;ssl=1 200w\" sizes=\"(max-width: 500px) 100vw, 500px\" data-recalc-dims=\"1\" \/><\/a><p id=\"caption-attachment-116700\" class=\"wp-caption-text\">Os looks ousados de Rihanna e Miley Cyrus no amfAR<\/p><\/div>\n<div id=\"attachment_116699\" style=\"width: 510px\" class=\"wp-caption aligncenter\"><a href=\"https:\/\/i0.wp.com\/www.agrund.com\/wp-content\/uploads\/sites\/6\/2014\/10\/miley-cyrus-tom-ford-amfar-gala.jpg\"><img aria-describedby=\"caption-attachment-116699\" data-attachment-id=\"116699\" data-permalink=\"https:\/\/agrund.com\/index.php\/os-looks-ousados-de-rihanna-e-miley-cyrus-no-amfar\/miley-cyrus-tom-ford-amfar-gala\/\" data-orig-file=\"https:\/\/i0.wp.com\/agrund.com\/wp-content\/uploads\/sites\/6\/2014\/10\/miley-cyrus-tom-ford-amfar-gala.jpg?fit=500%2C756&amp;ssl=1\" data-orig-size=\"500,756\" data-comments-opened=\"1\" data-image-meta=\"{&quot;aperture&quot;:&quot;0&quot;,&quot;credit&quot;:&quot;&quot;,&quot;camera&quot;:&quot;&quot;,&quot;caption&quot;:&quot;&quot;,&quot;created_timestamp&quot;:&quot;0&quot;,&quot;copyright&quot;:&quot;&quot;,&quot;focal_length&quot;:&quot;0&quot;,&quot;iso&quot;:&quot;0&quot;,&quot;shutter_speed&quot;:&quot;0&quot;,&quot;title&quot;:&quot;&quot;,&quot;orientation&quot;:&quot;0&quot;}\" data-image-title=\"miley-cyrus-tom-ford-amfar-gala\" data-image-description=\"\" data-image-caption=\"&lt;p&gt;Os looks ousados de Rihanna e Miley Cyrus no amfAR  &lt;\/p&gt;\n\" data-medium-file=\"https:\/\/i0.wp.com\/agrund.com\/wp-content\/uploads\/sites\/6\/2014\/10\/miley-cyrus-tom-ford-amfar-gala.jpg?fit=198%2C300&amp;ssl=1\" data-large-file=\"https:\/\/i0.wp.com\/agrund.com\/wp-content\/uploads\/sites\/6\/2014\/10\/miley-cyrus-tom-ford-amfar-gala.jpg?fit=500%2C756&amp;ssl=1\" decoding=\"async\" loading=\"lazy\" class=\"size-full wp-image-116699\" alt=\"Os looks ousados de Rihanna e Miley Cyrus no amfAR  \" src=\"https:\/\/i0.wp.com\/www.agrund.com\/wp-content\/uploads\/sites\/6\/2014\/10\/miley-cyrus-tom-ford-amfar-gala.jpg?resize=500%2C756\" width=\"500\" height=\"756\" srcset=\"https:\/\/i0.wp.com\/agrund.com\/wp-content\/uploads\/sites\/6\/2014\/10\/miley-cyrus-tom-ford-amfar-gala.jpg?w=500&amp;ssl=1 500w, https:\/\/i0.wp.com\/agrund.com\/wp-content\/uploads\/sites\/6\/2014\/10\/miley-cyrus-tom-ford-amfar-gala.jpg?resize=198%2C300&amp;ssl=1 198w\" sizes=\"(max-width: 500px) 100vw, 500px\" data-recalc-dims=\"1\" \/><\/a><p id=\"caption-attachment-116699\" class=\"wp-caption-text\">Os looks ousados de Rihanna e Miley Cyrus no amfAR<\/p><\/div>\n<div id=\"attachment_116702\" style=\"width: 510px\" class=\"wp-caption aligncenter\"><a href=\"https:\/\/i0.wp.com\/www.agrund.com\/wp-content\/uploads\/sites\/6\/2014\/10\/rs_634x1024-141029200737-634.Miley-Cyrus-amfAR-Inspiration-Gala.2.ms_.102914.jpg\"><img aria-describedby=\"caption-attachment-116702\" data-attachment-id=\"116702\" data-permalink=\"https:\/\/agrund.com\/index.php\/os-looks-ousados-de-rihanna-e-miley-cyrus-no-amfar\/rs_634x1024-141029200737-634-miley-cyrus-amfar-inspiration-gala-2-ms-102914\/\" data-orig-file=\"https:\/\/i0.wp.com\/agrund.com\/wp-content\/uploads\/sites\/6\/2014\/10\/rs_634x1024-141029200737-634.Miley-Cyrus-amfAR-Inspiration-Gala.2.ms_.102914.jpg?fit=500%2C808&amp;ssl=1\" data-orig-size=\"500,808\" data-comments-opened=\"1\" data-image-meta=\"{&quot;aperture&quot;:&quot;0&quot;,&quot;credit&quot;:&quot;&quot;,&quot;camera&quot;:&quot;&quot;,&quot;caption&quot;:&quot;&quot;,&quot;created_timestamp&quot;:&quot;0&quot;,&quot;copyright&quot;:&quot;&quot;,&quot;focal_length&quot;:&quot;0&quot;,&quot;iso&quot;:&quot;0&quot;,&quot;shutter_speed&quot;:&quot;0&quot;,&quot;title&quot;:&quot;&quot;,&quot;orientation&quot;:&quot;1&quot;}\" data-image-title=\"rs_634x1024-141029200737-634.Miley-Cyrus-amfAR-Inspiration-Gala.2.ms.102914\" data-image-description=\"\" data-image-caption=\"&lt;p&gt;Os looks ousados de Rihanna e Miley Cyrus no amfAR  &lt;\/p&gt;\n\" data-medium-file=\"https:\/\/i0.wp.com\/agrund.com\/wp-content\/uploads\/sites\/6\/2014\/10\/rs_634x1024-141029200737-634.Miley-Cyrus-amfAR-Inspiration-Gala.2.ms_.102914.jpg?fit=186%2C300&amp;ssl=1\" data-large-file=\"https:\/\/i0.wp.com\/agrund.com\/wp-content\/uploads\/sites\/6\/2014\/10\/rs_634x1024-141029200737-634.Miley-Cyrus-amfAR-Inspiration-Gala.2.ms_.102914.jpg?fit=500%2C808&amp;ssl=1\" decoding=\"async\" loading=\"lazy\" class=\"size-full wp-image-116702\" alt=\"Os looks ousados de Rihanna e Miley Cyrus no amfAR  \" src=\"https:\/\/i0.wp.com\/www.agrund.com\/wp-content\/uploads\/sites\/6\/2014\/10\/rs_634x1024-141029200737-634.Miley-Cyrus-amfAR-Inspiration-Gala.2.ms_.102914.jpg?resize=500%2C808\" width=\"500\" height=\"808\" srcset=\"https:\/\/i0.wp.com\/agrund.com\/wp-content\/uploads\/sites\/6\/2014\/10\/rs_634x1024-141029200737-634.Miley-Cyrus-amfAR-Inspiration-Gala.2.ms_.102914.jpg?w=500&amp;ssl=1 500w, https:\/\/i0.wp.com\/agrund.com\/wp-content\/uploads\/sites\/6\/2014\/10\/rs_634x1024-141029200737-634.Miley-Cyrus-amfAR-Inspiration-Gala.2.ms_.102914.jpg?resize=186%2C300&amp;ssl=1 186w\" sizes=\"(max-width: 500px) 100vw, 500px\" data-recalc-dims=\"1\" \/><\/a><p id=\"caption-attachment-116702\" class=\"wp-caption-text\">Os looks ousados de Rihanna e Miley Cyrus no amfAR<\/p><\/div>\n<p>&nbsp;<\/p>\n<p>Imagens: Reprodu\u00e7\u00e3o.<\/p>\n<p>&nbsp;<\/p>\n<p>&nbsp;<\/p>\n<p>&nbsp;<\/p>\n","protected":false},"excerpt":{"rendered":"<p>Rihanna e Miley Cyrus deram o que falar na noite de ontem, 29\/10, durante o baile da amfAR em Los Angeles. O motivo? Os looks escolhidos pelas cantoras, claro! Rihanna optou por um vestido longo branco cheio de recortes com uma ousada transpar\u00eancia no busto; j\u00e1 Miley apareceu com um longo preto cuja parte de [&hellip;]<\/p>\n","protected":false},"author":8,"featured_media":116703,"comment_status":"open","ping_status":"open","sticky":false,"template":"","format":"standard","meta":{"jetpack_post_was_ever_published":false,"_jetpack_newsletter_access":"","jetpack_publicize_message":"Os looks de #Rihanna e #MileyCyrus deram o que falar no amfAR. Veja as fotos e comente o que achou das produ\u00e7\u00f5es no link:\r\n http:\/\/wp.me\/p3Hz0n-ume","jetpack_is_tweetstorm":false,"jetpack_publicize_feature_enabled":true,"jetpack_social_post_already_shared":true,"jetpack_social_options":{"image_generator_settings":{"template":"highway","enabled":false}}},"categories":[2],"tags":[],"jetpack_publicize_connections":[],"jetpack_featured_media_url":"https:\/\/i0.wp.com\/agrund.com\/wp-content\/uploads\/sites\/6\/2014\/10\/slide238.jpg?fit=960%2C300&ssl=1","jetpack_sharing_enabled":true,"jetpack_shortlink":"https:\/\/wp.me\/p3Hz0n-ume","jetpack_likes_enabled":true,"_links":{"self":[{"href":"https:\/\/agrund.com\/index.php\/wp-json\/wp\/v2\/posts\/116698"}],"collection":[{"href":"https:\/\/agrund.com\/index.php\/wp-json\/wp\/v2\/posts"}],"about":[{"href":"https:\/\/agrund.com\/index.php\/wp-json\/wp\/v2\/types\/post"}],"author":[{"embeddable":true,"href":"https:\/\/agrund.com\/index.php\/wp-json\/wp\/v2\/users\/8"}],"replies":[{"embeddable":true,"href":"https:\/\/agrund.com\/index.php\/wp-json\/wp\/v2\/comments?post=116698"}],"version-history":[{"count":0,"href":"https:\/\/agrund.com\/index.php\/wp-json\/wp\/v2\/posts\/116698\/revisions"}],"wp:featuredmedia":[{"embeddable":true,"href":"https:\/\/agrund.com\/index.php\/wp-json\/wp\/v2\/media\/116703"}],"wp:attachment":[{"href":"https:\/\/agrund.com\/index.php\/wp-json\/wp\/v2\/media?parent=116698"}],"wp:term":[{"taxonomy":"category","embeddable":true,"href":"https:\/\/agrund.com\/index.php\/wp-json\/wp\/v2\/categories?post=116698"},{"taxonomy":"post_tag","embeddable":true,"href":"https:\/\/agrund.com\/index.php\/wp-json\/wp\/v2\/tags?post=116698"}],"curies":[{"name":"wp","href":"https:\/\/api.w.org\/{rel}","templated":true}]}}