{"id":116640,"date":"2014-10-30T15:30:51","date_gmt":"2014-10-30T17:30:51","guid":{"rendered":"http:\/\/www.agrund.com\/?p=116640"},"modified":"2014-10-30T14:24:53","modified_gmt":"2014-10-30T16:24:53","slug":"luiz-leite-outono-inverno-2015","status":"publish","type":"post","link":"https:\/\/agrund.com\/index.php\/luiz-leite-outono-inverno-2015\/","title":{"rendered":"Luiz Leite outono-inverno 2015"},"content":{"rendered":"<p>Luiz Leite sempre costuma mostrar uma moda masculina bem executada e pr\u00f3xima do mercado consumidor. S\u00f3 que para o outono-inverno 2015 ele apostou pesado na realidade investindo em uma das mat\u00e9rias-primas mais comuns no mundo todo: o jeans, que sobe \u00e0 passarela dando vida a todos os looks da cole\u00e7\u00e3o. O resultado conta com jaquetas, camisas e bermudas que exploram uma s\u00e9rie de lavagens, da escura para a mais clara, abrindo espa\u00e7o para rasgos, desfiados e bolsos deslocados que conferem ao tecido uma pegada ainda mais urbana.<\/p>\n<p>Uma pena que no conjunto final os looks s\u00e3o t\u00e3o parecidos! A impress\u00e3o que se tem \u00e9 uma repeti\u00e7\u00e3o de mesmices que voc\u00ea encontra no shopping ao lado; mas tudo bem, afinal esse \u00e9 o trunfo comercial de Luiz.<\/p>\n<div id=\"attachment_116641\" style=\"width: 510px\" class=\"wp-caption aligncenter\"><a href=\"https:\/\/i0.wp.com\/www.agrund.com\/wp-content\/uploads\/sites\/6\/2014\/10\/Luiz-1.jpg\"><img aria-describedby=\"caption-attachment-116641\" data-attachment-id=\"116641\" data-permalink=\"https:\/\/agrund.com\/index.php\/luiz-leite-outono-inverno-2015\/luiz-1-2\/\" data-orig-file=\"https:\/\/i0.wp.com\/agrund.com\/wp-content\/uploads\/sites\/6\/2014\/10\/Luiz-1.jpg?fit=500%2C751&amp;ssl=1\" data-orig-size=\"500,751\" data-comments-opened=\"1\" data-image-meta=\"{&quot;aperture&quot;:&quot;0&quot;,&quot;credit&quot;:&quot;&quot;,&quot;camera&quot;:&quot;&quot;,&quot;caption&quot;:&quot;&quot;,&quot;created_timestamp&quot;:&quot;0&quot;,&quot;copyright&quot;:&quot;&quot;,&quot;focal_length&quot;:&quot;0&quot;,&quot;iso&quot;:&quot;0&quot;,&quot;shutter_speed&quot;:&quot;0&quot;,&quot;title&quot;:&quot;&quot;,&quot;orientation&quot;:&quot;0&quot;}\" data-image-title=\"Luiz 1\" data-image-description=\"\" data-image-caption=\"&lt;p&gt;Luiz Leite outono-inverno 2015 &lt;\/p&gt;\n\" data-medium-file=\"https:\/\/i0.wp.com\/agrund.com\/wp-content\/uploads\/sites\/6\/2014\/10\/Luiz-1.jpg?fit=200%2C300&amp;ssl=1\" data-large-file=\"https:\/\/i0.wp.com\/agrund.com\/wp-content\/uploads\/sites\/6\/2014\/10\/Luiz-1.jpg?fit=500%2C751&amp;ssl=1\" decoding=\"async\" loading=\"lazy\" class=\"size-full wp-image-116641\" alt=\"Luiz Leite outono-inverno 2015 \" src=\"https:\/\/i0.wp.com\/www.agrund.com\/wp-content\/uploads\/sites\/6\/2014\/10\/Luiz-1.jpg?resize=500%2C751\" width=\"500\" height=\"751\" srcset=\"https:\/\/i0.wp.com\/agrund.com\/wp-content\/uploads\/sites\/6\/2014\/10\/Luiz-1.jpg?w=500&amp;ssl=1 500w, https:\/\/i0.wp.com\/agrund.com\/wp-content\/uploads\/sites\/6\/2014\/10\/Luiz-1.jpg?resize=200%2C300&amp;ssl=1 200w\" sizes=\"(max-width: 500px) 100vw, 500px\" data-recalc-dims=\"1\" \/><\/a><p id=\"caption-attachment-116641\" class=\"wp-caption-text\">Luiz Leite outono-inverno 2015<\/p><\/div>\n<div id=\"attachment_116642\" style=\"width: 510px\" class=\"wp-caption aligncenter\"><a href=\"https:\/\/i0.wp.com\/www.agrund.com\/wp-content\/uploads\/sites\/6\/2014\/10\/Luiz-2.jpg\"><img aria-describedby=\"caption-attachment-116642\" data-attachment-id=\"116642\" data-permalink=\"https:\/\/agrund.com\/index.php\/luiz-leite-outono-inverno-2015\/luiz-2-2\/\" data-orig-file=\"https:\/\/i0.wp.com\/agrund.com\/wp-content\/uploads\/sites\/6\/2014\/10\/Luiz-2.jpg?fit=500%2C751&amp;ssl=1\" data-orig-size=\"500,751\" data-comments-opened=\"1\" data-image-meta=\"{&quot;aperture&quot;:&quot;0&quot;,&quot;credit&quot;:&quot;&quot;,&quot;camera&quot;:&quot;&quot;,&quot;caption&quot;:&quot;&quot;,&quot;created_timestamp&quot;:&quot;0&quot;,&quot;copyright&quot;:&quot;&quot;,&quot;focal_length&quot;:&quot;0&quot;,&quot;iso&quot;:&quot;0&quot;,&quot;shutter_speed&quot;:&quot;0&quot;,&quot;title&quot;:&quot;&quot;,&quot;orientation&quot;:&quot;0&quot;}\" data-image-title=\"Luiz 2\" data-image-description=\"\" data-image-caption=\"&lt;p&gt;Luiz Leite outono-inverno 2015 &lt;\/p&gt;\n\" data-medium-file=\"https:\/\/i0.wp.com\/agrund.com\/wp-content\/uploads\/sites\/6\/2014\/10\/Luiz-2.jpg?fit=200%2C300&amp;ssl=1\" data-large-file=\"https:\/\/i0.wp.com\/agrund.com\/wp-content\/uploads\/sites\/6\/2014\/10\/Luiz-2.jpg?fit=500%2C751&amp;ssl=1\" decoding=\"async\" loading=\"lazy\" class=\"size-full wp-image-116642\" alt=\"Luiz Leite outono-inverno 2015 \" src=\"https:\/\/i0.wp.com\/www.agrund.com\/wp-content\/uploads\/sites\/6\/2014\/10\/Luiz-2.jpg?resize=500%2C751\" width=\"500\" height=\"751\" srcset=\"https:\/\/i0.wp.com\/agrund.com\/wp-content\/uploads\/sites\/6\/2014\/10\/Luiz-2.jpg?w=500&amp;ssl=1 500w, https:\/\/i0.wp.com\/agrund.com\/wp-content\/uploads\/sites\/6\/2014\/10\/Luiz-2.jpg?resize=200%2C300&amp;ssl=1 200w\" sizes=\"(max-width: 500px) 100vw, 500px\" data-recalc-dims=\"1\" \/><\/a><p id=\"caption-attachment-116642\" class=\"wp-caption-text\">Luiz Leite outono-inverno 2015<\/p><\/div>\n<div id=\"attachment_116643\" style=\"width: 510px\" class=\"wp-caption aligncenter\"><a href=\"https:\/\/i0.wp.com\/www.agrund.com\/wp-content\/uploads\/sites\/6\/2014\/10\/Luiz-3.jpg\"><img aria-describedby=\"caption-attachment-116643\" data-attachment-id=\"116643\" data-permalink=\"https:\/\/agrund.com\/index.php\/luiz-leite-outono-inverno-2015\/luiz-3-2\/\" data-orig-file=\"https:\/\/i0.wp.com\/agrund.com\/wp-content\/uploads\/sites\/6\/2014\/10\/Luiz-3.jpg?fit=500%2C751&amp;ssl=1\" data-orig-size=\"500,751\" data-comments-opened=\"1\" data-image-meta=\"{&quot;aperture&quot;:&quot;0&quot;,&quot;credit&quot;:&quot;&quot;,&quot;camera&quot;:&quot;&quot;,&quot;caption&quot;:&quot;&quot;,&quot;created_timestamp&quot;:&quot;0&quot;,&quot;copyright&quot;:&quot;&quot;,&quot;focal_length&quot;:&quot;0&quot;,&quot;iso&quot;:&quot;0&quot;,&quot;shutter_speed&quot;:&quot;0&quot;,&quot;title&quot;:&quot;&quot;,&quot;orientation&quot;:&quot;0&quot;}\" data-image-title=\"Luiz 3\" data-image-description=\"\" data-image-caption=\"&lt;p&gt;Luiz Leite outono-inverno 2015 &lt;\/p&gt;\n\" data-medium-file=\"https:\/\/i0.wp.com\/agrund.com\/wp-content\/uploads\/sites\/6\/2014\/10\/Luiz-3.jpg?fit=200%2C300&amp;ssl=1\" data-large-file=\"https:\/\/i0.wp.com\/agrund.com\/wp-content\/uploads\/sites\/6\/2014\/10\/Luiz-3.jpg?fit=500%2C751&amp;ssl=1\" decoding=\"async\" loading=\"lazy\" class=\"size-full wp-image-116643\" alt=\"Luiz Leite outono-inverno 2015 \" src=\"https:\/\/i0.wp.com\/www.agrund.com\/wp-content\/uploads\/sites\/6\/2014\/10\/Luiz-3.jpg?resize=500%2C751\" width=\"500\" height=\"751\" srcset=\"https:\/\/i0.wp.com\/agrund.com\/wp-content\/uploads\/sites\/6\/2014\/10\/Luiz-3.jpg?w=500&amp;ssl=1 500w, https:\/\/i0.wp.com\/agrund.com\/wp-content\/uploads\/sites\/6\/2014\/10\/Luiz-3.jpg?resize=200%2C300&amp;ssl=1 200w\" sizes=\"(max-width: 500px) 100vw, 500px\" data-recalc-dims=\"1\" \/><\/a><p id=\"caption-attachment-116643\" class=\"wp-caption-text\">Luiz Leite outono-inverno 2015<\/p><\/div>\n<div id=\"attachment_116644\" style=\"width: 510px\" class=\"wp-caption aligncenter\"><a href=\"https:\/\/i0.wp.com\/www.agrund.com\/wp-content\/uploads\/sites\/6\/2014\/10\/Luiz-4.jpg\"><img aria-describedby=\"caption-attachment-116644\" data-attachment-id=\"116644\" data-permalink=\"https:\/\/agrund.com\/index.php\/luiz-leite-outono-inverno-2015\/luiz-4-2\/\" data-orig-file=\"https:\/\/i0.wp.com\/agrund.com\/wp-content\/uploads\/sites\/6\/2014\/10\/Luiz-4.jpg?fit=500%2C751&amp;ssl=1\" data-orig-size=\"500,751\" data-comments-opened=\"1\" data-image-meta=\"{&quot;aperture&quot;:&quot;0&quot;,&quot;credit&quot;:&quot;&quot;,&quot;camera&quot;:&quot;&quot;,&quot;caption&quot;:&quot;&quot;,&quot;created_timestamp&quot;:&quot;0&quot;,&quot;copyright&quot;:&quot;&quot;,&quot;focal_length&quot;:&quot;0&quot;,&quot;iso&quot;:&quot;0&quot;,&quot;shutter_speed&quot;:&quot;0&quot;,&quot;title&quot;:&quot;&quot;,&quot;orientation&quot;:&quot;0&quot;}\" data-image-title=\"Luiz 4\" data-image-description=\"\" data-image-caption=\"&lt;p&gt;Luiz Leite outono-inverno 2015 &lt;\/p&gt;\n\" data-medium-file=\"https:\/\/i0.wp.com\/agrund.com\/wp-content\/uploads\/sites\/6\/2014\/10\/Luiz-4.jpg?fit=200%2C300&amp;ssl=1\" data-large-file=\"https:\/\/i0.wp.com\/agrund.com\/wp-content\/uploads\/sites\/6\/2014\/10\/Luiz-4.jpg?fit=500%2C751&amp;ssl=1\" decoding=\"async\" loading=\"lazy\" class=\"size-full wp-image-116644\" alt=\"Luiz Leite outono-inverno 2015 \" src=\"https:\/\/i0.wp.com\/www.agrund.com\/wp-content\/uploads\/sites\/6\/2014\/10\/Luiz-4.jpg?resize=500%2C751\" width=\"500\" height=\"751\" srcset=\"https:\/\/i0.wp.com\/agrund.com\/wp-content\/uploads\/sites\/6\/2014\/10\/Luiz-4.jpg?w=500&amp;ssl=1 500w, https:\/\/i0.wp.com\/agrund.com\/wp-content\/uploads\/sites\/6\/2014\/10\/Luiz-4.jpg?resize=200%2C300&amp;ssl=1 200w\" sizes=\"(max-width: 500px) 100vw, 500px\" data-recalc-dims=\"1\" \/><\/a><p id=\"caption-attachment-116644\" class=\"wp-caption-text\">Luiz Leite outono-inverno 2015<\/p><\/div>\n<div id=\"attachment_116645\" style=\"width: 510px\" class=\"wp-caption aligncenter\"><a href=\"https:\/\/i0.wp.com\/www.agrund.com\/wp-content\/uploads\/sites\/6\/2014\/10\/Luiz-5.jpg\"><img aria-describedby=\"caption-attachment-116645\" data-attachment-id=\"116645\" data-permalink=\"https:\/\/agrund.com\/index.php\/luiz-leite-outono-inverno-2015\/luiz-5-2\/\" data-orig-file=\"https:\/\/i0.wp.com\/agrund.com\/wp-content\/uploads\/sites\/6\/2014\/10\/Luiz-5.jpg?fit=500%2C751&amp;ssl=1\" data-orig-size=\"500,751\" data-comments-opened=\"1\" data-image-meta=\"{&quot;aperture&quot;:&quot;0&quot;,&quot;credit&quot;:&quot;&quot;,&quot;camera&quot;:&quot;&quot;,&quot;caption&quot;:&quot;&quot;,&quot;created_timestamp&quot;:&quot;0&quot;,&quot;copyright&quot;:&quot;&quot;,&quot;focal_length&quot;:&quot;0&quot;,&quot;iso&quot;:&quot;0&quot;,&quot;shutter_speed&quot;:&quot;0&quot;,&quot;title&quot;:&quot;&quot;,&quot;orientation&quot;:&quot;0&quot;}\" data-image-title=\"Luiz 5\" data-image-description=\"\" data-image-caption=\"&lt;p&gt;Luiz Leite outono-inverno 2015 &lt;\/p&gt;\n\" data-medium-file=\"https:\/\/i0.wp.com\/agrund.com\/wp-content\/uploads\/sites\/6\/2014\/10\/Luiz-5.jpg?fit=200%2C300&amp;ssl=1\" data-large-file=\"https:\/\/i0.wp.com\/agrund.com\/wp-content\/uploads\/sites\/6\/2014\/10\/Luiz-5.jpg?fit=500%2C751&amp;ssl=1\" decoding=\"async\" loading=\"lazy\" class=\"size-full wp-image-116645\" alt=\"Luiz Leite outono-inverno 2015 \" src=\"https:\/\/i0.wp.com\/www.agrund.com\/wp-content\/uploads\/sites\/6\/2014\/10\/Luiz-5.jpg?resize=500%2C751\" width=\"500\" height=\"751\" srcset=\"https:\/\/i0.wp.com\/agrund.com\/wp-content\/uploads\/sites\/6\/2014\/10\/Luiz-5.jpg?w=500&amp;ssl=1 500w, https:\/\/i0.wp.com\/agrund.com\/wp-content\/uploads\/sites\/6\/2014\/10\/Luiz-5.jpg?resize=200%2C300&amp;ssl=1 200w\" sizes=\"(max-width: 500px) 100vw, 500px\" data-recalc-dims=\"1\" \/><\/a><p id=\"caption-attachment-116645\" class=\"wp-caption-text\">Luiz Leite outono-inverno 2015<\/p><\/div>\n<div id=\"attachment_116646\" style=\"width: 510px\" class=\"wp-caption aligncenter\"><a href=\"https:\/\/i0.wp.com\/www.agrund.com\/wp-content\/uploads\/sites\/6\/2014\/10\/Luiz-6.jpg\"><img aria-describedby=\"caption-attachment-116646\" data-attachment-id=\"116646\" data-permalink=\"https:\/\/agrund.com\/index.php\/luiz-leite-outono-inverno-2015\/luiz-6-2\/\" data-orig-file=\"https:\/\/i0.wp.com\/agrund.com\/wp-content\/uploads\/sites\/6\/2014\/10\/Luiz-6.jpg?fit=500%2C751&amp;ssl=1\" data-orig-size=\"500,751\" data-comments-opened=\"1\" data-image-meta=\"{&quot;aperture&quot;:&quot;0&quot;,&quot;credit&quot;:&quot;&quot;,&quot;camera&quot;:&quot;&quot;,&quot;caption&quot;:&quot;&quot;,&quot;created_timestamp&quot;:&quot;0&quot;,&quot;copyright&quot;:&quot;&quot;,&quot;focal_length&quot;:&quot;0&quot;,&quot;iso&quot;:&quot;0&quot;,&quot;shutter_speed&quot;:&quot;0&quot;,&quot;title&quot;:&quot;&quot;,&quot;orientation&quot;:&quot;0&quot;}\" data-image-title=\"Luiz 6\" data-image-description=\"\" data-image-caption=\"&lt;p&gt;Luiz Leite outono-inverno 2015 &lt;\/p&gt;\n\" data-medium-file=\"https:\/\/i0.wp.com\/agrund.com\/wp-content\/uploads\/sites\/6\/2014\/10\/Luiz-6.jpg?fit=200%2C300&amp;ssl=1\" data-large-file=\"https:\/\/i0.wp.com\/agrund.com\/wp-content\/uploads\/sites\/6\/2014\/10\/Luiz-6.jpg?fit=500%2C751&amp;ssl=1\" decoding=\"async\" loading=\"lazy\" class=\"size-full wp-image-116646\" alt=\"Luiz Leite outono-inverno 2015 \" src=\"https:\/\/i0.wp.com\/www.agrund.com\/wp-content\/uploads\/sites\/6\/2014\/10\/Luiz-6.jpg?resize=500%2C751\" width=\"500\" height=\"751\" srcset=\"https:\/\/i0.wp.com\/agrund.com\/wp-content\/uploads\/sites\/6\/2014\/10\/Luiz-6.jpg?w=500&amp;ssl=1 500w, https:\/\/i0.wp.com\/agrund.com\/wp-content\/uploads\/sites\/6\/2014\/10\/Luiz-6.jpg?resize=200%2C300&amp;ssl=1 200w\" sizes=\"(max-width: 500px) 100vw, 500px\" data-recalc-dims=\"1\" \/><\/a><p id=\"caption-attachment-116646\" class=\"wp-caption-text\">Luiz Leite outono-inverno 2015<\/p><\/div>\n<div id=\"attachment_116647\" style=\"width: 510px\" class=\"wp-caption aligncenter\"><a href=\"https:\/\/i0.wp.com\/www.agrund.com\/wp-content\/uploads\/sites\/6\/2014\/10\/Luiz-7.jpg\"><img aria-describedby=\"caption-attachment-116647\" data-attachment-id=\"116647\" data-permalink=\"https:\/\/agrund.com\/index.php\/luiz-leite-outono-inverno-2015\/luiz-7-3\/\" data-orig-file=\"https:\/\/i0.wp.com\/agrund.com\/wp-content\/uploads\/sites\/6\/2014\/10\/Luiz-7.jpg?fit=500%2C751&amp;ssl=1\" data-orig-size=\"500,751\" data-comments-opened=\"1\" data-image-meta=\"{&quot;aperture&quot;:&quot;0&quot;,&quot;credit&quot;:&quot;&quot;,&quot;camera&quot;:&quot;&quot;,&quot;caption&quot;:&quot;&quot;,&quot;created_timestamp&quot;:&quot;0&quot;,&quot;copyright&quot;:&quot;&quot;,&quot;focal_length&quot;:&quot;0&quot;,&quot;iso&quot;:&quot;0&quot;,&quot;shutter_speed&quot;:&quot;0&quot;,&quot;title&quot;:&quot;&quot;,&quot;orientation&quot;:&quot;0&quot;}\" data-image-title=\"Luiz 7\" data-image-description=\"\" data-image-caption=\"&lt;p&gt;Luiz Leite outono-inverno 2015 &lt;\/p&gt;\n\" data-medium-file=\"https:\/\/i0.wp.com\/agrund.com\/wp-content\/uploads\/sites\/6\/2014\/10\/Luiz-7.jpg?fit=200%2C300&amp;ssl=1\" data-large-file=\"https:\/\/i0.wp.com\/agrund.com\/wp-content\/uploads\/sites\/6\/2014\/10\/Luiz-7.jpg?fit=500%2C751&amp;ssl=1\" decoding=\"async\" loading=\"lazy\" class=\"size-full wp-image-116647\" alt=\"Luiz Leite outono-inverno 2015 \" src=\"https:\/\/i0.wp.com\/www.agrund.com\/wp-content\/uploads\/sites\/6\/2014\/10\/Luiz-7.jpg?resize=500%2C751\" width=\"500\" height=\"751\" srcset=\"https:\/\/i0.wp.com\/agrund.com\/wp-content\/uploads\/sites\/6\/2014\/10\/Luiz-7.jpg?w=500&amp;ssl=1 500w, https:\/\/i0.wp.com\/agrund.com\/wp-content\/uploads\/sites\/6\/2014\/10\/Luiz-7.jpg?resize=200%2C300&amp;ssl=1 200w\" sizes=\"(max-width: 500px) 100vw, 500px\" data-recalc-dims=\"1\" \/><\/a><p id=\"caption-attachment-116647\" class=\"wp-caption-text\">Luiz Leite outono-inverno 2015<\/p><\/div>\n<div id=\"attachment_116648\" style=\"width: 510px\" class=\"wp-caption aligncenter\"><a href=\"https:\/\/i0.wp.com\/www.agrund.com\/wp-content\/uploads\/sites\/6\/2014\/10\/Luiz-8.jpg\"><img aria-describedby=\"caption-attachment-116648\" data-attachment-id=\"116648\" data-permalink=\"https:\/\/agrund.com\/index.php\/luiz-leite-outono-inverno-2015\/luiz-8\/\" data-orig-file=\"https:\/\/i0.wp.com\/agrund.com\/wp-content\/uploads\/sites\/6\/2014\/10\/Luiz-8.jpg?fit=500%2C751&amp;ssl=1\" data-orig-size=\"500,751\" data-comments-opened=\"1\" data-image-meta=\"{&quot;aperture&quot;:&quot;0&quot;,&quot;credit&quot;:&quot;&quot;,&quot;camera&quot;:&quot;&quot;,&quot;caption&quot;:&quot;&quot;,&quot;created_timestamp&quot;:&quot;0&quot;,&quot;copyright&quot;:&quot;&quot;,&quot;focal_length&quot;:&quot;0&quot;,&quot;iso&quot;:&quot;0&quot;,&quot;shutter_speed&quot;:&quot;0&quot;,&quot;title&quot;:&quot;&quot;,&quot;orientation&quot;:&quot;0&quot;}\" data-image-title=\"Luiz 8\" data-image-description=\"\" data-image-caption=\"&lt;p&gt;Luiz Leite outono-inverno 2015 &lt;\/p&gt;\n\" data-medium-file=\"https:\/\/i0.wp.com\/agrund.com\/wp-content\/uploads\/sites\/6\/2014\/10\/Luiz-8.jpg?fit=200%2C300&amp;ssl=1\" data-large-file=\"https:\/\/i0.wp.com\/agrund.com\/wp-content\/uploads\/sites\/6\/2014\/10\/Luiz-8.jpg?fit=500%2C751&amp;ssl=1\" decoding=\"async\" loading=\"lazy\" class=\"size-full wp-image-116648\" alt=\"Luiz Leite outono-inverno 2015 \" src=\"https:\/\/i0.wp.com\/www.agrund.com\/wp-content\/uploads\/sites\/6\/2014\/10\/Luiz-8.jpg?resize=500%2C751\" width=\"500\" height=\"751\" srcset=\"https:\/\/i0.wp.com\/agrund.com\/wp-content\/uploads\/sites\/6\/2014\/10\/Luiz-8.jpg?w=500&amp;ssl=1 500w, https:\/\/i0.wp.com\/agrund.com\/wp-content\/uploads\/sites\/6\/2014\/10\/Luiz-8.jpg?resize=200%2C300&amp;ssl=1 200w\" sizes=\"(max-width: 500px) 100vw, 500px\" data-recalc-dims=\"1\" \/><\/a><p id=\"caption-attachment-116648\" class=\"wp-caption-text\">Luiz Leite outono-inverno 2015<\/p><\/div>\n<div id=\"attachment_116649\" style=\"width: 510px\" class=\"wp-caption aligncenter\"><a href=\"https:\/\/i0.wp.com\/www.agrund.com\/wp-content\/uploads\/sites\/6\/2014\/10\/Luiz-9.jpg\"><img aria-describedby=\"caption-attachment-116649\" data-attachment-id=\"116649\" data-permalink=\"https:\/\/agrund.com\/index.php\/luiz-leite-outono-inverno-2015\/luiz-9\/\" data-orig-file=\"https:\/\/i0.wp.com\/agrund.com\/wp-content\/uploads\/sites\/6\/2014\/10\/Luiz-9.jpg?fit=500%2C751&amp;ssl=1\" data-orig-size=\"500,751\" data-comments-opened=\"1\" data-image-meta=\"{&quot;aperture&quot;:&quot;0&quot;,&quot;credit&quot;:&quot;&quot;,&quot;camera&quot;:&quot;&quot;,&quot;caption&quot;:&quot;&quot;,&quot;created_timestamp&quot;:&quot;0&quot;,&quot;copyright&quot;:&quot;&quot;,&quot;focal_length&quot;:&quot;0&quot;,&quot;iso&quot;:&quot;0&quot;,&quot;shutter_speed&quot;:&quot;0&quot;,&quot;title&quot;:&quot;&quot;,&quot;orientation&quot;:&quot;0&quot;}\" data-image-title=\"Luiz 9\" data-image-description=\"\" data-image-caption=\"&lt;p&gt;Luiz Leite outono-inverno 2015 &lt;\/p&gt;\n\" data-medium-file=\"https:\/\/i0.wp.com\/agrund.com\/wp-content\/uploads\/sites\/6\/2014\/10\/Luiz-9.jpg?fit=200%2C300&amp;ssl=1\" data-large-file=\"https:\/\/i0.wp.com\/agrund.com\/wp-content\/uploads\/sites\/6\/2014\/10\/Luiz-9.jpg?fit=500%2C751&amp;ssl=1\" decoding=\"async\" loading=\"lazy\" class=\"size-full wp-image-116649\" alt=\"Luiz Leite outono-inverno 2015 \" src=\"https:\/\/i0.wp.com\/www.agrund.com\/wp-content\/uploads\/sites\/6\/2014\/10\/Luiz-9.jpg?resize=500%2C751\" width=\"500\" height=\"751\" srcset=\"https:\/\/i0.wp.com\/agrund.com\/wp-content\/uploads\/sites\/6\/2014\/10\/Luiz-9.jpg?w=500&amp;ssl=1 500w, https:\/\/i0.wp.com\/agrund.com\/wp-content\/uploads\/sites\/6\/2014\/10\/Luiz-9.jpg?resize=200%2C300&amp;ssl=1 200w\" sizes=\"(max-width: 500px) 100vw, 500px\" data-recalc-dims=\"1\" \/><\/a><p id=\"caption-attachment-116649\" class=\"wp-caption-text\">Luiz Leite outono-inverno 2015<\/p><\/div>\n<div id=\"attachment_116650\" style=\"width: 510px\" class=\"wp-caption aligncenter\"><a href=\"https:\/\/i0.wp.com\/www.agrund.com\/wp-content\/uploads\/sites\/6\/2014\/10\/Luiz-10.jpg\"><img aria-describedby=\"caption-attachment-116650\" data-attachment-id=\"116650\" data-permalink=\"https:\/\/agrund.com\/index.php\/luiz-leite-outono-inverno-2015\/luiz-10\/\" data-orig-file=\"https:\/\/i0.wp.com\/agrund.com\/wp-content\/uploads\/sites\/6\/2014\/10\/Luiz-10.jpg?fit=500%2C751&amp;ssl=1\" data-orig-size=\"500,751\" data-comments-opened=\"1\" data-image-meta=\"{&quot;aperture&quot;:&quot;0&quot;,&quot;credit&quot;:&quot;&quot;,&quot;camera&quot;:&quot;&quot;,&quot;caption&quot;:&quot;&quot;,&quot;created_timestamp&quot;:&quot;0&quot;,&quot;copyright&quot;:&quot;&quot;,&quot;focal_length&quot;:&quot;0&quot;,&quot;iso&quot;:&quot;0&quot;,&quot;shutter_speed&quot;:&quot;0&quot;,&quot;title&quot;:&quot;&quot;,&quot;orientation&quot;:&quot;0&quot;}\" data-image-title=\"Luiz 10\" data-image-description=\"\" data-image-caption=\"&lt;p&gt;Luiz Leite outono-inverno 2015 &lt;\/p&gt;\n\" data-medium-file=\"https:\/\/i0.wp.com\/agrund.com\/wp-content\/uploads\/sites\/6\/2014\/10\/Luiz-10.jpg?fit=200%2C300&amp;ssl=1\" data-large-file=\"https:\/\/i0.wp.com\/agrund.com\/wp-content\/uploads\/sites\/6\/2014\/10\/Luiz-10.jpg?fit=500%2C751&amp;ssl=1\" decoding=\"async\" loading=\"lazy\" class=\"size-full wp-image-116650\" alt=\"Luiz Leite outono-inverno 2015 \" src=\"https:\/\/i0.wp.com\/www.agrund.com\/wp-content\/uploads\/sites\/6\/2014\/10\/Luiz-10.jpg?resize=500%2C751\" width=\"500\" height=\"751\" srcset=\"https:\/\/i0.wp.com\/agrund.com\/wp-content\/uploads\/sites\/6\/2014\/10\/Luiz-10.jpg?w=500&amp;ssl=1 500w, https:\/\/i0.wp.com\/agrund.com\/wp-content\/uploads\/sites\/6\/2014\/10\/Luiz-10.jpg?resize=200%2C300&amp;ssl=1 200w\" sizes=\"(max-width: 500px) 100vw, 500px\" data-recalc-dims=\"1\" \/><\/a><p id=\"caption-attachment-116650\" class=\"wp-caption-text\">Luiz Leite outono-inverno 2015<\/p><\/div>\n<div id=\"attachment_116651\" style=\"width: 510px\" class=\"wp-caption aligncenter\"><a href=\"https:\/\/i0.wp.com\/www.agrund.com\/wp-content\/uploads\/sites\/6\/2014\/10\/Luiz-11.jpg\"><img aria-describedby=\"caption-attachment-116651\" data-attachment-id=\"116651\" data-permalink=\"https:\/\/agrund.com\/index.php\/luiz-leite-outono-inverno-2015\/luiz-11\/\" data-orig-file=\"https:\/\/i0.wp.com\/agrund.com\/wp-content\/uploads\/sites\/6\/2014\/10\/Luiz-11.jpg?fit=500%2C751&amp;ssl=1\" data-orig-size=\"500,751\" data-comments-opened=\"1\" data-image-meta=\"{&quot;aperture&quot;:&quot;0&quot;,&quot;credit&quot;:&quot;&quot;,&quot;camera&quot;:&quot;&quot;,&quot;caption&quot;:&quot;&quot;,&quot;created_timestamp&quot;:&quot;0&quot;,&quot;copyright&quot;:&quot;&quot;,&quot;focal_length&quot;:&quot;0&quot;,&quot;iso&quot;:&quot;0&quot;,&quot;shutter_speed&quot;:&quot;0&quot;,&quot;title&quot;:&quot;&quot;,&quot;orientation&quot;:&quot;0&quot;}\" data-image-title=\"Luiz 11\" data-image-description=\"\" data-image-caption=\"&lt;p&gt;Luiz Leite outono-inverno 2015 &lt;\/p&gt;\n\" data-medium-file=\"https:\/\/i0.wp.com\/agrund.com\/wp-content\/uploads\/sites\/6\/2014\/10\/Luiz-11.jpg?fit=200%2C300&amp;ssl=1\" data-large-file=\"https:\/\/i0.wp.com\/agrund.com\/wp-content\/uploads\/sites\/6\/2014\/10\/Luiz-11.jpg?fit=500%2C751&amp;ssl=1\" decoding=\"async\" loading=\"lazy\" class=\"size-full wp-image-116651\" alt=\"Luiz Leite outono-inverno 2015 \" src=\"https:\/\/i0.wp.com\/www.agrund.com\/wp-content\/uploads\/sites\/6\/2014\/10\/Luiz-11.jpg?resize=500%2C751\" width=\"500\" height=\"751\" srcset=\"https:\/\/i0.wp.com\/agrund.com\/wp-content\/uploads\/sites\/6\/2014\/10\/Luiz-11.jpg?w=500&amp;ssl=1 500w, https:\/\/i0.wp.com\/agrund.com\/wp-content\/uploads\/sites\/6\/2014\/10\/Luiz-11.jpg?resize=200%2C300&amp;ssl=1 200w\" sizes=\"(max-width: 500px) 100vw, 500px\" data-recalc-dims=\"1\" \/><\/a><p id=\"caption-attachment-116651\" class=\"wp-caption-text\">Luiz Leite outono-inverno 2015<\/p><\/div>\n<div id=\"attachment_116652\" style=\"width: 510px\" class=\"wp-caption aligncenter\"><a href=\"https:\/\/i0.wp.com\/www.agrund.com\/wp-content\/uploads\/sites\/6\/2014\/10\/Luiz-12.jpg\"><img aria-describedby=\"caption-attachment-116652\" data-attachment-id=\"116652\" data-permalink=\"https:\/\/agrund.com\/index.php\/luiz-leite-outono-inverno-2015\/luiz-12\/\" data-orig-file=\"https:\/\/i0.wp.com\/agrund.com\/wp-content\/uploads\/sites\/6\/2014\/10\/Luiz-12.jpg?fit=500%2C751&amp;ssl=1\" data-orig-size=\"500,751\" data-comments-opened=\"1\" data-image-meta=\"{&quot;aperture&quot;:&quot;0&quot;,&quot;credit&quot;:&quot;&quot;,&quot;camera&quot;:&quot;&quot;,&quot;caption&quot;:&quot;&quot;,&quot;created_timestamp&quot;:&quot;0&quot;,&quot;copyright&quot;:&quot;&quot;,&quot;focal_length&quot;:&quot;0&quot;,&quot;iso&quot;:&quot;0&quot;,&quot;shutter_speed&quot;:&quot;0&quot;,&quot;title&quot;:&quot;&quot;,&quot;orientation&quot;:&quot;0&quot;}\" data-image-title=\"Luiz 12\" data-image-description=\"\" data-image-caption=\"&lt;p&gt;Luiz Leite outono-inverno 2015 &lt;\/p&gt;\n\" data-medium-file=\"https:\/\/i0.wp.com\/agrund.com\/wp-content\/uploads\/sites\/6\/2014\/10\/Luiz-12.jpg?fit=200%2C300&amp;ssl=1\" data-large-file=\"https:\/\/i0.wp.com\/agrund.com\/wp-content\/uploads\/sites\/6\/2014\/10\/Luiz-12.jpg?fit=500%2C751&amp;ssl=1\" decoding=\"async\" loading=\"lazy\" class=\"size-full wp-image-116652\" alt=\"Luiz Leite outono-inverno 2015 \" src=\"https:\/\/i0.wp.com\/www.agrund.com\/wp-content\/uploads\/sites\/6\/2014\/10\/Luiz-12.jpg?resize=500%2C751\" width=\"500\" height=\"751\" srcset=\"https:\/\/i0.wp.com\/agrund.com\/wp-content\/uploads\/sites\/6\/2014\/10\/Luiz-12.jpg?w=500&amp;ssl=1 500w, https:\/\/i0.wp.com\/agrund.com\/wp-content\/uploads\/sites\/6\/2014\/10\/Luiz-12.jpg?resize=200%2C300&amp;ssl=1 200w\" sizes=\"(max-width: 500px) 100vw, 500px\" data-recalc-dims=\"1\" \/><\/a><p id=\"caption-attachment-116652\" class=\"wp-caption-text\">Luiz Leite outono-inverno 2015<\/p><\/div>\n<div id=\"attachment_116653\" style=\"width: 510px\" class=\"wp-caption aligncenter\"><a href=\"https:\/\/i0.wp.com\/www.agrund.com\/wp-content\/uploads\/sites\/6\/2014\/10\/Luiz-13.jpg\"><img aria-describedby=\"caption-attachment-116653\" data-attachment-id=\"116653\" data-permalink=\"https:\/\/agrund.com\/index.php\/luiz-leite-outono-inverno-2015\/luiz-13\/\" data-orig-file=\"https:\/\/i0.wp.com\/agrund.com\/wp-content\/uploads\/sites\/6\/2014\/10\/Luiz-13.jpg?fit=500%2C751&amp;ssl=1\" data-orig-size=\"500,751\" data-comments-opened=\"1\" data-image-meta=\"{&quot;aperture&quot;:&quot;0&quot;,&quot;credit&quot;:&quot;&quot;,&quot;camera&quot;:&quot;&quot;,&quot;caption&quot;:&quot;&quot;,&quot;created_timestamp&quot;:&quot;0&quot;,&quot;copyright&quot;:&quot;&quot;,&quot;focal_length&quot;:&quot;0&quot;,&quot;iso&quot;:&quot;0&quot;,&quot;shutter_speed&quot;:&quot;0&quot;,&quot;title&quot;:&quot;&quot;,&quot;orientation&quot;:&quot;0&quot;}\" data-image-title=\"Luiz 13\" data-image-description=\"\" data-image-caption=\"&lt;p&gt;Luiz Leite outono-inverno 2015 &lt;\/p&gt;\n\" data-medium-file=\"https:\/\/i0.wp.com\/agrund.com\/wp-content\/uploads\/sites\/6\/2014\/10\/Luiz-13.jpg?fit=200%2C300&amp;ssl=1\" data-large-file=\"https:\/\/i0.wp.com\/agrund.com\/wp-content\/uploads\/sites\/6\/2014\/10\/Luiz-13.jpg?fit=500%2C751&amp;ssl=1\" decoding=\"async\" loading=\"lazy\" class=\"size-full wp-image-116653\" alt=\"Luiz Leite outono-inverno 2015 \" src=\"https:\/\/i0.wp.com\/www.agrund.com\/wp-content\/uploads\/sites\/6\/2014\/10\/Luiz-13.jpg?resize=500%2C751\" width=\"500\" height=\"751\" srcset=\"https:\/\/i0.wp.com\/agrund.com\/wp-content\/uploads\/sites\/6\/2014\/10\/Luiz-13.jpg?w=500&amp;ssl=1 500w, https:\/\/i0.wp.com\/agrund.com\/wp-content\/uploads\/sites\/6\/2014\/10\/Luiz-13.jpg?resize=200%2C300&amp;ssl=1 200w\" sizes=\"(max-width: 500px) 100vw, 500px\" data-recalc-dims=\"1\" \/><\/a><p id=\"caption-attachment-116653\" class=\"wp-caption-text\">Luiz Leite outono-inverno 2015<\/p><\/div>\n<div id=\"attachment_116654\" style=\"width: 510px\" class=\"wp-caption aligncenter\"><a href=\"https:\/\/i0.wp.com\/www.agrund.com\/wp-content\/uploads\/sites\/6\/2014\/10\/Luiz-14.jpg\"><img aria-describedby=\"caption-attachment-116654\" data-attachment-id=\"116654\" data-permalink=\"https:\/\/agrund.com\/index.php\/luiz-leite-outono-inverno-2015\/luiz-14\/\" data-orig-file=\"https:\/\/i0.wp.com\/agrund.com\/wp-content\/uploads\/sites\/6\/2014\/10\/Luiz-14.jpg?fit=500%2C751&amp;ssl=1\" data-orig-size=\"500,751\" data-comments-opened=\"1\" data-image-meta=\"{&quot;aperture&quot;:&quot;0&quot;,&quot;credit&quot;:&quot;&quot;,&quot;camera&quot;:&quot;&quot;,&quot;caption&quot;:&quot;&quot;,&quot;created_timestamp&quot;:&quot;0&quot;,&quot;copyright&quot;:&quot;&quot;,&quot;focal_length&quot;:&quot;0&quot;,&quot;iso&quot;:&quot;0&quot;,&quot;shutter_speed&quot;:&quot;0&quot;,&quot;title&quot;:&quot;&quot;,&quot;orientation&quot;:&quot;0&quot;}\" data-image-title=\"Luiz 14\" data-image-description=\"\" data-image-caption=\"&lt;p&gt;Luiz Leite outono-inverno 2015 &lt;\/p&gt;\n\" data-medium-file=\"https:\/\/i0.wp.com\/agrund.com\/wp-content\/uploads\/sites\/6\/2014\/10\/Luiz-14.jpg?fit=200%2C300&amp;ssl=1\" data-large-file=\"https:\/\/i0.wp.com\/agrund.com\/wp-content\/uploads\/sites\/6\/2014\/10\/Luiz-14.jpg?fit=500%2C751&amp;ssl=1\" decoding=\"async\" loading=\"lazy\" class=\"size-full wp-image-116654\" alt=\"Luiz Leite outono-inverno 2015 \" src=\"https:\/\/i0.wp.com\/www.agrund.com\/wp-content\/uploads\/sites\/6\/2014\/10\/Luiz-14.jpg?resize=500%2C751\" width=\"500\" height=\"751\" srcset=\"https:\/\/i0.wp.com\/agrund.com\/wp-content\/uploads\/sites\/6\/2014\/10\/Luiz-14.jpg?w=500&amp;ssl=1 500w, https:\/\/i0.wp.com\/agrund.com\/wp-content\/uploads\/sites\/6\/2014\/10\/Luiz-14.jpg?resize=200%2C300&amp;ssl=1 200w\" sizes=\"(max-width: 500px) 100vw, 500px\" data-recalc-dims=\"1\" \/><\/a><p id=\"caption-attachment-116654\" class=\"wp-caption-text\">Luiz Leite outono-inverno 2015<\/p><\/div>\n<p>&nbsp;<\/p>\n<p>Imagens: Marcelo Soubhia\/Ag\u00eancia Fotosite.<\/p>\n<p>&nbsp;<\/p>\n<p>&nbsp;<\/p>\n<p>&nbsp;<\/p>\n<p>&nbsp;<\/p>\n<p>&nbsp;<\/p>\n<p>&nbsp;<\/p>\n<p>&nbsp;<\/p>\n<p>&nbsp;<\/p>\n<p>&nbsp;<\/p>\n<p>&nbsp;<\/p>\n<p>&nbsp;<\/p>\n<p>&nbsp;<\/p>\n<p>&nbsp;<\/p>\n","protected":false},"excerpt":{"rendered":"<p>Luiz Leite sempre costuma mostrar uma moda masculina bem executada e pr\u00f3xima do mercado consumidor. S\u00f3 que para o outono-inverno 2015 ele apostou pesado na realidade investindo em uma das mat\u00e9rias-primas mais comuns no mundo todo: o jeans, que sobe \u00e0 passarela dando vida a todos os looks da cole\u00e7\u00e3o. O resultado conta com jaquetas, [&hellip;]<\/p>\n","protected":false},"author":8,"featured_media":116655,"comment_status":"open","ping_status":"open","sticky":false,"template":"","format":"standard","meta":{"jetpack_post_was_ever_published":false,"_jetpack_newsletter_access":"","jetpack_publicize_message":"Curte o visual total jeans? Ent\u00e3o a cole\u00e7\u00e3o do Luiz Leite na #CasadeCriadores \u00e9 perfeita pra voc\u00ea! http:\/\/wp.me\/p3Hz0n-uli","jetpack_is_tweetstorm":false,"jetpack_publicize_feature_enabled":true,"jetpack_social_post_already_shared":true,"jetpack_social_options":{"image_generator_settings":{"template":"highway","enabled":false}}},"categories":[9,2],"tags":[],"jetpack_publicize_connections":[],"jetpack_featured_media_url":"https:\/\/i0.wp.com\/agrund.com\/wp-content\/uploads\/sites\/6\/2014\/10\/slide235.jpg?fit=960%2C300&ssl=1","jetpack_sharing_enabled":true,"jetpack_shortlink":"https:\/\/wp.me\/p3Hz0n-uli","jetpack_likes_enabled":true,"_links":{"self":[{"href":"https:\/\/agrund.com\/index.php\/wp-json\/wp\/v2\/posts\/116640"}],"collection":[{"href":"https:\/\/agrund.com\/index.php\/wp-json\/wp\/v2\/posts"}],"about":[{"href":"https:\/\/agrund.com\/index.php\/wp-json\/wp\/v2\/types\/post"}],"author":[{"embeddable":true,"href":"https:\/\/agrund.com\/index.php\/wp-json\/wp\/v2\/users\/8"}],"replies":[{"embeddable":true,"href":"https:\/\/agrund.com\/index.php\/wp-json\/wp\/v2\/comments?post=116640"}],"version-history":[{"count":0,"href":"https:\/\/agrund.com\/index.php\/wp-json\/wp\/v2\/posts\/116640\/revisions"}],"wp:featuredmedia":[{"embeddable":true,"href":"https:\/\/agrund.com\/index.php\/wp-json\/wp\/v2\/media\/116655"}],"wp:attachment":[{"href":"https:\/\/agrund.com\/index.php\/wp-json\/wp\/v2\/media?parent=116640"}],"wp:term":[{"taxonomy":"category","embeddable":true,"href":"https:\/\/agrund.com\/index.php\/wp-json\/wp\/v2\/categories?post=116640"},{"taxonomy":"post_tag","embeddable":true,"href":"https:\/\/agrund.com\/index.php\/wp-json\/wp\/v2\/tags?post=116640"}],"curies":[{"name":"wp","href":"https:\/\/api.w.org\/{rel}","templated":true}]}}