{"id":116545,"date":"2014-10-29T19:00:35","date_gmt":"2014-10-29T21:00:35","guid":{"rendered":"http:\/\/www.agrund.com\/?p=116545"},"modified":"2014-10-29T18:48:34","modified_gmt":"2014-10-29T20:48:34","slug":"erwin-blumenfeld-ganha-mostra-inedita-em-sp","status":"publish","type":"post","link":"https:\/\/agrund.com\/index.php\/erwin-blumenfeld-ganha-mostra-inedita-em-sp\/","title":{"rendered":"Erwin Blumenfeld ganha mostra in\u00e9dita em SP"},"content":{"rendered":"<p>Imperd\u00edvel para quem gosta de fotografia: Erwin Blumenfeld ganha uma exposi\u00e7\u00e3o in\u00e9dita na FAAP, SP, mesmo lugar que recebeu a mostra de Mario Testino recentemente (reveja <a href=\"http:\/\/www.agrund.com\/agenda-in-your-face-de-mario-testino-chega-a-sp\/\" target=\"_blank\">AQUI<\/a>). Mas calma, voc\u00ea n\u00e3o sabe quem foi Erwin Blumenfeld? N\u00e3o se preocupe, agrund.com faz um intensivo: alem\u00e3o por natureza, Erwin foi um dos maiores fot\u00f3grafos de moda e de celebridades do s\u00e9culo XX, tendo trabalhos publicados nas capas e p\u00e1ginas de revistas como &#8220;Vogue&#8221;, &#8220;Harper&#8217;s Bazaar&#8221; e &#8220;Life&#8221; (muitas das quais est\u00e3o presentes na exposi\u00e7\u00e3o). Al\u00e9m disso ele tamb\u00e9m foi um dos representantes mais expressivos do Dada\u00edsmo \u2013 movimento art\u00edstico cujo alguns dos participantes fundaram o Surrealismo j\u00e1 na d\u00e9cada de 1920.<\/p>\n<p>O mais legal da exposi\u00e7\u00e3o &#8220;Blumenfeld Studio: New York 1941-1960&#8221; (que j\u00e1 passou por pa\u00edses como Jap\u00e3o, Fran\u00e7a e Alemanha e chega ao Brasil com curadoria de Nadia Blumenfeld e co-curadoria de Danniel Rangel) \u00e9 a quantidade e qualidade das fotos: s\u00e3o mais de 90 impress\u00f5es de d\u00e9cadas diferentes restauradas por meio das quais o visitante pode acompanhar a evolu\u00e7\u00e3o da carreira de Erwin e o desenvolvimento das t\u00e9cnicas de fotografia, sem falar nas in\u00fameras refer\u00eancias ao trabalho do alem\u00e3o que os entendedores do assunto ir\u00e3o identificar de primeira nos dias atuais \u2013 Nick Knight, Madonna e muitos outros beberam na fonte de Blumenfeld para fazer ensaios e capas de CD recentes. Veja algumas das obras que est\u00e3o exibidas ao vivo na FAAP na galeria abaixo e sinta um gostinho da mostra!<\/p>\n<div id=\"attachment_116546\" style=\"width: 510px\" class=\"wp-caption aligncenter\"><a href=\"https:\/\/i0.wp.com\/www.agrund.com\/wp-content\/uploads\/sites\/6\/2014\/10\/1953-484x600.jpg\"><img aria-describedby=\"caption-attachment-116546\" data-attachment-id=\"116546\" data-permalink=\"https:\/\/agrund.com\/index.php\/erwin-blumenfeld-ganha-mostra-inedita-em-sp\/1953-484x600\/\" data-orig-file=\"https:\/\/i0.wp.com\/agrund.com\/wp-content\/uploads\/sites\/6\/2014\/10\/1953-484x600.jpg?fit=500%2C620&amp;ssl=1\" data-orig-size=\"500,620\" data-comments-opened=\"1\" data-image-meta=\"{&quot;aperture&quot;:&quot;0&quot;,&quot;credit&quot;:&quot;&quot;,&quot;camera&quot;:&quot;&quot;,&quot;caption&quot;:&quot;&quot;,&quot;created_timestamp&quot;:&quot;0&quot;,&quot;copyright&quot;:&quot;&quot;,&quot;focal_length&quot;:&quot;0&quot;,&quot;iso&quot;:&quot;0&quot;,&quot;shutter_speed&quot;:&quot;0&quot;,&quot;title&quot;:&quot;&quot;,&quot;orientation&quot;:&quot;0&quot;}\" data-image-title=\"1953-484&#215;600\" data-image-description=\"\" data-image-caption=\"&lt;p&gt;Erwin Blumenfeld ganha mostra in\u00e9dita em SP &lt;\/p&gt;\n\" data-medium-file=\"https:\/\/i0.wp.com\/agrund.com\/wp-content\/uploads\/sites\/6\/2014\/10\/1953-484x600.jpg?fit=242%2C300&amp;ssl=1\" data-large-file=\"https:\/\/i0.wp.com\/agrund.com\/wp-content\/uploads\/sites\/6\/2014\/10\/1953-484x600.jpg?fit=500%2C620&amp;ssl=1\" decoding=\"async\" loading=\"lazy\" class=\"size-full wp-image-116546\" alt=\"Erwin Blumenfeld ganha mostra in\u00e9dita em SP \" src=\"https:\/\/i0.wp.com\/www.agrund.com\/wp-content\/uploads\/sites\/6\/2014\/10\/1953-484x600.jpg?resize=500%2C620\" width=\"500\" height=\"620\" srcset=\"https:\/\/i0.wp.com\/agrund.com\/wp-content\/uploads\/sites\/6\/2014\/10\/1953-484x600.jpg?w=500&amp;ssl=1 500w, https:\/\/i0.wp.com\/agrund.com\/wp-content\/uploads\/sites\/6\/2014\/10\/1953-484x600.jpg?resize=242%2C300&amp;ssl=1 242w\" sizes=\"(max-width: 500px) 100vw, 500px\" data-recalc-dims=\"1\" \/><\/a><p id=\"caption-attachment-116546\" class=\"wp-caption-text\">Erwin Blumenfeld ganha mostra in\u00e9dita em SP<\/p><\/div>\n<div id=\"attachment_116547\" style=\"width: 510px\" class=\"wp-caption aligncenter\"><a href=\"https:\/\/i0.wp.com\/www.agrund.com\/wp-content\/uploads\/sites\/6\/2014\/10\/201014-erwin-blumenfeld-mab-faap-1.jpg\"><img aria-describedby=\"caption-attachment-116547\" data-attachment-id=\"116547\" data-permalink=\"https:\/\/agrund.com\/index.php\/erwin-blumenfeld-ganha-mostra-inedita-em-sp\/201014-erwin-blumenfeld-mab-faap-1\/\" data-orig-file=\"https:\/\/i0.wp.com\/agrund.com\/wp-content\/uploads\/sites\/6\/2014\/10\/201014-erwin-blumenfeld-mab-faap-1.jpg?fit=500%2C639&amp;ssl=1\" data-orig-size=\"500,639\" data-comments-opened=\"1\" data-image-meta=\"{&quot;aperture&quot;:&quot;0&quot;,&quot;credit&quot;:&quot;&quot;,&quot;camera&quot;:&quot;&quot;,&quot;caption&quot;:&quot;&quot;,&quot;created_timestamp&quot;:&quot;0&quot;,&quot;copyright&quot;:&quot;&quot;,&quot;focal_length&quot;:&quot;0&quot;,&quot;iso&quot;:&quot;0&quot;,&quot;shutter_speed&quot;:&quot;0&quot;,&quot;title&quot;:&quot;&quot;,&quot;orientation&quot;:&quot;0&quot;}\" data-image-title=\"201014-erwin-blumenfeld-mab-faap-1\" data-image-description=\"\" data-image-caption=\"&lt;p&gt;Erwin Blumenfeld ganha mostra in\u00e9dita em SP &lt;\/p&gt;\n\" data-medium-file=\"https:\/\/i0.wp.com\/agrund.com\/wp-content\/uploads\/sites\/6\/2014\/10\/201014-erwin-blumenfeld-mab-faap-1.jpg?fit=235%2C300&amp;ssl=1\" data-large-file=\"https:\/\/i0.wp.com\/agrund.com\/wp-content\/uploads\/sites\/6\/2014\/10\/201014-erwin-blumenfeld-mab-faap-1.jpg?fit=500%2C639&amp;ssl=1\" decoding=\"async\" loading=\"lazy\" class=\"size-full wp-image-116547\" alt=\"Erwin Blumenfeld ganha mostra in\u00e9dita em SP \" src=\"https:\/\/i0.wp.com\/www.agrund.com\/wp-content\/uploads\/sites\/6\/2014\/10\/201014-erwin-blumenfeld-mab-faap-1.jpg?resize=500%2C639\" width=\"500\" height=\"639\" srcset=\"https:\/\/i0.wp.com\/agrund.com\/wp-content\/uploads\/sites\/6\/2014\/10\/201014-erwin-blumenfeld-mab-faap-1.jpg?w=500&amp;ssl=1 500w, https:\/\/i0.wp.com\/agrund.com\/wp-content\/uploads\/sites\/6\/2014\/10\/201014-erwin-blumenfeld-mab-faap-1.jpg?resize=235%2C300&amp;ssl=1 235w\" sizes=\"(max-width: 500px) 100vw, 500px\" data-recalc-dims=\"1\" \/><\/a><p id=\"caption-attachment-116547\" class=\"wp-caption-text\">Erwin Blumenfeld ganha mostra in\u00e9dita em SP<\/p><\/div>\n<div id=\"attachment_116548\" style=\"width: 510px\" class=\"wp-caption aligncenter\"><a href=\"https:\/\/i0.wp.com\/www.agrund.com\/wp-content\/uploads\/sites\/6\/2014\/10\/Blumenfeld-2.jpg\"><img aria-describedby=\"caption-attachment-116548\" data-attachment-id=\"116548\" data-permalink=\"https:\/\/agrund.com\/index.php\/erwin-blumenfeld-ganha-mostra-inedita-em-sp\/blumenfeld-2\/\" data-orig-file=\"https:\/\/i0.wp.com\/agrund.com\/wp-content\/uploads\/sites\/6\/2014\/10\/Blumenfeld-2.jpg?fit=500%2C691&amp;ssl=1\" data-orig-size=\"500,691\" data-comments-opened=\"1\" data-image-meta=\"{&quot;aperture&quot;:&quot;0&quot;,&quot;credit&quot;:&quot;&quot;,&quot;camera&quot;:&quot;&quot;,&quot;caption&quot;:&quot;&quot;,&quot;created_timestamp&quot;:&quot;0&quot;,&quot;copyright&quot;:&quot;&quot;,&quot;focal_length&quot;:&quot;0&quot;,&quot;iso&quot;:&quot;0&quot;,&quot;shutter_speed&quot;:&quot;0&quot;,&quot;title&quot;:&quot;&quot;,&quot;orientation&quot;:&quot;0&quot;}\" data-image-title=\"Blumenfeld-2\" data-image-description=\"\" data-image-caption=\"&lt;p&gt;Erwin Blumenfeld ganha mostra in\u00e9dita em SP &lt;\/p&gt;\n\" data-medium-file=\"https:\/\/i0.wp.com\/agrund.com\/wp-content\/uploads\/sites\/6\/2014\/10\/Blumenfeld-2.jpg?fit=217%2C300&amp;ssl=1\" data-large-file=\"https:\/\/i0.wp.com\/agrund.com\/wp-content\/uploads\/sites\/6\/2014\/10\/Blumenfeld-2.jpg?fit=500%2C691&amp;ssl=1\" decoding=\"async\" loading=\"lazy\" class=\"size-full wp-image-116548\" alt=\"Erwin Blumenfeld ganha mostra in\u00e9dita em SP \" src=\"https:\/\/i0.wp.com\/www.agrund.com\/wp-content\/uploads\/sites\/6\/2014\/10\/Blumenfeld-2.jpg?resize=500%2C691\" width=\"500\" height=\"691\" srcset=\"https:\/\/i0.wp.com\/agrund.com\/wp-content\/uploads\/sites\/6\/2014\/10\/Blumenfeld-2.jpg?w=500&amp;ssl=1 500w, https:\/\/i0.wp.com\/agrund.com\/wp-content\/uploads\/sites\/6\/2014\/10\/Blumenfeld-2.jpg?resize=217%2C300&amp;ssl=1 217w\" sizes=\"(max-width: 500px) 100vw, 500px\" data-recalc-dims=\"1\" \/><\/a><p id=\"caption-attachment-116548\" class=\"wp-caption-text\">Erwin Blumenfeld ganha mostra in\u00e9dita em SP<\/p><\/div>\n<div id=\"attachment_116549\" style=\"width: 510px\" class=\"wp-caption aligncenter\"><a href=\"https:\/\/i0.wp.com\/www.agrund.com\/wp-content\/uploads\/sites\/6\/2014\/10\/Dovima-portant-un-tailleur-Pacific-un-chapeau-Lily-Dache-et-des-bijoux-Verdura-Pour-Vogue-US-1er-ao\u00fbt-1950-_-The-Estate-of-Erwin-Blumenfeld.jpg\"><img aria-describedby=\"caption-attachment-116549\" data-attachment-id=\"116549\" data-permalink=\"https:\/\/agrund.com\/index.php\/erwin-blumenfeld-ganha-mostra-inedita-em-sp\/dovima-portant-un-tailleur-pacific-un-chapeau-lily-dache-et-des-bijoux-verdura-pour-vogue-us-1er-aout-1950-_-the-estate-of-erwin-blumenfeld\/\" data-orig-file=\"https:\/\/i0.wp.com\/agrund.com\/wp-content\/uploads\/sites\/6\/2014\/10\/Dovima-portant-un-tailleur-Pacific-un-chapeau-Lily-Dache-et-des-bijoux-Verdura-Pour-Vogue-US-1er-ao\u00fbt-1950-_-The-Estate-of-Erwin-Blumenfeld.jpg?fit=500%2C636&amp;ssl=1\" data-orig-size=\"500,636\" data-comments-opened=\"1\" data-image-meta=\"{&quot;aperture&quot;:&quot;0&quot;,&quot;credit&quot;:&quot;&quot;,&quot;camera&quot;:&quot;Exp10000XL&quot;,&quot;caption&quot;:&quot;&quot;,&quot;created_timestamp&quot;:&quot;0&quot;,&quot;copyright&quot;:&quot;&quot;,&quot;focal_length&quot;:&quot;0&quot;,&quot;iso&quot;:&quot;0&quot;,&quot;shutter_speed&quot;:&quot;0&quot;,&quot;title&quot;:&quot;&quot;,&quot;orientation&quot;:&quot;1&quot;}\" data-image-title=\"Dovima-portant-un-tailleur-Pacific-un-chapeau-Lily-Dache-et-des-bijoux-Verdura-Pour-Vogue-US-1er-ao\u00fbt-1950-_-The-Estate-of-Erwin-Blumenfeld\" data-image-description=\"\" data-image-caption=\"&lt;p&gt;Erwin Blumenfeld ganha mostra in\u00e9dita em SP &lt;\/p&gt;\n\" data-medium-file=\"https:\/\/i0.wp.com\/agrund.com\/wp-content\/uploads\/sites\/6\/2014\/10\/Dovima-portant-un-tailleur-Pacific-un-chapeau-Lily-Dache-et-des-bijoux-Verdura-Pour-Vogue-US-1er-ao\u00fbt-1950-_-The-Estate-of-Erwin-Blumenfeld.jpg?fit=236%2C300&amp;ssl=1\" data-large-file=\"https:\/\/i0.wp.com\/agrund.com\/wp-content\/uploads\/sites\/6\/2014\/10\/Dovima-portant-un-tailleur-Pacific-un-chapeau-Lily-Dache-et-des-bijoux-Verdura-Pour-Vogue-US-1er-ao\u00fbt-1950-_-The-Estate-of-Erwin-Blumenfeld.jpg?fit=500%2C636&amp;ssl=1\" decoding=\"async\" loading=\"lazy\" class=\"size-full wp-image-116549\" alt=\"Erwin Blumenfeld ganha mostra in\u00e9dita em SP \" src=\"https:\/\/i0.wp.com\/www.agrund.com\/wp-content\/uploads\/sites\/6\/2014\/10\/Dovima-portant-un-tailleur-Pacific-un-chapeau-Lily-Dache-et-des-bijoux-Verdura-Pour-Vogue-US-1er-ao\u00fbt-1950-_-The-Estate-of-Erwin-Blumenfeld.jpg?resize=500%2C636\" width=\"500\" height=\"636\" srcset=\"https:\/\/i0.wp.com\/agrund.com\/wp-content\/uploads\/sites\/6\/2014\/10\/Dovima-portant-un-tailleur-Pacific-un-chapeau-Lily-Dache-et-des-bijoux-Verdura-Pour-Vogue-US-1er-ao\u00fbt-1950-_-The-Estate-of-Erwin-Blumenfeld.jpg?w=500&amp;ssl=1 500w, https:\/\/i0.wp.com\/agrund.com\/wp-content\/uploads\/sites\/6\/2014\/10\/Dovima-portant-un-tailleur-Pacific-un-chapeau-Lily-Dache-et-des-bijoux-Verdura-Pour-Vogue-US-1er-ao\u00fbt-1950-_-The-Estate-of-Erwin-Blumenfeld.jpg?resize=236%2C300&amp;ssl=1 236w\" sizes=\"(max-width: 500px) 100vw, 500px\" data-recalc-dims=\"1\" \/><\/a><p id=\"caption-attachment-116549\" class=\"wp-caption-text\">Erwin Blumenfeld ganha mostra in\u00e9dita em SP<\/p><\/div>\n<div id=\"attachment_116550\" style=\"width: 510px\" class=\"wp-caption aligncenter\"><a href=\"https:\/\/i0.wp.com\/www.agrund.com\/wp-content\/uploads\/sites\/6\/2014\/10\/Evelyn_Tripp_en_robe_Sargent_de_Christian_Dior_-_1949_acervo_de_The_Estate_of_Erwin_Blumenfeld___The_Estate_of_Erwin_Blumenfeld-910x1157.jpg\"><img aria-describedby=\"caption-attachment-116550\" data-attachment-id=\"116550\" data-permalink=\"https:\/\/agrund.com\/index.php\/erwin-blumenfeld-ganha-mostra-inedita-em-sp\/evelyn_tripp_en_robe_sargent_de_christian_dior_-_1949_acervo_de_the_estate_of_erwin_blumenfeld___the_estate_of_erwin_blumenfeld-910x1157\/\" data-orig-file=\"https:\/\/i0.wp.com\/agrund.com\/wp-content\/uploads\/sites\/6\/2014\/10\/Evelyn_Tripp_en_robe_Sargent_de_Christian_Dior_-_1949_acervo_de_The_Estate_of_Erwin_Blumenfeld___The_Estate_of_Erwin_Blumenfeld-910x1157.jpg?fit=500%2C636&amp;ssl=1\" data-orig-size=\"500,636\" data-comments-opened=\"1\" data-image-meta=\"{&quot;aperture&quot;:&quot;0&quot;,&quot;credit&quot;:&quot;&quot;,&quot;camera&quot;:&quot;&quot;,&quot;caption&quot;:&quot;&quot;,&quot;created_timestamp&quot;:&quot;0&quot;,&quot;copyright&quot;:&quot;&quot;,&quot;focal_length&quot;:&quot;0&quot;,&quot;iso&quot;:&quot;0&quot;,&quot;shutter_speed&quot;:&quot;0&quot;,&quot;title&quot;:&quot;&quot;,&quot;orientation&quot;:&quot;0&quot;}\" data-image-title=\"Evelyn_Tripp_en_robe_Sargent_de_Christian_Dior_-_1949_acervo_de_The_Estate_of_Erwin_Blumenfeld___The_Estate_of_Erwin_Blumenfeld-910&#215;1157\" data-image-description=\"\" data-image-caption=\"&lt;p&gt;Erwin Blumenfeld ganha mostra in\u00e9dita em SP &lt;\/p&gt;\n\" data-medium-file=\"https:\/\/i0.wp.com\/agrund.com\/wp-content\/uploads\/sites\/6\/2014\/10\/Evelyn_Tripp_en_robe_Sargent_de_Christian_Dior_-_1949_acervo_de_The_Estate_of_Erwin_Blumenfeld___The_Estate_of_Erwin_Blumenfeld-910x1157.jpg?fit=236%2C300&amp;ssl=1\" data-large-file=\"https:\/\/i0.wp.com\/agrund.com\/wp-content\/uploads\/sites\/6\/2014\/10\/Evelyn_Tripp_en_robe_Sargent_de_Christian_Dior_-_1949_acervo_de_The_Estate_of_Erwin_Blumenfeld___The_Estate_of_Erwin_Blumenfeld-910x1157.jpg?fit=500%2C636&amp;ssl=1\" decoding=\"async\" loading=\"lazy\" class=\"size-full wp-image-116550\" alt=\"Erwin Blumenfeld ganha mostra in\u00e9dita em SP \" src=\"https:\/\/i0.wp.com\/www.agrund.com\/wp-content\/uploads\/sites\/6\/2014\/10\/Evelyn_Tripp_en_robe_Sargent_de_Christian_Dior_-_1949_acervo_de_The_Estate_of_Erwin_Blumenfeld___The_Estate_of_Erwin_Blumenfeld-910x1157.jpg?resize=500%2C636\" width=\"500\" height=\"636\" srcset=\"https:\/\/i0.wp.com\/agrund.com\/wp-content\/uploads\/sites\/6\/2014\/10\/Evelyn_Tripp_en_robe_Sargent_de_Christian_Dior_-_1949_acervo_de_The_Estate_of_Erwin_Blumenfeld___The_Estate_of_Erwin_Blumenfeld-910x1157.jpg?w=500&amp;ssl=1 500w, https:\/\/i0.wp.com\/agrund.com\/wp-content\/uploads\/sites\/6\/2014\/10\/Evelyn_Tripp_en_robe_Sargent_de_Christian_Dior_-_1949_acervo_de_The_Estate_of_Erwin_Blumenfeld___The_Estate_of_Erwin_Blumenfeld-910x1157.jpg?resize=236%2C300&amp;ssl=1 236w\" sizes=\"(max-width: 500px) 100vw, 500px\" data-recalc-dims=\"1\" \/><\/a><p id=\"caption-attachment-116550\" class=\"wp-caption-text\">Erwin Blumenfeld ganha mostra in\u00e9dita em SP<\/p><\/div>\n<div id=\"attachment_116551\" style=\"width: 510px\" class=\"wp-caption aligncenter\"><a href=\"https:\/\/i0.wp.com\/www.agrund.com\/wp-content\/uploads\/sites\/6\/2014\/10\/imagem-fundo.jpg\"><img aria-describedby=\"caption-attachment-116551\" data-attachment-id=\"116551\" data-permalink=\"https:\/\/agrund.com\/index.php\/erwin-blumenfeld-ganha-mostra-inedita-em-sp\/imagem-fundo\/\" data-orig-file=\"https:\/\/i0.wp.com\/agrund.com\/wp-content\/uploads\/sites\/6\/2014\/10\/imagem-fundo.jpg?fit=500%2C657&amp;ssl=1\" data-orig-size=\"500,657\" data-comments-opened=\"1\" data-image-meta=\"{&quot;aperture&quot;:&quot;0&quot;,&quot;credit&quot;:&quot;&quot;,&quot;camera&quot;:&quot;&quot;,&quot;caption&quot;:&quot;&quot;,&quot;created_timestamp&quot;:&quot;0&quot;,&quot;copyright&quot;:&quot;&quot;,&quot;focal_length&quot;:&quot;0&quot;,&quot;iso&quot;:&quot;0&quot;,&quot;shutter_speed&quot;:&quot;0&quot;,&quot;title&quot;:&quot;&quot;,&quot;orientation&quot;:&quot;1&quot;}\" data-image-title=\"imagem-fundo\" data-image-description=\"\" data-image-caption=\"&lt;p&gt;Erwin Blumenfeld ganha mostra in\u00e9dita em SP &lt;\/p&gt;\n\" data-medium-file=\"https:\/\/i0.wp.com\/agrund.com\/wp-content\/uploads\/sites\/6\/2014\/10\/imagem-fundo.jpg?fit=228%2C300&amp;ssl=1\" data-large-file=\"https:\/\/i0.wp.com\/agrund.com\/wp-content\/uploads\/sites\/6\/2014\/10\/imagem-fundo.jpg?fit=500%2C657&amp;ssl=1\" decoding=\"async\" loading=\"lazy\" class=\"size-full wp-image-116551\" alt=\"Erwin Blumenfeld ganha mostra in\u00e9dita em SP \" src=\"https:\/\/i0.wp.com\/www.agrund.com\/wp-content\/uploads\/sites\/6\/2014\/10\/imagem-fundo.jpg?resize=500%2C657\" width=\"500\" height=\"657\" srcset=\"https:\/\/i0.wp.com\/agrund.com\/wp-content\/uploads\/sites\/6\/2014\/10\/imagem-fundo.jpg?w=500&amp;ssl=1 500w, https:\/\/i0.wp.com\/agrund.com\/wp-content\/uploads\/sites\/6\/2014\/10\/imagem-fundo.jpg?resize=228%2C300&amp;ssl=1 228w\" sizes=\"(max-width: 500px) 100vw, 500px\" data-recalc-dims=\"1\" \/><\/a><p id=\"caption-attachment-116551\" class=\"wp-caption-text\">Erwin Blumenfeld ganha mostra in\u00e9dita em SP<\/p><\/div>\n<p>&nbsp;<\/p>\n<div><b>&#8220;Blumenfeld Studio: New York 1941-1960&#8221;<br \/>\n<\/b><\/div>\n<div>De ter \u00e0 sex das 10h \u00e0s 20h; sab, dom e feriados das 13h \u00e0s 17h, at\u00e9 18\/01\/2015<\/div>\n<div>MAB\u2013FAAP: Rua Alagoas, 903 \u2013 S\u00e3o Paulo, SP<\/div>\n<div>Informa\u00e7\u00f5es: (11) 3662-7198<\/div>\n<div>Entrada gratuita<\/div>\n<div><\/div>\n<div>Imagens: Reprodu\u00e7\u00e3o\/Erwin Blumenfeld.<\/div>\n","protected":false},"excerpt":{"rendered":"<p>Imperd\u00edvel para quem gosta de fotografia: Erwin Blumenfeld ganha uma exposi\u00e7\u00e3o in\u00e9dita na FAAP, SP, mesmo lugar que recebeu a mostra de Mario Testino recentemente (reveja AQUI). Mas calma, voc\u00ea n\u00e3o sabe quem foi Erwin Blumenfeld? N\u00e3o se preocupe, agrund.com faz um intensivo: alem\u00e3o por natureza, Erwin foi um dos maiores fot\u00f3grafos de moda e [&hellip;]<\/p>\n","protected":false},"author":8,"featured_media":116552,"comment_status":"open","ping_status":"open","sticky":false,"template":"","format":"standard","meta":{"jetpack_post_was_ever_published":false,"_jetpack_newsletter_access":"","jetpack_publicize_message":"Erwin Blumenfeld ganha mostra na #FAAP, SP. Saiba mais sobre o fot\u00f3grafo e os detalhes dessa exposi\u00e7\u00e3o imperd\u00edvel no link: http:\/\/wp.me\/p3Hz0n-ujL","jetpack_is_tweetstorm":false,"jetpack_publicize_feature_enabled":true,"jetpack_social_post_already_shared":true,"jetpack_social_options":{"image_generator_settings":{"template":"highway","enabled":false}}},"categories":[2],"tags":[],"jetpack_publicize_connections":[],"jetpack_featured_media_url":"https:\/\/i0.wp.com\/agrund.com\/wp-content\/uploads\/sites\/6\/2014\/10\/slide228.jpg?fit=960%2C300&ssl=1","jetpack_sharing_enabled":true,"jetpack_shortlink":"https:\/\/wp.me\/p3Hz0n-ujL","jetpack_likes_enabled":true,"_links":{"self":[{"href":"https:\/\/agrund.com\/index.php\/wp-json\/wp\/v2\/posts\/116545"}],"collection":[{"href":"https:\/\/agrund.com\/index.php\/wp-json\/wp\/v2\/posts"}],"about":[{"href":"https:\/\/agrund.com\/index.php\/wp-json\/wp\/v2\/types\/post"}],"author":[{"embeddable":true,"href":"https:\/\/agrund.com\/index.php\/wp-json\/wp\/v2\/users\/8"}],"replies":[{"embeddable":true,"href":"https:\/\/agrund.com\/index.php\/wp-json\/wp\/v2\/comments?post=116545"}],"version-history":[{"count":0,"href":"https:\/\/agrund.com\/index.php\/wp-json\/wp\/v2\/posts\/116545\/revisions"}],"wp:featuredmedia":[{"embeddable":true,"href":"https:\/\/agrund.com\/index.php\/wp-json\/wp\/v2\/media\/116552"}],"wp:attachment":[{"href":"https:\/\/agrund.com\/index.php\/wp-json\/wp\/v2\/media?parent=116545"}],"wp:term":[{"taxonomy":"category","embeddable":true,"href":"https:\/\/agrund.com\/index.php\/wp-json\/wp\/v2\/categories?post=116545"},{"taxonomy":"post_tag","embeddable":true,"href":"https:\/\/agrund.com\/index.php\/wp-json\/wp\/v2\/tags?post=116545"}],"curies":[{"name":"wp","href":"https:\/\/api.w.org\/{rel}","templated":true}]}}