{"id":116420,"date":"2014-10-29T12:00:06","date_gmt":"2014-10-29T14:00:06","guid":{"rendered":"http:\/\/www.agrund.com\/?p=116420"},"modified":"2014-10-29T12:04:57","modified_gmt":"2014-10-29T14:04:57","slug":"quem-acertou-e-quem-errou-no-look-do-premio-multishow","status":"publish","type":"post","link":"https:\/\/agrund.com\/index.php\/quem-acertou-e-quem-errou-no-look-do-premio-multishow\/","title":{"rendered":"Quem acertou e quem errou no look do Pr\u00eamio Multishow"},"content":{"rendered":"<p>O Pr\u00eamio Multishow 2014 rolou na noite de ontem, 28\/10, e o agrund.com acompanhou o evento com aten\u00e7\u00e3o especial nos looks das famosas. E olha que as mulheres n\u00e3o economizaram no estilo, viu? De longos a curtos, desfilaram no tapete vermelho looks com bordados, rendas, brilhos e at\u00e9 couro \u2013 muitos deles acertivos e outros nem tanto. Veja nossa sele\u00e7\u00e3o de quem acertou e errou no evento e anote as dicas para mandar bem em cada um dos estilos!<\/p>\n<p>Se tapete vermelho pede um vestido longo, quem arrasou (e brilhou) nas escolhas foram as apresentadoras da noite, Ivete Sangalo e Tat\u00e1 Werneck. A fenda lateral no modelo da cantora deu um up no visual e \u00e9 bacana para quem tem pern\u00e3o pra mostrar; a mesma regra vale para os vazados no modelo da Tat\u00e1, s\u00f3 que na regi\u00e3o da cintura.<\/p>\n<div id=\"attachment_116425\" style=\"width: 510px\" class=\"wp-caption aligncenter\"><a href=\"https:\/\/i0.wp.com\/www.agrund.com\/wp-content\/uploads\/sites\/6\/2014\/10\/Ivete-Sangalo-.jpg\"><img aria-describedby=\"caption-attachment-116425\" data-attachment-id=\"116425\" data-permalink=\"https:\/\/agrund.com\/index.php\/quem-acertou-e-quem-errou-no-look-do-premio-multishow\/ivete-sangalo\/\" data-orig-file=\"https:\/\/i0.wp.com\/agrund.com\/wp-content\/uploads\/sites\/6\/2014\/10\/Ivete-Sangalo-.jpg?fit=500%2C667&amp;ssl=1\" data-orig-size=\"500,667\" data-comments-opened=\"1\" data-image-meta=\"{&quot;aperture&quot;:&quot;0&quot;,&quot;credit&quot;:&quot;&quot;,&quot;camera&quot;:&quot;&quot;,&quot;caption&quot;:&quot;&quot;,&quot;created_timestamp&quot;:&quot;0&quot;,&quot;copyright&quot;:&quot;&quot;,&quot;focal_length&quot;:&quot;0&quot;,&quot;iso&quot;:&quot;0&quot;,&quot;shutter_speed&quot;:&quot;0&quot;,&quot;title&quot;:&quot;&quot;,&quot;orientation&quot;:&quot;0&quot;}\" data-image-title=\"Ivete Sangalo\" data-image-description=\"\" data-image-caption=\"&lt;p&gt;Ivete Sangalo&lt;\/p&gt;\n\" data-medium-file=\"https:\/\/i0.wp.com\/agrund.com\/wp-content\/uploads\/sites\/6\/2014\/10\/Ivete-Sangalo-.jpg?fit=225%2C300&amp;ssl=1\" data-large-file=\"https:\/\/i0.wp.com\/agrund.com\/wp-content\/uploads\/sites\/6\/2014\/10\/Ivete-Sangalo-.jpg?fit=500%2C667&amp;ssl=1\" decoding=\"async\" loading=\"lazy\" class=\"size-full wp-image-116425\" alt=\"Ivete Sangalo\" src=\"https:\/\/i0.wp.com\/www.agrund.com\/wp-content\/uploads\/sites\/6\/2014\/10\/Ivete-Sangalo-.jpg?resize=500%2C667\" width=\"500\" height=\"667\" srcset=\"https:\/\/i0.wp.com\/agrund.com\/wp-content\/uploads\/sites\/6\/2014\/10\/Ivete-Sangalo-.jpg?w=500&amp;ssl=1 500w, https:\/\/i0.wp.com\/agrund.com\/wp-content\/uploads\/sites\/6\/2014\/10\/Ivete-Sangalo-.jpg?resize=225%2C300&amp;ssl=1 225w\" sizes=\"(max-width: 500px) 100vw, 500px\" data-recalc-dims=\"1\" \/><\/a><p id=\"caption-attachment-116425\" class=\"wp-caption-text\">Ivete Sangalo<\/p><\/div>\n<div id=\"attachment_116427\" style=\"width: 510px\" class=\"wp-caption aligncenter\"><a href=\"https:\/\/i0.wp.com\/www.agrund.com\/wp-content\/uploads\/sites\/6\/2014\/10\/Tat\u00e1-Werneck.jpg\"><img aria-describedby=\"caption-attachment-116427\" data-attachment-id=\"116427\" data-permalink=\"https:\/\/agrund.com\/index.php\/quem-acertou-e-quem-errou-no-look-do-premio-multishow\/tata-werneck-4\/\" data-orig-file=\"https:\/\/i0.wp.com\/agrund.com\/wp-content\/uploads\/sites\/6\/2014\/10\/Tat\u00e1-Werneck.jpg?fit=500%2C667&amp;ssl=1\" data-orig-size=\"500,667\" data-comments-opened=\"1\" data-image-meta=\"{&quot;aperture&quot;:&quot;0&quot;,&quot;credit&quot;:&quot;&quot;,&quot;camera&quot;:&quot;&quot;,&quot;caption&quot;:&quot;&quot;,&quot;created_timestamp&quot;:&quot;0&quot;,&quot;copyright&quot;:&quot;&quot;,&quot;focal_length&quot;:&quot;0&quot;,&quot;iso&quot;:&quot;0&quot;,&quot;shutter_speed&quot;:&quot;0&quot;,&quot;title&quot;:&quot;&quot;,&quot;orientation&quot;:&quot;0&quot;}\" data-image-title=\"Tat\u00e1 Werneck\" data-image-description=\"\" data-image-caption=\"&lt;p&gt;Tat\u00e1 Werneck&lt;\/p&gt;\n\" data-medium-file=\"https:\/\/i0.wp.com\/agrund.com\/wp-content\/uploads\/sites\/6\/2014\/10\/Tat\u00e1-Werneck.jpg?fit=225%2C300&amp;ssl=1\" data-large-file=\"https:\/\/i0.wp.com\/agrund.com\/wp-content\/uploads\/sites\/6\/2014\/10\/Tat\u00e1-Werneck.jpg?fit=500%2C667&amp;ssl=1\" decoding=\"async\" loading=\"lazy\" class=\"size-full wp-image-116427\" alt=\"Tat\u00e1 Werneck\" src=\"https:\/\/i0.wp.com\/www.agrund.com\/wp-content\/uploads\/sites\/6\/2014\/10\/Tat\u00e1-Werneck.jpg?resize=500%2C667\" width=\"500\" height=\"667\" srcset=\"https:\/\/i0.wp.com\/agrund.com\/wp-content\/uploads\/sites\/6\/2014\/10\/Tat\u00e1-Werneck.jpg?w=500&amp;ssl=1 500w, https:\/\/i0.wp.com\/agrund.com\/wp-content\/uploads\/sites\/6\/2014\/10\/Tat\u00e1-Werneck.jpg?resize=225%2C300&amp;ssl=1 225w\" sizes=\"(max-width: 500px) 100vw, 500px\" data-recalc-dims=\"1\" \/><\/a><p id=\"caption-attachment-116427\" class=\"wp-caption-text\">Tat\u00e1 Werneck<\/p><\/div>\n<p>&nbsp;<\/p>\n<p>A renda e o couro dominaram os vestidos curtos, como nos looks de Nath\u00e1lia Rodrigues, Agatha Moreira e Adriana Birolli \u2013 todas com um lado meio rocker, estilo bacana para brincar com a sensualidade do couro e a pureza das rendas. Invista em modelos assim\u00e9tricos com fendas ou em cores mais escuras, como o preto e bord\u00f4.<\/p>\n<div id=\"attachment_116426\" style=\"width: 510px\" class=\"wp-caption aligncenter\"><a href=\"https:\/\/i0.wp.com\/www.agrund.com\/wp-content\/uploads\/sites\/6\/2014\/10\/Nathalia-Rodrigues.jpg\"><img aria-describedby=\"caption-attachment-116426\" data-attachment-id=\"116426\" data-permalink=\"https:\/\/agrund.com\/index.php\/quem-acertou-e-quem-errou-no-look-do-premio-multishow\/nathalia-rodrigues\/\" data-orig-file=\"https:\/\/i0.wp.com\/agrund.com\/wp-content\/uploads\/sites\/6\/2014\/10\/Nathalia-Rodrigues.jpg?fit=500%2C667&amp;ssl=1\" data-orig-size=\"500,667\" data-comments-opened=\"1\" data-image-meta=\"{&quot;aperture&quot;:&quot;0&quot;,&quot;credit&quot;:&quot;&quot;,&quot;camera&quot;:&quot;&quot;,&quot;caption&quot;:&quot;&quot;,&quot;created_timestamp&quot;:&quot;0&quot;,&quot;copyright&quot;:&quot;&quot;,&quot;focal_length&quot;:&quot;0&quot;,&quot;iso&quot;:&quot;0&quot;,&quot;shutter_speed&quot;:&quot;0&quot;,&quot;title&quot;:&quot;&quot;,&quot;orientation&quot;:&quot;0&quot;}\" data-image-title=\"Nathalia Rodrigues\" data-image-description=\"\" data-image-caption=\"&lt;p&gt;Nath\u00e1lia Rodrigues&lt;\/p&gt;\n\" data-medium-file=\"https:\/\/i0.wp.com\/agrund.com\/wp-content\/uploads\/sites\/6\/2014\/10\/Nathalia-Rodrigues.jpg?fit=225%2C300&amp;ssl=1\" data-large-file=\"https:\/\/i0.wp.com\/agrund.com\/wp-content\/uploads\/sites\/6\/2014\/10\/Nathalia-Rodrigues.jpg?fit=500%2C667&amp;ssl=1\" decoding=\"async\" loading=\"lazy\" class=\"size-full wp-image-116426\" alt=\"Nath\u00e1lia Rodrigues\" src=\"https:\/\/i0.wp.com\/www.agrund.com\/wp-content\/uploads\/sites\/6\/2014\/10\/Nathalia-Rodrigues.jpg?resize=500%2C667\" width=\"500\" height=\"667\" srcset=\"https:\/\/i0.wp.com\/agrund.com\/wp-content\/uploads\/sites\/6\/2014\/10\/Nathalia-Rodrigues.jpg?w=500&amp;ssl=1 500w, https:\/\/i0.wp.com\/agrund.com\/wp-content\/uploads\/sites\/6\/2014\/10\/Nathalia-Rodrigues.jpg?resize=225%2C300&amp;ssl=1 225w\" sizes=\"(max-width: 500px) 100vw, 500px\" data-recalc-dims=\"1\" \/><\/a><p id=\"caption-attachment-116426\" class=\"wp-caption-text\">Nath\u00e1lia Rodrigues<\/p><\/div>\n<div id=\"attachment_116422\" style=\"width: 510px\" class=\"wp-caption aligncenter\"><a href=\"https:\/\/i0.wp.com\/www.agrund.com\/wp-content\/uploads\/sites\/6\/2014\/10\/Agatha-Moreira.jpg\"><img aria-describedby=\"caption-attachment-116422\" data-attachment-id=\"116422\" data-permalink=\"https:\/\/agrund.com\/index.php\/quem-acertou-e-quem-errou-no-look-do-premio-multishow\/agatha-moreira\/\" data-orig-file=\"https:\/\/i0.wp.com\/agrund.com\/wp-content\/uploads\/sites\/6\/2014\/10\/Agatha-Moreira.jpg?fit=500%2C667&amp;ssl=1\" data-orig-size=\"500,667\" data-comments-opened=\"1\" data-image-meta=\"{&quot;aperture&quot;:&quot;0&quot;,&quot;credit&quot;:&quot;&quot;,&quot;camera&quot;:&quot;&quot;,&quot;caption&quot;:&quot;&quot;,&quot;created_timestamp&quot;:&quot;0&quot;,&quot;copyright&quot;:&quot;&quot;,&quot;focal_length&quot;:&quot;0&quot;,&quot;iso&quot;:&quot;0&quot;,&quot;shutter_speed&quot;:&quot;0&quot;,&quot;title&quot;:&quot;&quot;,&quot;orientation&quot;:&quot;0&quot;}\" data-image-title=\"Agatha Moreira\" data-image-description=\"\" data-image-caption=\"&lt;p&gt;Agatha Moreira&lt;\/p&gt;\n\" data-medium-file=\"https:\/\/i0.wp.com\/agrund.com\/wp-content\/uploads\/sites\/6\/2014\/10\/Agatha-Moreira.jpg?fit=225%2C300&amp;ssl=1\" data-large-file=\"https:\/\/i0.wp.com\/agrund.com\/wp-content\/uploads\/sites\/6\/2014\/10\/Agatha-Moreira.jpg?fit=500%2C667&amp;ssl=1\" decoding=\"async\" loading=\"lazy\" class=\"size-full wp-image-116422\" alt=\"Agatha Moreira\" src=\"https:\/\/i0.wp.com\/www.agrund.com\/wp-content\/uploads\/sites\/6\/2014\/10\/Agatha-Moreira.jpg?resize=500%2C667\" width=\"500\" height=\"667\" srcset=\"https:\/\/i0.wp.com\/agrund.com\/wp-content\/uploads\/sites\/6\/2014\/10\/Agatha-Moreira.jpg?w=500&amp;ssl=1 500w, https:\/\/i0.wp.com\/agrund.com\/wp-content\/uploads\/sites\/6\/2014\/10\/Agatha-Moreira.jpg?resize=225%2C300&amp;ssl=1 225w\" sizes=\"(max-width: 500px) 100vw, 500px\" data-recalc-dims=\"1\" \/><\/a><p id=\"caption-attachment-116422\" class=\"wp-caption-text\">Agatha Moreira<\/p><\/div>\n<div id=\"attachment_116421\" style=\"width: 510px\" class=\"wp-caption aligncenter\"><a href=\"https:\/\/i0.wp.com\/www.agrund.com\/wp-content\/uploads\/sites\/6\/2014\/10\/Adriana-Birolli.jpg\"><img aria-describedby=\"caption-attachment-116421\" data-attachment-id=\"116421\" data-permalink=\"https:\/\/agrund.com\/index.php\/quem-acertou-e-quem-errou-no-look-do-premio-multishow\/adriana-birolli\/\" data-orig-file=\"https:\/\/i0.wp.com\/agrund.com\/wp-content\/uploads\/sites\/6\/2014\/10\/Adriana-Birolli.jpg?fit=500%2C723&amp;ssl=1\" data-orig-size=\"500,723\" data-comments-opened=\"1\" data-image-meta=\"{&quot;aperture&quot;:&quot;0&quot;,&quot;credit&quot;:&quot;&quot;,&quot;camera&quot;:&quot;&quot;,&quot;caption&quot;:&quot;&quot;,&quot;created_timestamp&quot;:&quot;0&quot;,&quot;copyright&quot;:&quot;&quot;,&quot;focal_length&quot;:&quot;0&quot;,&quot;iso&quot;:&quot;0&quot;,&quot;shutter_speed&quot;:&quot;0&quot;,&quot;title&quot;:&quot;&quot;,&quot;orientation&quot;:&quot;0&quot;}\" data-image-title=\"Adriana Birolli\" data-image-description=\"\" data-image-caption=\"&lt;p&gt;Adriana Birolli&lt;\/p&gt;\n\" data-medium-file=\"https:\/\/i0.wp.com\/agrund.com\/wp-content\/uploads\/sites\/6\/2014\/10\/Adriana-Birolli.jpg?fit=207%2C300&amp;ssl=1\" data-large-file=\"https:\/\/i0.wp.com\/agrund.com\/wp-content\/uploads\/sites\/6\/2014\/10\/Adriana-Birolli.jpg?fit=500%2C723&amp;ssl=1\" decoding=\"async\" loading=\"lazy\" class=\"size-full wp-image-116421\" alt=\"Adriana Birolli\" src=\"https:\/\/i0.wp.com\/www.agrund.com\/wp-content\/uploads\/sites\/6\/2014\/10\/Adriana-Birolli.jpg?resize=500%2C723\" width=\"500\" height=\"723\" srcset=\"https:\/\/i0.wp.com\/agrund.com\/wp-content\/uploads\/sites\/6\/2014\/10\/Adriana-Birolli.jpg?w=500&amp;ssl=1 500w, https:\/\/i0.wp.com\/agrund.com\/wp-content\/uploads\/sites\/6\/2014\/10\/Adriana-Birolli.jpg?resize=207%2C300&amp;ssl=1 207w\" sizes=\"(max-width: 500px) 100vw, 500px\" data-recalc-dims=\"1\" \/><\/a><p id=\"caption-attachment-116421\" class=\"wp-caption-text\">Adriana Birolli<\/p><\/div>\n<p>&nbsp;<\/p>\n<p>Didi Wagner e Valesca Popozuda fugiram das escolhas comuns: a primeira optou por um terninho decotado com cal\u00e7a \u2013 combina\u00e7\u00e3o que exige aten\u00e7\u00e3o no comprimento do casaco e na altura da pe\u00e7a de baixo para n\u00e3o achatar o tronco junto de decot\u00e3o; j\u00e1 Valesca apostou em um vestido preto m\u00eddi frente-\u00fanica com detalhes de correntes e pendentes nas costas que ajudam a disfar\u00e7ar a exposi\u00e7\u00e3o do corpo ao mesmo tempo em que chamam a aten\u00e7\u00e3o do olhar para a regi\u00e3o.<\/p>\n<div id=\"attachment_116424\" style=\"width: 510px\" class=\"wp-caption aligncenter\"><a href=\"https:\/\/i0.wp.com\/www.agrund.com\/wp-content\/uploads\/sites\/6\/2014\/10\/didimon.jpg\"><img aria-describedby=\"caption-attachment-116424\" data-attachment-id=\"116424\" data-permalink=\"https:\/\/agrund.com\/index.php\/quem-acertou-e-quem-errou-no-look-do-premio-multishow\/didimon\/\" data-orig-file=\"https:\/\/i0.wp.com\/agrund.com\/wp-content\/uploads\/sites\/6\/2014\/10\/didimon.jpg?fit=500%2C536&amp;ssl=1\" data-orig-size=\"500,536\" data-comments-opened=\"1\" data-image-meta=\"{&quot;aperture&quot;:&quot;0&quot;,&quot;credit&quot;:&quot;&quot;,&quot;camera&quot;:&quot;&quot;,&quot;caption&quot;:&quot;&quot;,&quot;created_timestamp&quot;:&quot;0&quot;,&quot;copyright&quot;:&quot;&quot;,&quot;focal_length&quot;:&quot;0&quot;,&quot;iso&quot;:&quot;0&quot;,&quot;shutter_speed&quot;:&quot;0&quot;,&quot;title&quot;:&quot;&quot;,&quot;orientation&quot;:&quot;0&quot;}\" data-image-title=\"didimon\" data-image-description=\"\" data-image-caption=\"&lt;p&gt;Didi Wagner&lt;\/p&gt;\n\" data-medium-file=\"https:\/\/i0.wp.com\/agrund.com\/wp-content\/uploads\/sites\/6\/2014\/10\/didimon.jpg?fit=280%2C300&amp;ssl=1\" data-large-file=\"https:\/\/i0.wp.com\/agrund.com\/wp-content\/uploads\/sites\/6\/2014\/10\/didimon.jpg?fit=500%2C536&amp;ssl=1\" decoding=\"async\" loading=\"lazy\" class=\"size-full wp-image-116424\" alt=\"Didi Wagner\" src=\"https:\/\/i0.wp.com\/www.agrund.com\/wp-content\/uploads\/sites\/6\/2014\/10\/didimon.jpg?resize=500%2C536\" width=\"500\" height=\"536\" srcset=\"https:\/\/i0.wp.com\/agrund.com\/wp-content\/uploads\/sites\/6\/2014\/10\/didimon.jpg?w=500&amp;ssl=1 500w, https:\/\/i0.wp.com\/agrund.com\/wp-content\/uploads\/sites\/6\/2014\/10\/didimon.jpg?resize=280%2C300&amp;ssl=1 280w\" sizes=\"(max-width: 500px) 100vw, 500px\" data-recalc-dims=\"1\" \/><\/a><p id=\"caption-attachment-116424\" class=\"wp-caption-text\">Didi Wagner<\/p><\/div>\n<div id=\"attachment_116428\" style=\"width: 510px\" class=\"wp-caption aligncenter\"><a href=\"https:\/\/i0.wp.com\/www.agrund.com\/wp-content\/uploads\/sites\/6\/2014\/10\/Valesca-Popozuda.jpg\"><img aria-describedby=\"caption-attachment-116428\" data-attachment-id=\"116428\" data-permalink=\"https:\/\/agrund.com\/index.php\/quem-acertou-e-quem-errou-no-look-do-premio-multishow\/valesca-popozuda\/\" data-orig-file=\"https:\/\/i0.wp.com\/agrund.com\/wp-content\/uploads\/sites\/6\/2014\/10\/Valesca-Popozuda.jpg?fit=500%2C750&amp;ssl=1\" data-orig-size=\"500,750\" data-comments-opened=\"1\" data-image-meta=\"{&quot;aperture&quot;:&quot;0&quot;,&quot;credit&quot;:&quot;&quot;,&quot;camera&quot;:&quot;&quot;,&quot;caption&quot;:&quot;&quot;,&quot;created_timestamp&quot;:&quot;0&quot;,&quot;copyright&quot;:&quot;&quot;,&quot;focal_length&quot;:&quot;0&quot;,&quot;iso&quot;:&quot;0&quot;,&quot;shutter_speed&quot;:&quot;0&quot;,&quot;title&quot;:&quot;&quot;,&quot;orientation&quot;:&quot;0&quot;}\" data-image-title=\"Valesca Popozuda\" data-image-description=\"\" data-image-caption=\"&lt;p&gt;Valesca Popozuda&lt;\/p&gt;\n\" data-medium-file=\"https:\/\/i0.wp.com\/agrund.com\/wp-content\/uploads\/sites\/6\/2014\/10\/Valesca-Popozuda.jpg?fit=200%2C300&amp;ssl=1\" data-large-file=\"https:\/\/i0.wp.com\/agrund.com\/wp-content\/uploads\/sites\/6\/2014\/10\/Valesca-Popozuda.jpg?fit=500%2C750&amp;ssl=1\" decoding=\"async\" loading=\"lazy\" class=\"size-full wp-image-116428\" alt=\"Valesca Popozuda\" src=\"https:\/\/i0.wp.com\/www.agrund.com\/wp-content\/uploads\/sites\/6\/2014\/10\/Valesca-Popozuda.jpg?resize=500%2C750\" width=\"500\" height=\"750\" srcset=\"https:\/\/i0.wp.com\/agrund.com\/wp-content\/uploads\/sites\/6\/2014\/10\/Valesca-Popozuda.jpg?w=500&amp;ssl=1 500w, https:\/\/i0.wp.com\/agrund.com\/wp-content\/uploads\/sites\/6\/2014\/10\/Valesca-Popozuda.jpg?resize=200%2C300&amp;ssl=1 200w\" sizes=\"(max-width: 500px) 100vw, 500px\" data-recalc-dims=\"1\" \/><\/a><p id=\"caption-attachment-116428\" class=\"wp-caption-text\">Valesca Popozuda<\/p><\/div>\n<p>&nbsp;<\/p>\n<p>Por fim Anitta, que abusou da inspira\u00e7\u00e3o esportiva e deixou seu look um tanto quanto duvidoso: combinar mai\u00f4 ou body vazado com cal\u00e7a e casaquinho de paet\u00eas cria conflitos extremos de texturas. A melhor sa\u00edda para quem quer apostar nesse estilo \u00e9 usar mai\u00f4 fechado com cal\u00e7a em tecidos tecnol\u00f3gicos lisos junto de uma jaqueta bomber e uma clutch poderosa.<\/p>\n<div id=\"attachment_116423\" style=\"width: 510px\" class=\"wp-caption aligncenter\"><a href=\"https:\/\/i0.wp.com\/www.agrund.com\/wp-content\/uploads\/sites\/6\/2014\/10\/Anitta.jpg\"><img aria-describedby=\"caption-attachment-116423\" data-attachment-id=\"116423\" data-permalink=\"https:\/\/agrund.com\/index.php\/quem-acertou-e-quem-errou-no-look-do-premio-multishow\/anitta\/\" data-orig-file=\"https:\/\/i0.wp.com\/agrund.com\/wp-content\/uploads\/sites\/6\/2014\/10\/Anitta.jpg?fit=500%2C667&amp;ssl=1\" data-orig-size=\"500,667\" data-comments-opened=\"1\" data-image-meta=\"{&quot;aperture&quot;:&quot;0&quot;,&quot;credit&quot;:&quot;&quot;,&quot;camera&quot;:&quot;&quot;,&quot;caption&quot;:&quot;&quot;,&quot;created_timestamp&quot;:&quot;0&quot;,&quot;copyright&quot;:&quot;&quot;,&quot;focal_length&quot;:&quot;0&quot;,&quot;iso&quot;:&quot;0&quot;,&quot;shutter_speed&quot;:&quot;0&quot;,&quot;title&quot;:&quot;&quot;,&quot;orientation&quot;:&quot;0&quot;}\" data-image-title=\"Anitta\" data-image-description=\"\" data-image-caption=\"&lt;p&gt;Anitta&lt;\/p&gt;\n\" data-medium-file=\"https:\/\/i0.wp.com\/agrund.com\/wp-content\/uploads\/sites\/6\/2014\/10\/Anitta.jpg?fit=225%2C300&amp;ssl=1\" data-large-file=\"https:\/\/i0.wp.com\/agrund.com\/wp-content\/uploads\/sites\/6\/2014\/10\/Anitta.jpg?fit=500%2C667&amp;ssl=1\" decoding=\"async\" loading=\"lazy\" class=\"size-full wp-image-116423\" alt=\"Anitta\" src=\"https:\/\/i0.wp.com\/www.agrund.com\/wp-content\/uploads\/sites\/6\/2014\/10\/Anitta.jpg?resize=500%2C667\" width=\"500\" height=\"667\" srcset=\"https:\/\/i0.wp.com\/agrund.com\/wp-content\/uploads\/sites\/6\/2014\/10\/Anitta.jpg?w=500&amp;ssl=1 500w, https:\/\/i0.wp.com\/agrund.com\/wp-content\/uploads\/sites\/6\/2014\/10\/Anitta.jpg?resize=225%2C300&amp;ssl=1 225w\" sizes=\"(max-width: 500px) 100vw, 500px\" data-recalc-dims=\"1\" \/><\/a><p id=\"caption-attachment-116423\" class=\"wp-caption-text\">Anitta<\/p><\/div>\n<p>&nbsp;<\/p>\n<p>Imagens: Reprodu\u00e7\u00e3o.<\/p>\n","protected":false},"excerpt":{"rendered":"<p>O Pr\u00eamio Multishow 2014 rolou na noite de ontem, 28\/10, e o agrund.com acompanhou o evento com aten\u00e7\u00e3o especial nos looks das famosas. E olha que as mulheres n\u00e3o economizaram no estilo, viu? De longos a curtos, desfilaram no tapete vermelho looks com bordados, rendas, brilhos e at\u00e9 couro \u2013 muitos deles acertivos e outros [&hellip;]<\/p>\n","protected":false},"author":8,"featured_media":116429,"comment_status":"open","ping_status":"open","sticky":false,"template":"","format":"standard","meta":{"jetpack_post_was_ever_published":false,"_jetpack_newsletter_access":"","jetpack_publicize_message":"Selecionamos os looks que se destacaram no #Pr\u00eamioMultishow e damos dicas para acertar em cada uma das produ\u00e7\u00f5es, incluindo as de #IveteSangalo e #Anitta! http:\/\/wp.me\/p3Hz0n-uhK","jetpack_is_tweetstorm":false,"jetpack_publicize_feature_enabled":true,"jetpack_social_post_already_shared":true,"jetpack_social_options":{"image_generator_settings":{"template":"highway","enabled":false}}},"categories":[2],"tags":[],"jetpack_publicize_connections":[],"jetpack_featured_media_url":"https:\/\/i0.wp.com\/agrund.com\/wp-content\/uploads\/sites\/6\/2014\/10\/slide221.jpg?fit=960%2C300&ssl=1","jetpack_sharing_enabled":true,"jetpack_shortlink":"https:\/\/wp.me\/p3Hz0n-uhK","jetpack_likes_enabled":true,"_links":{"self":[{"href":"https:\/\/agrund.com\/index.php\/wp-json\/wp\/v2\/posts\/116420"}],"collection":[{"href":"https:\/\/agrund.com\/index.php\/wp-json\/wp\/v2\/posts"}],"about":[{"href":"https:\/\/agrund.com\/index.php\/wp-json\/wp\/v2\/types\/post"}],"author":[{"embeddable":true,"href":"https:\/\/agrund.com\/index.php\/wp-json\/wp\/v2\/users\/8"}],"replies":[{"embeddable":true,"href":"https:\/\/agrund.com\/index.php\/wp-json\/wp\/v2\/comments?post=116420"}],"version-history":[{"count":0,"href":"https:\/\/agrund.com\/index.php\/wp-json\/wp\/v2\/posts\/116420\/revisions"}],"wp:featuredmedia":[{"embeddable":true,"href":"https:\/\/agrund.com\/index.php\/wp-json\/wp\/v2\/media\/116429"}],"wp:attachment":[{"href":"https:\/\/agrund.com\/index.php\/wp-json\/wp\/v2\/media?parent=116420"}],"wp:term":[{"taxonomy":"category","embeddable":true,"href":"https:\/\/agrund.com\/index.php\/wp-json\/wp\/v2\/categories?post=116420"},{"taxonomy":"post_tag","embeddable":true,"href":"https:\/\/agrund.com\/index.php\/wp-json\/wp\/v2\/tags?post=116420"}],"curies":[{"name":"wp","href":"https:\/\/api.w.org\/{rel}","templated":true}]}}