{"id":1163,"date":"2010-10-28T22:06:57","date_gmt":"2010-10-29T00:06:57","guid":{"rendered":"http:\/\/www.agrund.com\/blogs\/notas\/?p=1163"},"modified":"2010-10-28T22:06:57","modified_gmt":"2010-10-29T00:06:57","slug":"sao-paulo-da-garoa","status":"publish","type":"post","link":"https:\/\/agrund.com\/index.php\/sao-paulo-da-garoa\/","title":{"rendered":"S\u00e3o Paulo da Garoa"},"content":{"rendered":"<p>Uma loja nova est\u00e1 no mercado brasileiro. E com um \u00f3timo conceito \u2013 homenagear a cidade de S\u00e3o Paulo. A marca foi criada pelo engenheiro Andr\u00e9 Tassinari, e est\u00e1 apresentando sua primeira cole\u00e7\u00e3o essa semana, junto com a inaugura\u00e7\u00e3o da loja na Rua Oscar Freire.<\/p>\n<p><img decoding=\"async\" loading=\"lazy\" class=\"aligncenter size-full wp-image-1164\" title=\"Sampa da Garoa\" src=\"\/wp-content\/uploads\/2010\/10\/Sampa-da-Garoa.jpg\" alt=\"\" width=\"487\" height=\"388\" \/><\/p>\n<p>A Garoa tem um esp\u00edrito avesso \u00e0 tend\u00eancias e suas pe\u00e7as s\u00e3o atemporais e h\u00e1 quem diga cl\u00e1ssicas \u2013 mas sem cair na caretice. Essa cole\u00e7\u00e3o teve uma forte influ\u00eancia da arquitetura e dos arquitetos modernistas brasileiros, como Vilanova Artigas, Paulo Mendes da Rocha e Lina Bo Bardi. Suas refer\u00eancias foram tiradas de fotos\u00a0 da cidade e da cultura que nos rodeia. Al\u00e9m disso, a marca teve uma preocupa\u00e7\u00e3o sustent\u00e1vel e sempre que poss\u00edvel usa fibras naturais, jeans reciclados e evita o uso de materiais sint\u00e9ticos.<\/p>\n<p>Vale a pena dar uma entrada no site, que, al\u00e9m de divulgar a cole\u00e7\u00e3o tamb\u00e9m tem informa\u00e7\u00f5es de arte, cultura, as inspira\u00e7\u00f5es da marca e at\u00e9 relatos de moradores da cidade.<\/p>\n<p><strong>Garoa<\/strong><\/p>\n<p><strong><a href=\"http:\/\/www.garoa.com.br\/\" target=\"_blank\">www.garoa.com.br<\/a><\/strong><strong> <\/strong><\/p>\n<p>Rua Oscar Freire, 1174 \u2013 Jardins \u2013 S\u00e3o Paulo<\/p>\n<p>(11) 3061-0112<\/p>\n","protected":false},"excerpt":{"rendered":"<p>Uma loja nova est\u00e1 no mercado brasileiro. E com um \u00f3timo conceito \u2013 homenagear a cidade de S\u00e3o Paulo. A marca foi criada pelo engenheiro Andr\u00e9 Tassinari, e est\u00e1 apresentando sua primeira cole\u00e7\u00e3o essa semana, junto com a inaugura\u00e7\u00e3o da loja na Rua Oscar Freire. A Garoa tem um esp\u00edrito avesso \u00e0 tend\u00eancias e suas [&hellip;]<\/p>\n","protected":false},"author":8,"featured_media":1164,"comment_status":"open","ping_status":"open","sticky":false,"template":"","format":"standard","meta":{"jetpack_post_was_ever_published":false,"_jetpack_newsletter_access":"","jetpack_publicize_message":"","jetpack_is_tweetstorm":false,"jetpack_publicize_feature_enabled":true,"jetpack_social_post_already_shared":false,"jetpack_social_options":{"image_generator_settings":{"template":"highway","enabled":false}}},"categories":[2],"tags":[],"jetpack_publicize_connections":[],"jetpack_featured_media_url":"","jetpack_sharing_enabled":true,"jetpack_shortlink":"https:\/\/wp.me\/p3Hz0n-iL","jetpack_likes_enabled":true,"_links":{"self":[{"href":"https:\/\/agrund.com\/index.php\/wp-json\/wp\/v2\/posts\/1163"}],"collection":[{"href":"https:\/\/agrund.com\/index.php\/wp-json\/wp\/v2\/posts"}],"about":[{"href":"https:\/\/agrund.com\/index.php\/wp-json\/wp\/v2\/types\/post"}],"author":[{"embeddable":true,"href":"https:\/\/agrund.com\/index.php\/wp-json\/wp\/v2\/users\/8"}],"replies":[{"embeddable":true,"href":"https:\/\/agrund.com\/index.php\/wp-json\/wp\/v2\/comments?post=1163"}],"version-history":[{"count":0,"href":"https:\/\/agrund.com\/index.php\/wp-json\/wp\/v2\/posts\/1163\/revisions"}],"wp:featuredmedia":[{"embeddable":true,"href":"https:\/\/agrund.com\/index.php\/wp-json\/"}],"wp:attachment":[{"href":"https:\/\/agrund.com\/index.php\/wp-json\/wp\/v2\/media?parent=1163"}],"wp:term":[{"taxonomy":"category","embeddable":true,"href":"https:\/\/agrund.com\/index.php\/wp-json\/wp\/v2\/categories?post=1163"},{"taxonomy":"post_tag","embeddable":true,"href":"https:\/\/agrund.com\/index.php\/wp-json\/wp\/v2\/tags?post=1163"}],"curies":[{"name":"wp","href":"https:\/\/api.w.org\/{rel}","templated":true}]}}