{"id":11620,"date":"2011-06-09T19:18:42","date_gmt":"2011-06-09T22:18:42","guid":{"rendered":"http:\/\/www.agrund.com\/blogs\/notas\/?p=11620"},"modified":"2011-06-09T19:18:42","modified_gmt":"2011-06-09T22:18:42","slug":"nails-fashion-week-givenchy-2","status":"publish","type":"post","link":"https:\/\/agrund.com\/index.php\/nails-fashion-week-givenchy-2\/","title":{"rendered":"Nails Fashion Week :: Givenchy"},"content":{"rendered":"<p>A Givenchy fechou os desfiles do Nail Fashion Week mostrando suas cores cl\u00e1ssicas e alguns lan\u00e7amentos para o ver\u00e3o. Vermelho, rosa e p\u00e9rolados nunca sair\u00e3o de moda, para complementar entram as cores c\u00edtricas como o laranja &#8211; que foi o mais pedido na sala de esmalta\u00e7\u00e3o! Para a noite a marca apostou no dourado e prateado brilhantes.<\/p>\n<p style=\"text-align: center\"><img decoding=\"async\" loading=\"lazy\" class=\"aligncenter size-full wp-image-11622\" src=\"https:\/\/i0.wp.com\/www.agrund.com\/arquivo\/notas\/files\/2011\/06\/DSC_2994.jpg?resize=470%2C312\" alt=\"\" width=\"470\" height=\"312\" data-recalc-dims=\"1\" \/><\/p>\n<p>Ap\u00f3s o desfile, Arlindo entrevistou Carolina Bittencourt e M\u00f4nica Pereira, gerente de marca da Givenchy.<\/p>\n<p style=\"text-align: center\"><img decoding=\"async\" loading=\"lazy\" class=\"aligncenter size-full wp-image-11625\" src=\"https:\/\/i0.wp.com\/www.agrund.com\/arquivo\/notas\/files\/2011\/06\/DSC_30222.jpg?resize=470%2C312\" alt=\"\" width=\"470\" height=\"312\" data-recalc-dims=\"1\" \/><\/p>\n","protected":false},"excerpt":{"rendered":"<p>A Givenchy fechou os desfiles do Nail Fashion Week mostrando suas cores cl\u00e1ssicas e alguns lan\u00e7amentos para o ver\u00e3o. Vermelho, rosa e p\u00e9rolados nunca sair\u00e3o de moda, para complementar entram as cores c\u00edtricas como o laranja &#8211; que foi o mais pedido na sala de esmalta\u00e7\u00e3o! Para a noite a marca apostou no dourado e [&hellip;]<\/p>\n","protected":false},"author":8,"featured_media":11622,"comment_status":"open","ping_status":"open","sticky":false,"template":"","format":"standard","meta":{"jetpack_post_was_ever_published":false,"_jetpack_newsletter_access":"","jetpack_publicize_message":"","jetpack_is_tweetstorm":false,"jetpack_publicize_feature_enabled":true,"jetpack_social_post_already_shared":false,"jetpack_social_options":{"image_generator_settings":{"template":"highway","enabled":false}}},"categories":[2],"tags":[],"jetpack_publicize_connections":[],"jetpack_featured_media_url":"","jetpack_sharing_enabled":true,"jetpack_shortlink":"https:\/\/wp.me\/p3Hz0n-31q","jetpack_likes_enabled":true,"_links":{"self":[{"href":"https:\/\/agrund.com\/index.php\/wp-json\/wp\/v2\/posts\/11620"}],"collection":[{"href":"https:\/\/agrund.com\/index.php\/wp-json\/wp\/v2\/posts"}],"about":[{"href":"https:\/\/agrund.com\/index.php\/wp-json\/wp\/v2\/types\/post"}],"author":[{"embeddable":true,"href":"https:\/\/agrund.com\/index.php\/wp-json\/wp\/v2\/users\/8"}],"replies":[{"embeddable":true,"href":"https:\/\/agrund.com\/index.php\/wp-json\/wp\/v2\/comments?post=11620"}],"version-history":[{"count":0,"href":"https:\/\/agrund.com\/index.php\/wp-json\/wp\/v2\/posts\/11620\/revisions"}],"wp:featuredmedia":[{"embeddable":true,"href":"https:\/\/agrund.com\/index.php\/wp-json\/"}],"wp:attachment":[{"href":"https:\/\/agrund.com\/index.php\/wp-json\/wp\/v2\/media?parent=11620"}],"wp:term":[{"taxonomy":"category","embeddable":true,"href":"https:\/\/agrund.com\/index.php\/wp-json\/wp\/v2\/categories?post=11620"},{"taxonomy":"post_tag","embeddable":true,"href":"https:\/\/agrund.com\/index.php\/wp-json\/wp\/v2\/tags?post=11620"}],"curies":[{"name":"wp","href":"https:\/\/api.w.org\/{rel}","templated":true}]}}