{"id":115666,"date":"2014-10-17T20:30:38","date_gmt":"2014-10-17T23:30:38","guid":{"rendered":"http:\/\/www.agrund.com\/?p=115666"},"modified":"2014-10-17T18:01:39","modified_gmt":"2014-10-17T21:01:39","slug":"moda-conheca-jailson-marcos-designer-de-sapatos-queridinho-de-carlinhos-brown","status":"publish","type":"post","link":"https:\/\/agrund.com\/index.php\/moda-conheca-jailson-marcos-designer-de-sapatos-queridinho-de-carlinhos-brown\/","title":{"rendered":"Moda :: Conhe\u00e7a Jailson Marcos, designer de sapatos queridinho de Carlinhos Brown"},"content":{"rendered":"<p>Se voc\u00ea gosta de sapatos e tem um olhar mais atento j\u00e1 deve ter notado as cria\u00e7\u00f5es de Jailson Marcos, mesmo com a possibilidade de n\u00e3o saber quem ele \u00e9. Nascido no Rio Grande do Norte mas radicado em Pernambuco, o designer \u00e9 famoso pelos cal\u00e7ados de visual inusitado feitos em couro, palha e outras mat\u00e9rias-primas naturais que circulam nos p\u00e9s de gente como Carlinhos Brown e e nas passarelas do Ronaldo Fraga.<\/p>\n<div id=\"attachment_115669\" style=\"width: 560px\" class=\"wp-caption aligncenter\"><a href=\"https:\/\/i0.wp.com\/www.agrund.com\/wp-content\/uploads\/sites\/6\/2014\/10\/jailson-marcos-sandalias.jpg\"><img aria-describedby=\"caption-attachment-115669\" data-attachment-id=\"115669\" data-permalink=\"https:\/\/agrund.com\/index.php\/moda-conheca-jailson-marcos-designer-de-sapatos-queridinho-de-carlinhos-brown\/jailson-marcos-sandalias\/\" data-orig-file=\"https:\/\/i0.wp.com\/agrund.com\/wp-content\/uploads\/sites\/6\/2014\/10\/jailson-marcos-sandalias.jpg?fit=550%2C350&amp;ssl=1\" data-orig-size=\"550,350\" data-comments-opened=\"1\" data-image-meta=\"{&quot;aperture&quot;:&quot;0&quot;,&quot;credit&quot;:&quot;&quot;,&quot;camera&quot;:&quot;&quot;,&quot;caption&quot;:&quot;&quot;,&quot;created_timestamp&quot;:&quot;0&quot;,&quot;copyright&quot;:&quot;&quot;,&quot;focal_length&quot;:&quot;0&quot;,&quot;iso&quot;:&quot;0&quot;,&quot;shutter_speed&quot;:&quot;0&quot;,&quot;title&quot;:&quot;&quot;,&quot;orientation&quot;:&quot;0&quot;}\" data-image-title=\"jailson-marcos-sandalias\" data-image-description=\"\" data-image-caption=\"&lt;p&gt;Moda :: Conhe\u00e7a Jailson Marcos, designer de sapatos queridinho de Carlinhos Brown &lt;\/p&gt;\n\" data-medium-file=\"https:\/\/i0.wp.com\/agrund.com\/wp-content\/uploads\/sites\/6\/2014\/10\/jailson-marcos-sandalias.jpg?fit=300%2C191&amp;ssl=1\" data-large-file=\"https:\/\/i0.wp.com\/agrund.com\/wp-content\/uploads\/sites\/6\/2014\/10\/jailson-marcos-sandalias.jpg?fit=550%2C350&amp;ssl=1\" decoding=\"async\" loading=\"lazy\" class=\"size-full wp-image-115669\" alt=\"Moda :: Conhe\u00e7a Jailson Marcos, designer de sapatos queridinho de Carlinhos Brown \" src=\"https:\/\/i0.wp.com\/www.agrund.com\/wp-content\/uploads\/sites\/6\/2014\/10\/jailson-marcos-sandalias.jpg?resize=550%2C350\" width=\"550\" height=\"350\" srcset=\"https:\/\/i0.wp.com\/agrund.com\/wp-content\/uploads\/sites\/6\/2014\/10\/jailson-marcos-sandalias.jpg?w=550&amp;ssl=1 550w, https:\/\/i0.wp.com\/agrund.com\/wp-content\/uploads\/sites\/6\/2014\/10\/jailson-marcos-sandalias.jpg?resize=300%2C191&amp;ssl=1 300w\" sizes=\"(max-width: 550px) 100vw, 550px\" data-recalc-dims=\"1\" \/><\/a><p id=\"caption-attachment-115669\" class=\"wp-caption-text\">Moda :: Conhe\u00e7a Jailson Marcos, designer de sapatos queridinho de Carlinhos Brown<\/p><\/div>\n<p>&nbsp;<\/p>\n<p>O bacana \u00e9 que todo o trabalho de Jailson come\u00e7a a mostrar resultados cada vez mais concretos: depois de chamar a aten\u00e7\u00e3o da m\u00eddia, o designer anuncia a abertura de uma loja f\u00edsica no bairro Pina, em Recife, mais precisamente na Galeria Joana D&#8217;Arc \u2013 um espa\u00e7o de 40 m2 que ir\u00e1 disponibilizar cria\u00e7\u00f5es de v\u00e1rios estilos feitas por ele. Parada obrigat\u00f3ria para quem estiver em Pernambuco, viu?!<\/p>\n<div id=\"attachment_115668\" style=\"width: 560px\" class=\"wp-caption aligncenter\"><a href=\"https:\/\/i0.wp.com\/www.agrund.com\/wp-content\/uploads\/sites\/6\/2014\/10\/Captura-de-Tela-2014-10-17-\u00e0s-17.26.23.jpg\"><img aria-describedby=\"caption-attachment-115668\" data-attachment-id=\"115668\" data-permalink=\"https:\/\/agrund.com\/index.php\/moda-conheca-jailson-marcos-designer-de-sapatos-queridinho-de-carlinhos-brown\/captura-de-tela-2014-10-17-as-17-26-23\/\" data-orig-file=\"https:\/\/i0.wp.com\/agrund.com\/wp-content\/uploads\/sites\/6\/2014\/10\/Captura-de-Tela-2014-10-17-\u00e0s-17.26.23.jpg?fit=550%2C312&amp;ssl=1\" data-orig-size=\"550,312\" data-comments-opened=\"1\" data-image-meta=\"{&quot;aperture&quot;:&quot;0&quot;,&quot;credit&quot;:&quot;&quot;,&quot;camera&quot;:&quot;&quot;,&quot;caption&quot;:&quot;&quot;,&quot;created_timestamp&quot;:&quot;0&quot;,&quot;copyright&quot;:&quot;&quot;,&quot;focal_length&quot;:&quot;0&quot;,&quot;iso&quot;:&quot;0&quot;,&quot;shutter_speed&quot;:&quot;0&quot;,&quot;title&quot;:&quot;&quot;,&quot;orientation&quot;:&quot;0&quot;}\" data-image-title=\"Captura de Tela 2014-10-17 \u00e0s 17.26.23\" data-image-description=\"\" data-image-caption=\"&lt;p&gt;Moda :: Conhe\u00e7a Jailson Marcos, designer de sapatos queridinho de Carlinhos Brown &lt;\/p&gt;\n\" data-medium-file=\"https:\/\/i0.wp.com\/agrund.com\/wp-content\/uploads\/sites\/6\/2014\/10\/Captura-de-Tela-2014-10-17-\u00e0s-17.26.23.jpg?fit=300%2C170&amp;ssl=1\" data-large-file=\"https:\/\/i0.wp.com\/agrund.com\/wp-content\/uploads\/sites\/6\/2014\/10\/Captura-de-Tela-2014-10-17-\u00e0s-17.26.23.jpg?fit=550%2C312&amp;ssl=1\" decoding=\"async\" loading=\"lazy\" class=\"size-full wp-image-115668\" alt=\"Moda :: Conhe\u00e7a Jailson Marcos, designer de sapatos queridinho de Carlinhos Brown \" src=\"https:\/\/i0.wp.com\/www.agrund.com\/wp-content\/uploads\/sites\/6\/2014\/10\/Captura-de-Tela-2014-10-17-\u00e0s-17.26.23.jpg?resize=550%2C312\" width=\"550\" height=\"312\" srcset=\"https:\/\/i0.wp.com\/agrund.com\/wp-content\/uploads\/sites\/6\/2014\/10\/Captura-de-Tela-2014-10-17-\u00e0s-17.26.23.jpg?w=550&amp;ssl=1 550w, https:\/\/i0.wp.com\/agrund.com\/wp-content\/uploads\/sites\/6\/2014\/10\/Captura-de-Tela-2014-10-17-\u00e0s-17.26.23.jpg?resize=300%2C170&amp;ssl=1 300w\" sizes=\"(max-width: 550px) 100vw, 550px\" data-recalc-dims=\"1\" \/><\/a><p id=\"caption-attachment-115668\" class=\"wp-caption-text\">Moda :: Conhe\u00e7a Jailson Marcos, designer de sapatos queridinho de Carlinhos Brown<\/p><\/div>\n<div id=\"attachment_115667\" style=\"width: 560px\" class=\"wp-caption aligncenter\"><a href=\"https:\/\/i0.wp.com\/www.agrund.com\/wp-content\/uploads\/sites\/6\/2014\/10\/Captura-de-Tela-2014-10-17-\u00e0s-17.26.13.jpg\"><img aria-describedby=\"caption-attachment-115667\" data-attachment-id=\"115667\" data-permalink=\"https:\/\/agrund.com\/index.php\/moda-conheca-jailson-marcos-designer-de-sapatos-queridinho-de-carlinhos-brown\/captura-de-tela-2014-10-17-as-17-26-13\/\" data-orig-file=\"https:\/\/i0.wp.com\/agrund.com\/wp-content\/uploads\/sites\/6\/2014\/10\/Captura-de-Tela-2014-10-17-\u00e0s-17.26.13.jpg?fit=550%2C299&amp;ssl=1\" data-orig-size=\"550,299\" data-comments-opened=\"1\" data-image-meta=\"{&quot;aperture&quot;:&quot;0&quot;,&quot;credit&quot;:&quot;&quot;,&quot;camera&quot;:&quot;&quot;,&quot;caption&quot;:&quot;&quot;,&quot;created_timestamp&quot;:&quot;0&quot;,&quot;copyright&quot;:&quot;&quot;,&quot;focal_length&quot;:&quot;0&quot;,&quot;iso&quot;:&quot;0&quot;,&quot;shutter_speed&quot;:&quot;0&quot;,&quot;title&quot;:&quot;&quot;,&quot;orientation&quot;:&quot;0&quot;}\" data-image-title=\"Captura de Tela 2014-10-17 \u00e0s 17.26.13\" data-image-description=\"\" data-image-caption=\"&lt;p&gt;Moda :: Conhe\u00e7a Jailson Marcos, designer de sapatos queridinho de Carlinhos Brown &lt;\/p&gt;\n\" data-medium-file=\"https:\/\/i0.wp.com\/agrund.com\/wp-content\/uploads\/sites\/6\/2014\/10\/Captura-de-Tela-2014-10-17-\u00e0s-17.26.13.jpg?fit=300%2C163&amp;ssl=1\" data-large-file=\"https:\/\/i0.wp.com\/agrund.com\/wp-content\/uploads\/sites\/6\/2014\/10\/Captura-de-Tela-2014-10-17-\u00e0s-17.26.13.jpg?fit=550%2C299&amp;ssl=1\" decoding=\"async\" loading=\"lazy\" class=\"size-full wp-image-115667\" alt=\"Moda :: Conhe\u00e7a Jailson Marcos, designer de sapatos queridinho de Carlinhos Brown \" src=\"https:\/\/i0.wp.com\/www.agrund.com\/wp-content\/uploads\/sites\/6\/2014\/10\/Captura-de-Tela-2014-10-17-\u00e0s-17.26.13.jpg?resize=550%2C299\" width=\"550\" height=\"299\" srcset=\"https:\/\/i0.wp.com\/agrund.com\/wp-content\/uploads\/sites\/6\/2014\/10\/Captura-de-Tela-2014-10-17-\u00e0s-17.26.13.jpg?w=550&amp;ssl=1 550w, https:\/\/i0.wp.com\/agrund.com\/wp-content\/uploads\/sites\/6\/2014\/10\/Captura-de-Tela-2014-10-17-\u00e0s-17.26.13.jpg?resize=300%2C163&amp;ssl=1 300w\" sizes=\"(max-width: 550px) 100vw, 550px\" data-recalc-dims=\"1\" \/><\/a><p id=\"caption-attachment-115667\" class=\"wp-caption-text\">Moda :: Conhe\u00e7a Jailson Marcos, designer de sapatos queridinho de Carlinhos Brown<\/p><\/div>\n<p>Imagens: Divulga\u00e7\u00e3o.<\/p>\n<p>&nbsp;<\/p>\n<p>&nbsp;<\/p>\n","protected":false},"excerpt":{"rendered":"<p>Se voc\u00ea gosta de sapatos e tem um olhar mais atento j\u00e1 deve ter notado as cria\u00e7\u00f5es de Jailson Marcos, mesmo com a possibilidade de n\u00e3o saber quem ele \u00e9. Nascido no Rio Grande do Norte mas radicado em Pernambuco, o designer \u00e9 famoso pelos cal\u00e7ados de visual inusitado feitos em couro, palha e outras [&hellip;]<\/p>\n","protected":false},"author":8,"featured_media":115670,"comment_status":"open","ping_status":"open","sticky":false,"template":"","format":"standard","meta":{"jetpack_post_was_ever_published":false,"_jetpack_newsletter_access":"","jetpack_publicize_message":"Contamos mais do trabalho e da expans\u00e3o de Jailson Marcos, designer de sapatos queridinho do #CarlinhosBrown: http:\/\/wp.me\/p3Hz0n-u5A","jetpack_is_tweetstorm":false,"jetpack_publicize_feature_enabled":true,"jetpack_social_post_already_shared":true,"jetpack_social_options":{"image_generator_settings":{"template":"highway","enabled":false}}},"categories":[2],"tags":[],"jetpack_publicize_connections":[],"jetpack_featured_media_url":"https:\/\/i0.wp.com\/agrund.com\/wp-content\/uploads\/sites\/6\/2014\/10\/slide149.jpg?fit=960%2C300&ssl=1","jetpack_sharing_enabled":true,"jetpack_shortlink":"https:\/\/wp.me\/p3Hz0n-u5A","jetpack_likes_enabled":true,"_links":{"self":[{"href":"https:\/\/agrund.com\/index.php\/wp-json\/wp\/v2\/posts\/115666"}],"collection":[{"href":"https:\/\/agrund.com\/index.php\/wp-json\/wp\/v2\/posts"}],"about":[{"href":"https:\/\/agrund.com\/index.php\/wp-json\/wp\/v2\/types\/post"}],"author":[{"embeddable":true,"href":"https:\/\/agrund.com\/index.php\/wp-json\/wp\/v2\/users\/8"}],"replies":[{"embeddable":true,"href":"https:\/\/agrund.com\/index.php\/wp-json\/wp\/v2\/comments?post=115666"}],"version-history":[{"count":0,"href":"https:\/\/agrund.com\/index.php\/wp-json\/wp\/v2\/posts\/115666\/revisions"}],"wp:featuredmedia":[{"embeddable":true,"href":"https:\/\/agrund.com\/index.php\/wp-json\/wp\/v2\/media\/115670"}],"wp:attachment":[{"href":"https:\/\/agrund.com\/index.php\/wp-json\/wp\/v2\/media?parent=115666"}],"wp:term":[{"taxonomy":"category","embeddable":true,"href":"https:\/\/agrund.com\/index.php\/wp-json\/wp\/v2\/categories?post=115666"},{"taxonomy":"post_tag","embeddable":true,"href":"https:\/\/agrund.com\/index.php\/wp-json\/wp\/v2\/tags?post=115666"}],"curies":[{"name":"wp","href":"https:\/\/api.w.org\/{rel}","templated":true}]}}