{"id":115657,"date":"2014-10-17T21:00:49","date_gmt":"2014-10-18T00:00:49","guid":{"rendered":"http:\/\/www.agrund.com\/?p=115657"},"modified":"2014-10-17T17:51:47","modified_gmt":"2014-10-17T20:51:47","slug":"moda-kilts-viram-moda-no-recife","status":"publish","type":"post","link":"https:\/\/agrund.com\/index.php\/moda-kilts-viram-moda-no-recife\/","title":{"rendered":"Moda :: Kilts viram moda no Recife"},"content":{"rendered":"<p style=\"text-align: right\">Por T\u00e9ta Barbosa<\/p>\n<p style=\"text-align: left\">Se voc\u00ea der de cara com um homem usando saia no Recife (ou melhor, um kilt) n\u00e3o se assuste! \u00c9 que seis escoceses desembarcaram na mangue town para um reality show filmado na praia do Paiva. Os gringos vieram passar uns dias por aqui e a ideia \u00e9 que eles se misturem com a cultura local, enquanto uma equipe de filmagem registra TUDO para uma s\u00e9rie que vai ao ar no Youtube com 11 epis\u00f3dios ao todo. Acho que no fim vai at\u00e9 ter brasileiro de kilt e escoc\u00eas de sunga, viu&#8230;<\/p>\n<p style=\"text-align: left\">D\u00e1 uma olhada no teaser clicando <a href=\"https:\/\/www.facebook.com\/video.php?v=951782321503891\" target=\"_blank\">AQUI<\/a> e acompanhe mais novidades sobre esse desafio l\u00e1 no <a href=\"http:\/\/batidasalvetodos.ne10.uol.com.br\" target=\"_blank\">Batida Salve Todos<\/a>!<\/p>\n<div id=\"attachment_115658\" style=\"width: 560px\" class=\"wp-caption aligncenter\"><a href=\"https:\/\/i0.wp.com\/www.agrund.com\/wp-content\/uploads\/sites\/6\/2014\/10\/mix3.jpg\"><img aria-describedby=\"caption-attachment-115658\" data-attachment-id=\"115658\" data-permalink=\"https:\/\/agrund.com\/index.php\/moda-kilts-viram-moda-no-recife\/mix3\/\" data-orig-file=\"https:\/\/i0.wp.com\/agrund.com\/wp-content\/uploads\/sites\/6\/2014\/10\/mix3.jpg?fit=550%2C550&amp;ssl=1\" data-orig-size=\"550,550\" data-comments-opened=\"1\" data-image-meta=\"{&quot;aperture&quot;:&quot;0&quot;,&quot;credit&quot;:&quot;&quot;,&quot;camera&quot;:&quot;&quot;,&quot;caption&quot;:&quot;&quot;,&quot;created_timestamp&quot;:&quot;0&quot;,&quot;copyright&quot;:&quot;&quot;,&quot;focal_length&quot;:&quot;0&quot;,&quot;iso&quot;:&quot;0&quot;,&quot;shutter_speed&quot;:&quot;0&quot;,&quot;title&quot;:&quot;&quot;,&quot;orientation&quot;:&quot;0&quot;}\" data-image-title=\"mix3\" data-image-description=\"\" data-image-caption=\"&lt;p&gt;Moda :: Kilts viram moda no Recife &lt;\/p&gt;\n\" data-medium-file=\"https:\/\/i0.wp.com\/agrund.com\/wp-content\/uploads\/sites\/6\/2014\/10\/mix3.jpg?fit=300%2C300&amp;ssl=1\" data-large-file=\"https:\/\/i0.wp.com\/agrund.com\/wp-content\/uploads\/sites\/6\/2014\/10\/mix3.jpg?fit=550%2C550&amp;ssl=1\" decoding=\"async\" loading=\"lazy\" class=\"size-full wp-image-115658\" alt=\"Moda :: Kilts viram moda no Recife \" src=\"https:\/\/i0.wp.com\/www.agrund.com\/wp-content\/uploads\/sites\/6\/2014\/10\/mix3.jpg?resize=550%2C550\" width=\"550\" height=\"550\" srcset=\"https:\/\/i0.wp.com\/agrund.com\/wp-content\/uploads\/sites\/6\/2014\/10\/mix3.jpg?w=550&amp;ssl=1 550w, https:\/\/i0.wp.com\/agrund.com\/wp-content\/uploads\/sites\/6\/2014\/10\/mix3.jpg?resize=150%2C150&amp;ssl=1 150w, https:\/\/i0.wp.com\/agrund.com\/wp-content\/uploads\/sites\/6\/2014\/10\/mix3.jpg?resize=300%2C300&amp;ssl=1 300w\" sizes=\"(max-width: 550px) 100vw, 550px\" data-recalc-dims=\"1\" \/><\/a><p id=\"caption-attachment-115658\" class=\"wp-caption-text\">Moda :: Kilts viram moda no Recife<\/p><\/div>\n<div id=\"attachment_115659\" style=\"width: 560px\" class=\"wp-caption aligncenter\"><a href=\"https:\/\/i0.wp.com\/www.agrund.com\/wp-content\/uploads\/sites\/6\/2014\/10\/mix4.jpg\"><img aria-describedby=\"caption-attachment-115659\" data-attachment-id=\"115659\" data-permalink=\"https:\/\/agrund.com\/index.php\/moda-kilts-viram-moda-no-recife\/mix4\/\" data-orig-file=\"https:\/\/i0.wp.com\/agrund.com\/wp-content\/uploads\/sites\/6\/2014\/10\/mix4.jpg?fit=550%2C550&amp;ssl=1\" data-orig-size=\"550,550\" data-comments-opened=\"1\" data-image-meta=\"{&quot;aperture&quot;:&quot;0&quot;,&quot;credit&quot;:&quot;&quot;,&quot;camera&quot;:&quot;&quot;,&quot;caption&quot;:&quot;&quot;,&quot;created_timestamp&quot;:&quot;0&quot;,&quot;copyright&quot;:&quot;&quot;,&quot;focal_length&quot;:&quot;0&quot;,&quot;iso&quot;:&quot;0&quot;,&quot;shutter_speed&quot;:&quot;0&quot;,&quot;title&quot;:&quot;&quot;,&quot;orientation&quot;:&quot;0&quot;}\" data-image-title=\"mix4\" data-image-description=\"\" data-image-caption=\"&lt;p&gt;Moda :: Kilts viram moda no Recife &lt;\/p&gt;\n\" data-medium-file=\"https:\/\/i0.wp.com\/agrund.com\/wp-content\/uploads\/sites\/6\/2014\/10\/mix4.jpg?fit=300%2C300&amp;ssl=1\" data-large-file=\"https:\/\/i0.wp.com\/agrund.com\/wp-content\/uploads\/sites\/6\/2014\/10\/mix4.jpg?fit=550%2C550&amp;ssl=1\" decoding=\"async\" loading=\"lazy\" class=\"size-full wp-image-115659\" alt=\"Moda :: Kilts viram moda no Recife \" src=\"https:\/\/i0.wp.com\/www.agrund.com\/wp-content\/uploads\/sites\/6\/2014\/10\/mix4.jpg?resize=550%2C550\" width=\"550\" height=\"550\" srcset=\"https:\/\/i0.wp.com\/agrund.com\/wp-content\/uploads\/sites\/6\/2014\/10\/mix4.jpg?w=550&amp;ssl=1 550w, https:\/\/i0.wp.com\/agrund.com\/wp-content\/uploads\/sites\/6\/2014\/10\/mix4.jpg?resize=150%2C150&amp;ssl=1 150w, https:\/\/i0.wp.com\/agrund.com\/wp-content\/uploads\/sites\/6\/2014\/10\/mix4.jpg?resize=300%2C300&amp;ssl=1 300w\" sizes=\"(max-width: 550px) 100vw, 550px\" data-recalc-dims=\"1\" \/><\/a><p id=\"caption-attachment-115659\" class=\"wp-caption-text\">Moda :: Kilts viram moda no Recife<\/p><\/div>\n<p>&nbsp;<\/p>\n<p>Imagens: Divulga\u00e7\u00e3o.<\/p>\n<p>&nbsp;<\/p>\n","protected":false},"excerpt":{"rendered":"<p>Por T\u00e9ta Barbosa Se voc\u00ea der de cara com um homem usando saia no Recife (ou melhor, um kilt) n\u00e3o se assuste! \u00c9 que seis escoceses desembarcaram na mangue town para um reality show filmado na praia do Paiva. Os gringos vieram passar uns dias por aqui e a ideia \u00e9 que eles se misturem [&hellip;]<\/p>\n","protected":false},"author":8,"featured_media":115660,"comment_status":"open","ping_status":"open","sticky":false,"template":"","format":"standard","meta":{"jetpack_post_was_ever_published":false,"_jetpack_newsletter_access":"","jetpack_publicize_message":"No post de hoje T\u00e9ta Barbosa conta os detalhes de um reality show que levou seis escoceses para passar um tempo em Recife. Adivinha s\u00f3 no que deu?! http:\/\/wp.me\/p3Hz0n-u5r","jetpack_is_tweetstorm":false,"jetpack_publicize_feature_enabled":true,"jetpack_social_post_already_shared":true,"jetpack_social_options":{"image_generator_settings":{"template":"highway","enabled":false}}},"categories":[2],"tags":[],"jetpack_publicize_connections":[],"jetpack_featured_media_url":"https:\/\/i0.wp.com\/agrund.com\/wp-content\/uploads\/sites\/6\/2014\/10\/slidekilt.jpg?fit=960%2C300&ssl=1","jetpack_sharing_enabled":true,"jetpack_shortlink":"https:\/\/wp.me\/p3Hz0n-u5r","jetpack_likes_enabled":true,"_links":{"self":[{"href":"https:\/\/agrund.com\/index.php\/wp-json\/wp\/v2\/posts\/115657"}],"collection":[{"href":"https:\/\/agrund.com\/index.php\/wp-json\/wp\/v2\/posts"}],"about":[{"href":"https:\/\/agrund.com\/index.php\/wp-json\/wp\/v2\/types\/post"}],"author":[{"embeddable":true,"href":"https:\/\/agrund.com\/index.php\/wp-json\/wp\/v2\/users\/8"}],"replies":[{"embeddable":true,"href":"https:\/\/agrund.com\/index.php\/wp-json\/wp\/v2\/comments?post=115657"}],"version-history":[{"count":0,"href":"https:\/\/agrund.com\/index.php\/wp-json\/wp\/v2\/posts\/115657\/revisions"}],"wp:featuredmedia":[{"embeddable":true,"href":"https:\/\/agrund.com\/index.php\/wp-json\/wp\/v2\/media\/115660"}],"wp:attachment":[{"href":"https:\/\/agrund.com\/index.php\/wp-json\/wp\/v2\/media?parent=115657"}],"wp:term":[{"taxonomy":"category","embeddable":true,"href":"https:\/\/agrund.com\/index.php\/wp-json\/wp\/v2\/categories?post=115657"},{"taxonomy":"post_tag","embeddable":true,"href":"https:\/\/agrund.com\/index.php\/wp-json\/wp\/v2\/tags?post=115657"}],"curies":[{"name":"wp","href":"https:\/\/api.w.org\/{rel}","templated":true}]}}