{"id":115632,"date":"2014-10-17T18:00:36","date_gmt":"2014-10-17T21:00:36","guid":{"rendered":"http:\/\/www.agrund.com\/?p=115632"},"modified":"2014-10-17T17:52:33","modified_gmt":"2014-10-17T20:52:33","slug":"moda-o-preview-de-inverno-da-elle","status":"publish","type":"post","link":"https:\/\/agrund.com\/index.php\/moda-o-preview-de-inverno-da-elle\/","title":{"rendered":"Moda :: O preview de inverno da Elle"},"content":{"rendered":"<p>A Elle, junto \u00e0 Luminosidade, convidou uma s\u00e9rie de estilistas para participarem do Elle Fashion Preview \u2013 evento com desfiles que mostram um pouco do que as marcas est\u00e3o preparando para a pr\u00f3xima temporada. Nessa edi\u00e7\u00e3o de outono-inverno 2015 participaram Alexandre Herchcovitch, Osklen, Andrea Marques, Coven, Vitorino Campos, Giuliana Romanno, Tufi Duek, Reinaldo Louren\u00e7o, Patricia Vieira e Ellus, todos com seis looks cada que d\u00e3o um gostinho do que ser\u00e1 desfilado no pr\u00f3ximo SP Fashion Week.<\/p>\n<p>E enquanto as grifes cruzavam a passarela montada no shopping JK Iguatemi em SP com um casting de peso, uma s\u00e9rie de convidados se empoleirava para ver tudo do melhor \u00e2ngulo poss\u00edvel dentro da &#8220;sala de desfiles&#8221; apertadinha com direito a fila A repleta de nomes famosos, como a it girl Alexa Chung \u2013 que por sinal veio ao Brasil exclusivamente para tocar na festa p\u00f3s-evento. Agrund.com conferiu de perto e mostra os destaques das marcas na galeria para voc\u00ea ter uma ideia do que vai rolar na pr\u00f3xima esta\u00e7\u00e3o, olha s\u00f3:<\/p>\n<p><strong>Dark com classe<\/strong><br \/>\nO preto pesou (no bom sentido) e chega ao inverno em propostas elegantes e femininas pelas m\u00e3os de Eduardo Pombal na Tufi Duek e de Reinaldo Louren\u00e7o. Mas as propostas fogem do pretinho b\u00e1sico e flertam com uma aura dark glam com espa\u00e7o para franjas metalizadas e aplica\u00e7\u00f5es de cristais.<\/p>\n<div id=\"attachment_115635\" style=\"width: 510px\" class=\"wp-caption aligncenter\"><a href=\"https:\/\/i0.wp.com\/www.agrund.com\/wp-content\/uploads\/sites\/6\/2014\/10\/Tufi-1.jpg\"><img aria-describedby=\"caption-attachment-115635\" data-attachment-id=\"115635\" data-permalink=\"https:\/\/agrund.com\/index.php\/moda-o-preview-de-inverno-da-elle\/tufi-1\/\" data-orig-file=\"https:\/\/i0.wp.com\/agrund.com\/wp-content\/uploads\/sites\/6\/2014\/10\/Tufi-1.jpg?fit=500%2C751&amp;ssl=1\" data-orig-size=\"500,751\" data-comments-opened=\"1\" data-image-meta=\"{&quot;aperture&quot;:&quot;4&quot;,&quot;credit&quot;:&quot;ZeTakahashi&quot;,&quot;camera&quot;:&quot;NIKON D4&quot;,&quot;caption&quot;:&quot;&quot;,&quot;created_timestamp&quot;:&quot;1413498281&quot;,&quot;copyright&quot;:&quot;2014@ZeTakahashi\\\/FOTOSITE&quot;,&quot;focal_length&quot;:&quot;260&quot;,&quot;iso&quot;:&quot;1250&quot;,&quot;shutter_speed&quot;:&quot;0.0025&quot;,&quot;title&quot;:&quot;&quot;,&quot;orientation&quot;:&quot;0&quot;}\" data-image-title=\"Tufi 1\" data-image-description=\"\" data-image-caption=\"&lt;p&gt;Tufi Duek&lt;\/p&gt;\n\" data-medium-file=\"https:\/\/i0.wp.com\/agrund.com\/wp-content\/uploads\/sites\/6\/2014\/10\/Tufi-1.jpg?fit=200%2C300&amp;ssl=1\" data-large-file=\"https:\/\/i0.wp.com\/agrund.com\/wp-content\/uploads\/sites\/6\/2014\/10\/Tufi-1.jpg?fit=500%2C751&amp;ssl=1\" decoding=\"async\" loading=\"lazy\" class=\"size-full wp-image-115635\" alt=\"Tufi Duek\" src=\"https:\/\/i0.wp.com\/www.agrund.com\/wp-content\/uploads\/sites\/6\/2014\/10\/Tufi-1.jpg?resize=500%2C751\" width=\"500\" height=\"751\" srcset=\"https:\/\/i0.wp.com\/agrund.com\/wp-content\/uploads\/sites\/6\/2014\/10\/Tufi-1.jpg?w=500&amp;ssl=1 500w, https:\/\/i0.wp.com\/agrund.com\/wp-content\/uploads\/sites\/6\/2014\/10\/Tufi-1.jpg?resize=200%2C300&amp;ssl=1 200w\" sizes=\"(max-width: 500px) 100vw, 500px\" data-recalc-dims=\"1\" \/><\/a><p id=\"caption-attachment-115635\" class=\"wp-caption-text\">Tufi Duek<\/p><\/div>\n<div id=\"attachment_115636\" style=\"width: 510px\" class=\"wp-caption aligncenter\"><a href=\"https:\/\/i0.wp.com\/www.agrund.com\/wp-content\/uploads\/sites\/6\/2014\/10\/Tufi-2.jpg\"><img aria-describedby=\"caption-attachment-115636\" data-attachment-id=\"115636\" data-permalink=\"https:\/\/agrund.com\/index.php\/moda-o-preview-de-inverno-da-elle\/tufi-2\/\" data-orig-file=\"https:\/\/i0.wp.com\/agrund.com\/wp-content\/uploads\/sites\/6\/2014\/10\/Tufi-2.jpg?fit=500%2C751&amp;ssl=1\" data-orig-size=\"500,751\" data-comments-opened=\"1\" data-image-meta=\"{&quot;aperture&quot;:&quot;4&quot;,&quot;credit&quot;:&quot;ZeTakahashi&quot;,&quot;camera&quot;:&quot;NIKON D4&quot;,&quot;caption&quot;:&quot;&quot;,&quot;created_timestamp&quot;:&quot;1413498374&quot;,&quot;copyright&quot;:&quot;2014@ZeTakahashi\\\/FOTOSITE&quot;,&quot;focal_length&quot;:&quot;250&quot;,&quot;iso&quot;:&quot;1250&quot;,&quot;shutter_speed&quot;:&quot;0.0025&quot;,&quot;title&quot;:&quot;&quot;,&quot;orientation&quot;:&quot;0&quot;}\" data-image-title=\"Tufi 2\" data-image-description=\"\" data-image-caption=\"&lt;p&gt;Tufi Duek&lt;\/p&gt;\n\" data-medium-file=\"https:\/\/i0.wp.com\/agrund.com\/wp-content\/uploads\/sites\/6\/2014\/10\/Tufi-2.jpg?fit=200%2C300&amp;ssl=1\" data-large-file=\"https:\/\/i0.wp.com\/agrund.com\/wp-content\/uploads\/sites\/6\/2014\/10\/Tufi-2.jpg?fit=500%2C751&amp;ssl=1\" decoding=\"async\" loading=\"lazy\" class=\"size-full wp-image-115636\" alt=\"Tufi Duek\" src=\"https:\/\/i0.wp.com\/www.agrund.com\/wp-content\/uploads\/sites\/6\/2014\/10\/Tufi-2.jpg?resize=500%2C751\" width=\"500\" height=\"751\" srcset=\"https:\/\/i0.wp.com\/agrund.com\/wp-content\/uploads\/sites\/6\/2014\/10\/Tufi-2.jpg?w=500&amp;ssl=1 500w, https:\/\/i0.wp.com\/agrund.com\/wp-content\/uploads\/sites\/6\/2014\/10\/Tufi-2.jpg?resize=200%2C300&amp;ssl=1 200w\" sizes=\"(max-width: 500px) 100vw, 500px\" data-recalc-dims=\"1\" \/><\/a><p id=\"caption-attachment-115636\" class=\"wp-caption-text\">Tufi Duek<\/p><\/div>\n<div id=\"attachment_115633\" style=\"width: 510px\" class=\"wp-caption aligncenter\"><a href=\"https:\/\/i0.wp.com\/www.agrund.com\/wp-content\/uploads\/sites\/6\/2014\/10\/Reinaldo-1.jpg\"><img aria-describedby=\"caption-attachment-115633\" data-attachment-id=\"115633\" data-permalink=\"https:\/\/agrund.com\/index.php\/moda-o-preview-de-inverno-da-elle\/reinaldo-1\/\" data-orig-file=\"https:\/\/i0.wp.com\/agrund.com\/wp-content\/uploads\/sites\/6\/2014\/10\/Reinaldo-1.jpg?fit=500%2C751&amp;ssl=1\" data-orig-size=\"500,751\" data-comments-opened=\"1\" data-image-meta=\"{&quot;aperture&quot;:&quot;4&quot;,&quot;credit&quot;:&quot;ZeTakahashi&quot;,&quot;camera&quot;:&quot;NIKON D4&quot;,&quot;caption&quot;:&quot;&quot;,&quot;created_timestamp&quot;:&quot;1413497167&quot;,&quot;copyright&quot;:&quot;2014@ZeTakahashi\\\/FOTOSITE&quot;,&quot;focal_length&quot;:&quot;280&quot;,&quot;iso&quot;:&quot;1250&quot;,&quot;shutter_speed&quot;:&quot;0.002&quot;,&quot;title&quot;:&quot;&quot;,&quot;orientation&quot;:&quot;0&quot;}\" data-image-title=\"Reinaldo 1\" data-image-description=\"\" data-image-caption=\"&lt;p&gt;Reinaldo Louren\u00e7o&lt;\/p&gt;\n\" data-medium-file=\"https:\/\/i0.wp.com\/agrund.com\/wp-content\/uploads\/sites\/6\/2014\/10\/Reinaldo-1.jpg?fit=200%2C300&amp;ssl=1\" data-large-file=\"https:\/\/i0.wp.com\/agrund.com\/wp-content\/uploads\/sites\/6\/2014\/10\/Reinaldo-1.jpg?fit=500%2C751&amp;ssl=1\" decoding=\"async\" loading=\"lazy\" class=\"size-full wp-image-115633\" alt=\"Reinaldo Louren\u00e7o\" src=\"https:\/\/i0.wp.com\/www.agrund.com\/wp-content\/uploads\/sites\/6\/2014\/10\/Reinaldo-1.jpg?resize=500%2C751\" width=\"500\" height=\"751\" srcset=\"https:\/\/i0.wp.com\/agrund.com\/wp-content\/uploads\/sites\/6\/2014\/10\/Reinaldo-1.jpg?w=500&amp;ssl=1 500w, https:\/\/i0.wp.com\/agrund.com\/wp-content\/uploads\/sites\/6\/2014\/10\/Reinaldo-1.jpg?resize=200%2C300&amp;ssl=1 200w\" sizes=\"(max-width: 500px) 100vw, 500px\" data-recalc-dims=\"1\" \/><\/a><p id=\"caption-attachment-115633\" class=\"wp-caption-text\">Reinaldo Louren\u00e7o<\/p><\/div>\n<div id=\"attachment_115634\" style=\"width: 510px\" class=\"wp-caption aligncenter\"><a href=\"https:\/\/i0.wp.com\/www.agrund.com\/wp-content\/uploads\/sites\/6\/2014\/10\/Reinaldo-2.jpg\"><img aria-describedby=\"caption-attachment-115634\" data-attachment-id=\"115634\" data-permalink=\"https:\/\/agrund.com\/index.php\/moda-o-preview-de-inverno-da-elle\/reinaldo-2\/\" data-orig-file=\"https:\/\/i0.wp.com\/agrund.com\/wp-content\/uploads\/sites\/6\/2014\/10\/Reinaldo-2.jpg?fit=500%2C751&amp;ssl=1\" data-orig-size=\"500,751\" data-comments-opened=\"1\" data-image-meta=\"{&quot;aperture&quot;:&quot;4&quot;,&quot;credit&quot;:&quot;ZeTakahashi&quot;,&quot;camera&quot;:&quot;NIKON D4&quot;,&quot;caption&quot;:&quot;&quot;,&quot;created_timestamp&quot;:&quot;1413497098&quot;,&quot;copyright&quot;:&quot;2014@ZeTakahashi\\\/FOTOSITE&quot;,&quot;focal_length&quot;:&quot;270&quot;,&quot;iso&quot;:&quot;1250&quot;,&quot;shutter_speed&quot;:&quot;0.002&quot;,&quot;title&quot;:&quot;&quot;,&quot;orientation&quot;:&quot;0&quot;}\" data-image-title=\"Reinaldo 2\" data-image-description=\"\" data-image-caption=\"&lt;p&gt;Reinaldo Louren\u00e7o&lt;\/p&gt;\n\" data-medium-file=\"https:\/\/i0.wp.com\/agrund.com\/wp-content\/uploads\/sites\/6\/2014\/10\/Reinaldo-2.jpg?fit=200%2C300&amp;ssl=1\" data-large-file=\"https:\/\/i0.wp.com\/agrund.com\/wp-content\/uploads\/sites\/6\/2014\/10\/Reinaldo-2.jpg?fit=500%2C751&amp;ssl=1\" decoding=\"async\" loading=\"lazy\" class=\"size-full wp-image-115634\" alt=\"Reinaldo Louren\u00e7o\" src=\"https:\/\/i0.wp.com\/www.agrund.com\/wp-content\/uploads\/sites\/6\/2014\/10\/Reinaldo-2.jpg?resize=500%2C751\" width=\"500\" height=\"751\" srcset=\"https:\/\/i0.wp.com\/agrund.com\/wp-content\/uploads\/sites\/6\/2014\/10\/Reinaldo-2.jpg?w=500&amp;ssl=1 500w, https:\/\/i0.wp.com\/agrund.com\/wp-content\/uploads\/sites\/6\/2014\/10\/Reinaldo-2.jpg?resize=200%2C300&amp;ssl=1 200w\" sizes=\"(max-width: 500px) 100vw, 500px\" data-recalc-dims=\"1\" \/><\/a><p id=\"caption-attachment-115634\" class=\"wp-caption-text\">Reinaldo Louren\u00e7o<\/p><\/div>\n<p><strong>Esporte fino<\/strong><br \/>\nGiuliana Romanno, h\u00e1 pouco tempo no line-up do SP Fashion Week, mostrou looks que combinaram alfaiataria em risca de giz com tecidos telados e formas esportivas. Um verdadeiro esporte fino que segue os term\u00f4metros da temporada internacional!<\/p>\n<div id=\"attachment_115637\" style=\"width: 510px\" class=\"wp-caption aligncenter\"><a href=\"https:\/\/i0.wp.com\/www.agrund.com\/wp-content\/uploads\/sites\/6\/2014\/10\/Giuliana-1.jpg\"><img aria-describedby=\"caption-attachment-115637\" data-attachment-id=\"115637\" data-permalink=\"https:\/\/agrund.com\/index.php\/moda-o-preview-de-inverno-da-elle\/giuliana-1\/\" data-orig-file=\"https:\/\/i0.wp.com\/agrund.com\/wp-content\/uploads\/sites\/6\/2014\/10\/Giuliana-1.jpg?fit=500%2C751&amp;ssl=1\" data-orig-size=\"500,751\" data-comments-opened=\"1\" data-image-meta=\"{&quot;aperture&quot;:&quot;4&quot;,&quot;credit&quot;:&quot;ZeTakahashi&quot;,&quot;camera&quot;:&quot;NIKON D4&quot;,&quot;caption&quot;:&quot;&quot;,&quot;created_timestamp&quot;:&quot;1413497972&quot;,&quot;copyright&quot;:&quot;2014@ZeTakahashi\\\/FOTOSITE&quot;,&quot;focal_length&quot;:&quot;270&quot;,&quot;iso&quot;:&quot;1250&quot;,&quot;shutter_speed&quot;:&quot;0.003125&quot;,&quot;title&quot;:&quot;&quot;,&quot;orientation&quot;:&quot;0&quot;}\" data-image-title=\"Giuliana 1\" data-image-description=\"\" data-image-caption=\"&lt;p&gt;Giuliana Romanno&lt;\/p&gt;\n\" data-medium-file=\"https:\/\/i0.wp.com\/agrund.com\/wp-content\/uploads\/sites\/6\/2014\/10\/Giuliana-1.jpg?fit=200%2C300&amp;ssl=1\" data-large-file=\"https:\/\/i0.wp.com\/agrund.com\/wp-content\/uploads\/sites\/6\/2014\/10\/Giuliana-1.jpg?fit=500%2C751&amp;ssl=1\" decoding=\"async\" loading=\"lazy\" class=\"size-full wp-image-115637\" alt=\"Giuliana Romanno\" src=\"https:\/\/i0.wp.com\/www.agrund.com\/wp-content\/uploads\/sites\/6\/2014\/10\/Giuliana-1.jpg?resize=500%2C751\" width=\"500\" height=\"751\" srcset=\"https:\/\/i0.wp.com\/agrund.com\/wp-content\/uploads\/sites\/6\/2014\/10\/Giuliana-1.jpg?w=500&amp;ssl=1 500w, https:\/\/i0.wp.com\/agrund.com\/wp-content\/uploads\/sites\/6\/2014\/10\/Giuliana-1.jpg?resize=200%2C300&amp;ssl=1 200w\" sizes=\"(max-width: 500px) 100vw, 500px\" data-recalc-dims=\"1\" \/><\/a><p id=\"caption-attachment-115637\" class=\"wp-caption-text\">Giuliana Romanno<\/p><\/div>\n<div id=\"attachment_115638\" style=\"width: 510px\" class=\"wp-caption aligncenter\"><a href=\"https:\/\/i0.wp.com\/www.agrund.com\/wp-content\/uploads\/sites\/6\/2014\/10\/Giuliana-2.jpg\"><img aria-describedby=\"caption-attachment-115638\" data-attachment-id=\"115638\" data-permalink=\"https:\/\/agrund.com\/index.php\/moda-o-preview-de-inverno-da-elle\/giuliana-2\/\" data-orig-file=\"https:\/\/i0.wp.com\/agrund.com\/wp-content\/uploads\/sites\/6\/2014\/10\/Giuliana-2.jpg?fit=500%2C751&amp;ssl=1\" data-orig-size=\"500,751\" data-comments-opened=\"1\" data-image-meta=\"{&quot;aperture&quot;:&quot;4&quot;,&quot;credit&quot;:&quot;ZeTakahashi&quot;,&quot;camera&quot;:&quot;NIKON D4&quot;,&quot;caption&quot;:&quot;&quot;,&quot;created_timestamp&quot;:&quot;1413497991&quot;,&quot;copyright&quot;:&quot;2014@ZeTakahashi\\\/FOTOSITE&quot;,&quot;focal_length&quot;:&quot;220&quot;,&quot;iso&quot;:&quot;1250&quot;,&quot;shutter_speed&quot;:&quot;0.0025&quot;,&quot;title&quot;:&quot;&quot;,&quot;orientation&quot;:&quot;0&quot;}\" data-image-title=\"Giuliana 2\" data-image-description=\"\" data-image-caption=\"&lt;p&gt;Giuliana Romanno&lt;\/p&gt;\n\" data-medium-file=\"https:\/\/i0.wp.com\/agrund.com\/wp-content\/uploads\/sites\/6\/2014\/10\/Giuliana-2.jpg?fit=200%2C300&amp;ssl=1\" data-large-file=\"https:\/\/i0.wp.com\/agrund.com\/wp-content\/uploads\/sites\/6\/2014\/10\/Giuliana-2.jpg?fit=500%2C751&amp;ssl=1\" decoding=\"async\" loading=\"lazy\" class=\"size-full wp-image-115638\" alt=\"Giuliana Romanno\" src=\"https:\/\/i0.wp.com\/www.agrund.com\/wp-content\/uploads\/sites\/6\/2014\/10\/Giuliana-2.jpg?resize=500%2C751\" width=\"500\" height=\"751\" srcset=\"https:\/\/i0.wp.com\/agrund.com\/wp-content\/uploads\/sites\/6\/2014\/10\/Giuliana-2.jpg?w=500&amp;ssl=1 500w, https:\/\/i0.wp.com\/agrund.com\/wp-content\/uploads\/sites\/6\/2014\/10\/Giuliana-2.jpg?resize=200%2C300&amp;ssl=1 200w\" sizes=\"(max-width: 500px) 100vw, 500px\" data-recalc-dims=\"1\" \/><\/a><p id=\"caption-attachment-115638\" class=\"wp-caption-text\">Giuliana Romanno<\/p><\/div>\n<div id=\"attachment_115639\" style=\"width: 510px\" class=\"wp-caption aligncenter\"><a href=\"https:\/\/i0.wp.com\/www.agrund.com\/wp-content\/uploads\/sites\/6\/2014\/10\/Giuliana-3.jpg\"><img aria-describedby=\"caption-attachment-115639\" data-attachment-id=\"115639\" data-permalink=\"https:\/\/agrund.com\/index.php\/moda-o-preview-de-inverno-da-elle\/giuliana-3\/\" data-orig-file=\"https:\/\/i0.wp.com\/agrund.com\/wp-content\/uploads\/sites\/6\/2014\/10\/Giuliana-3.jpg?fit=500%2C751&amp;ssl=1\" data-orig-size=\"500,751\" data-comments-opened=\"1\" data-image-meta=\"{&quot;aperture&quot;:&quot;4&quot;,&quot;credit&quot;:&quot;ZeTakahashi&quot;,&quot;camera&quot;:&quot;NIKON D4&quot;,&quot;caption&quot;:&quot;&quot;,&quot;created_timestamp&quot;:&quot;1413498052&quot;,&quot;copyright&quot;:&quot;2014@ZeTakahashi\\\/FOTOSITE&quot;,&quot;focal_length&quot;:&quot;250&quot;,&quot;iso&quot;:&quot;1250&quot;,&quot;shutter_speed&quot;:&quot;0.0025&quot;,&quot;title&quot;:&quot;&quot;,&quot;orientation&quot;:&quot;0&quot;}\" data-image-title=\"Giuliana 3\" data-image-description=\"\" data-image-caption=\"&lt;p&gt;Giuliana Romanno&lt;\/p&gt;\n\" data-medium-file=\"https:\/\/i0.wp.com\/agrund.com\/wp-content\/uploads\/sites\/6\/2014\/10\/Giuliana-3.jpg?fit=200%2C300&amp;ssl=1\" data-large-file=\"https:\/\/i0.wp.com\/agrund.com\/wp-content\/uploads\/sites\/6\/2014\/10\/Giuliana-3.jpg?fit=500%2C751&amp;ssl=1\" decoding=\"async\" loading=\"lazy\" class=\"size-full wp-image-115639\" alt=\"Giuliana Romanno\" src=\"https:\/\/i0.wp.com\/www.agrund.com\/wp-content\/uploads\/sites\/6\/2014\/10\/Giuliana-3.jpg?resize=500%2C751\" width=\"500\" height=\"751\" srcset=\"https:\/\/i0.wp.com\/agrund.com\/wp-content\/uploads\/sites\/6\/2014\/10\/Giuliana-3.jpg?w=500&amp;ssl=1 500w, https:\/\/i0.wp.com\/agrund.com\/wp-content\/uploads\/sites\/6\/2014\/10\/Giuliana-3.jpg?resize=200%2C300&amp;ssl=1 200w\" sizes=\"(max-width: 500px) 100vw, 500px\" data-recalc-dims=\"1\" \/><\/a><p id=\"caption-attachment-115639\" class=\"wp-caption-text\">Giuliana Romanno<\/p><\/div>\n<p><strong>Geometrias<\/strong><br \/>\nOs padr\u00f5es geom\u00e9tricos foram destaque tanto nas vers\u00f5es em estampas rosas e pretas da Andrea Marques quanto nos desenhos de listras e ret\u00e2ngulos nos vestidos de l\u00e1tex do Alexandre Herchcovitch (por sinal, lembra quando contamos <a href=\"http:\/\/www.agrund.com\/sp-fashion-week-realidade-desconstruida-na-passarela-do-alexandre-herchcovitch\/\" target=\"_blank\">AQUI<\/a> que o material chamou a aten\u00e7\u00e3o no desfile dele na \u00faltima temporada?). Mas talvez a pegada mais forte da esta\u00e7\u00e3o seja mesmo as imagens \u00e9tnicas, a exemplo das coloridas na Coven.<\/p>\n<div id=\"attachment_115642\" style=\"width: 510px\" class=\"wp-caption aligncenter\"><a href=\"https:\/\/i0.wp.com\/www.agrund.com\/wp-content\/uploads\/sites\/6\/2014\/10\/Andrea.jpg\"><img aria-describedby=\"caption-attachment-115642\" data-attachment-id=\"115642\" data-permalink=\"https:\/\/agrund.com\/index.php\/moda-o-preview-de-inverno-da-elle\/andrea\/\" data-orig-file=\"https:\/\/i0.wp.com\/agrund.com\/wp-content\/uploads\/sites\/6\/2014\/10\/Andrea.jpg?fit=500%2C751&amp;ssl=1\" data-orig-size=\"500,751\" data-comments-opened=\"1\" data-image-meta=\"{&quot;aperture&quot;:&quot;4&quot;,&quot;credit&quot;:&quot;ZeTakahashi&quot;,&quot;camera&quot;:&quot;NIKON D4&quot;,&quot;caption&quot;:&quot;&quot;,&quot;created_timestamp&quot;:&quot;1413497887&quot;,&quot;copyright&quot;:&quot;2014@ZeTakahashi\\\/FOTOSITE&quot;,&quot;focal_length&quot;:&quot;260&quot;,&quot;iso&quot;:&quot;1250&quot;,&quot;shutter_speed&quot;:&quot;0.0015625&quot;,&quot;title&quot;:&quot;&quot;,&quot;orientation&quot;:&quot;0&quot;}\" data-image-title=\"Andrea\" data-image-description=\"\" data-image-caption=\"&lt;p&gt;Andrea Marques&lt;\/p&gt;\n\" data-medium-file=\"https:\/\/i0.wp.com\/agrund.com\/wp-content\/uploads\/sites\/6\/2014\/10\/Andrea.jpg?fit=200%2C300&amp;ssl=1\" data-large-file=\"https:\/\/i0.wp.com\/agrund.com\/wp-content\/uploads\/sites\/6\/2014\/10\/Andrea.jpg?fit=500%2C751&amp;ssl=1\" decoding=\"async\" loading=\"lazy\" class=\"size-full wp-image-115642\" alt=\"Andrea Marques\" src=\"https:\/\/i0.wp.com\/www.agrund.com\/wp-content\/uploads\/sites\/6\/2014\/10\/Andrea.jpg?resize=500%2C751\" width=\"500\" height=\"751\" srcset=\"https:\/\/i0.wp.com\/agrund.com\/wp-content\/uploads\/sites\/6\/2014\/10\/Andrea.jpg?w=500&amp;ssl=1 500w, https:\/\/i0.wp.com\/agrund.com\/wp-content\/uploads\/sites\/6\/2014\/10\/Andrea.jpg?resize=200%2C300&amp;ssl=1 200w\" sizes=\"(max-width: 500px) 100vw, 500px\" data-recalc-dims=\"1\" \/><\/a><p id=\"caption-attachment-115642\" class=\"wp-caption-text\">Andrea Marques<\/p><\/div>\n<div id=\"attachment_115640\" style=\"width: 510px\" class=\"wp-caption aligncenter\"><a href=\"https:\/\/i0.wp.com\/www.agrund.com\/wp-content\/uploads\/sites\/6\/2014\/10\/Alexandre-1.jpg\"><img aria-describedby=\"caption-attachment-115640\" data-attachment-id=\"115640\" data-permalink=\"https:\/\/agrund.com\/index.php\/moda-o-preview-de-inverno-da-elle\/alexandre-1\/\" data-orig-file=\"https:\/\/i0.wp.com\/agrund.com\/wp-content\/uploads\/sites\/6\/2014\/10\/Alexandre-1.jpg?fit=500%2C751&amp;ssl=1\" data-orig-size=\"500,751\" data-comments-opened=\"1\" data-image-meta=\"{&quot;aperture&quot;:&quot;4&quot;,&quot;credit&quot;:&quot;ZeTakahashi&quot;,&quot;camera&quot;:&quot;NIKON D4&quot;,&quot;caption&quot;:&quot;&quot;,&quot;created_timestamp&quot;:&quot;1413498527&quot;,&quot;copyright&quot;:&quot;2014@ZeTakahashi\\\/FOTOSITE&quot;,&quot;focal_length&quot;:&quot;240&quot;,&quot;iso&quot;:&quot;1250&quot;,&quot;shutter_speed&quot;:&quot;0.002&quot;,&quot;title&quot;:&quot;&quot;,&quot;orientation&quot;:&quot;0&quot;}\" data-image-title=\"Alexandre 1\" data-image-description=\"\" data-image-caption=\"&lt;p&gt;Alexandre Herchcovitch&lt;\/p&gt;\n\" data-medium-file=\"https:\/\/i0.wp.com\/agrund.com\/wp-content\/uploads\/sites\/6\/2014\/10\/Alexandre-1.jpg?fit=200%2C300&amp;ssl=1\" data-large-file=\"https:\/\/i0.wp.com\/agrund.com\/wp-content\/uploads\/sites\/6\/2014\/10\/Alexandre-1.jpg?fit=500%2C751&amp;ssl=1\" decoding=\"async\" loading=\"lazy\" class=\"size-full wp-image-115640\" alt=\"Alexandre Herchcovitch\" src=\"https:\/\/i0.wp.com\/www.agrund.com\/wp-content\/uploads\/sites\/6\/2014\/10\/Alexandre-1.jpg?resize=500%2C751\" width=\"500\" height=\"751\" srcset=\"https:\/\/i0.wp.com\/agrund.com\/wp-content\/uploads\/sites\/6\/2014\/10\/Alexandre-1.jpg?w=500&amp;ssl=1 500w, https:\/\/i0.wp.com\/agrund.com\/wp-content\/uploads\/sites\/6\/2014\/10\/Alexandre-1.jpg?resize=200%2C300&amp;ssl=1 200w\" sizes=\"(max-width: 500px) 100vw, 500px\" data-recalc-dims=\"1\" \/><\/a><p id=\"caption-attachment-115640\" class=\"wp-caption-text\">Alexandre Herchcovitch<\/p><\/div>\n<div id=\"attachment_115641\" style=\"width: 510px\" class=\"wp-caption aligncenter\"><a href=\"https:\/\/i0.wp.com\/www.agrund.com\/wp-content\/uploads\/sites\/6\/2014\/10\/Alexandre-2.jpg\"><img aria-describedby=\"caption-attachment-115641\" data-attachment-id=\"115641\" data-permalink=\"https:\/\/agrund.com\/index.php\/moda-o-preview-de-inverno-da-elle\/alexandre-2\/\" data-orig-file=\"https:\/\/i0.wp.com\/agrund.com\/wp-content\/uploads\/sites\/6\/2014\/10\/Alexandre-2.jpg?fit=500%2C751&amp;ssl=1\" data-orig-size=\"500,751\" data-comments-opened=\"1\" data-image-meta=\"{&quot;aperture&quot;:&quot;4&quot;,&quot;credit&quot;:&quot;ZeTakahashi&quot;,&quot;camera&quot;:&quot;NIKON D4&quot;,&quot;caption&quot;:&quot;&quot;,&quot;created_timestamp&quot;:&quot;1413498544&quot;,&quot;copyright&quot;:&quot;2014@ZeTakahashi\\\/FOTOSITE&quot;,&quot;focal_length&quot;:&quot;160&quot;,&quot;iso&quot;:&quot;1250&quot;,&quot;shutter_speed&quot;:&quot;0.00125&quot;,&quot;title&quot;:&quot;&quot;,&quot;orientation&quot;:&quot;0&quot;}\" data-image-title=\"Alexandre 2\" data-image-description=\"\" data-image-caption=\"&lt;p&gt;Alexandre Herchcovitch&lt;\/p&gt;\n\" data-medium-file=\"https:\/\/i0.wp.com\/agrund.com\/wp-content\/uploads\/sites\/6\/2014\/10\/Alexandre-2.jpg?fit=200%2C300&amp;ssl=1\" data-large-file=\"https:\/\/i0.wp.com\/agrund.com\/wp-content\/uploads\/sites\/6\/2014\/10\/Alexandre-2.jpg?fit=500%2C751&amp;ssl=1\" decoding=\"async\" loading=\"lazy\" class=\"size-full wp-image-115641\" alt=\"Alexandre Herchcovitch\" src=\"https:\/\/i0.wp.com\/www.agrund.com\/wp-content\/uploads\/sites\/6\/2014\/10\/Alexandre-2.jpg?resize=500%2C751\" width=\"500\" height=\"751\" srcset=\"https:\/\/i0.wp.com\/agrund.com\/wp-content\/uploads\/sites\/6\/2014\/10\/Alexandre-2.jpg?w=500&amp;ssl=1 500w, https:\/\/i0.wp.com\/agrund.com\/wp-content\/uploads\/sites\/6\/2014\/10\/Alexandre-2.jpg?resize=200%2C300&amp;ssl=1 200w\" sizes=\"(max-width: 500px) 100vw, 500px\" data-recalc-dims=\"1\" \/><\/a><p id=\"caption-attachment-115641\" class=\"wp-caption-text\">Alexandre Herchcovitch<\/p><\/div>\n<div id=\"attachment_115643\" style=\"width: 510px\" class=\"wp-caption aligncenter\"><a href=\"https:\/\/i0.wp.com\/www.agrund.com\/wp-content\/uploads\/sites\/6\/2014\/10\/Coven.jpg\"><img aria-describedby=\"caption-attachment-115643\" data-attachment-id=\"115643\" data-permalink=\"https:\/\/agrund.com\/index.php\/moda-o-preview-de-inverno-da-elle\/coven\/\" data-orig-file=\"https:\/\/i0.wp.com\/agrund.com\/wp-content\/uploads\/sites\/6\/2014\/10\/Coven.jpg?fit=500%2C751&amp;ssl=1\" data-orig-size=\"500,751\" data-comments-opened=\"1\" data-image-meta=\"{&quot;aperture&quot;:&quot;4&quot;,&quot;credit&quot;:&quot;ZeTakahashi&quot;,&quot;camera&quot;:&quot;NIKON D4&quot;,&quot;caption&quot;:&quot;&quot;,&quot;created_timestamp&quot;:&quot;1413497478&quot;,&quot;copyright&quot;:&quot;2014@ZeTakahashi\\\/FOTOSITE&quot;,&quot;focal_length&quot;:&quot;240&quot;,&quot;iso&quot;:&quot;1250&quot;,&quot;shutter_speed&quot;:&quot;0.002&quot;,&quot;title&quot;:&quot;&quot;,&quot;orientation&quot;:&quot;0&quot;}\" data-image-title=\"Coven\" data-image-description=\"\" data-image-caption=\"&lt;p&gt;Coven&lt;\/p&gt;\n\" data-medium-file=\"https:\/\/i0.wp.com\/agrund.com\/wp-content\/uploads\/sites\/6\/2014\/10\/Coven.jpg?fit=200%2C300&amp;ssl=1\" data-large-file=\"https:\/\/i0.wp.com\/agrund.com\/wp-content\/uploads\/sites\/6\/2014\/10\/Coven.jpg?fit=500%2C751&amp;ssl=1\" decoding=\"async\" loading=\"lazy\" class=\"size-full wp-image-115643\" alt=\"Coven\" src=\"https:\/\/i0.wp.com\/www.agrund.com\/wp-content\/uploads\/sites\/6\/2014\/10\/Coven.jpg?resize=500%2C751\" width=\"500\" height=\"751\" srcset=\"https:\/\/i0.wp.com\/agrund.com\/wp-content\/uploads\/sites\/6\/2014\/10\/Coven.jpg?w=500&amp;ssl=1 500w, https:\/\/i0.wp.com\/agrund.com\/wp-content\/uploads\/sites\/6\/2014\/10\/Coven.jpg?resize=200%2C300&amp;ssl=1 200w\" sizes=\"(max-width: 500px) 100vw, 500px\" data-recalc-dims=\"1\" \/><\/a><p id=\"caption-attachment-115643\" class=\"wp-caption-text\">Coven<\/p><\/div>\n<p>&nbsp;<\/p>\n<p>Imagens: Divulga\u00e7\u00e3o\/Ag\u00eanciaFotosite.<\/p>\n<p>&nbsp;<\/p>\n<p>&nbsp;<\/p>\n<p>&nbsp;<\/p>\n","protected":false},"excerpt":{"rendered":"<p>A Elle, junto \u00e0 Luminosidade, convidou uma s\u00e9rie de estilistas para participarem do Elle Fashion Preview \u2013 evento com desfiles que mostram um pouco do que as marcas est\u00e3o preparando para a pr\u00f3xima temporada. Nessa edi\u00e7\u00e3o de outono-inverno 2015 participaram Alexandre Herchcovitch, Osklen, Andrea Marques, Coven, Vitorino Campos, Giuliana Romanno, Tufi Duek, Reinaldo Louren\u00e7o, Patricia [&hellip;]<\/p>\n","protected":false},"author":8,"featured_media":115644,"comment_status":"open","ping_status":"open","sticky":false,"template":"","format":"standard","meta":{"jetpack_post_was_ever_published":false,"_jetpack_newsletter_access":"","jetpack_publicize_message":"Agrund.com conferiu de perto os desfiles no #ElleFashionPreview e conta o que voc\u00ea vai usar na pr\u00f3xima esta\u00e7\u00e3o. Confira no link e tome nota! http:\/\/wp.me\/p3Hz0n-u52","jetpack_is_tweetstorm":false,"jetpack_publicize_feature_enabled":true,"jetpack_social_post_already_shared":true,"jetpack_social_options":{"image_generator_settings":{"template":"highway","enabled":false}}},"categories":[2],"tags":[],"jetpack_publicize_connections":[],"jetpack_featured_media_url":"https:\/\/i0.wp.com\/agrund.com\/wp-content\/uploads\/sites\/6\/2014\/10\/slide147.jpg?fit=960%2C300&ssl=1","jetpack_sharing_enabled":true,"jetpack_shortlink":"https:\/\/wp.me\/p3Hz0n-u52","jetpack_likes_enabled":true,"_links":{"self":[{"href":"https:\/\/agrund.com\/index.php\/wp-json\/wp\/v2\/posts\/115632"}],"collection":[{"href":"https:\/\/agrund.com\/index.php\/wp-json\/wp\/v2\/posts"}],"about":[{"href":"https:\/\/agrund.com\/index.php\/wp-json\/wp\/v2\/types\/post"}],"author":[{"embeddable":true,"href":"https:\/\/agrund.com\/index.php\/wp-json\/wp\/v2\/users\/8"}],"replies":[{"embeddable":true,"href":"https:\/\/agrund.com\/index.php\/wp-json\/wp\/v2\/comments?post=115632"}],"version-history":[{"count":0,"href":"https:\/\/agrund.com\/index.php\/wp-json\/wp\/v2\/posts\/115632\/revisions"}],"wp:featuredmedia":[{"embeddable":true,"href":"https:\/\/agrund.com\/index.php\/wp-json\/wp\/v2\/media\/115644"}],"wp:attachment":[{"href":"https:\/\/agrund.com\/index.php\/wp-json\/wp\/v2\/media?parent=115632"}],"wp:term":[{"taxonomy":"category","embeddable":true,"href":"https:\/\/agrund.com\/index.php\/wp-json\/wp\/v2\/categories?post=115632"},{"taxonomy":"post_tag","embeddable":true,"href":"https:\/\/agrund.com\/index.php\/wp-json\/wp\/v2\/tags?post=115632"}],"curies":[{"name":"wp","href":"https:\/\/api.w.org\/{rel}","templated":true}]}}