{"id":115585,"date":"2014-10-17T12:00:31","date_gmt":"2014-10-17T15:00:31","guid":{"rendered":"http:\/\/www.agrund.com\/?p=115585"},"modified":"2014-10-17T10:06:02","modified_gmt":"2014-10-17T13:06:02","slug":"celebridades-nicole-kidman-so-anda-na-moda-por-forca-maior","status":"publish","type":"post","link":"https:\/\/agrund.com\/index.php\/celebridades-nicole-kidman-so-anda-na-moda-por-forca-maior\/","title":{"rendered":"Celebridades :: Nicole Kidman s\u00f3 anda na moda por &#8220;for\u00e7a maior&#8221;"},"content":{"rendered":"<p>Nicole Kidman, estrela de 47 anos, \u00e9 m\u00e3e de Sunday e Faith \u2013 meninas de seis e tr\u00eas anos respectivamente. Mas o que pouca gente sabe \u00e9 que a atriz foi for\u00e7ada pelas garotas a entrar no eixo da moda: segundo a pr\u00f3pria Nicole, as duas sempre d\u00e3o conselhos para a m\u00e3e dizendo se uma pe\u00e7a caiu bem no corpo da havaiana.<\/p>\n<p>E olha que elas s\u00e3o criticas, viu?! A atriz comentou sobre a situa\u00e7\u00e3o \u00e0 revista &#8220;Grazia&#8221;: &#8220;Com duas meninas que est\u00e3o sempre na moda eu tive que mudar as minhas estrat\u00e9gias. Elas sempre diziam &#8216;Isso n\u00e3o est\u00e1 bom o suficiente&#8217;. Eu fui for\u00e7ada a entrar na moda; atrav\u00e9s das minhas filhas eu redescobri isso&#8221;. Se depender do agrund.com, o trabalho de Sunday e Faith com Nicole j\u00e1 est\u00e1 mais do que aprovado!<\/p>\n<div id=\"attachment_115586\" style=\"width: 510px\" class=\"wp-caption aligncenter\"><a href=\"https:\/\/i0.wp.com\/www.agrund.com\/wp-content\/uploads\/sites\/6\/2014\/10\/article-0-1CA1681900000578-345_634x975.jpg\"><img aria-describedby=\"caption-attachment-115586\" data-attachment-id=\"115586\" data-permalink=\"https:\/\/agrund.com\/index.php\/celebridades-nicole-kidman-so-anda-na-moda-por-forca-maior\/article-0-1ca1681900000578-345_634x975\/\" data-orig-file=\"https:\/\/i0.wp.com\/agrund.com\/wp-content\/uploads\/sites\/6\/2014\/10\/article-0-1CA1681900000578-345_634x975.jpg?fit=500%2C769&amp;ssl=1\" data-orig-size=\"500,769\" data-comments-opened=\"1\" data-image-meta=\"{&quot;aperture&quot;:&quot;0&quot;,&quot;credit&quot;:&quot;&quot;,&quot;camera&quot;:&quot;&quot;,&quot;caption&quot;:&quot;&quot;,&quot;created_timestamp&quot;:&quot;0&quot;,&quot;copyright&quot;:&quot;&quot;,&quot;focal_length&quot;:&quot;0&quot;,&quot;iso&quot;:&quot;0&quot;,&quot;shutter_speed&quot;:&quot;0&quot;,&quot;title&quot;:&quot;&quot;,&quot;orientation&quot;:&quot;0&quot;}\" data-image-title=\"article-0-1CA1681900000578-345_634x975\" data-image-description=\"\" data-image-caption=\"&lt;p&gt;Celebridades :: Nicole Kidman s\u00f3 anda na moda por &#8220;for\u00e7a maior&#8221; &lt;\/p&gt;\n\" data-medium-file=\"https:\/\/i0.wp.com\/agrund.com\/wp-content\/uploads\/sites\/6\/2014\/10\/article-0-1CA1681900000578-345_634x975.jpg?fit=195%2C300&amp;ssl=1\" data-large-file=\"https:\/\/i0.wp.com\/agrund.com\/wp-content\/uploads\/sites\/6\/2014\/10\/article-0-1CA1681900000578-345_634x975.jpg?fit=500%2C769&amp;ssl=1\" decoding=\"async\" loading=\"lazy\" class=\"size-full wp-image-115586\" alt=\"Celebridades :: Nicole Kidman s\u00f3 anda na moda por &quot;for\u00e7a maior&quot; \" src=\"https:\/\/i0.wp.com\/www.agrund.com\/wp-content\/uploads\/sites\/6\/2014\/10\/article-0-1CA1681900000578-345_634x975.jpg?resize=500%2C769\" width=\"500\" height=\"769\" srcset=\"https:\/\/i0.wp.com\/agrund.com\/wp-content\/uploads\/sites\/6\/2014\/10\/article-0-1CA1681900000578-345_634x975.jpg?w=500&amp;ssl=1 500w, https:\/\/i0.wp.com\/agrund.com\/wp-content\/uploads\/sites\/6\/2014\/10\/article-0-1CA1681900000578-345_634x975.jpg?resize=195%2C300&amp;ssl=1 195w\" sizes=\"(max-width: 500px) 100vw, 500px\" data-recalc-dims=\"1\" \/><\/a><p id=\"caption-attachment-115586\" class=\"wp-caption-text\">Celebridades :: Nicole Kidman s\u00f3 anda na moda por &#8220;for\u00e7a maior&#8221;<\/p><\/div>\n<p>&nbsp;<\/p>\n<p>Imagens: Reprodu\u00e7\u00e3o.<\/p>\n","protected":false},"excerpt":{"rendered":"<p>Nicole Kidman, estrela de 47 anos, \u00e9 m\u00e3e de Sunday e Faith \u2013 meninas de seis e tr\u00eas anos respectivamente. Mas o que pouca gente sabe \u00e9 que a atriz foi for\u00e7ada pelas garotas a entrar no eixo da moda: segundo a pr\u00f3pria Nicole, as duas sempre d\u00e3o conselhos para a m\u00e3e dizendo se uma [&hellip;]<\/p>\n","protected":false},"author":8,"featured_media":115587,"comment_status":"open","ping_status":"open","sticky":false,"template":"","format":"standard","meta":{"jetpack_post_was_ever_published":false,"_jetpack_newsletter_access":"","jetpack_publicize_message":"Sabia que #NicoleKidman \u00e9 for\u00e7ada a estar na moda pelas filhas? Entenda o caso: http:\/\/wp.me\/p3Hz0n-u4h","jetpack_is_tweetstorm":false,"jetpack_publicize_feature_enabled":true,"jetpack_social_post_already_shared":true,"jetpack_social_options":{"image_generator_settings":{"template":"highway","enabled":false}}},"categories":[2],"tags":[],"jetpack_publicize_connections":[],"jetpack_featured_media_url":"https:\/\/i0.wp.com\/agrund.com\/wp-content\/uploads\/sites\/6\/2014\/10\/slide140.jpg?fit=960%2C300&ssl=1","jetpack_sharing_enabled":true,"jetpack_shortlink":"https:\/\/wp.me\/p3Hz0n-u4h","jetpack_likes_enabled":true,"_links":{"self":[{"href":"https:\/\/agrund.com\/index.php\/wp-json\/wp\/v2\/posts\/115585"}],"collection":[{"href":"https:\/\/agrund.com\/index.php\/wp-json\/wp\/v2\/posts"}],"about":[{"href":"https:\/\/agrund.com\/index.php\/wp-json\/wp\/v2\/types\/post"}],"author":[{"embeddable":true,"href":"https:\/\/agrund.com\/index.php\/wp-json\/wp\/v2\/users\/8"}],"replies":[{"embeddable":true,"href":"https:\/\/agrund.com\/index.php\/wp-json\/wp\/v2\/comments?post=115585"}],"version-history":[{"count":0,"href":"https:\/\/agrund.com\/index.php\/wp-json\/wp\/v2\/posts\/115585\/revisions"}],"wp:featuredmedia":[{"embeddable":true,"href":"https:\/\/agrund.com\/index.php\/wp-json\/wp\/v2\/media\/115587"}],"wp:attachment":[{"href":"https:\/\/agrund.com\/index.php\/wp-json\/wp\/v2\/media?parent=115585"}],"wp:term":[{"taxonomy":"category","embeddable":true,"href":"https:\/\/agrund.com\/index.php\/wp-json\/wp\/v2\/categories?post=115585"},{"taxonomy":"post_tag","embeddable":true,"href":"https:\/\/agrund.com\/index.php\/wp-json\/wp\/v2\/tags?post=115585"}],"curies":[{"name":"wp","href":"https:\/\/api.w.org\/{rel}","templated":true}]}}