{"id":115578,"date":"2014-10-17T13:00:42","date_gmt":"2014-10-17T16:00:42","guid":{"rendered":"http:\/\/www.agrund.com\/?p=115578"},"modified":"2014-10-17T10:07:20","modified_gmt":"2014-10-17T13:07:20","slug":"moda-os-bastidores-da-campanha-versace-x-riachuelo","status":"publish","type":"post","link":"https:\/\/agrund.com\/index.php\/moda-os-bastidores-da-campanha-versace-x-riachuelo\/","title":{"rendered":"Moda :: Os bastidores da campanha Versace x Riachuelo"},"content":{"rendered":"<p>A Riachuelo anda causando alvoro\u00e7o entre os fashionistas de plant\u00e3o ao liberar informa\u00e7\u00f5es sobre a parceria com a Versace aos poucos: depois de revelar <a href=\"http:\/\/www.agrund.com\/versace-assina-colecao-para-a-riachuelo-e-anuncia-garota-propaganda\/\" target=\"_blank\">AQUI<\/a>\u00a0que Adriana Lima seria a garota-propaganda da linha e confirmar <a href=\"http:\/\/www.agrund.com\/moda-anote-o-line-up-do-sp-fashion-week-e-prepare-se-para-a-temporada\/\" target=\"_blank\">AQUI<\/a> a vinda da pr\u00f3pria Donatella Versace para o lan\u00e7amento da cole\u00e7\u00e3o durante o SP Fashion Week, a rede de fast fashion acaba de liberar as imagens de making of da campanha estrelada pela top com direito a cliques dos bastidores junto de um preview do que chega nas araras no pr\u00f3ximo m\u00eas. E pelo que j\u00e1 \u00e9 poss\u00edvel notar, os amantes da casa italiana podem esperar pe\u00e7as com a cara do ver\u00e3o incluindo vestidos, cal\u00e7as, tops e saias estampadas por motivos do mar \u2013 tudo a pre\u00e7os que variam de R$50 a R$400. Veja na galeria!<\/p>\n<div id=\"attachment_115581\" style=\"width: 560px\" class=\"wp-caption aligncenter\"><a href=\"https:\/\/i0.wp.com\/www.agrund.com\/wp-content\/uploads\/sites\/6\/2014\/10\/151014-versace-riachuelo-making-of-4-590x392.jpg\"><img aria-describedby=\"caption-attachment-115581\" data-attachment-id=\"115581\" data-permalink=\"https:\/\/agrund.com\/index.php\/moda-os-bastidores-da-campanha-versace-x-riachuelo\/151014-versace-riachuelo-making-of-4-590x392\/\" data-orig-file=\"https:\/\/i0.wp.com\/agrund.com\/wp-content\/uploads\/sites\/6\/2014\/10\/151014-versace-riachuelo-making-of-4-590x392.jpg?fit=550%2C365&amp;ssl=1\" data-orig-size=\"550,365\" data-comments-opened=\"1\" data-image-meta=\"{&quot;aperture&quot;:&quot;0&quot;,&quot;credit&quot;:&quot;&quot;,&quot;camera&quot;:&quot;&quot;,&quot;caption&quot;:&quot;&quot;,&quot;created_timestamp&quot;:&quot;0&quot;,&quot;copyright&quot;:&quot;&quot;,&quot;focal_length&quot;:&quot;0&quot;,&quot;iso&quot;:&quot;0&quot;,&quot;shutter_speed&quot;:&quot;0&quot;,&quot;title&quot;:&quot;&quot;,&quot;orientation&quot;:&quot;0&quot;}\" data-image-title=\"151014-versace-riachuelo-making-of-4-590&#215;392\" data-image-description=\"\" data-image-caption=\"&lt;p&gt;Moda :: Os bastidores da campanha Versace x Riachuelo &lt;\/p&gt;\n\" data-medium-file=\"https:\/\/i0.wp.com\/agrund.com\/wp-content\/uploads\/sites\/6\/2014\/10\/151014-versace-riachuelo-making-of-4-590x392.jpg?fit=300%2C199&amp;ssl=1\" data-large-file=\"https:\/\/i0.wp.com\/agrund.com\/wp-content\/uploads\/sites\/6\/2014\/10\/151014-versace-riachuelo-making-of-4-590x392.jpg?fit=550%2C365&amp;ssl=1\" decoding=\"async\" loading=\"lazy\" class=\"size-full wp-image-115581\" alt=\"Moda :: Os bastidores da campanha Versace x Riachuelo \" src=\"https:\/\/i0.wp.com\/www.agrund.com\/wp-content\/uploads\/sites\/6\/2014\/10\/151014-versace-riachuelo-making-of-4-590x392.jpg?resize=550%2C365\" width=\"550\" height=\"365\" srcset=\"https:\/\/i0.wp.com\/agrund.com\/wp-content\/uploads\/sites\/6\/2014\/10\/151014-versace-riachuelo-making-of-4-590x392.jpg?w=550&amp;ssl=1 550w, https:\/\/i0.wp.com\/agrund.com\/wp-content\/uploads\/sites\/6\/2014\/10\/151014-versace-riachuelo-making-of-4-590x392.jpg?resize=300%2C199&amp;ssl=1 300w\" sizes=\"(max-width: 550px) 100vw, 550px\" data-recalc-dims=\"1\" \/><\/a><p id=\"caption-attachment-115581\" class=\"wp-caption-text\">Moda :: Os bastidores da campanha Versace x Riachuelo<\/p><\/div>\n<div id=\"attachment_115580\" style=\"width: 560px\" class=\"wp-caption aligncenter\"><a href=\"https:\/\/i0.wp.com\/www.agrund.com\/wp-content\/uploads\/sites\/6\/2014\/10\/151014-versace-riachuelo-making-of-2-590x392.jpg\"><img aria-describedby=\"caption-attachment-115580\" data-attachment-id=\"115580\" data-permalink=\"https:\/\/agrund.com\/index.php\/moda-os-bastidores-da-campanha-versace-x-riachuelo\/151014-versace-riachuelo-making-of-2-590x392\/\" data-orig-file=\"https:\/\/i0.wp.com\/agrund.com\/wp-content\/uploads\/sites\/6\/2014\/10\/151014-versace-riachuelo-making-of-2-590x392.jpg?fit=550%2C365&amp;ssl=1\" data-orig-size=\"550,365\" data-comments-opened=\"1\" data-image-meta=\"{&quot;aperture&quot;:&quot;0&quot;,&quot;credit&quot;:&quot;&quot;,&quot;camera&quot;:&quot;&quot;,&quot;caption&quot;:&quot;&quot;,&quot;created_timestamp&quot;:&quot;0&quot;,&quot;copyright&quot;:&quot;&quot;,&quot;focal_length&quot;:&quot;0&quot;,&quot;iso&quot;:&quot;0&quot;,&quot;shutter_speed&quot;:&quot;0&quot;,&quot;title&quot;:&quot;&quot;,&quot;orientation&quot;:&quot;0&quot;}\" data-image-title=\"151014-versace-riachuelo-making-of-2-590&#215;392\" data-image-description=\"\" data-image-caption=\"&lt;p&gt;Moda :: Os bastidores da campanha Versace x Riachuelo &lt;\/p&gt;\n\" data-medium-file=\"https:\/\/i0.wp.com\/agrund.com\/wp-content\/uploads\/sites\/6\/2014\/10\/151014-versace-riachuelo-making-of-2-590x392.jpg?fit=300%2C199&amp;ssl=1\" data-large-file=\"https:\/\/i0.wp.com\/agrund.com\/wp-content\/uploads\/sites\/6\/2014\/10\/151014-versace-riachuelo-making-of-2-590x392.jpg?fit=550%2C365&amp;ssl=1\" decoding=\"async\" loading=\"lazy\" class=\"size-full wp-image-115580\" alt=\"Moda :: Os bastidores da campanha Versace x Riachuelo \" src=\"https:\/\/i0.wp.com\/www.agrund.com\/wp-content\/uploads\/sites\/6\/2014\/10\/151014-versace-riachuelo-making-of-2-590x392.jpg?resize=550%2C365\" width=\"550\" height=\"365\" srcset=\"https:\/\/i0.wp.com\/agrund.com\/wp-content\/uploads\/sites\/6\/2014\/10\/151014-versace-riachuelo-making-of-2-590x392.jpg?w=550&amp;ssl=1 550w, https:\/\/i0.wp.com\/agrund.com\/wp-content\/uploads\/sites\/6\/2014\/10\/151014-versace-riachuelo-making-of-2-590x392.jpg?resize=300%2C199&amp;ssl=1 300w\" sizes=\"(max-width: 550px) 100vw, 550px\" data-recalc-dims=\"1\" \/><\/a><p id=\"caption-attachment-115580\" class=\"wp-caption-text\">Moda :: Os bastidores da campanha Versace x Riachuelo<\/p><\/div>\n<div id=\"attachment_115579\" style=\"width: 560px\" class=\"wp-caption aligncenter\"><a href=\"https:\/\/i0.wp.com\/www.agrund.com\/wp-content\/uploads\/sites\/6\/2014\/10\/151014-versace-riachuelo-making-of-1-590x392.jpg\"><img aria-describedby=\"caption-attachment-115579\" data-attachment-id=\"115579\" data-permalink=\"https:\/\/agrund.com\/index.php\/moda-os-bastidores-da-campanha-versace-x-riachuelo\/151014-versace-riachuelo-making-of-1-590x392\/\" data-orig-file=\"https:\/\/i0.wp.com\/agrund.com\/wp-content\/uploads\/sites\/6\/2014\/10\/151014-versace-riachuelo-making-of-1-590x392.jpg?fit=550%2C365&amp;ssl=1\" data-orig-size=\"550,365\" data-comments-opened=\"1\" data-image-meta=\"{&quot;aperture&quot;:&quot;0&quot;,&quot;credit&quot;:&quot;&quot;,&quot;camera&quot;:&quot;&quot;,&quot;caption&quot;:&quot;&quot;,&quot;created_timestamp&quot;:&quot;0&quot;,&quot;copyright&quot;:&quot;&quot;,&quot;focal_length&quot;:&quot;0&quot;,&quot;iso&quot;:&quot;0&quot;,&quot;shutter_speed&quot;:&quot;0&quot;,&quot;title&quot;:&quot;&quot;,&quot;orientation&quot;:&quot;0&quot;}\" data-image-title=\"151014-versace-riachuelo-making-of-1-590&#215;392\" data-image-description=\"\" data-image-caption=\"&lt;p&gt;Moda :: Os bastidores da campanha Versace x Riachuelo &lt;\/p&gt;\n\" data-medium-file=\"https:\/\/i0.wp.com\/agrund.com\/wp-content\/uploads\/sites\/6\/2014\/10\/151014-versace-riachuelo-making-of-1-590x392.jpg?fit=300%2C199&amp;ssl=1\" data-large-file=\"https:\/\/i0.wp.com\/agrund.com\/wp-content\/uploads\/sites\/6\/2014\/10\/151014-versace-riachuelo-making-of-1-590x392.jpg?fit=550%2C365&amp;ssl=1\" decoding=\"async\" loading=\"lazy\" class=\"size-full wp-image-115579\" alt=\"Moda :: Os bastidores da campanha Versace x Riachuelo \" src=\"https:\/\/i0.wp.com\/www.agrund.com\/wp-content\/uploads\/sites\/6\/2014\/10\/151014-versace-riachuelo-making-of-1-590x392.jpg?resize=550%2C365\" width=\"550\" height=\"365\" srcset=\"https:\/\/i0.wp.com\/agrund.com\/wp-content\/uploads\/sites\/6\/2014\/10\/151014-versace-riachuelo-making-of-1-590x392.jpg?w=550&amp;ssl=1 550w, https:\/\/i0.wp.com\/agrund.com\/wp-content\/uploads\/sites\/6\/2014\/10\/151014-versace-riachuelo-making-of-1-590x392.jpg?resize=300%2C199&amp;ssl=1 300w\" sizes=\"(max-width: 550px) 100vw, 550px\" data-recalc-dims=\"1\" \/><\/a><p id=\"caption-attachment-115579\" class=\"wp-caption-text\">Moda :: Os bastidores da campanha Versace x Riachuelo<\/p><\/div>\n<p>&nbsp;<\/p>\n<p>Imagens: Divulga\u00e7\u00e3o.<\/p>\n<p>&nbsp;<\/p>\n<p>&nbsp;<\/p>\n<p>&nbsp;<\/p>\n","protected":false},"excerpt":{"rendered":"<p>A Riachuelo anda causando alvoro\u00e7o entre os fashionistas de plant\u00e3o ao liberar informa\u00e7\u00f5es sobre a parceria com a Versace aos poucos: depois de revelar AQUI\u00a0que Adriana Lima seria a garota-propaganda da linha e confirmar AQUI a vinda da pr\u00f3pria Donatella Versace para o lan\u00e7amento da cole\u00e7\u00e3o durante o SP Fashion Week, a rede de fast [&hellip;]<\/p>\n","protected":false},"author":8,"featured_media":115582,"comment_status":"open","ping_status":"open","sticky":false,"template":"","format":"standard","meta":{"jetpack_post_was_ever_published":false,"_jetpack_newsletter_access":"","jetpack_publicize_message":"E a\u00ed, ansiosa para o lan\u00e7amento da cole\u00e7\u00e3o da #Versace com a #Riachuelo? Ent\u00e3o vem ver as fotos de making of da campanha: http:\/\/wp.me\/p3Hz0n-u4a","jetpack_is_tweetstorm":false,"jetpack_publicize_feature_enabled":true,"jetpack_social_post_already_shared":true,"jetpack_social_options":{"image_generator_settings":{"template":"highway","enabled":false}}},"categories":[2],"tags":[],"jetpack_publicize_connections":[],"jetpack_featured_media_url":"https:\/\/i0.wp.com\/agrund.com\/wp-content\/uploads\/sites\/6\/2014\/10\/slide139.jpg?fit=960%2C300&ssl=1","jetpack_sharing_enabled":true,"jetpack_shortlink":"https:\/\/wp.me\/p3Hz0n-u4a","jetpack_likes_enabled":true,"_links":{"self":[{"href":"https:\/\/agrund.com\/index.php\/wp-json\/wp\/v2\/posts\/115578"}],"collection":[{"href":"https:\/\/agrund.com\/index.php\/wp-json\/wp\/v2\/posts"}],"about":[{"href":"https:\/\/agrund.com\/index.php\/wp-json\/wp\/v2\/types\/post"}],"author":[{"embeddable":true,"href":"https:\/\/agrund.com\/index.php\/wp-json\/wp\/v2\/users\/8"}],"replies":[{"embeddable":true,"href":"https:\/\/agrund.com\/index.php\/wp-json\/wp\/v2\/comments?post=115578"}],"version-history":[{"count":0,"href":"https:\/\/agrund.com\/index.php\/wp-json\/wp\/v2\/posts\/115578\/revisions"}],"wp:featuredmedia":[{"embeddable":true,"href":"https:\/\/agrund.com\/index.php\/wp-json\/wp\/v2\/media\/115582"}],"wp:attachment":[{"href":"https:\/\/agrund.com\/index.php\/wp-json\/wp\/v2\/media?parent=115578"}],"wp:term":[{"taxonomy":"category","embeddable":true,"href":"https:\/\/agrund.com\/index.php\/wp-json\/wp\/v2\/categories?post=115578"},{"taxonomy":"post_tag","embeddable":true,"href":"https:\/\/agrund.com\/index.php\/wp-json\/wp\/v2\/tags?post=115578"}],"curies":[{"name":"wp","href":"https:\/\/api.w.org\/{rel}","templated":true}]}}