{"id":115565,"date":"2014-10-17T10:00:05","date_gmt":"2014-10-17T13:00:05","guid":{"rendered":"http:\/\/www.agrund.com\/?p=115565"},"modified":"2014-10-17T09:05:49","modified_gmt":"2014-10-17T12:05:49","slug":"celebridades-rita-ora-quer-se-apaixonar-novamente","status":"publish","type":"post","link":"https:\/\/agrund.com\/index.php\/celebridades-rita-ora-quer-se-apaixonar-novamente\/","title":{"rendered":"Celebridades :: Rita Ora quer se apaixonar novamente"},"content":{"rendered":"<p>Depois do turbulento t\u00e9rmino do namoro com Calvin Harris (saiba mais <a href=\"http:\/\/www.agrund.com\/climao-entre-rita-ora-e-calvin-harris\/\" target=\"_blank\">AQUI<\/a>), Rita Ora j\u00e1 mostra-se pronta para se apaixonar novamente. Em uma entrevista \u00e0 &#8220;Teen Vogue&#8221; a cantora abriu seu cora\u00e7\u00e3o e disse: &#8220;Eu acho que as pessoas se esquecem que eu sou apenas uma menina de 23 anos que quer se apaixonar. E mesmo que eu viva e respire o meu trabalho eu ainda quero algu\u00e9m que me queira como toda menina&#8221;. E olha que rumores apontam o rapper Ricky Hilfiger como o novo namorado da cantora. Ser\u00e1? Agrund.com continua ligado!<\/p>\n<div id=\"attachment_115566\" style=\"width: 560px\" class=\"wp-caption aligncenter\"><a href=\"https:\/\/i0.wp.com\/www.agrund.com\/wp-content\/uploads\/sites\/6\/2014\/10\/Rita-Ora-for-Belvedere-Vo-014.jpg\"><img aria-describedby=\"caption-attachment-115566\" data-attachment-id=\"115566\" data-permalink=\"https:\/\/agrund.com\/index.php\/celebridades-rita-ora-quer-se-apaixonar-novamente\/rita-ora-for-belvedere-vo-014\/\" data-orig-file=\"https:\/\/i0.wp.com\/agrund.com\/wp-content\/uploads\/sites\/6\/2014\/10\/Rita-Ora-for-Belvedere-Vo-014.jpg?fit=550%2C380&amp;ssl=1\" data-orig-size=\"550,380\" data-comments-opened=\"1\" data-image-meta=\"{&quot;aperture&quot;:&quot;2.5&quot;,&quot;credit&quot;:&quot;&quot;,&quot;camera&quot;:&quot;NIKON D3&quot;,&quot;caption&quot;:&quot;&quot;,&quot;created_timestamp&quot;:&quot;0&quot;,&quot;copyright&quot;:&quot;&quot;,&quot;focal_length&quot;:&quot;85&quot;,&quot;iso&quot;:&quot;2000&quot;,&quot;shutter_speed&quot;:&quot;0.00625&quot;,&quot;title&quot;:&quot;&quot;,&quot;orientation&quot;:&quot;0&quot;}\" data-image-title=\"Rita-Ora-for-Belvedere-Vo-014\" data-image-description=\"\" data-image-caption=\"&lt;p&gt;Celebridades :: Rita Ora quer se apaixonar novamente &lt;\/p&gt;\n\" data-medium-file=\"https:\/\/i0.wp.com\/agrund.com\/wp-content\/uploads\/sites\/6\/2014\/10\/Rita-Ora-for-Belvedere-Vo-014.jpg?fit=300%2C207&amp;ssl=1\" data-large-file=\"https:\/\/i0.wp.com\/agrund.com\/wp-content\/uploads\/sites\/6\/2014\/10\/Rita-Ora-for-Belvedere-Vo-014.jpg?fit=550%2C380&amp;ssl=1\" decoding=\"async\" loading=\"lazy\" class=\"size-full wp-image-115566\" alt=\"Celebridades :: Rita Ora quer se apaixonar novamente \" src=\"https:\/\/i0.wp.com\/www.agrund.com\/wp-content\/uploads\/sites\/6\/2014\/10\/Rita-Ora-for-Belvedere-Vo-014.jpg?resize=550%2C380\" width=\"550\" height=\"380\" srcset=\"https:\/\/i0.wp.com\/agrund.com\/wp-content\/uploads\/sites\/6\/2014\/10\/Rita-Ora-for-Belvedere-Vo-014.jpg?w=550&amp;ssl=1 550w, https:\/\/i0.wp.com\/agrund.com\/wp-content\/uploads\/sites\/6\/2014\/10\/Rita-Ora-for-Belvedere-Vo-014.jpg?resize=300%2C207&amp;ssl=1 300w\" sizes=\"(max-width: 550px) 100vw, 550px\" data-recalc-dims=\"1\" \/><\/a><p id=\"caption-attachment-115566\" class=\"wp-caption-text\">Celebridades :: Rita Ora quer se apaixonar novamente<\/p><\/div>\n<p>&nbsp;<\/p>\n<p>Imagem: Reprodu\u00e7\u00e3o.<\/p>\n","protected":false},"excerpt":{"rendered":"<p>Depois do turbulento t\u00e9rmino do namoro com Calvin Harris (saiba mais AQUI), Rita Ora j\u00e1 mostra-se pronta para se apaixonar novamente. Em uma entrevista \u00e0 &#8220;Teen Vogue&#8221; a cantora abriu seu cora\u00e7\u00e3o e disse: &#8220;Eu acho que as pessoas se esquecem que eu sou apenas uma menina de 23 anos que quer se apaixonar. E [&hellip;]<\/p>\n","protected":false},"author":8,"featured_media":115567,"comment_status":"open","ping_status":"open","sticky":false,"template":"","format":"standard","meta":{"jetpack_post_was_ever_published":false,"_jetpack_newsletter_access":"","jetpack_publicize_message":"O cora\u00e7\u00e3o de #RitaOra j\u00e1 est\u00e1 aberto a novos romances! http:\/\/wp.me\/p3Hz0n-u3X","jetpack_is_tweetstorm":false,"jetpack_publicize_feature_enabled":true,"jetpack_social_post_already_shared":true,"jetpack_social_options":{"image_generator_settings":{"template":"highway","enabled":false}}},"categories":[2],"tags":[],"jetpack_publicize_connections":[],"jetpack_featured_media_url":"https:\/\/i0.wp.com\/agrund.com\/wp-content\/uploads\/sites\/6\/2014\/10\/slide137.jpg?fit=960%2C300&ssl=1","jetpack_sharing_enabled":true,"jetpack_shortlink":"https:\/\/wp.me\/p3Hz0n-u3X","jetpack_likes_enabled":true,"_links":{"self":[{"href":"https:\/\/agrund.com\/index.php\/wp-json\/wp\/v2\/posts\/115565"}],"collection":[{"href":"https:\/\/agrund.com\/index.php\/wp-json\/wp\/v2\/posts"}],"about":[{"href":"https:\/\/agrund.com\/index.php\/wp-json\/wp\/v2\/types\/post"}],"author":[{"embeddable":true,"href":"https:\/\/agrund.com\/index.php\/wp-json\/wp\/v2\/users\/8"}],"replies":[{"embeddable":true,"href":"https:\/\/agrund.com\/index.php\/wp-json\/wp\/v2\/comments?post=115565"}],"version-history":[{"count":0,"href":"https:\/\/agrund.com\/index.php\/wp-json\/wp\/v2\/posts\/115565\/revisions"}],"wp:featuredmedia":[{"embeddable":true,"href":"https:\/\/agrund.com\/index.php\/wp-json\/wp\/v2\/media\/115567"}],"wp:attachment":[{"href":"https:\/\/agrund.com\/index.php\/wp-json\/wp\/v2\/media?parent=115565"}],"wp:term":[{"taxonomy":"category","embeddable":true,"href":"https:\/\/agrund.com\/index.php\/wp-json\/wp\/v2\/categories?post=115565"},{"taxonomy":"post_tag","embeddable":true,"href":"https:\/\/agrund.com\/index.php\/wp-json\/wp\/v2\/tags?post=115565"}],"curies":[{"name":"wp","href":"https:\/\/api.w.org\/{rel}","templated":true}]}}