{"id":115561,"date":"2014-10-16T22:30:08","date_gmt":"2014-10-17T01:30:08","guid":{"rendered":"http:\/\/www.agrund.com\/?p=115561"},"modified":"2014-10-16T16:39:01","modified_gmt":"2014-10-16T19:39:01","slug":"moda-o-novo-museu-da-pierre-cardin","status":"publish","type":"post","link":"https:\/\/agrund.com\/index.php\/moda-o-novo-museu-da-pierre-cardin\/","title":{"rendered":"Moda :: O novo museu da Pierre Cardin"},"content":{"rendered":"<p>Est\u00e1 com viagem marcada para Paris? Ent\u00e3o inclua essa atra\u00e7\u00e3o no roteiro: Pierre Cardin ir\u00e1 abrir um novo museu no centro da capital francesa. \u200bO espa\u00e7o vai exibir mais de 200 vestidos da linha de alta-costura da marca lado a lado com sapatos, joias e outros acess\u00f3rios assinados pela grife. Vale dizer que a Pierre Cardin j\u00e1 tinha um museu localizado na regi\u00e3o norte da cidade, agora fechado em decorr\u00eancia do novo endere\u00e7o.<\/p>\n<p>O Museu Pierre Cardin est\u00e1 localizado na Rua Saint-Merri e ser\u00e1 aberto para visita\u00e7\u00e3o em 13\/11. Anote!<\/p>\n<div id=\"attachment_115562\" style=\"width: 460px\" class=\"wp-caption aligncenter\"><a href=\"https:\/\/i0.wp.com\/www.agrund.com\/wp-content\/uploads\/sites\/6\/2014\/10\/pierre-cardin.jpg\"><img aria-describedby=\"caption-attachment-115562\" data-attachment-id=\"115562\" data-permalink=\"https:\/\/agrund.com\/index.php\/moda-o-novo-museu-da-pierre-cardin\/pierre-cardin\/\" data-orig-file=\"https:\/\/i0.wp.com\/agrund.com\/wp-content\/uploads\/sites\/6\/2014\/10\/pierre-cardin.jpg?fit=450%2C338&amp;ssl=1\" data-orig-size=\"450,338\" data-comments-opened=\"1\" data-image-meta=\"{&quot;aperture&quot;:&quot;0&quot;,&quot;credit&quot;:&quot;&quot;,&quot;camera&quot;:&quot;&quot;,&quot;caption&quot;:&quot;&quot;,&quot;created_timestamp&quot;:&quot;0&quot;,&quot;copyright&quot;:&quot;&quot;,&quot;focal_length&quot;:&quot;0&quot;,&quot;iso&quot;:&quot;0&quot;,&quot;shutter_speed&quot;:&quot;0&quot;,&quot;title&quot;:&quot;&quot;,&quot;orientation&quot;:&quot;0&quot;}\" data-image-title=\"pierre-cardin\" data-image-description=\"\" data-image-caption=\"&lt;p&gt;Moda :: O novo museu da Pierre Cardin&lt;\/p&gt;\n\" data-medium-file=\"https:\/\/i0.wp.com\/agrund.com\/wp-content\/uploads\/sites\/6\/2014\/10\/pierre-cardin.jpg?fit=300%2C225&amp;ssl=1\" data-large-file=\"https:\/\/i0.wp.com\/agrund.com\/wp-content\/uploads\/sites\/6\/2014\/10\/pierre-cardin.jpg?fit=450%2C338&amp;ssl=1\" decoding=\"async\" loading=\"lazy\" class=\"size-full wp-image-115562\" alt=\"Moda :: O novo museu da Pierre Cardin \" src=\"https:\/\/i0.wp.com\/www.agrund.com\/wp-content\/uploads\/sites\/6\/2014\/10\/pierre-cardin.jpg?resize=450%2C338\" width=\"450\" height=\"338\" srcset=\"https:\/\/i0.wp.com\/agrund.com\/wp-content\/uploads\/sites\/6\/2014\/10\/pierre-cardin.jpg?w=450&amp;ssl=1 450w, https:\/\/i0.wp.com\/agrund.com\/wp-content\/uploads\/sites\/6\/2014\/10\/pierre-cardin.jpg?resize=300%2C225&amp;ssl=1 300w\" sizes=\"(max-width: 450px) 100vw, 450px\" data-recalc-dims=\"1\" \/><\/a><p id=\"caption-attachment-115562\" class=\"wp-caption-text\">Moda :: O novo museu da Pierre Cardin<\/p><\/div>\n<p>&nbsp;<\/p>\n<p>Imagens: Reprodu\u00e7\u00e3o.<\/p>\n","protected":false},"excerpt":{"rendered":"<p>Est\u00e1 com viagem marcada para Paris? Ent\u00e3o inclua essa atra\u00e7\u00e3o no roteiro: Pierre Cardin ir\u00e1 abrir um novo museu no centro da capital francesa. \u200bO espa\u00e7o vai exibir mais de 200 vestidos da linha de alta-costura da marca lado a lado com sapatos, joias e outros acess\u00f3rios assinados pela grife. Vale dizer que a Pierre [&hellip;]<\/p>\n","protected":false},"author":8,"featured_media":115563,"comment_status":"open","ping_status":"open","sticky":false,"template":"","format":"standard","meta":{"jetpack_post_was_ever_published":false,"_jetpack_newsletter_access":"","jetpack_publicize_message":"","jetpack_is_tweetstorm":false,"jetpack_publicize_feature_enabled":true,"jetpack_social_post_already_shared":true,"jetpack_social_options":{"image_generator_settings":{"template":"highway","enabled":false}}},"categories":[2],"tags":[],"jetpack_publicize_connections":[],"jetpack_featured_media_url":"https:\/\/i0.wp.com\/agrund.com\/wp-content\/uploads\/sites\/6\/2014\/10\/slide136.jpg?fit=960%2C300&ssl=1","jetpack_sharing_enabled":true,"jetpack_shortlink":"https:\/\/wp.me\/p3Hz0n-u3T","jetpack_likes_enabled":true,"_links":{"self":[{"href":"https:\/\/agrund.com\/index.php\/wp-json\/wp\/v2\/posts\/115561"}],"collection":[{"href":"https:\/\/agrund.com\/index.php\/wp-json\/wp\/v2\/posts"}],"about":[{"href":"https:\/\/agrund.com\/index.php\/wp-json\/wp\/v2\/types\/post"}],"author":[{"embeddable":true,"href":"https:\/\/agrund.com\/index.php\/wp-json\/wp\/v2\/users\/8"}],"replies":[{"embeddable":true,"href":"https:\/\/agrund.com\/index.php\/wp-json\/wp\/v2\/comments?post=115561"}],"version-history":[{"count":0,"href":"https:\/\/agrund.com\/index.php\/wp-json\/wp\/v2\/posts\/115561\/revisions"}],"wp:featuredmedia":[{"embeddable":true,"href":"https:\/\/agrund.com\/index.php\/wp-json\/wp\/v2\/media\/115563"}],"wp:attachment":[{"href":"https:\/\/agrund.com\/index.php\/wp-json\/wp\/v2\/media?parent=115561"}],"wp:term":[{"taxonomy":"category","embeddable":true,"href":"https:\/\/agrund.com\/index.php\/wp-json\/wp\/v2\/categories?post=115561"},{"taxonomy":"post_tag","embeddable":true,"href":"https:\/\/agrund.com\/index.php\/wp-json\/wp\/v2\/tags?post=115561"}],"curies":[{"name":"wp","href":"https:\/\/api.w.org\/{rel}","templated":true}]}}