{"id":115556,"date":"2014-10-16T21:30:16","date_gmt":"2014-10-17T00:30:16","guid":{"rendered":"http:\/\/www.agrund.com\/?p=115556"},"modified":"2014-10-16T16:34:56","modified_gmt":"2014-10-16T19:34:56","slug":"celebridades-a-primeira-foto-de-eva-green-no-calendario-campari-2015","status":"publish","type":"post","link":"https:\/\/agrund.com\/index.php\/celebridades-a-primeira-foto-de-eva-green-no-calendario-campari-2015\/","title":{"rendered":"Celebridades :: A primeira foto de Eva Green no Calend\u00e1rio Campari 2015"},"content":{"rendered":"<p>Agrund.com adiantou em primeira m\u00e3o que Eva Green seria a estrela do Calend\u00e1rio Campari 2015 e inclusive mostrou as fotos dos bastidores da publica\u00e7\u00e3o <a href=\"http:\/\/www.agrund.com\/eva-green-e-a-estrela-do-calendario-campari-2015\/\" target=\"_blank\">AQUI<\/a>. Pois a marca acaba de liberar a primeira imagem oficial da atriz no posto de estrela do calend\u00e1rio na qual a francesa aparece usando um vestido vermelho diante de uma roda com 12 datas importantes na hist\u00f3ria da Campari \u2013 representa\u00e7\u00e3o de 12 drinks cl\u00e1ssicos feitos com a bebida.<\/p>\n<p>Vale lembrar que todo o ensaio foi clicado pela fot\u00f3grafa Julia Fullerton-Batten, primeira mulher respons\u00e1vel pelas imagens na hist\u00f3ria do Calend\u00e1rio Campari. Veja o preview na galeria!<\/p>\n<div id=\"attachment_115557\" style=\"width: 560px\" class=\"wp-caption aligncenter\"><a href=\"https:\/\/i0.wp.com\/www.agrund.com\/wp-content\/uploads\/sites\/6\/2014\/10\/00-Campari-Calendar-2015_Mithology-Mixology_Eva-Green_Cover_LR.jpg\"><img aria-describedby=\"caption-attachment-115557\" data-attachment-id=\"115557\" data-permalink=\"https:\/\/agrund.com\/index.php\/celebridades-a-primeira-foto-de-eva-green-no-calendario-campari-2015\/00-campari-calendar-2015_mithology-mixology_eva-green_cover_lr\/\" data-orig-file=\"https:\/\/i0.wp.com\/agrund.com\/wp-content\/uploads\/sites\/6\/2014\/10\/00-Campari-Calendar-2015_Mithology-Mixology_Eva-Green_Cover_LR.jpg?fit=550%2C733&amp;ssl=1\" data-orig-size=\"550,733\" data-comments-opened=\"1\" data-image-meta=\"{&quot;aperture&quot;:&quot;0&quot;,&quot;credit&quot;:&quot;&quot;,&quot;camera&quot;:&quot;&quot;,&quot;caption&quot;:&quot;&quot;,&quot;created_timestamp&quot;:&quot;0&quot;,&quot;copyright&quot;:&quot;&quot;,&quot;focal_length&quot;:&quot;0&quot;,&quot;iso&quot;:&quot;0&quot;,&quot;shutter_speed&quot;:&quot;0&quot;,&quot;title&quot;:&quot;&quot;,&quot;orientation&quot;:&quot;1&quot;}\" data-image-title=\"00 Campari Calendar 2015_Mithology Mixology_Eva Green_Cover_LR\" data-image-description=\"\" data-image-caption=\"&lt;p&gt;Celebridades :: A primeira foto de Eva Green no Calend\u00e1rio Campari 2015 &lt;\/p&gt;\n\" data-medium-file=\"https:\/\/i0.wp.com\/agrund.com\/wp-content\/uploads\/sites\/6\/2014\/10\/00-Campari-Calendar-2015_Mithology-Mixology_Eva-Green_Cover_LR.jpg?fit=225%2C300&amp;ssl=1\" data-large-file=\"https:\/\/i0.wp.com\/agrund.com\/wp-content\/uploads\/sites\/6\/2014\/10\/00-Campari-Calendar-2015_Mithology-Mixology_Eva-Green_Cover_LR.jpg?fit=550%2C733&amp;ssl=1\" decoding=\"async\" loading=\"lazy\" class=\"size-full wp-image-115557\" alt=\"Celebridades :: A primeira foto de Eva Green no Calend\u00e1rio Campari 2015 \" src=\"https:\/\/i0.wp.com\/www.agrund.com\/wp-content\/uploads\/sites\/6\/2014\/10\/00-Campari-Calendar-2015_Mithology-Mixology_Eva-Green_Cover_LR.jpg?resize=550%2C733\" width=\"550\" height=\"733\" srcset=\"https:\/\/i0.wp.com\/agrund.com\/wp-content\/uploads\/sites\/6\/2014\/10\/00-Campari-Calendar-2015_Mithology-Mixology_Eva-Green_Cover_LR.jpg?w=550&amp;ssl=1 550w, https:\/\/i0.wp.com\/agrund.com\/wp-content\/uploads\/sites\/6\/2014\/10\/00-Campari-Calendar-2015_Mithology-Mixology_Eva-Green_Cover_LR.jpg?resize=225%2C300&amp;ssl=1 225w\" sizes=\"(max-width: 550px) 100vw, 550px\" data-recalc-dims=\"1\" \/><\/a><p id=\"caption-attachment-115557\" class=\"wp-caption-text\">Celebridades :: A primeira foto de Eva Green no Calend\u00e1rio Campari 2015<\/p><\/div>\n<p>&nbsp;<\/p>\n<p>Imagem: Divulga\u00e7\u00e3o\/Julia Fullerton-Batten.<\/p>\n","protected":false},"excerpt":{"rendered":"<p>Agrund.com adiantou em primeira m\u00e3o que Eva Green seria a estrela do Calend\u00e1rio Campari 2015 e inclusive mostrou as fotos dos bastidores da publica\u00e7\u00e3o AQUI. Pois a marca acaba de liberar a primeira imagem oficial da atriz no posto de estrela do calend\u00e1rio na qual a francesa aparece usando um vestido vermelho diante de uma [&hellip;]<\/p>\n","protected":false},"author":8,"featured_media":115558,"comment_status":"open","ping_status":"open","sticky":false,"template":"","format":"standard","meta":{"jetpack_post_was_ever_published":false,"_jetpack_newsletter_access":"","jetpack_publicize_message":"Veja a primeira foto oficial de #EvaGreen no #Calend\u00e1rioCampari de 2015: http:\/\/wp.me\/p3Hz0n-u3O","jetpack_is_tweetstorm":false,"jetpack_publicize_feature_enabled":true,"jetpack_social_post_already_shared":true,"jetpack_social_options":{"image_generator_settings":{"template":"highway","enabled":false}}},"categories":[2],"tags":[],"jetpack_publicize_connections":[],"jetpack_featured_media_url":"https:\/\/i0.wp.com\/agrund.com\/wp-content\/uploads\/sites\/6\/2014\/10\/slideeva.jpg?fit=960%2C300&ssl=1","jetpack_sharing_enabled":true,"jetpack_shortlink":"https:\/\/wp.me\/p3Hz0n-u3O","jetpack_likes_enabled":true,"_links":{"self":[{"href":"https:\/\/agrund.com\/index.php\/wp-json\/wp\/v2\/posts\/115556"}],"collection":[{"href":"https:\/\/agrund.com\/index.php\/wp-json\/wp\/v2\/posts"}],"about":[{"href":"https:\/\/agrund.com\/index.php\/wp-json\/wp\/v2\/types\/post"}],"author":[{"embeddable":true,"href":"https:\/\/agrund.com\/index.php\/wp-json\/wp\/v2\/users\/8"}],"replies":[{"embeddable":true,"href":"https:\/\/agrund.com\/index.php\/wp-json\/wp\/v2\/comments?post=115556"}],"version-history":[{"count":0,"href":"https:\/\/agrund.com\/index.php\/wp-json\/wp\/v2\/posts\/115556\/revisions"}],"wp:featuredmedia":[{"embeddable":true,"href":"https:\/\/agrund.com\/index.php\/wp-json\/wp\/v2\/media\/115558"}],"wp:attachment":[{"href":"https:\/\/agrund.com\/index.php\/wp-json\/wp\/v2\/media?parent=115556"}],"wp:term":[{"taxonomy":"category","embeddable":true,"href":"https:\/\/agrund.com\/index.php\/wp-json\/wp\/v2\/categories?post=115556"},{"taxonomy":"post_tag","embeddable":true,"href":"https:\/\/agrund.com\/index.php\/wp-json\/wp\/v2\/tags?post=115556"}],"curies":[{"name":"wp","href":"https:\/\/api.w.org\/{rel}","templated":true}]}}