{"id":115545,"date":"2014-10-16T20:30:28","date_gmt":"2014-10-16T23:30:28","guid":{"rendered":"http:\/\/www.agrund.com\/?p=115545"},"modified":"2014-10-16T16:30:48","modified_gmt":"2014-10-16T19:30:48","slug":"moda-conheca-a-linha-de-roupas-assinada-por-mariana-rios","status":"publish","type":"post","link":"https:\/\/agrund.com\/index.php\/moda-conheca-a-linha-de-roupas-assinada-por-mariana-rios\/","title":{"rendered":"Moda :: Conhe\u00e7a a linha de roupas assinada por Mariana Rios"},"content":{"rendered":"<p>\u00c9 claro para todo mundo que Mariana Rios gosta de moda: al\u00e9m de dar dicas de estilo em seu blog, a atriz tamb\u00e9m sempre aparece publicamente vestindo looks caprichados. Mas ela n\u00e3o ficou contente s\u00f3 com isso e se juntou \u00e0 marca mineira Fruta Cor para criar uma cole\u00e7\u00e3o c\u00e1psula exclusiva. Mariana desenvolveu o conceito das pe\u00e7as a partir da inspira\u00e7\u00e3o em uma cidade no Uzbequist\u00e3o, refer\u00eancia que abriu espa\u00e7o para tecidos leves e estampas que lembram mosaicos e joias aplicadas em saias curtas, macaquinhos e vestidos com decotes e recortes que s\u00e3o a cara dela. O valor das roupas come\u00e7a em R$324 e voc\u00ea v\u00ea um preview do que chega \u00e0s lojas da grife na galeria abaixo!<\/p>\n<div id=\"attachment_115546\" style=\"width: 510px\" class=\"wp-caption aligncenter\"><a href=\"https:\/\/i0.wp.com\/www.agrund.com\/wp-content\/uploads\/sites\/6\/2014\/10\/FRUTA-COR_-Blusa-Mariana-Cropped-Renda-R37470_Saia-Luciana-Longa-estampa-pedras-e-renda-R62470.jpg\"><img aria-describedby=\"caption-attachment-115546\" data-attachment-id=\"115546\" data-permalink=\"https:\/\/agrund.com\/index.php\/moda-conheca-a-linha-de-roupas-assinada-por-mariana-rios\/fruta-cor_-blusa-mariana-cropped-renda-r37470_saia-luciana-longa-estampa-pedras-e-renda-r62470\/\" data-orig-file=\"https:\/\/i0.wp.com\/agrund.com\/wp-content\/uploads\/sites\/6\/2014\/10\/FRUTA-COR_-Blusa-Mariana-Cropped-Renda-R37470_Saia-Luciana-Longa-estampa-pedras-e-renda-R62470.jpg?fit=500%2C749&amp;ssl=1\" data-orig-size=\"500,749\" data-comments-opened=\"1\" data-image-meta=\"{&quot;aperture&quot;:&quot;0&quot;,&quot;credit&quot;:&quot;&quot;,&quot;camera&quot;:&quot;&quot;,&quot;caption&quot;:&quot;&quot;,&quot;created_timestamp&quot;:&quot;0&quot;,&quot;copyright&quot;:&quot;&quot;,&quot;focal_length&quot;:&quot;0&quot;,&quot;iso&quot;:&quot;0&quot;,&quot;shutter_speed&quot;:&quot;0&quot;,&quot;title&quot;:&quot;&quot;,&quot;orientation&quot;:&quot;0&quot;}\" data-image-title=\"FRUTA COR_ Blusa Mariana (Cropped Renda) &#8211; R$37470_Saia Luciana (Longa estampa pedras e renda) &#8211; R$62470)\" data-image-description=\"\" data-image-caption=\"&lt;p&gt;Moda :: Conhe\u00e7a a linha de roupas assinada por Mariana Rios &lt;\/p&gt;\n\" data-medium-file=\"https:\/\/i0.wp.com\/agrund.com\/wp-content\/uploads\/sites\/6\/2014\/10\/FRUTA-COR_-Blusa-Mariana-Cropped-Renda-R37470_Saia-Luciana-Longa-estampa-pedras-e-renda-R62470.jpg?fit=200%2C300&amp;ssl=1\" data-large-file=\"https:\/\/i0.wp.com\/agrund.com\/wp-content\/uploads\/sites\/6\/2014\/10\/FRUTA-COR_-Blusa-Mariana-Cropped-Renda-R37470_Saia-Luciana-Longa-estampa-pedras-e-renda-R62470.jpg?fit=500%2C749&amp;ssl=1\" decoding=\"async\" loading=\"lazy\" class=\"size-full wp-image-115546\" alt=\"Moda :: Conhe\u00e7a a linha de roupas assinada por Mariana Rios \" src=\"https:\/\/i0.wp.com\/www.agrund.com\/wp-content\/uploads\/sites\/6\/2014\/10\/FRUTA-COR_-Blusa-Mariana-Cropped-Renda-R37470_Saia-Luciana-Longa-estampa-pedras-e-renda-R62470.jpg?resize=500%2C749\" width=\"500\" height=\"749\" srcset=\"https:\/\/i0.wp.com\/agrund.com\/wp-content\/uploads\/sites\/6\/2014\/10\/FRUTA-COR_-Blusa-Mariana-Cropped-Renda-R37470_Saia-Luciana-Longa-estampa-pedras-e-renda-R62470.jpg?w=500&amp;ssl=1 500w, https:\/\/i0.wp.com\/agrund.com\/wp-content\/uploads\/sites\/6\/2014\/10\/FRUTA-COR_-Blusa-Mariana-Cropped-Renda-R37470_Saia-Luciana-Longa-estampa-pedras-e-renda-R62470.jpg?resize=200%2C300&amp;ssl=1 200w\" sizes=\"(max-width: 500px) 100vw, 500px\" data-recalc-dims=\"1\" \/><\/a><p id=\"caption-attachment-115546\" class=\"wp-caption-text\">Moda :: Conhe\u00e7a a linha de roupas assinada por Mariana Rios<\/p><\/div>\n<div id=\"attachment_115547\" style=\"width: 510px\" class=\"wp-caption aligncenter\"><a href=\"https:\/\/i0.wp.com\/www.agrund.com\/wp-content\/uploads\/sites\/6\/2014\/10\/FRUTA-COR_Blusa-Carol_Blusa-de-malha-com-aplica\u00e7\u00e3o-em-renda_R32470.jpg\"><img aria-describedby=\"caption-attachment-115547\" data-attachment-id=\"115547\" data-permalink=\"https:\/\/agrund.com\/index.php\/moda-conheca-a-linha-de-roupas-assinada-por-mariana-rios\/fruta-cor_blusa-carol_blusa-de-malha-com-aplicacao-em-renda_r32470\/\" data-orig-file=\"https:\/\/i0.wp.com\/agrund.com\/wp-content\/uploads\/sites\/6\/2014\/10\/FRUTA-COR_Blusa-Carol_Blusa-de-malha-com-aplica\u00e7\u00e3o-em-renda_R32470.jpg?fit=500%2C749&amp;ssl=1\" data-orig-size=\"500,749\" data-comments-opened=\"1\" data-image-meta=\"{&quot;aperture&quot;:&quot;0&quot;,&quot;credit&quot;:&quot;&quot;,&quot;camera&quot;:&quot;&quot;,&quot;caption&quot;:&quot;&quot;,&quot;created_timestamp&quot;:&quot;0&quot;,&quot;copyright&quot;:&quot;&quot;,&quot;focal_length&quot;:&quot;0&quot;,&quot;iso&quot;:&quot;0&quot;,&quot;shutter_speed&quot;:&quot;0&quot;,&quot;title&quot;:&quot;&quot;,&quot;orientation&quot;:&quot;0&quot;}\" data-image-title=\"FRUTA COR_Blusa Carol_Blusa de malha com aplica\u00e7\u00e3o em renda_R$32470\" data-image-description=\"\" data-image-caption=\"&lt;p&gt;Moda :: Conhe\u00e7a a linha de roupas assinada por Mariana Rios &lt;\/p&gt;\n\" data-medium-file=\"https:\/\/i0.wp.com\/agrund.com\/wp-content\/uploads\/sites\/6\/2014\/10\/FRUTA-COR_Blusa-Carol_Blusa-de-malha-com-aplica\u00e7\u00e3o-em-renda_R32470.jpg?fit=200%2C300&amp;ssl=1\" data-large-file=\"https:\/\/i0.wp.com\/agrund.com\/wp-content\/uploads\/sites\/6\/2014\/10\/FRUTA-COR_Blusa-Carol_Blusa-de-malha-com-aplica\u00e7\u00e3o-em-renda_R32470.jpg?fit=500%2C749&amp;ssl=1\" decoding=\"async\" loading=\"lazy\" class=\"size-full wp-image-115547\" alt=\"Moda :: Conhe\u00e7a a linha de roupas assinada por Mariana Rios \" src=\"https:\/\/i0.wp.com\/www.agrund.com\/wp-content\/uploads\/sites\/6\/2014\/10\/FRUTA-COR_Blusa-Carol_Blusa-de-malha-com-aplica\u00e7\u00e3o-em-renda_R32470.jpg?resize=500%2C749\" width=\"500\" height=\"749\" srcset=\"https:\/\/i0.wp.com\/agrund.com\/wp-content\/uploads\/sites\/6\/2014\/10\/FRUTA-COR_Blusa-Carol_Blusa-de-malha-com-aplica\u00e7\u00e3o-em-renda_R32470.jpg?w=500&amp;ssl=1 500w, https:\/\/i0.wp.com\/agrund.com\/wp-content\/uploads\/sites\/6\/2014\/10\/FRUTA-COR_Blusa-Carol_Blusa-de-malha-com-aplica\u00e7\u00e3o-em-renda_R32470.jpg?resize=200%2C300&amp;ssl=1 200w\" sizes=\"(max-width: 500px) 100vw, 500px\" data-recalc-dims=\"1\" \/><\/a><p id=\"caption-attachment-115547\" class=\"wp-caption-text\">Moda :: Conhe\u00e7a a linha de roupas assinada por Mariana Rios<\/p><\/div>\n<div id=\"attachment_115548\" style=\"width: 510px\" class=\"wp-caption aligncenter\"><a href=\"https:\/\/i0.wp.com\/www.agrund.com\/wp-content\/uploads\/sites\/6\/2014\/10\/FRUTA-COR_Blusa-Cassia-Camisa-manga-plissada-R68470_Short-Lu-Short-Cetim-R36470.jpg\"><img aria-describedby=\"caption-attachment-115548\" data-attachment-id=\"115548\" data-permalink=\"https:\/\/agrund.com\/index.php\/moda-conheca-a-linha-de-roupas-assinada-por-mariana-rios\/fruta-cor_blusa-cassia-camisa-manga-plissada-r68470_short-lu-short-cetim-r36470\/\" data-orig-file=\"https:\/\/i0.wp.com\/agrund.com\/wp-content\/uploads\/sites\/6\/2014\/10\/FRUTA-COR_Blusa-Cassia-Camisa-manga-plissada-R68470_Short-Lu-Short-Cetim-R36470.jpg?fit=500%2C749&amp;ssl=1\" data-orig-size=\"500,749\" data-comments-opened=\"1\" data-image-meta=\"{&quot;aperture&quot;:&quot;0&quot;,&quot;credit&quot;:&quot;&quot;,&quot;camera&quot;:&quot;&quot;,&quot;caption&quot;:&quot;&quot;,&quot;created_timestamp&quot;:&quot;0&quot;,&quot;copyright&quot;:&quot;&quot;,&quot;focal_length&quot;:&quot;0&quot;,&quot;iso&quot;:&quot;0&quot;,&quot;shutter_speed&quot;:&quot;0&quot;,&quot;title&quot;:&quot;&quot;,&quot;orientation&quot;:&quot;0&quot;}\" data-image-title=\"FRUTA COR_Blusa Cassia (Camisa manga plissada) &#8211; R$68470_Short Lu (Short Cetim) &#8211; R$36470\" data-image-description=\"\" data-image-caption=\"&lt;p&gt;Moda :: Conhe\u00e7a a linha de roupas assinada por Mariana Rios &lt;\/p&gt;\n\" data-medium-file=\"https:\/\/i0.wp.com\/agrund.com\/wp-content\/uploads\/sites\/6\/2014\/10\/FRUTA-COR_Blusa-Cassia-Camisa-manga-plissada-R68470_Short-Lu-Short-Cetim-R36470.jpg?fit=200%2C300&amp;ssl=1\" data-large-file=\"https:\/\/i0.wp.com\/agrund.com\/wp-content\/uploads\/sites\/6\/2014\/10\/FRUTA-COR_Blusa-Cassia-Camisa-manga-plissada-R68470_Short-Lu-Short-Cetim-R36470.jpg?fit=500%2C749&amp;ssl=1\" decoding=\"async\" loading=\"lazy\" class=\"size-full wp-image-115548\" alt=\"Moda :: Conhe\u00e7a a linha de roupas assinada por Mariana Rios \" src=\"https:\/\/i0.wp.com\/www.agrund.com\/wp-content\/uploads\/sites\/6\/2014\/10\/FRUTA-COR_Blusa-Cassia-Camisa-manga-plissada-R68470_Short-Lu-Short-Cetim-R36470.jpg?resize=500%2C749\" width=\"500\" height=\"749\" srcset=\"https:\/\/i0.wp.com\/agrund.com\/wp-content\/uploads\/sites\/6\/2014\/10\/FRUTA-COR_Blusa-Cassia-Camisa-manga-plissada-R68470_Short-Lu-Short-Cetim-R36470.jpg?w=500&amp;ssl=1 500w, https:\/\/i0.wp.com\/agrund.com\/wp-content\/uploads\/sites\/6\/2014\/10\/FRUTA-COR_Blusa-Cassia-Camisa-manga-plissada-R68470_Short-Lu-Short-Cetim-R36470.jpg?resize=200%2C300&amp;ssl=1 200w\" sizes=\"(max-width: 500px) 100vw, 500px\" data-recalc-dims=\"1\" \/><\/a><p id=\"caption-attachment-115548\" class=\"wp-caption-text\">Moda :: Conhe\u00e7a a linha de roupas assinada por Mariana Rios<\/p><\/div>\n<div id=\"attachment_115549\" style=\"width: 510px\" class=\"wp-caption aligncenter\"><a href=\"https:\/\/i0.wp.com\/www.agrund.com\/wp-content\/uploads\/sites\/6\/2014\/10\/FRUTA-COR_Macacao-Maira_Macaquinho-Estampa-Pedras-com-Renda_R68470.jpg\"><img aria-describedby=\"caption-attachment-115549\" data-attachment-id=\"115549\" data-permalink=\"https:\/\/agrund.com\/index.php\/moda-conheca-a-linha-de-roupas-assinada-por-mariana-rios\/fruta-cor_macacao-maira_macaquinho-estampa-pedras-com-renda_r68470\/\" data-orig-file=\"https:\/\/i0.wp.com\/agrund.com\/wp-content\/uploads\/sites\/6\/2014\/10\/FRUTA-COR_Macacao-Maira_Macaquinho-Estampa-Pedras-com-Renda_R68470.jpg?fit=500%2C749&amp;ssl=1\" data-orig-size=\"500,749\" data-comments-opened=\"1\" data-image-meta=\"{&quot;aperture&quot;:&quot;0&quot;,&quot;credit&quot;:&quot;&quot;,&quot;camera&quot;:&quot;&quot;,&quot;caption&quot;:&quot;&quot;,&quot;created_timestamp&quot;:&quot;0&quot;,&quot;copyright&quot;:&quot;&quot;,&quot;focal_length&quot;:&quot;0&quot;,&quot;iso&quot;:&quot;0&quot;,&quot;shutter_speed&quot;:&quot;0&quot;,&quot;title&quot;:&quot;&quot;,&quot;orientation&quot;:&quot;0&quot;}\" data-image-title=\"FRUTA COR_Macacao Maira_Macaquinho Estampa Pedras com Renda_R$68470\" data-image-description=\"\" data-image-caption=\"&lt;p&gt;Moda :: Conhe\u00e7a a linha de roupas assinada por Mariana Rios &lt;\/p&gt;\n\" data-medium-file=\"https:\/\/i0.wp.com\/agrund.com\/wp-content\/uploads\/sites\/6\/2014\/10\/FRUTA-COR_Macacao-Maira_Macaquinho-Estampa-Pedras-com-Renda_R68470.jpg?fit=200%2C300&amp;ssl=1\" data-large-file=\"https:\/\/i0.wp.com\/agrund.com\/wp-content\/uploads\/sites\/6\/2014\/10\/FRUTA-COR_Macacao-Maira_Macaquinho-Estampa-Pedras-com-Renda_R68470.jpg?fit=500%2C749&amp;ssl=1\" decoding=\"async\" loading=\"lazy\" class=\"size-full wp-image-115549\" alt=\"Moda :: Conhe\u00e7a a linha de roupas assinada por Mariana Rios \" src=\"https:\/\/i0.wp.com\/www.agrund.com\/wp-content\/uploads\/sites\/6\/2014\/10\/FRUTA-COR_Macacao-Maira_Macaquinho-Estampa-Pedras-com-Renda_R68470.jpg?resize=500%2C749\" width=\"500\" height=\"749\" srcset=\"https:\/\/i0.wp.com\/agrund.com\/wp-content\/uploads\/sites\/6\/2014\/10\/FRUTA-COR_Macacao-Maira_Macaquinho-Estampa-Pedras-com-Renda_R68470.jpg?w=500&amp;ssl=1 500w, https:\/\/i0.wp.com\/agrund.com\/wp-content\/uploads\/sites\/6\/2014\/10\/FRUTA-COR_Macacao-Maira_Macaquinho-Estampa-Pedras-com-Renda_R68470.jpg?resize=200%2C300&amp;ssl=1 200w\" sizes=\"(max-width: 500px) 100vw, 500px\" data-recalc-dims=\"1\" \/><\/a><p id=\"caption-attachment-115549\" class=\"wp-caption-text\">Moda :: Conhe\u00e7a a linha de roupas assinada por Mariana Rios<\/p><\/div>\n<div id=\"attachment_115550\" style=\"width: 510px\" class=\"wp-caption aligncenter\"><a href=\"https:\/\/i0.wp.com\/www.agrund.com\/wp-content\/uploads\/sites\/6\/2014\/10\/FRUTA-COR_Macaquinho-Dani_R68470.jpg\"><img aria-describedby=\"caption-attachment-115550\" data-attachment-id=\"115550\" data-permalink=\"https:\/\/agrund.com\/index.php\/moda-conheca-a-linha-de-roupas-assinada-por-mariana-rios\/fruta-cor_macaquinho-dani_r68470\/\" data-orig-file=\"https:\/\/i0.wp.com\/agrund.com\/wp-content\/uploads\/sites\/6\/2014\/10\/FRUTA-COR_Macaquinho-Dani_R68470.jpg?fit=500%2C749&amp;ssl=1\" data-orig-size=\"500,749\" data-comments-opened=\"1\" data-image-meta=\"{&quot;aperture&quot;:&quot;0&quot;,&quot;credit&quot;:&quot;&quot;,&quot;camera&quot;:&quot;&quot;,&quot;caption&quot;:&quot;&quot;,&quot;created_timestamp&quot;:&quot;0&quot;,&quot;copyright&quot;:&quot;&quot;,&quot;focal_length&quot;:&quot;0&quot;,&quot;iso&quot;:&quot;0&quot;,&quot;shutter_speed&quot;:&quot;0&quot;,&quot;title&quot;:&quot;&quot;,&quot;orientation&quot;:&quot;0&quot;}\" data-image-title=\"FRUTA COR_Macaquinho Dani_R$68470\" data-image-description=\"\" data-image-caption=\"&lt;p&gt;Moda :: Conhe\u00e7a a linha de roupas assinada por Mariana Rios &lt;\/p&gt;\n\" data-medium-file=\"https:\/\/i0.wp.com\/agrund.com\/wp-content\/uploads\/sites\/6\/2014\/10\/FRUTA-COR_Macaquinho-Dani_R68470.jpg?fit=200%2C300&amp;ssl=1\" data-large-file=\"https:\/\/i0.wp.com\/agrund.com\/wp-content\/uploads\/sites\/6\/2014\/10\/FRUTA-COR_Macaquinho-Dani_R68470.jpg?fit=500%2C749&amp;ssl=1\" decoding=\"async\" loading=\"lazy\" class=\"size-full wp-image-115550\" alt=\"Moda :: Conhe\u00e7a a linha de roupas assinada por Mariana Rios \" src=\"https:\/\/i0.wp.com\/www.agrund.com\/wp-content\/uploads\/sites\/6\/2014\/10\/FRUTA-COR_Macaquinho-Dani_R68470.jpg?resize=500%2C749\" width=\"500\" height=\"749\" srcset=\"https:\/\/i0.wp.com\/agrund.com\/wp-content\/uploads\/sites\/6\/2014\/10\/FRUTA-COR_Macaquinho-Dani_R68470.jpg?w=500&amp;ssl=1 500w, https:\/\/i0.wp.com\/agrund.com\/wp-content\/uploads\/sites\/6\/2014\/10\/FRUTA-COR_Macaquinho-Dani_R68470.jpg?resize=200%2C300&amp;ssl=1 200w\" sizes=\"(max-width: 500px) 100vw, 500px\" data-recalc-dims=\"1\" \/><\/a><p id=\"caption-attachment-115550\" class=\"wp-caption-text\">Moda :: Conhe\u00e7a a linha de roupas assinada por Mariana Rios<\/p><\/div>\n<div id=\"attachment_115551\" style=\"width: 510px\" class=\"wp-caption aligncenter\"><a href=\"https:\/\/i0.wp.com\/www.agrund.com\/wp-content\/uploads\/sites\/6\/2014\/10\/FRUTA-COR_Vestido-Fabiana_Vestido-Midi-Neoprene_R68470.jpg\"><img aria-describedby=\"caption-attachment-115551\" data-attachment-id=\"115551\" data-permalink=\"https:\/\/agrund.com\/index.php\/moda-conheca-a-linha-de-roupas-assinada-por-mariana-rios\/fruta-cor_vestido-fabiana_vestido-midi-neoprene_r68470\/\" data-orig-file=\"https:\/\/i0.wp.com\/agrund.com\/wp-content\/uploads\/sites\/6\/2014\/10\/FRUTA-COR_Vestido-Fabiana_Vestido-Midi-Neoprene_R68470.jpg?fit=500%2C749&amp;ssl=1\" data-orig-size=\"500,749\" data-comments-opened=\"1\" data-image-meta=\"{&quot;aperture&quot;:&quot;0&quot;,&quot;credit&quot;:&quot;&quot;,&quot;camera&quot;:&quot;&quot;,&quot;caption&quot;:&quot;&quot;,&quot;created_timestamp&quot;:&quot;0&quot;,&quot;copyright&quot;:&quot;&quot;,&quot;focal_length&quot;:&quot;0&quot;,&quot;iso&quot;:&quot;0&quot;,&quot;shutter_speed&quot;:&quot;0&quot;,&quot;title&quot;:&quot;&quot;,&quot;orientation&quot;:&quot;0&quot;}\" data-image-title=\"FRUTA COR_Vestido Fabiana_Vestido Midi Neoprene_R$68470\" data-image-description=\"\" data-image-caption=\"&lt;p&gt;Moda :: Conhe\u00e7a a linha de roupas assinada por Mariana Rios &lt;\/p&gt;\n\" data-medium-file=\"https:\/\/i0.wp.com\/agrund.com\/wp-content\/uploads\/sites\/6\/2014\/10\/FRUTA-COR_Vestido-Fabiana_Vestido-Midi-Neoprene_R68470.jpg?fit=200%2C300&amp;ssl=1\" data-large-file=\"https:\/\/i0.wp.com\/agrund.com\/wp-content\/uploads\/sites\/6\/2014\/10\/FRUTA-COR_Vestido-Fabiana_Vestido-Midi-Neoprene_R68470.jpg?fit=500%2C749&amp;ssl=1\" decoding=\"async\" loading=\"lazy\" class=\"size-full wp-image-115551\" alt=\"Moda :: Conhe\u00e7a a linha de roupas assinada por Mariana Rios \" src=\"https:\/\/i0.wp.com\/www.agrund.com\/wp-content\/uploads\/sites\/6\/2014\/10\/FRUTA-COR_Vestido-Fabiana_Vestido-Midi-Neoprene_R68470.jpg?resize=500%2C749\" width=\"500\" height=\"749\" srcset=\"https:\/\/i0.wp.com\/agrund.com\/wp-content\/uploads\/sites\/6\/2014\/10\/FRUTA-COR_Vestido-Fabiana_Vestido-Midi-Neoprene_R68470.jpg?w=500&amp;ssl=1 500w, https:\/\/i0.wp.com\/agrund.com\/wp-content\/uploads\/sites\/6\/2014\/10\/FRUTA-COR_Vestido-Fabiana_Vestido-Midi-Neoprene_R68470.jpg?resize=200%2C300&amp;ssl=1 200w\" sizes=\"(max-width: 500px) 100vw, 500px\" data-recalc-dims=\"1\" \/><\/a><p id=\"caption-attachment-115551\" class=\"wp-caption-text\">Moda :: Conhe\u00e7a a linha de roupas assinada por Mariana Rios<\/p><\/div>\n<div id=\"attachment_115552\" style=\"width: 510px\" class=\"wp-caption aligncenter\"><a href=\"https:\/\/i0.wp.com\/www.agrund.com\/wp-content\/uploads\/sites\/6\/2014\/10\/FRUTA-COR_Vestido-Stella_Vestido-Tule-rebordado-com-pedras_R2.jpg\"><img aria-describedby=\"caption-attachment-115552\" data-attachment-id=\"115552\" data-permalink=\"https:\/\/agrund.com\/index.php\/moda-conheca-a-linha-de-roupas-assinada-por-mariana-rios\/fruta-cor_vestido-stella_vestido-tule-rebordado-com-pedras_r2\/\" data-orig-file=\"https:\/\/i0.wp.com\/agrund.com\/wp-content\/uploads\/sites\/6\/2014\/10\/FRUTA-COR_Vestido-Stella_Vestido-Tule-rebordado-com-pedras_R2.jpg?fit=500%2C749&amp;ssl=1\" data-orig-size=\"500,749\" data-comments-opened=\"1\" data-image-meta=\"{&quot;aperture&quot;:&quot;0&quot;,&quot;credit&quot;:&quot;&quot;,&quot;camera&quot;:&quot;&quot;,&quot;caption&quot;:&quot;&quot;,&quot;created_timestamp&quot;:&quot;0&quot;,&quot;copyright&quot;:&quot;&quot;,&quot;focal_length&quot;:&quot;0&quot;,&quot;iso&quot;:&quot;0&quot;,&quot;shutter_speed&quot;:&quot;0&quot;,&quot;title&quot;:&quot;&quot;,&quot;orientation&quot;:&quot;0&quot;}\" data-image-title=\"FRUTA COR_Vestido Stella_Vestido Tule rebordado com pedras_R$2\" data-image-description=\"\" data-image-caption=\"&lt;p&gt;Moda :: Conhe\u00e7a a linha de roupas assinada por Mariana Rios &lt;\/p&gt;\n\" data-medium-file=\"https:\/\/i0.wp.com\/agrund.com\/wp-content\/uploads\/sites\/6\/2014\/10\/FRUTA-COR_Vestido-Stella_Vestido-Tule-rebordado-com-pedras_R2.jpg?fit=200%2C300&amp;ssl=1\" data-large-file=\"https:\/\/i0.wp.com\/agrund.com\/wp-content\/uploads\/sites\/6\/2014\/10\/FRUTA-COR_Vestido-Stella_Vestido-Tule-rebordado-com-pedras_R2.jpg?fit=500%2C749&amp;ssl=1\" decoding=\"async\" loading=\"lazy\" class=\"size-full wp-image-115552\" alt=\"Moda :: Conhe\u00e7a a linha de roupas assinada por Mariana Rios \" src=\"https:\/\/i0.wp.com\/www.agrund.com\/wp-content\/uploads\/sites\/6\/2014\/10\/FRUTA-COR_Vestido-Stella_Vestido-Tule-rebordado-com-pedras_R2.jpg?resize=500%2C749\" width=\"500\" height=\"749\" srcset=\"https:\/\/i0.wp.com\/agrund.com\/wp-content\/uploads\/sites\/6\/2014\/10\/FRUTA-COR_Vestido-Stella_Vestido-Tule-rebordado-com-pedras_R2.jpg?w=500&amp;ssl=1 500w, https:\/\/i0.wp.com\/agrund.com\/wp-content\/uploads\/sites\/6\/2014\/10\/FRUTA-COR_Vestido-Stella_Vestido-Tule-rebordado-com-pedras_R2.jpg?resize=200%2C300&amp;ssl=1 200w\" sizes=\"(max-width: 500px) 100vw, 500px\" data-recalc-dims=\"1\" \/><\/a><p id=\"caption-attachment-115552\" class=\"wp-caption-text\">Moda :: Conhe\u00e7a a linha de roupas assinada por Mariana Rios<\/p><\/div>\n<p>&nbsp;<\/p>\n<p>Imagens: Divulga\u00e7\u00e3o.<\/p>\n<p>&nbsp;<\/p>\n<p>&nbsp;<\/p>\n<p>&nbsp;<\/p>\n<p>&nbsp;<\/p>\n<p>&nbsp;<\/p>\n<p>&nbsp;<\/p>\n","protected":false},"excerpt":{"rendered":"<p>\u00c9 claro para todo mundo que Mariana Rios gosta de moda: al\u00e9m de dar dicas de estilo em seu blog, a atriz tamb\u00e9m sempre aparece publicamente vestindo looks caprichados. Mas ela n\u00e3o ficou contente s\u00f3 com isso e se juntou \u00e0 marca mineira Fruta Cor para criar uma cole\u00e7\u00e3o c\u00e1psula exclusiva. Mariana desenvolveu o conceito [&hellip;]<\/p>\n","protected":false},"author":8,"featured_media":115553,"comment_status":"open","ping_status":"open","sticky":false,"template":"","format":"standard","meta":{"jetpack_post_was_ever_published":false,"_jetpack_newsletter_access":"","jetpack_publicize_message":"#MarianaRios tamb\u00e9m assina linha de roupas! Vem ver os detalhes da cole\u00e7\u00e3o criada pela atriz: http:\/\/wp.me\/p3Hz0n-u3D","jetpack_is_tweetstorm":false,"jetpack_publicize_feature_enabled":true,"jetpack_social_post_already_shared":true,"jetpack_social_options":{"image_generator_settings":{"template":"highway","enabled":false}}},"categories":[2],"tags":[],"jetpack_publicize_connections":[],"jetpack_featured_media_url":"https:\/\/i0.wp.com\/agrund.com\/wp-content\/uploads\/sites\/6\/2014\/10\/slidemariana.jpg?fit=960%2C300&ssl=1","jetpack_sharing_enabled":true,"jetpack_shortlink":"https:\/\/wp.me\/p3Hz0n-u3D","jetpack_likes_enabled":true,"_links":{"self":[{"href":"https:\/\/agrund.com\/index.php\/wp-json\/wp\/v2\/posts\/115545"}],"collection":[{"href":"https:\/\/agrund.com\/index.php\/wp-json\/wp\/v2\/posts"}],"about":[{"href":"https:\/\/agrund.com\/index.php\/wp-json\/wp\/v2\/types\/post"}],"author":[{"embeddable":true,"href":"https:\/\/agrund.com\/index.php\/wp-json\/wp\/v2\/users\/8"}],"replies":[{"embeddable":true,"href":"https:\/\/agrund.com\/index.php\/wp-json\/wp\/v2\/comments?post=115545"}],"version-history":[{"count":0,"href":"https:\/\/agrund.com\/index.php\/wp-json\/wp\/v2\/posts\/115545\/revisions"}],"wp:featuredmedia":[{"embeddable":true,"href":"https:\/\/agrund.com\/index.php\/wp-json\/wp\/v2\/media\/115553"}],"wp:attachment":[{"href":"https:\/\/agrund.com\/index.php\/wp-json\/wp\/v2\/media?parent=115545"}],"wp:term":[{"taxonomy":"category","embeddable":true,"href":"https:\/\/agrund.com\/index.php\/wp-json\/wp\/v2\/categories?post=115545"},{"taxonomy":"post_tag","embeddable":true,"href":"https:\/\/agrund.com\/index.php\/wp-json\/wp\/v2\/tags?post=115545"}],"curies":[{"name":"wp","href":"https:\/\/api.w.org\/{rel}","templated":true}]}}