{"id":115364,"date":"2014-10-15T12:00:08","date_gmt":"2014-10-15T15:00:08","guid":{"rendered":"http:\/\/www.agrund.com\/?p=115364"},"modified":"2014-10-15T11:34:56","modified_gmt":"2014-10-15T14:34:56","slug":"moda-video-o-look-de-gisele-bundchen-no-lancamento-da-campanha-do-chanel-no5","status":"publish","type":"post","link":"https:\/\/agrund.com\/index.php\/moda-video-o-look-de-gisele-bundchen-no-lancamento-da-campanha-do-chanel-no5\/","title":{"rendered":"Moda :: V\u00eddeo :: O look de Gisele B\u00fcndchen no lan\u00e7amento do Chanel N\u00ba5"},"content":{"rendered":"<p>Agrund.com adiantou <a href=\"http:\/\/www.agrund.com\/moda-video-o-teaser-da-campanha-do-chanel-no5-com-gisele-bundchen\/\" target=\"_blank\">AQUI<\/a> o teaser da nova campanha do perfume Chanel N\u00ba5 estrelada por Gisele B\u00fcndchen. E para embalar o lan\u00e7amento dessa parceria a grife promoveu um jantar em NY no qual a top foi o centro das aten\u00e7\u00f5es, \u00e9 claro. A brasileira deu as caras no evento usando um vestido prateado curtinho cheio de brilho combinando com sapatos de saltos finos e uma pequena clutch na mesma cor \u2013 sexy na medida!<\/p>\n<div id=\"attachment_115366\" style=\"width: 410px\" class=\"wp-caption aligncenter\"><a href=\"https:\/\/i0.wp.com\/www.agrund.com\/wp-content\/uploads\/sites\/6\/2014\/10\/141014-chanel-gisele-400x600.jpg\"><img aria-describedby=\"caption-attachment-115366\" data-attachment-id=\"115366\" data-permalink=\"https:\/\/agrund.com\/index.php\/moda-video-o-look-de-gisele-bundchen-no-lancamento-da-campanha-do-chanel-no5\/141014-chanel-gisele-400x600\/\" data-orig-file=\"https:\/\/i0.wp.com\/agrund.com\/wp-content\/uploads\/sites\/6\/2014\/10\/141014-chanel-gisele-400x600.jpg?fit=400%2C600&amp;ssl=1\" data-orig-size=\"400,600\" data-comments-opened=\"1\" data-image-meta=\"{&quot;aperture&quot;:&quot;0&quot;,&quot;credit&quot;:&quot;&quot;,&quot;camera&quot;:&quot;&quot;,&quot;caption&quot;:&quot;&quot;,&quot;created_timestamp&quot;:&quot;0&quot;,&quot;copyright&quot;:&quot;&quot;,&quot;focal_length&quot;:&quot;0&quot;,&quot;iso&quot;:&quot;0&quot;,&quot;shutter_speed&quot;:&quot;0&quot;,&quot;title&quot;:&quot;&quot;,&quot;orientation&quot;:&quot;0&quot;}\" data-image-title=\"141014-chanel-gisele&#8211;400&#215;600\" data-image-description=\"\" data-image-caption=\"&lt;p&gt;Moda :: V\u00eddeo :: O look de Gisele B\u00fcndchen no lan\u00e7amento da campanha do Chanel N\u00ba5 &lt;\/p&gt;\n\" data-medium-file=\"https:\/\/i0.wp.com\/agrund.com\/wp-content\/uploads\/sites\/6\/2014\/10\/141014-chanel-gisele-400x600.jpg?fit=200%2C300&amp;ssl=1\" data-large-file=\"https:\/\/i0.wp.com\/agrund.com\/wp-content\/uploads\/sites\/6\/2014\/10\/141014-chanel-gisele-400x600.jpg?fit=400%2C600&amp;ssl=1\" decoding=\"async\" loading=\"lazy\" class=\"size-full wp-image-115366\" alt=\"Moda :: V\u00eddeo :: O look de Gisele B\u00fcndchen no lan\u00e7amento da campanha do Chanel N\u00ba5 \" src=\"https:\/\/i0.wp.com\/www.agrund.com\/wp-content\/uploads\/sites\/6\/2014\/10\/141014-chanel-gisele-400x600.jpg?resize=400%2C600\" width=\"400\" height=\"600\" srcset=\"https:\/\/i0.wp.com\/agrund.com\/wp-content\/uploads\/sites\/6\/2014\/10\/141014-chanel-gisele-400x600.jpg?resize=400%2C600&amp;ssl=1 400w, https:\/\/i0.wp.com\/agrund.com\/wp-content\/uploads\/sites\/6\/2014\/10\/141014-chanel-gisele-400x600.jpg?resize=200%2C300&amp;ssl=1 200w\" sizes=\"(max-width: 400px) 100vw, 400px\" data-recalc-dims=\"1\" \/><\/a><p id=\"caption-attachment-115366\" class=\"wp-caption-text\">Moda :: V\u00eddeo :: O look de Gisele B\u00fcndchen no lan\u00e7amento da campanha do Chanel N\u00ba5<\/p><\/div>\n<p>E a\u00ed, aprovou a produ\u00e7\u00e3o da modelo? Conte para a gente o que achou do look e aproveite para conferir a atua\u00e7\u00e3o de Gisele no v\u00eddeo completo da campanha! A dire\u00e7\u00e3o \u00e9 de Baz Luhrmann (o mesmo de &#8220;Great Gatsby&#8221; e &#8220;Moulin Rouge&#8221;) e a trilha \u00e9 uma vers\u00e3o um pouco diferente de &#8220;You&#8217;re The One That I Want&#8221;, tema de &#8220;Grease&#8221;.<\/p>\n<p><iframe loading=\"lazy\" src=\"\/\/www.youtube.com\/embed\/8asRWe5XNw8\" height=\"309\" width=\"550\" allowfullscreen=\"\" frameborder=\"0\"><\/iframe><\/p>\n<p>Imagem e V\u00eddeo: Reprodu\u00e7\u00e3o.<\/p>\n","protected":false},"excerpt":{"rendered":"<p>Agrund.com adiantou AQUI o teaser da nova campanha do perfume Chanel N\u00ba5 estrelada por Gisele B\u00fcndchen. E para embalar o lan\u00e7amento dessa parceria a grife promoveu um jantar em NY no qual a top foi o centro das aten\u00e7\u00f5es, \u00e9 claro. A brasileira deu as caras no evento usando um vestido prateado curtinho cheio de [&hellip;]<\/p>\n","protected":false},"author":8,"featured_media":115365,"comment_status":"open","ping_status":"open","sticky":false,"template":"","format":"standard","meta":{"jetpack_post_was_ever_published":false,"_jetpack_newsletter_access":"","jetpack_publicize_message":"","jetpack_is_tweetstorm":false,"jetpack_publicize_feature_enabled":true,"jetpack_social_post_already_shared":true,"jetpack_social_options":{"image_generator_settings":{"template":"highway","enabled":false}}},"categories":[2],"tags":[],"jetpack_publicize_connections":[],"jetpack_featured_media_url":"https:\/\/i0.wp.com\/agrund.com\/wp-content\/uploads\/sites\/6\/2014\/10\/slide120.jpg?fit=960%2C300&ssl=1","jetpack_sharing_enabled":true,"jetpack_shortlink":"https:\/\/wp.me\/p3Hz0n-u0I","jetpack_likes_enabled":true,"_links":{"self":[{"href":"https:\/\/agrund.com\/index.php\/wp-json\/wp\/v2\/posts\/115364"}],"collection":[{"href":"https:\/\/agrund.com\/index.php\/wp-json\/wp\/v2\/posts"}],"about":[{"href":"https:\/\/agrund.com\/index.php\/wp-json\/wp\/v2\/types\/post"}],"author":[{"embeddable":true,"href":"https:\/\/agrund.com\/index.php\/wp-json\/wp\/v2\/users\/8"}],"replies":[{"embeddable":true,"href":"https:\/\/agrund.com\/index.php\/wp-json\/wp\/v2\/comments?post=115364"}],"version-history":[{"count":0,"href":"https:\/\/agrund.com\/index.php\/wp-json\/wp\/v2\/posts\/115364\/revisions"}],"wp:featuredmedia":[{"embeddable":true,"href":"https:\/\/agrund.com\/index.php\/wp-json\/wp\/v2\/media\/115365"}],"wp:attachment":[{"href":"https:\/\/agrund.com\/index.php\/wp-json\/wp\/v2\/media?parent=115364"}],"wp:term":[{"taxonomy":"category","embeddable":true,"href":"https:\/\/agrund.com\/index.php\/wp-json\/wp\/v2\/categories?post=115364"},{"taxonomy":"post_tag","embeddable":true,"href":"https:\/\/agrund.com\/index.php\/wp-json\/wp\/v2\/tags?post=115364"}],"curies":[{"name":"wp","href":"https:\/\/api.w.org\/{rel}","templated":true}]}}