{"id":11521,"date":"2011-06-08T18:02:24","date_gmt":"2011-06-08T21:02:24","guid":{"rendered":"http:\/\/www.agrund.com\/blogs\/notas\/?p=11521"},"modified":"2011-06-08T18:02:24","modified_gmt":"2011-06-08T21:02:24","slug":"arlindo-grund-entrevista-julia-petit-e-renata-leite","status":"publish","type":"post","link":"https:\/\/agrund.com\/index.php\/arlindo-grund-entrevista-julia-petit-e-renata-leite\/","title":{"rendered":"Arlindo Grund entrevista Julia Petit e Renata Leite"},"content":{"rendered":"<p>Logo ap\u00f3s o desfile da Colorama, Arlindo Grund entrevistou Julia Petit e a gerente de produto da marca, Renata Leite. Julia contou que esmaltar as unhas \u00e9 uma divers\u00e3o, quase um brinquedinho, e que n\u00e3o tem medo de ousar na hora de escolher as cores. Concordando, Renata brincou falando que o removedor de esmaltes era o sin\u00f4nimo maior de liberdade. Renata tamb\u00e9m nos contou como come\u00e7ou \u201ca febre dos esmaltes\u201d, que surgiu ap\u00f3s o lan\u00e7amento do Jade da Chanel, e explicou que o \u201cesmalte como acess\u00f3rio\u201d \u00e9 a maior democratiza\u00e7\u00e3o da moda dos \u00faltimos tempos. A gente concorda!<\/p>\n<p style=\"text-align: center\"><img decoding=\"async\" loading=\"lazy\" class=\"aligncenter size-full wp-image-11528\" src=\"https:\/\/i0.wp.com\/www.agrund.com\/arquivo\/notas\/files\/2011\/06\/DSC_2330.jpg?resize=470%2C312\" alt=\"\" width=\"470\" height=\"312\" data-recalc-dims=\"1\" \/><img decoding=\"async\" loading=\"lazy\" class=\"aligncenter size-full wp-image-11529\" src=\"https:\/\/i0.wp.com\/www.agrund.com\/arquivo\/notas\/files\/2011\/06\/DSC_2338.jpg?resize=470%2C312\" alt=\"\" width=\"470\" height=\"312\" data-recalc-dims=\"1\" \/><img decoding=\"async\" loading=\"lazy\" class=\"aligncenter size-full wp-image-11530\" src=\"https:\/\/i0.wp.com\/www.agrund.com\/arquivo\/notas\/files\/2011\/06\/DSC_2381.jpg?resize=470%2C312\" alt=\"\" width=\"470\" height=\"312\" data-recalc-dims=\"1\" \/><\/p>\n<p style=\"text-align: center\">\n<p style=\"text-align: left\">Fotos por Juliana Farinha<\/p>\n","protected":false},"excerpt":{"rendered":"<p>Logo ap\u00f3s o desfile da Colorama, Arlindo Grund entrevistou Julia Petit e a gerente de produto da marca, Renata Leite. Julia contou que esmaltar as unhas \u00e9 uma divers\u00e3o, quase um brinquedinho, e que n\u00e3o tem medo de ousar na hora de escolher as cores. Concordando, Renata brincou falando que o removedor de esmaltes era [&hellip;]<\/p>\n","protected":false},"author":8,"featured_media":11530,"comment_status":"open","ping_status":"open","sticky":false,"template":"","format":"standard","meta":{"jetpack_post_was_ever_published":false,"_jetpack_newsletter_access":"","jetpack_publicize_message":"","jetpack_is_tweetstorm":false,"jetpack_publicize_feature_enabled":true,"jetpack_social_post_already_shared":false,"jetpack_social_options":{"image_generator_settings":{"template":"highway","enabled":false}}},"categories":[2],"tags":[],"jetpack_publicize_connections":[],"jetpack_featured_media_url":"","jetpack_sharing_enabled":true,"jetpack_shortlink":"https:\/\/wp.me\/p3Hz0n-2ZP","jetpack_likes_enabled":true,"_links":{"self":[{"href":"https:\/\/agrund.com\/index.php\/wp-json\/wp\/v2\/posts\/11521"}],"collection":[{"href":"https:\/\/agrund.com\/index.php\/wp-json\/wp\/v2\/posts"}],"about":[{"href":"https:\/\/agrund.com\/index.php\/wp-json\/wp\/v2\/types\/post"}],"author":[{"embeddable":true,"href":"https:\/\/agrund.com\/index.php\/wp-json\/wp\/v2\/users\/8"}],"replies":[{"embeddable":true,"href":"https:\/\/agrund.com\/index.php\/wp-json\/wp\/v2\/comments?post=11521"}],"version-history":[{"count":0,"href":"https:\/\/agrund.com\/index.php\/wp-json\/wp\/v2\/posts\/11521\/revisions"}],"wp:featuredmedia":[{"embeddable":true,"href":"https:\/\/agrund.com\/index.php\/wp-json\/"}],"wp:attachment":[{"href":"https:\/\/agrund.com\/index.php\/wp-json\/wp\/v2\/media?parent=11521"}],"wp:term":[{"taxonomy":"category","embeddable":true,"href":"https:\/\/agrund.com\/index.php\/wp-json\/wp\/v2\/categories?post=11521"},{"taxonomy":"post_tag","embeddable":true,"href":"https:\/\/agrund.com\/index.php\/wp-json\/wp\/v2\/tags?post=11521"}],"curies":[{"name":"wp","href":"https:\/\/api.w.org\/{rel}","templated":true}]}}