{"id":115112,"date":"2014-10-10T21:00:29","date_gmt":"2014-10-11T00:00:29","guid":{"rendered":"http:\/\/www.agrund.com\/?p=115112"},"modified":"2014-10-10T19:48:18","modified_gmt":"2014-10-10T22:48:18","slug":"moda-os-oculos-e-penteados-mais-pedidos-das-novelas","status":"publish","type":"post","link":"https:\/\/agrund.com\/index.php\/moda-os-oculos-e-penteados-mais-pedidos-das-novelas\/","title":{"rendered":"Moda :: Os \u00f3culos e penteados mais pedidos das novelas"},"content":{"rendered":"<p style=\"text-align: right\">Por Ros\u00e2ngela Espinossi<\/p>\n<p style=\"text-align: left\">Usar o que as personagens das novelas usam \u00e9 o desejo de muitas pessoas: imagina s\u00f3 ter os cabelos de Marina Ruy Barbosa (a Maria Isis em &#8220;Imp\u00e9rio&#8221;) ou passar o batom de Maria Clara (vivida por Andreia Horta na mesma trama). Pois o ranking dos 10 produtos das novelas mais desejados pelas telespectadoras acaba de ser liberado pela Globo e voc\u00ea confere tudo na sequ\u00eancia!<\/p>\n<p style=\"text-align: left\">Entre os destaques da rela\u00e7\u00e3o de acess\u00f3rios est\u00e3o os \u00f3culos de sol e de grau favoritos das personagens dos folhetins, sendo quatro da novela &#8220;Imp\u00e9rio&#8221; e um de &#8220;Boogie Oogie&#8221;. J\u00e1 nos cabelos, em primeiro lugar est\u00e3o os fios vermelhos, longos e lisos da Du (Josie Pessoa) seguidos pelo ruivo em corte long bob (comprimento m\u00e9dio) da Maria Isis (Marina Ruy Barbosa), ambas de &#8220;Imp\u00e9rio&#8221;.<\/p>\n<div id=\"attachment_115114\" style=\"width: 560px\" class=\"wp-caption aligncenter\"><a href=\"https:\/\/i0.wp.com\/www.agrund.com\/wp-content\/uploads\/sites\/6\/2014\/10\/mais-pedidos-\u00f3culos.jpg\"><img aria-describedby=\"caption-attachment-115114\" data-attachment-id=\"115114\" data-permalink=\"https:\/\/agrund.com\/index.php\/moda-os-oculos-e-penteados-mais-pedidos-das-novelas\/mais-pedidos-oculos\/\" data-orig-file=\"https:\/\/i0.wp.com\/agrund.com\/wp-content\/uploads\/sites\/6\/2014\/10\/mais-pedidos-\u00f3culos.jpg?fit=550%2C413&amp;ssl=1\" data-orig-size=\"550,413\" data-comments-opened=\"1\" data-image-meta=\"{&quot;aperture&quot;:&quot;0&quot;,&quot;credit&quot;:&quot;&quot;,&quot;camera&quot;:&quot;&quot;,&quot;caption&quot;:&quot;&quot;,&quot;created_timestamp&quot;:&quot;0&quot;,&quot;copyright&quot;:&quot;&quot;,&quot;focal_length&quot;:&quot;0&quot;,&quot;iso&quot;:&quot;0&quot;,&quot;shutter_speed&quot;:&quot;0&quot;,&quot;title&quot;:&quot;&quot;,&quot;orientation&quot;:&quot;0&quot;}\" data-image-title=\"mais pedidos &#8211; \u00f3culos\" data-image-description=\"\" data-image-caption=\"&lt;p&gt;Moda :: Os \u00f3culos e penteados mais pedidos das novelas  &lt;\/p&gt;\n\" data-medium-file=\"https:\/\/i0.wp.com\/agrund.com\/wp-content\/uploads\/sites\/6\/2014\/10\/mais-pedidos-\u00f3culos.jpg?fit=300%2C225&amp;ssl=1\" data-large-file=\"https:\/\/i0.wp.com\/agrund.com\/wp-content\/uploads\/sites\/6\/2014\/10\/mais-pedidos-\u00f3culos.jpg?fit=550%2C413&amp;ssl=1\" decoding=\"async\" loading=\"lazy\" class=\"size-full wp-image-115114\" alt=\"Moda :: Os \u00f3culos e penteados mais pedidos das novelas  \" src=\"https:\/\/i0.wp.com\/www.agrund.com\/wp-content\/uploads\/sites\/6\/2014\/10\/mais-pedidos-\u00f3culos.jpg?resize=550%2C413\" width=\"550\" height=\"413\" srcset=\"https:\/\/i0.wp.com\/agrund.com\/wp-content\/uploads\/sites\/6\/2014\/10\/mais-pedidos-\u00f3culos.jpg?w=550&amp;ssl=1 550w, https:\/\/i0.wp.com\/agrund.com\/wp-content\/uploads\/sites\/6\/2014\/10\/mais-pedidos-\u00f3culos.jpg?resize=300%2C225&amp;ssl=1 300w\" sizes=\"(max-width: 550px) 100vw, 550px\" data-recalc-dims=\"1\" \/><\/a><p id=\"caption-attachment-115114\" class=\"wp-caption-text\">Moda :: Os \u00f3culos e penteados mais pedidos das novelas<\/p><\/div>\n<div id=\"attachment_115113\" style=\"width: 560px\" class=\"wp-caption aligncenter\"><a href=\"https:\/\/i0.wp.com\/www.agrund.com\/wp-content\/uploads\/sites\/6\/2014\/10\/mais-pedidos-cabelos.jpg\"><img aria-describedby=\"caption-attachment-115113\" data-attachment-id=\"115113\" data-permalink=\"https:\/\/agrund.com\/index.php\/moda-os-oculos-e-penteados-mais-pedidos-das-novelas\/mais-pedidos-cabelos\/\" data-orig-file=\"https:\/\/i0.wp.com\/agrund.com\/wp-content\/uploads\/sites\/6\/2014\/10\/mais-pedidos-cabelos.jpg?fit=550%2C413&amp;ssl=1\" data-orig-size=\"550,413\" data-comments-opened=\"1\" data-image-meta=\"{&quot;aperture&quot;:&quot;0&quot;,&quot;credit&quot;:&quot;&quot;,&quot;camera&quot;:&quot;&quot;,&quot;caption&quot;:&quot;&quot;,&quot;created_timestamp&quot;:&quot;0&quot;,&quot;copyright&quot;:&quot;&quot;,&quot;focal_length&quot;:&quot;0&quot;,&quot;iso&quot;:&quot;0&quot;,&quot;shutter_speed&quot;:&quot;0&quot;,&quot;title&quot;:&quot;&quot;,&quot;orientation&quot;:&quot;0&quot;}\" data-image-title=\"mais pedidos &#8211; cabelos\" data-image-description=\"\" data-image-caption=\"&lt;p&gt;Moda :: Os \u00f3culos e penteados mais pedidos das novelas  &lt;\/p&gt;\n\" data-medium-file=\"https:\/\/i0.wp.com\/agrund.com\/wp-content\/uploads\/sites\/6\/2014\/10\/mais-pedidos-cabelos.jpg?fit=300%2C225&amp;ssl=1\" data-large-file=\"https:\/\/i0.wp.com\/agrund.com\/wp-content\/uploads\/sites\/6\/2014\/10\/mais-pedidos-cabelos.jpg?fit=550%2C413&amp;ssl=1\" decoding=\"async\" loading=\"lazy\" class=\"size-full wp-image-115113\" alt=\"Moda :: Os \u00f3culos e penteados mais pedidos das novelas  \" src=\"https:\/\/i0.wp.com\/www.agrund.com\/wp-content\/uploads\/sites\/6\/2014\/10\/mais-pedidos-cabelos.jpg?resize=550%2C413\" width=\"550\" height=\"413\" srcset=\"https:\/\/i0.wp.com\/agrund.com\/wp-content\/uploads\/sites\/6\/2014\/10\/mais-pedidos-cabelos.jpg?w=550&amp;ssl=1 550w, https:\/\/i0.wp.com\/agrund.com\/wp-content\/uploads\/sites\/6\/2014\/10\/mais-pedidos-cabelos.jpg?resize=300%2C225&amp;ssl=1 300w\" sizes=\"(max-width: 550px) 100vw, 550px\" data-recalc-dims=\"1\" \/><\/a><p id=\"caption-attachment-115113\" class=\"wp-caption-text\">Moda :: Os \u00f3culos e penteados mais pedidos das novelas<\/p><\/div>\n<p>&nbsp;<\/p>\n<p>O cabelo escuro acima dos ombros da Maria Clara (Andreia Horta), tamb\u00e9m da trama das 21h, conquistou o terceiro lugar abrindo espa\u00e7o para as madeixas longas da Sandra (Isis Valverde) em &#8220;Boogie Oogie&#8221; na quarta posi\u00e7\u00e3o.<\/p>\n<div id=\"attachment_115115\" style=\"width: 560px\" class=\"wp-caption aligncenter\"><a href=\"https:\/\/i0.wp.com\/www.agrund.com\/wp-content\/uploads\/sites\/6\/2014\/10\/mais-pedidos-cabelos-2.jpg\"><img aria-describedby=\"caption-attachment-115115\" data-attachment-id=\"115115\" data-permalink=\"https:\/\/agrund.com\/index.php\/moda-os-oculos-e-penteados-mais-pedidos-das-novelas\/mais-pedidos-cabelos-2\/\" data-orig-file=\"https:\/\/i0.wp.com\/agrund.com\/wp-content\/uploads\/sites\/6\/2014\/10\/mais-pedidos-cabelos-2.jpg?fit=550%2C413&amp;ssl=1\" data-orig-size=\"550,413\" data-comments-opened=\"1\" data-image-meta=\"{&quot;aperture&quot;:&quot;0&quot;,&quot;credit&quot;:&quot;&quot;,&quot;camera&quot;:&quot;&quot;,&quot;caption&quot;:&quot;&quot;,&quot;created_timestamp&quot;:&quot;0&quot;,&quot;copyright&quot;:&quot;&quot;,&quot;focal_length&quot;:&quot;0&quot;,&quot;iso&quot;:&quot;0&quot;,&quot;shutter_speed&quot;:&quot;0&quot;,&quot;title&quot;:&quot;&quot;,&quot;orientation&quot;:&quot;0&quot;}\" data-image-title=\"mais pedidos cabelos 2\" data-image-description=\"\" data-image-caption=\"&lt;p&gt;Moda :: Os \u00f3culos e penteados mais pedidos das novelas  &lt;\/p&gt;\n\" data-medium-file=\"https:\/\/i0.wp.com\/agrund.com\/wp-content\/uploads\/sites\/6\/2014\/10\/mais-pedidos-cabelos-2.jpg?fit=300%2C225&amp;ssl=1\" data-large-file=\"https:\/\/i0.wp.com\/agrund.com\/wp-content\/uploads\/sites\/6\/2014\/10\/mais-pedidos-cabelos-2.jpg?fit=550%2C413&amp;ssl=1\" decoding=\"async\" loading=\"lazy\" class=\"size-full wp-image-115115\" alt=\"Moda :: Os \u00f3culos e penteados mais pedidos das novelas  \" src=\"https:\/\/i0.wp.com\/www.agrund.com\/wp-content\/uploads\/sites\/6\/2014\/10\/mais-pedidos-cabelos-2.jpg?resize=550%2C413\" width=\"550\" height=\"413\" srcset=\"https:\/\/i0.wp.com\/agrund.com\/wp-content\/uploads\/sites\/6\/2014\/10\/mais-pedidos-cabelos-2.jpg?w=550&amp;ssl=1 550w, https:\/\/i0.wp.com\/agrund.com\/wp-content\/uploads\/sites\/6\/2014\/10\/mais-pedidos-cabelos-2.jpg?resize=300%2C225&amp;ssl=1 300w\" sizes=\"(max-width: 550px) 100vw, 550px\" data-recalc-dims=\"1\" \/><\/a><p id=\"caption-attachment-115115\" class=\"wp-caption-text\">Moda :: Os \u00f3culos e penteados mais pedidos das novelas<\/p><\/div>\n<p>&nbsp;<\/p>\n<p>Quer mais? Conto os batons, as marcas e os pre\u00e7os dos produtos l\u00e1 no <a href=\"http:\/\/www.elasnotapetevermelho.com.br\/novo\/\" target=\"_blank\">Elas no Tapete Vermelho<\/a> junto de uma vota\u00e7\u00e3o para voc\u00ea escolher os seus favoritos. Corra, confira e participe!<\/p>\n<p>&nbsp;<\/p>\n<p>Imagens: Reprodu\u00e7\u00e3o.<\/p>\n","protected":false},"excerpt":{"rendered":"<p>Por Ros\u00e2ngela Espinossi Usar o que as personagens das novelas usam \u00e9 o desejo de muitas pessoas: imagina s\u00f3 ter os cabelos de Marina Ruy Barbosa (a Maria Isis em &#8220;Imp\u00e9rio&#8221;) ou passar o batom de Maria Clara (vivida por Andreia Horta na mesma trama). Pois o ranking dos 10 produtos das novelas mais desejados [&hellip;]<\/p>\n","protected":false},"author":8,"featured_media":115116,"comment_status":"open","ping_status":"open","sticky":false,"template":"","format":"standard","meta":{"jetpack_post_was_ever_published":false,"_jetpack_newsletter_access":"","jetpack_publicize_message":"Ros\u00e2ngela Espinossi conta quais os produtos e cortes de cabelo mais pedidos das novelas no \u00faltimo m\u00eas:\r\n http:\/\/wp.me\/p3Hz0n-tWE","jetpack_is_tweetstorm":false,"jetpack_publicize_feature_enabled":true,"jetpack_social_post_already_shared":true,"jetpack_social_options":{"image_generator_settings":{"template":"highway","enabled":false}}},"categories":[2],"tags":[],"jetpack_publicize_connections":[],"jetpack_featured_media_url":"https:\/\/i0.wp.com\/agrund.com\/wp-content\/uploads\/sites\/6\/2014\/10\/slide85.jpg?fit=960%2C300&ssl=1","jetpack_sharing_enabled":true,"jetpack_shortlink":"https:\/\/wp.me\/p3Hz0n-tWE","jetpack_likes_enabled":true,"_links":{"self":[{"href":"https:\/\/agrund.com\/index.php\/wp-json\/wp\/v2\/posts\/115112"}],"collection":[{"href":"https:\/\/agrund.com\/index.php\/wp-json\/wp\/v2\/posts"}],"about":[{"href":"https:\/\/agrund.com\/index.php\/wp-json\/wp\/v2\/types\/post"}],"author":[{"embeddable":true,"href":"https:\/\/agrund.com\/index.php\/wp-json\/wp\/v2\/users\/8"}],"replies":[{"embeddable":true,"href":"https:\/\/agrund.com\/index.php\/wp-json\/wp\/v2\/comments?post=115112"}],"version-history":[{"count":0,"href":"https:\/\/agrund.com\/index.php\/wp-json\/wp\/v2\/posts\/115112\/revisions"}],"wp:featuredmedia":[{"embeddable":true,"href":"https:\/\/agrund.com\/index.php\/wp-json\/wp\/v2\/media\/115116"}],"wp:attachment":[{"href":"https:\/\/agrund.com\/index.php\/wp-json\/wp\/v2\/media?parent=115112"}],"wp:term":[{"taxonomy":"category","embeddable":true,"href":"https:\/\/agrund.com\/index.php\/wp-json\/wp\/v2\/categories?post=115112"},{"taxonomy":"post_tag","embeddable":true,"href":"https:\/\/agrund.com\/index.php\/wp-json\/wp\/v2\/tags?post=115112"}],"curies":[{"name":"wp","href":"https:\/\/api.w.org\/{rel}","templated":true}]}}