{"id":115101,"date":"2014-10-10T20:00:04","date_gmt":"2014-10-10T23:00:04","guid":{"rendered":"http:\/\/www.agrund.com\/?p=115101"},"modified":"2014-10-10T19:34:30","modified_gmt":"2014-10-10T22:34:30","slug":"beleza-o-vermelho-e-o-novo-preto","status":"publish","type":"post","link":"https:\/\/agrund.com\/index.php\/beleza-o-vermelho-e-o-novo-preto\/","title":{"rendered":"Beleza :: O vermelho \u00e9 o novo preto!"},"content":{"rendered":"<p style=\"text-align: right\"><strong>Por Anna Lee, de Los Angeles<\/strong><\/p>\n<p style=\"text-align: left\">H\u00e1 algum tempo, quando o assunto dizia respeito \u00e0s maquiagens de inverno, a unanimidade eram os l\u00e1bios escuros. E eles continuam com tudo entre as celebridades, especialmente os tons vermelhos em vers\u00f5es amarronzadas ou arroxeadas. Lorde e Rihanna j\u00e1 entraram nessa onda!<\/p>\n<div id=\"attachment_115105\" style=\"width: 510px\" class=\"wp-caption aligncenter\"><a href=\"https:\/\/i0.wp.com\/www.agrund.com\/wp-content\/uploads\/sites\/6\/2014\/10\/Lorde-Grammy.jpg\"><img aria-describedby=\"caption-attachment-115105\" data-attachment-id=\"115105\" data-permalink=\"https:\/\/agrund.com\/index.php\/beleza-o-vermelho-e-o-novo-preto\/lorde-grammy\/\" data-orig-file=\"https:\/\/i0.wp.com\/agrund.com\/wp-content\/uploads\/sites\/6\/2014\/10\/Lorde-Grammy.jpg?fit=500%2C651&amp;ssl=1\" data-orig-size=\"500,651\" data-comments-opened=\"1\" data-image-meta=\"{&quot;aperture&quot;:&quot;0&quot;,&quot;credit&quot;:&quot;Jason LaVeris&quot;,&quot;camera&quot;:&quot;&quot;,&quot;caption&quot;:&quot;LOS ANGELES, CA - JANUARY 26:  Singer Lorde poses in the press room at the 56th GRAMMY Awards at Staples Center on January 26, 2014 in Los Angeles, California.  (Photo by Jason LaVeris\\\/FilmMagic)&quot;,&quot;created_timestamp&quot;:&quot;0&quot;,&quot;copyright&quot;:&quot;2014 Jason LaVeris&quot;,&quot;focal_length&quot;:&quot;0&quot;,&quot;iso&quot;:&quot;0&quot;,&quot;shutter_speed&quot;:&quot;0&quot;,&quot;title&quot;:&quot;&quot;,&quot;orientation&quot;:&quot;1&quot;}\" data-image-title=\"Lorde-Grammy\" data-image-description=\"&lt;p&gt;LOS ANGELES, CA &#8211; JANUARY 26:  Singer Lorde poses in the press room at the 56th GRAMMY Awards at Staples Center on January 26, 2014 in Los Angeles, California.  (Photo by Jason LaVeris\/FilmMagic)&lt;\/p&gt;\n\" data-image-caption=\"&lt;p&gt;Lorde&lt;\/p&gt;\n\" data-medium-file=\"https:\/\/i0.wp.com\/agrund.com\/wp-content\/uploads\/sites\/6\/2014\/10\/Lorde-Grammy.jpg?fit=230%2C300&amp;ssl=1\" data-large-file=\"https:\/\/i0.wp.com\/agrund.com\/wp-content\/uploads\/sites\/6\/2014\/10\/Lorde-Grammy.jpg?fit=500%2C651&amp;ssl=1\" decoding=\"async\" loading=\"lazy\" class=\"size-full wp-image-115105\" alt=\"Lorde\" src=\"https:\/\/i0.wp.com\/www.agrund.com\/wp-content\/uploads\/sites\/6\/2014\/10\/Lorde-Grammy.jpg?resize=500%2C651\" width=\"500\" height=\"651\" srcset=\"https:\/\/i0.wp.com\/agrund.com\/wp-content\/uploads\/sites\/6\/2014\/10\/Lorde-Grammy.jpg?w=500&amp;ssl=1 500w, https:\/\/i0.wp.com\/agrund.com\/wp-content\/uploads\/sites\/6\/2014\/10\/Lorde-Grammy.jpg?resize=230%2C300&amp;ssl=1 230w\" sizes=\"(max-width: 500px) 100vw, 500px\" data-recalc-dims=\"1\" \/><\/a><p id=\"caption-attachment-115105\" class=\"wp-caption-text\">Lorde<\/p><\/div>\n<div id=\"attachment_115106\" style=\"width: 510px\" class=\"wp-caption aligncenter\"><a href=\"https:\/\/i0.wp.com\/www.agrund.com\/wp-content\/uploads\/sites\/6\/2014\/10\/rihanna.jpg\"><img aria-describedby=\"caption-attachment-115106\" data-attachment-id=\"115106\" data-permalink=\"https:\/\/agrund.com\/index.php\/beleza-o-vermelho-e-o-novo-preto\/rihanna-7\/\" data-orig-file=\"https:\/\/i0.wp.com\/agrund.com\/wp-content\/uploads\/sites\/6\/2014\/10\/rihanna.jpg?fit=500%2C750&amp;ssl=1\" data-orig-size=\"500,750\" data-comments-opened=\"1\" data-image-meta=\"{&quot;aperture&quot;:&quot;0&quot;,&quot;credit&quot;:&quot;&quot;,&quot;camera&quot;:&quot;&quot;,&quot;caption&quot;:&quot;&quot;,&quot;created_timestamp&quot;:&quot;0&quot;,&quot;copyright&quot;:&quot;2013 Getty Images&quot;,&quot;focal_length&quot;:&quot;0&quot;,&quot;iso&quot;:&quot;0&quot;,&quot;shutter_speed&quot;:&quot;0&quot;,&quot;title&quot;:&quot;&quot;,&quot;orientation&quot;:&quot;0&quot;}\" data-image-title=\"rihanna\" data-image-description=\"\" data-image-caption=\"&lt;p&gt;Rihanna&lt;\/p&gt;\n\" data-medium-file=\"https:\/\/i0.wp.com\/agrund.com\/wp-content\/uploads\/sites\/6\/2014\/10\/rihanna.jpg?fit=200%2C300&amp;ssl=1\" data-large-file=\"https:\/\/i0.wp.com\/agrund.com\/wp-content\/uploads\/sites\/6\/2014\/10\/rihanna.jpg?fit=500%2C750&amp;ssl=1\" decoding=\"async\" loading=\"lazy\" class=\"size-full wp-image-115106\" alt=\"Rihanna\" src=\"https:\/\/i0.wp.com\/www.agrund.com\/wp-content\/uploads\/sites\/6\/2014\/10\/rihanna.jpg?resize=500%2C750\" width=\"500\" height=\"750\" srcset=\"https:\/\/i0.wp.com\/agrund.com\/wp-content\/uploads\/sites\/6\/2014\/10\/rihanna.jpg?w=500&amp;ssl=1 500w, https:\/\/i0.wp.com\/agrund.com\/wp-content\/uploads\/sites\/6\/2014\/10\/rihanna.jpg?resize=200%2C300&amp;ssl=1 200w\" sizes=\"(max-width: 500px) 100vw, 500px\" data-recalc-dims=\"1\" \/><\/a><p id=\"caption-attachment-115106\" class=\"wp-caption-text\">Rihanna<\/p><\/div>\n<p>&nbsp;<\/p>\n<p style=\"text-align: left\">A regra para apostar nos batons escuros e conseguir manter um ar de eleg\u00e2ncia \u00e9 deixar o foco do make nos l\u00e1bios \u2013 resultado que voc\u00ea consegue investindo em uma pele mais natural com pouco blush, iluminador e delineador fininho. D\u00e1 s\u00f3 um close na beleza da Katy Perry e da Jennifer Lawrence para pegar a inspira\u00e7\u00e3o:<\/p>\n<div id=\"attachment_115104\" style=\"width: 510px\" class=\"wp-caption aligncenter\"><a href=\"https:\/\/i0.wp.com\/www.agrund.com\/wp-content\/uploads\/sites\/6\/2014\/10\/katy-perry-vmas.jpg\"><img aria-describedby=\"caption-attachment-115104\" data-attachment-id=\"115104\" data-permalink=\"https:\/\/agrund.com\/index.php\/beleza-o-vermelho-e-o-novo-preto\/katy-perry-vmas\/\" data-orig-file=\"https:\/\/i0.wp.com\/agrund.com\/wp-content\/uploads\/sites\/6\/2014\/10\/katy-perry-vmas.jpg?fit=500%2C317&amp;ssl=1\" data-orig-size=\"500,317\" data-comments-opened=\"1\" data-image-meta=\"{&quot;aperture&quot;:&quot;5.6&quot;,&quot;credit&quot;:&quot;Dimitrios Kambouris&quot;,&quot;camera&quot;:&quot;NIKON D4&quot;,&quot;caption&quot;:&quot;NEW YORK, NY - MAY 06:  Katy Perry attends the Costume Institute Gala for the \\&quot;PUNK: Chaos to Couture\\&quot; exhibition at the Metropolitan Museum of Art on May 6, 2013 in New York City.  (Photo by Dimitrios Kambouris\\\/Getty Images)&quot;,&quot;created_timestamp&quot;:&quot;1367871149&quot;,&quot;copyright&quot;:&quot;2013 Getty Images&quot;,&quot;focal_length&quot;:&quot;48&quot;,&quot;iso&quot;:&quot;500&quot;,&quot;shutter_speed&quot;:&quot;0.004&quot;,&quot;title&quot;:&quot;&quot;,&quot;orientation&quot;:&quot;1&quot;}\" data-image-title=\"katy-perry-vmas\" data-image-description=\"&lt;p&gt;NEW YORK, NY &#8211; MAY 06:  Katy Perry attends the Costume Institute Gala for the &#8220;PUNK: Chaos to Couture&#8221; exhibition at the Metropolitan Museum of Art on May 6, 2013 in New York City.  (Photo by Dimitrios Kambouris\/Getty Images)&lt;\/p&gt;\n\" data-image-caption=\"&lt;p&gt;Katy Perry&lt;\/p&gt;\n\" data-medium-file=\"https:\/\/i0.wp.com\/agrund.com\/wp-content\/uploads\/sites\/6\/2014\/10\/katy-perry-vmas.jpg?fit=300%2C190&amp;ssl=1\" data-large-file=\"https:\/\/i0.wp.com\/agrund.com\/wp-content\/uploads\/sites\/6\/2014\/10\/katy-perry-vmas.jpg?fit=500%2C317&amp;ssl=1\" decoding=\"async\" loading=\"lazy\" class=\"size-full wp-image-115104\" alt=\"Katy Perry\" src=\"https:\/\/i0.wp.com\/www.agrund.com\/wp-content\/uploads\/sites\/6\/2014\/10\/katy-perry-vmas.jpg?resize=500%2C317\" width=\"500\" height=\"317\" srcset=\"https:\/\/i0.wp.com\/agrund.com\/wp-content\/uploads\/sites\/6\/2014\/10\/katy-perry-vmas.jpg?w=500&amp;ssl=1 500w, https:\/\/i0.wp.com\/agrund.com\/wp-content\/uploads\/sites\/6\/2014\/10\/katy-perry-vmas.jpg?resize=300%2C190&amp;ssl=1 300w\" sizes=\"(max-width: 500px) 100vw, 500px\" data-recalc-dims=\"1\" \/><\/a><p id=\"caption-attachment-115104\" class=\"wp-caption-text\">Katy Perry<\/p><\/div>\n<div id=\"attachment_115103\" style=\"width: 510px\" class=\"wp-caption aligncenter\"><a href=\"https:\/\/i0.wp.com\/www.agrund.com\/wp-content\/uploads\/sites\/6\/2014\/10\/JENNIFER.jpg\"><img aria-describedby=\"caption-attachment-115103\" data-attachment-id=\"115103\" data-permalink=\"https:\/\/agrund.com\/index.php\/beleza-o-vermelho-e-o-novo-preto\/jennifer-3\/\" data-orig-file=\"https:\/\/i0.wp.com\/agrund.com\/wp-content\/uploads\/sites\/6\/2014\/10\/JENNIFER.jpg?fit=500%2C591&amp;ssl=1\" data-orig-size=\"500,591\" data-comments-opened=\"1\" data-image-meta=\"{&quot;aperture&quot;:&quot;0&quot;,&quot;credit&quot;:&quot;&quot;,&quot;camera&quot;:&quot;&quot;,&quot;caption&quot;:&quot;&quot;,&quot;created_timestamp&quot;:&quot;0&quot;,&quot;copyright&quot;:&quot;&quot;,&quot;focal_length&quot;:&quot;0&quot;,&quot;iso&quot;:&quot;0&quot;,&quot;shutter_speed&quot;:&quot;0&quot;,&quot;title&quot;:&quot;&quot;,&quot;orientation&quot;:&quot;0&quot;}\" data-image-title=\"JENNIFER\" data-image-description=\"\" data-image-caption=\"&lt;p&gt;Jennifer Lawrence&lt;\/p&gt;\n\" data-medium-file=\"https:\/\/i0.wp.com\/agrund.com\/wp-content\/uploads\/sites\/6\/2014\/10\/JENNIFER.jpg?fit=254%2C300&amp;ssl=1\" data-large-file=\"https:\/\/i0.wp.com\/agrund.com\/wp-content\/uploads\/sites\/6\/2014\/10\/JENNIFER.jpg?fit=500%2C591&amp;ssl=1\" decoding=\"async\" loading=\"lazy\" class=\"size-full wp-image-115103\" alt=\"Jennifer Lawrence\" src=\"https:\/\/i0.wp.com\/www.agrund.com\/wp-content\/uploads\/sites\/6\/2014\/10\/JENNIFER.jpg?resize=500%2C591\" width=\"500\" height=\"591\" srcset=\"https:\/\/i0.wp.com\/agrund.com\/wp-content\/uploads\/sites\/6\/2014\/10\/JENNIFER.jpg?w=500&amp;ssl=1 500w, https:\/\/i0.wp.com\/agrund.com\/wp-content\/uploads\/sites\/6\/2014\/10\/JENNIFER.jpg?resize=254%2C300&amp;ssl=1 254w\" sizes=\"(max-width: 500px) 100vw, 500px\" data-recalc-dims=\"1\" \/><\/a><p id=\"caption-attachment-115103\" class=\"wp-caption-text\">Jennifer Lawrence<\/p><\/div>\n<p>&nbsp;<\/p>\n<p>E se voc\u00ea tamb\u00e9m quiser caprichar nos olhos, coloque suas fichas na f\u00f3rmula l\u00e1pis esfumado preto rente aos c\u00edlios combinado com delineador grosso no estilo Selena Gomez ou na pegada rocker da Taylor Momsen:<\/p>\n<div id=\"attachment_115107\" style=\"width: 510px\" class=\"wp-caption aligncenter\"><a href=\"https:\/\/i0.wp.com\/www.agrund.com\/wp-content\/uploads\/sites\/6\/2014\/10\/selena.jpg\"><img aria-describedby=\"caption-attachment-115107\" data-attachment-id=\"115107\" data-permalink=\"https:\/\/agrund.com\/index.php\/beleza-o-vermelho-e-o-novo-preto\/selena\/\" data-orig-file=\"https:\/\/i0.wp.com\/agrund.com\/wp-content\/uploads\/sites\/6\/2014\/10\/selena.jpg?fit=500%2C591&amp;ssl=1\" data-orig-size=\"500,591\" data-comments-opened=\"1\" data-image-meta=\"{&quot;aperture&quot;:&quot;0&quot;,&quot;credit&quot;:&quot;&quot;,&quot;camera&quot;:&quot;&quot;,&quot;caption&quot;:&quot;&quot;,&quot;created_timestamp&quot;:&quot;0&quot;,&quot;copyright&quot;:&quot;&quot;,&quot;focal_length&quot;:&quot;0&quot;,&quot;iso&quot;:&quot;0&quot;,&quot;shutter_speed&quot;:&quot;0&quot;,&quot;title&quot;:&quot;&quot;,&quot;orientation&quot;:&quot;0&quot;}\" data-image-title=\"selena\" data-image-description=\"\" data-image-caption=\"&lt;p&gt;Selena Gomez&lt;\/p&gt;\n\" data-medium-file=\"https:\/\/i0.wp.com\/agrund.com\/wp-content\/uploads\/sites\/6\/2014\/10\/selena.jpg?fit=254%2C300&amp;ssl=1\" data-large-file=\"https:\/\/i0.wp.com\/agrund.com\/wp-content\/uploads\/sites\/6\/2014\/10\/selena.jpg?fit=500%2C591&amp;ssl=1\" decoding=\"async\" loading=\"lazy\" class=\"size-full wp-image-115107\" alt=\"Selena Gomez\" src=\"https:\/\/i0.wp.com\/www.agrund.com\/wp-content\/uploads\/sites\/6\/2014\/10\/selena.jpg?resize=500%2C591\" width=\"500\" height=\"591\" srcset=\"https:\/\/i0.wp.com\/agrund.com\/wp-content\/uploads\/sites\/6\/2014\/10\/selena.jpg?w=500&amp;ssl=1 500w, https:\/\/i0.wp.com\/agrund.com\/wp-content\/uploads\/sites\/6\/2014\/10\/selena.jpg?resize=254%2C300&amp;ssl=1 254w\" sizes=\"(max-width: 500px) 100vw, 500px\" data-recalc-dims=\"1\" \/><\/a><p id=\"caption-attachment-115107\" class=\"wp-caption-text\">Selena Gomez<\/p><\/div>\n<div id=\"attachment_115108\" style=\"width: 510px\" class=\"wp-caption aligncenter\"><a href=\"https:\/\/i0.wp.com\/www.agrund.com\/wp-content\/uploads\/sites\/6\/2014\/10\/tmomsen.jpg\"><img aria-describedby=\"caption-attachment-115108\" data-attachment-id=\"115108\" data-permalink=\"https:\/\/agrund.com\/index.php\/beleza-o-vermelho-e-o-novo-preto\/tmomsen\/\" data-orig-file=\"https:\/\/i0.wp.com\/agrund.com\/wp-content\/uploads\/sites\/6\/2014\/10\/tmomsen.jpg?fit=500%2C551&amp;ssl=1\" data-orig-size=\"500,551\" data-comments-opened=\"1\" data-image-meta=\"{&quot;aperture&quot;:&quot;0&quot;,&quot;credit&quot;:&quot;&quot;,&quot;camera&quot;:&quot;&quot;,&quot;caption&quot;:&quot;&quot;,&quot;created_timestamp&quot;:&quot;0&quot;,&quot;copyright&quot;:&quot;&quot;,&quot;focal_length&quot;:&quot;0&quot;,&quot;iso&quot;:&quot;0&quot;,&quot;shutter_speed&quot;:&quot;0&quot;,&quot;title&quot;:&quot;&quot;,&quot;orientation&quot;:&quot;0&quot;}\" data-image-title=\"tmomsen\" data-image-description=\"\" data-image-caption=\"&lt;p&gt;Taylor Momsen&lt;\/p&gt;\n\" data-medium-file=\"https:\/\/i0.wp.com\/agrund.com\/wp-content\/uploads\/sites\/6\/2014\/10\/tmomsen.jpg?fit=272%2C300&amp;ssl=1\" data-large-file=\"https:\/\/i0.wp.com\/agrund.com\/wp-content\/uploads\/sites\/6\/2014\/10\/tmomsen.jpg?fit=500%2C551&amp;ssl=1\" decoding=\"async\" loading=\"lazy\" class=\"size-full wp-image-115108\" alt=\"Taylor Momsen\" src=\"https:\/\/i0.wp.com\/www.agrund.com\/wp-content\/uploads\/sites\/6\/2014\/10\/tmomsen.jpg?resize=500%2C551\" width=\"500\" height=\"551\" srcset=\"https:\/\/i0.wp.com\/agrund.com\/wp-content\/uploads\/sites\/6\/2014\/10\/tmomsen.jpg?w=500&amp;ssl=1 500w, https:\/\/i0.wp.com\/agrund.com\/wp-content\/uploads\/sites\/6\/2014\/10\/tmomsen.jpg?resize=272%2C300&amp;ssl=1 272w\" sizes=\"(max-width: 500px) 100vw, 500px\" data-recalc-dims=\"1\" \/><\/a><p id=\"caption-attachment-115108\" class=\"wp-caption-text\">Taylor Momsen<\/p><\/div>\n<p>&nbsp;<\/p>\n<p>E a\u00ed, vai aderir? Veja mais novidades de moda e beleza l\u00e1 no <a href=\"http:\/\/www.modanaesquina.com.br\" target=\"_blank\">Moda na Esquina<\/a>!<\/p>\n","protected":false},"excerpt":{"rendered":"<p>Por Anna Lee, de Los Angeles H\u00e1 algum tempo, quando o assunto dizia respeito \u00e0s maquiagens de inverno, a unanimidade eram os l\u00e1bios escuros. E eles continuam com tudo entre as celebridades, especialmente os tons vermelhos em vers\u00f5es amarronzadas ou arroxeadas. Lorde e Rihanna j\u00e1 entraram nessa onda! &nbsp; A regra para apostar nos batons [&hellip;]<\/p>\n","protected":false},"author":8,"featured_media":115102,"comment_status":"open","ping_status":"open","sticky":false,"template":"","format":"standard","meta":{"jetpack_post_was_ever_published":false,"_jetpack_newsletter_access":"","jetpack_publicize_message":"Anna Lee adianta a tend\u00eancia do momento entre as famosas de Los Angeles: o batom vermelho escuro! Anote as dicas para entrar nessa: http:\/\/wp.me\/p3Hz0n-tWt","jetpack_is_tweetstorm":false,"jetpack_publicize_feature_enabled":true,"jetpack_social_post_already_shared":true,"jetpack_social_options":{"image_generator_settings":{"template":"highway","enabled":false}}},"categories":[2],"tags":[],"jetpack_publicize_connections":[],"jetpack_featured_media_url":"https:\/\/i0.wp.com\/agrund.com\/wp-content\/uploads\/sites\/6\/2014\/10\/slidebeleza.jpg?fit=960%2C300&ssl=1","jetpack_sharing_enabled":true,"jetpack_shortlink":"https:\/\/wp.me\/p3Hz0n-tWt","jetpack_likes_enabled":true,"_links":{"self":[{"href":"https:\/\/agrund.com\/index.php\/wp-json\/wp\/v2\/posts\/115101"}],"collection":[{"href":"https:\/\/agrund.com\/index.php\/wp-json\/wp\/v2\/posts"}],"about":[{"href":"https:\/\/agrund.com\/index.php\/wp-json\/wp\/v2\/types\/post"}],"author":[{"embeddable":true,"href":"https:\/\/agrund.com\/index.php\/wp-json\/wp\/v2\/users\/8"}],"replies":[{"embeddable":true,"href":"https:\/\/agrund.com\/index.php\/wp-json\/wp\/v2\/comments?post=115101"}],"version-history":[{"count":0,"href":"https:\/\/agrund.com\/index.php\/wp-json\/wp\/v2\/posts\/115101\/revisions"}],"wp:featuredmedia":[{"embeddable":true,"href":"https:\/\/agrund.com\/index.php\/wp-json\/wp\/v2\/media\/115102"}],"wp:attachment":[{"href":"https:\/\/agrund.com\/index.php\/wp-json\/wp\/v2\/media?parent=115101"}],"wp:term":[{"taxonomy":"category","embeddable":true,"href":"https:\/\/agrund.com\/index.php\/wp-json\/wp\/v2\/categories?post=115101"},{"taxonomy":"post_tag","embeddable":true,"href":"https:\/\/agrund.com\/index.php\/wp-json\/wp\/v2\/tags?post=115101"}],"curies":[{"name":"wp","href":"https:\/\/api.w.org\/{rel}","templated":true}]}}