{"id":115036,"date":"2014-10-09T20:00:57","date_gmt":"2014-10-09T23:00:57","guid":{"rendered":"http:\/\/www.agrund.com\/?p=115036"},"modified":"2014-10-09T19:52:34","modified_gmt":"2014-10-09T22:52:34","slug":"celebridades-daniel-radcliffe-conta-o-que-suas-fas-nao-devem-fazer","status":"publish","type":"post","link":"https:\/\/agrund.com\/index.php\/celebridades-daniel-radcliffe-conta-o-que-suas-fas-nao-devem-fazer\/","title":{"rendered":"Celebridades :: Daniel Radcliffe conta o que suas f\u00e3s n\u00e3o devem fazer"},"content":{"rendered":"<p>N\u00e3o conseguir segurar as l\u00e1grimas ao encontrar o \u00eddolo \u00e9 algo natural. Mas parece que Daniel Radcliffe n\u00e3o gosta nem um pouco disso: o ator admitiu que fica desconfort\u00e1vel quando suas f\u00e3s come\u00e7am a chorar e que, mesmo h\u00e1 muitos anos no estrelato, ele ainda n\u00e3o sabe o que fazer para consol\u00e1-las.<\/p>\n<p>Em entrevista \u00e0 revista &#8220;As If&#8221; ele disse: &#8220;O pior \u00e9 quando as pessoas choram. \u00c9 uma sensa\u00e7\u00e3o horr\u00edvel, especialmente quando elas s\u00e3o meninas e t\u00eam uns 13 ou 14 anos de idade. Eu me sinto horr\u00edvel. Elas ficam chorando sem controle e at\u00e9 agora n\u00e3o sei lidar com isso&#8221;. Ent\u00e3o j\u00e1 sabem: segurem o choro se encontrarem Daniel por a\u00ed!<\/p>\n<div id=\"attachment_115037\" style=\"width: 510px\" class=\"wp-caption aligncenter\"><a href=\"https:\/\/i0.wp.com\/www.agrund.com\/wp-content\/uploads\/sites\/6\/2014\/10\/Daniel-Radcliffe-Danielle-Levitt-Photoshoot-4.jpg\"><img aria-describedby=\"caption-attachment-115037\" data-attachment-id=\"115037\" data-permalink=\"https:\/\/agrund.com\/index.php\/celebridades-daniel-radcliffe-conta-o-que-suas-fas-nao-devem-fazer\/daniel-radcliffe-danielle-levitt-photoshoot-4\/\" data-orig-file=\"https:\/\/i0.wp.com\/agrund.com\/wp-content\/uploads\/sites\/6\/2014\/10\/Daniel-Radcliffe-Danielle-Levitt-Photoshoot-4.jpg?fit=500%2C750&amp;ssl=1\" data-orig-size=\"500,750\" data-comments-opened=\"1\" data-image-meta=\"{&quot;aperture&quot;:&quot;10&quot;,&quot;credit&quot;:&quot;&quot;,&quot;camera&quot;:&quot;Canon EOS-1Ds Mark III&quot;,&quot;caption&quot;:&quot;&quot;,&quot;created_timestamp&quot;:&quot;1323101909&quot;,&quot;copyright&quot;:&quot;&quot;,&quot;focal_length&quot;:&quot;100&quot;,&quot;iso&quot;:&quot;100&quot;,&quot;shutter_speed&quot;:&quot;0.00625&quot;,&quot;title&quot;:&quot;&quot;,&quot;orientation&quot;:&quot;1&quot;}\" data-image-title=\"Daniel-Radcliffe-Danielle-Levitt-Photoshoot-4\" data-image-description=\"\" data-image-caption=\"&lt;p&gt;Celebridades :: Daniel Radcliffe conta o que suas f\u00e3s n\u00e3o devem fazer  &lt;\/p&gt;\n\" data-medium-file=\"https:\/\/i0.wp.com\/agrund.com\/wp-content\/uploads\/sites\/6\/2014\/10\/Daniel-Radcliffe-Danielle-Levitt-Photoshoot-4.jpg?fit=200%2C300&amp;ssl=1\" data-large-file=\"https:\/\/i0.wp.com\/agrund.com\/wp-content\/uploads\/sites\/6\/2014\/10\/Daniel-Radcliffe-Danielle-Levitt-Photoshoot-4.jpg?fit=500%2C750&amp;ssl=1\" decoding=\"async\" loading=\"lazy\" class=\"size-full wp-image-115037\" alt=\"Celebridades :: Daniel Radcliffe conta o que suas f\u00e3s n\u00e3o devem fazer  \" src=\"https:\/\/i0.wp.com\/www.agrund.com\/wp-content\/uploads\/sites\/6\/2014\/10\/Daniel-Radcliffe-Danielle-Levitt-Photoshoot-4.jpg?resize=500%2C750\" width=\"500\" height=\"750\" srcset=\"https:\/\/i0.wp.com\/agrund.com\/wp-content\/uploads\/sites\/6\/2014\/10\/Daniel-Radcliffe-Danielle-Levitt-Photoshoot-4.jpg?w=500&amp;ssl=1 500w, https:\/\/i0.wp.com\/agrund.com\/wp-content\/uploads\/sites\/6\/2014\/10\/Daniel-Radcliffe-Danielle-Levitt-Photoshoot-4.jpg?resize=200%2C300&amp;ssl=1 200w\" sizes=\"(max-width: 500px) 100vw, 500px\" data-recalc-dims=\"1\" \/><\/a><p id=\"caption-attachment-115037\" class=\"wp-caption-text\">Celebridades :: Daniel Radcliffe conta o que suas f\u00e3s n\u00e3o devem fazer<\/p><\/div>\n<p>&nbsp;<\/p>\n<p>Imagem: Reprodu\u00e7\u00e3o.<\/p>\n","protected":false},"excerpt":{"rendered":"<p>N\u00e3o conseguir segurar as l\u00e1grimas ao encontrar o \u00eddolo \u00e9 algo natural. Mas parece que Daniel Radcliffe n\u00e3o gosta nem um pouco disso: o ator admitiu que fica desconfort\u00e1vel quando suas f\u00e3s come\u00e7am a chorar e que, mesmo h\u00e1 muitos anos no estrelato, ele ainda n\u00e3o sabe o que fazer para consol\u00e1-las. Em entrevista \u00e0 [&hellip;]<\/p>\n","protected":false},"author":8,"featured_media":115038,"comment_status":"open","ping_status":"open","sticky":false,"template":"","format":"standard","meta":{"jetpack_post_was_ever_published":false,"_jetpack_newsletter_access":"","jetpack_publicize_message":"\u00c9 f\u00e3 do Daniel Radcliffe? Ent\u00e3o essa \u00e9 pra voc\u00ea: o ator conta quais as atitudes das garotas tiram a chance de se aproximar dele!\r\n http:\/\/wp.me\/p3Hz0n-tVq","jetpack_is_tweetstorm":false,"jetpack_publicize_feature_enabled":true,"jetpack_social_post_already_shared":true,"jetpack_social_options":{"image_generator_settings":{"template":"highway","enabled":false}}},"categories":[2],"tags":[],"jetpack_publicize_connections":[],"jetpack_featured_media_url":"https:\/\/i0.wp.com\/agrund.com\/wp-content\/uploads\/sites\/6\/2014\/10\/slidelooks2.jpg?fit=960%2C300&ssl=1","jetpack_sharing_enabled":true,"jetpack_shortlink":"https:\/\/wp.me\/p3Hz0n-tVq","jetpack_likes_enabled":true,"_links":{"self":[{"href":"https:\/\/agrund.com\/index.php\/wp-json\/wp\/v2\/posts\/115036"}],"collection":[{"href":"https:\/\/agrund.com\/index.php\/wp-json\/wp\/v2\/posts"}],"about":[{"href":"https:\/\/agrund.com\/index.php\/wp-json\/wp\/v2\/types\/post"}],"author":[{"embeddable":true,"href":"https:\/\/agrund.com\/index.php\/wp-json\/wp\/v2\/users\/8"}],"replies":[{"embeddable":true,"href":"https:\/\/agrund.com\/index.php\/wp-json\/wp\/v2\/comments?post=115036"}],"version-history":[{"count":0,"href":"https:\/\/agrund.com\/index.php\/wp-json\/wp\/v2\/posts\/115036\/revisions"}],"wp:featuredmedia":[{"embeddable":true,"href":"https:\/\/agrund.com\/index.php\/wp-json\/wp\/v2\/media\/115038"}],"wp:attachment":[{"href":"https:\/\/agrund.com\/index.php\/wp-json\/wp\/v2\/media?parent=115036"}],"wp:term":[{"taxonomy":"category","embeddable":true,"href":"https:\/\/agrund.com\/index.php\/wp-json\/wp\/v2\/categories?post=115036"},{"taxonomy":"post_tag","embeddable":true,"href":"https:\/\/agrund.com\/index.php\/wp-json\/wp\/v2\/tags?post=115036"}],"curies":[{"name":"wp","href":"https:\/\/api.w.org\/{rel}","templated":true}]}}