{"id":114903,"date":"2014-10-08T21:31:24","date_gmt":"2014-10-09T00:31:24","guid":{"rendered":"http:\/\/www.agrund.com\/?p=114903"},"modified":"2014-10-08T22:39:23","modified_gmt":"2014-10-09T01:39:23","slug":"minas-trend-alexandre-herchcovicth-outono-inverno-2015","status":"publish","type":"post","link":"https:\/\/agrund.com\/index.php\/minas-trend-alexandre-herchcovicth-outono-inverno-2015\/","title":{"rendered":"Minas Trend :: Alexandre Herchcovicth outono-inverno 2015"},"content":{"rendered":"<p>Alexandre Herchcovitch decidiu exibir um preview do outono-inverno 2015 da sua marca hom\u00f4nima em um dos stands do Minas Trend. Mas parece que o estilista n\u00e3o ficou contente s\u00f3 com isso e armou um desfile dentro da programa\u00e7\u00e3o do evento para exibir o que est\u00e1 sendo comercializado pela grife na feira. Ao mesmo tempo a apresenta\u00e7\u00e3o serviu para mostrar um segmento do que Alexandre est\u00e1 criando para a pr\u00f3xima temporada: &#8220;as pessoas n\u00e3o ver\u00e3o nada igual no SP Fashion Week, em tese ambas as cole\u00e7\u00f5es se complementam em um s\u00f3 outono-inverno 2015 da Alexandre Herchcovitch&#8221;, explicou a assessoria da marca no backstage em BH.<\/p>\n<p>E na passarela entrou em cena uma pluralidade de refer\u00eancias para a esta\u00e7\u00e3o que se convergem na habilidade do estilista em unir moda real e comercial com desejo. Desde l\u00e3 at\u00e9 mat\u00e9rias-primas mais leves, os tecidos d\u00e3o vida a padr\u00f5es geom\u00e9tricos em jaquetas e transpar\u00eancias evidenciando a imagem de uma mulher feminina, forte e&#8230; moderna (!), caracter\u00edstica que abre espa\u00e7o para jaquetas e casacos com alma esportiva combinados com cal\u00e7as em alfaiataria curtas em modelagens afastadas do corpo. Para terminar, os homens tamb\u00e9m entram nesse jogo descolado e ganham su\u00e9teres com bolinhas, casac\u00f5es e cal\u00e7as &#8220;na medida&#8221; daquelas que saem da passarela direto para as lojas.<\/p>\n<div id=\"attachment_114904\" style=\"width: 510px\" class=\"wp-caption aligncenter\"><a href=\"https:\/\/i0.wp.com\/www.agrund.com\/wp-content\/uploads\/sites\/6\/2014\/10\/herch_i15_0002.jpg\"><img aria-describedby=\"caption-attachment-114904\" data-attachment-id=\"114904\" data-permalink=\"https:\/\/agrund.com\/index.php\/minas-trend-alexandre-herchcovicth-outono-inverno-2015\/herch_i15_0002\/\" data-orig-file=\"https:\/\/i0.wp.com\/agrund.com\/wp-content\/uploads\/sites\/6\/2014\/10\/herch_i15_0002.jpg?fit=500%2C751&amp;ssl=1\" data-orig-size=\"500,751\" data-comments-opened=\"1\" data-image-meta=\"{&quot;aperture&quot;:&quot;5.6&quot;,&quot;credit&quot;:&quot;&quot;,&quot;camera&quot;:&quot;NIKON D4&quot;,&quot;caption&quot;:&quot;&quot;,&quot;created_timestamp&quot;:&quot;1412796275&quot;,&quot;copyright&quot;:&quot;&quot;,&quot;focal_length&quot;:&quot;250&quot;,&quot;iso&quot;:&quot;2000&quot;,&quot;shutter_speed&quot;:&quot;0.0025&quot;,&quot;title&quot;:&quot;&quot;,&quot;orientation&quot;:&quot;0&quot;}\" data-image-title=\"herch_i15_0002\" data-image-description=\"\" data-image-caption=\"&lt;p&gt;Minas Trend :: Alexandre Herchcovicth outono-inverno 2015 &lt;\/p&gt;\n\" data-medium-file=\"https:\/\/i0.wp.com\/agrund.com\/wp-content\/uploads\/sites\/6\/2014\/10\/herch_i15_0002.jpg?fit=200%2C300&amp;ssl=1\" data-large-file=\"https:\/\/i0.wp.com\/agrund.com\/wp-content\/uploads\/sites\/6\/2014\/10\/herch_i15_0002.jpg?fit=500%2C751&amp;ssl=1\" decoding=\"async\" loading=\"lazy\" class=\"size-full wp-image-114904\" alt=\"Minas Trend :: Alexandre Herchcovicth outono-inverno 2015 \" src=\"https:\/\/i0.wp.com\/www.agrund.com\/wp-content\/uploads\/sites\/6\/2014\/10\/herch_i15_0002.jpg?resize=500%2C751\" width=\"500\" height=\"751\" srcset=\"https:\/\/i0.wp.com\/agrund.com\/wp-content\/uploads\/sites\/6\/2014\/10\/herch_i15_0002.jpg?w=500&amp;ssl=1 500w, https:\/\/i0.wp.com\/agrund.com\/wp-content\/uploads\/sites\/6\/2014\/10\/herch_i15_0002.jpg?resize=200%2C300&amp;ssl=1 200w\" sizes=\"(max-width: 500px) 100vw, 500px\" data-recalc-dims=\"1\" \/><\/a><p id=\"caption-attachment-114904\" class=\"wp-caption-text\">Minas Trend :: Alexandre Herchcovicth outono-inverno 2015<\/p><\/div>\n<div id=\"attachment_114906\" style=\"width: 510px\" class=\"wp-caption aligncenter\"><a href=\"https:\/\/i0.wp.com\/www.agrund.com\/wp-content\/uploads\/sites\/6\/2014\/10\/herch_i15_0006.jpg\"><img aria-describedby=\"caption-attachment-114906\" data-attachment-id=\"114906\" data-permalink=\"https:\/\/agrund.com\/index.php\/minas-trend-alexandre-herchcovicth-outono-inverno-2015\/herch_i15_0006\/\" data-orig-file=\"https:\/\/i0.wp.com\/agrund.com\/wp-content\/uploads\/sites\/6\/2014\/10\/herch_i15_0006.jpg?fit=500%2C751&amp;ssl=1\" data-orig-size=\"500,751\" data-comments-opened=\"1\" data-image-meta=\"{&quot;aperture&quot;:&quot;5.6&quot;,&quot;credit&quot;:&quot;&quot;,&quot;camera&quot;:&quot;NIKON D4&quot;,&quot;caption&quot;:&quot;&quot;,&quot;created_timestamp&quot;:&quot;1412796288&quot;,&quot;copyright&quot;:&quot;&quot;,&quot;focal_length&quot;:&quot;310&quot;,&quot;iso&quot;:&quot;2000&quot;,&quot;shutter_speed&quot;:&quot;0.0025&quot;,&quot;title&quot;:&quot;&quot;,&quot;orientation&quot;:&quot;0&quot;}\" data-image-title=\"herch_i15_0006\" data-image-description=\"\" data-image-caption=\"&lt;p&gt;Minas Trend :: Alexandre Herchcovicth outono-inverno 2015 &lt;\/p&gt;\n\" data-medium-file=\"https:\/\/i0.wp.com\/agrund.com\/wp-content\/uploads\/sites\/6\/2014\/10\/herch_i15_0006.jpg?fit=200%2C300&amp;ssl=1\" data-large-file=\"https:\/\/i0.wp.com\/agrund.com\/wp-content\/uploads\/sites\/6\/2014\/10\/herch_i15_0006.jpg?fit=500%2C751&amp;ssl=1\" decoding=\"async\" loading=\"lazy\" class=\"size-full wp-image-114906\" alt=\"Minas Trend :: Alexandre Herchcovicth outono-inverno 2015 \" src=\"https:\/\/i0.wp.com\/www.agrund.com\/wp-content\/uploads\/sites\/6\/2014\/10\/herch_i15_0006.jpg?resize=500%2C751\" width=\"500\" height=\"751\" srcset=\"https:\/\/i0.wp.com\/agrund.com\/wp-content\/uploads\/sites\/6\/2014\/10\/herch_i15_0006.jpg?w=500&amp;ssl=1 500w, https:\/\/i0.wp.com\/agrund.com\/wp-content\/uploads\/sites\/6\/2014\/10\/herch_i15_0006.jpg?resize=200%2C300&amp;ssl=1 200w\" sizes=\"(max-width: 500px) 100vw, 500px\" data-recalc-dims=\"1\" \/><\/a><p id=\"caption-attachment-114906\" class=\"wp-caption-text\">Minas Trend :: Alexandre Herchcovicth outono-inverno 2015<\/p><\/div>\n<div id=\"attachment_114907\" style=\"width: 510px\" class=\"wp-caption aligncenter\"><a href=\"https:\/\/i0.wp.com\/www.agrund.com\/wp-content\/uploads\/sites\/6\/2014\/10\/herch_i15_0010.jpg\"><img aria-describedby=\"caption-attachment-114907\" data-attachment-id=\"114907\" data-permalink=\"https:\/\/agrund.com\/index.php\/minas-trend-alexandre-herchcovicth-outono-inverno-2015\/herch_i15_0010\/\" data-orig-file=\"https:\/\/i0.wp.com\/agrund.com\/wp-content\/uploads\/sites\/6\/2014\/10\/herch_i15_0010.jpg?fit=500%2C751&amp;ssl=1\" data-orig-size=\"500,751\" data-comments-opened=\"1\" data-image-meta=\"{&quot;aperture&quot;:&quot;5.6&quot;,&quot;credit&quot;:&quot;&quot;,&quot;camera&quot;:&quot;NIKON D4&quot;,&quot;caption&quot;:&quot;&quot;,&quot;created_timestamp&quot;:&quot;1412796300&quot;,&quot;copyright&quot;:&quot;&quot;,&quot;focal_length&quot;:&quot;320&quot;,&quot;iso&quot;:&quot;2000&quot;,&quot;shutter_speed&quot;:&quot;0.0025&quot;,&quot;title&quot;:&quot;&quot;,&quot;orientation&quot;:&quot;0&quot;}\" data-image-title=\"herch_i15_0010\" data-image-description=\"\" data-image-caption=\"&lt;p&gt;Minas Trend :: Alexandre Herchcovicth outono-inverno 2015 &lt;\/p&gt;\n\" data-medium-file=\"https:\/\/i0.wp.com\/agrund.com\/wp-content\/uploads\/sites\/6\/2014\/10\/herch_i15_0010.jpg?fit=200%2C300&amp;ssl=1\" data-large-file=\"https:\/\/i0.wp.com\/agrund.com\/wp-content\/uploads\/sites\/6\/2014\/10\/herch_i15_0010.jpg?fit=500%2C751&amp;ssl=1\" decoding=\"async\" loading=\"lazy\" class=\"size-full wp-image-114907\" alt=\"Minas Trend :: Alexandre Herchcovicth outono-inverno 2015 \" src=\"https:\/\/i0.wp.com\/www.agrund.com\/wp-content\/uploads\/sites\/6\/2014\/10\/herch_i15_0010.jpg?resize=500%2C751\" width=\"500\" height=\"751\" srcset=\"https:\/\/i0.wp.com\/agrund.com\/wp-content\/uploads\/sites\/6\/2014\/10\/herch_i15_0010.jpg?w=500&amp;ssl=1 500w, https:\/\/i0.wp.com\/agrund.com\/wp-content\/uploads\/sites\/6\/2014\/10\/herch_i15_0010.jpg?resize=200%2C300&amp;ssl=1 200w\" sizes=\"(max-width: 500px) 100vw, 500px\" data-recalc-dims=\"1\" \/><\/a><p id=\"caption-attachment-114907\" class=\"wp-caption-text\">Minas Trend :: Alexandre Herchcovicth outono-inverno 2015<\/p><\/div>\n<div id=\"attachment_114908\" style=\"width: 510px\" class=\"wp-caption aligncenter\"><a href=\"https:\/\/i0.wp.com\/www.agrund.com\/wp-content\/uploads\/sites\/6\/2014\/10\/herch_i15_0014.jpg\"><img aria-describedby=\"caption-attachment-114908\" data-attachment-id=\"114908\" data-permalink=\"https:\/\/agrund.com\/index.php\/minas-trend-alexandre-herchcovicth-outono-inverno-2015\/herch_i15_0014\/\" data-orig-file=\"https:\/\/i0.wp.com\/agrund.com\/wp-content\/uploads\/sites\/6\/2014\/10\/herch_i15_0014.jpg?fit=500%2C751&amp;ssl=1\" data-orig-size=\"500,751\" data-comments-opened=\"1\" data-image-meta=\"{&quot;aperture&quot;:&quot;5.6&quot;,&quot;credit&quot;:&quot;&quot;,&quot;camera&quot;:&quot;NIKON D4&quot;,&quot;caption&quot;:&quot;&quot;,&quot;created_timestamp&quot;:&quot;1412796315&quot;,&quot;copyright&quot;:&quot;&quot;,&quot;focal_length&quot;:&quot;250&quot;,&quot;iso&quot;:&quot;2000&quot;,&quot;shutter_speed&quot;:&quot;0.0025&quot;,&quot;title&quot;:&quot;&quot;,&quot;orientation&quot;:&quot;0&quot;}\" data-image-title=\"herch_i15_0014\" data-image-description=\"\" data-image-caption=\"&lt;p&gt;Minas Trend :: Alexandre Herchcovicth outono-inverno 2015 &lt;\/p&gt;\n\" data-medium-file=\"https:\/\/i0.wp.com\/agrund.com\/wp-content\/uploads\/sites\/6\/2014\/10\/herch_i15_0014.jpg?fit=200%2C300&amp;ssl=1\" data-large-file=\"https:\/\/i0.wp.com\/agrund.com\/wp-content\/uploads\/sites\/6\/2014\/10\/herch_i15_0014.jpg?fit=500%2C751&amp;ssl=1\" decoding=\"async\" loading=\"lazy\" class=\"size-full wp-image-114908\" alt=\"Minas Trend :: Alexandre Herchcovicth outono-inverno 2015 \" src=\"https:\/\/i0.wp.com\/www.agrund.com\/wp-content\/uploads\/sites\/6\/2014\/10\/herch_i15_0014.jpg?resize=500%2C751\" width=\"500\" height=\"751\" srcset=\"https:\/\/i0.wp.com\/agrund.com\/wp-content\/uploads\/sites\/6\/2014\/10\/herch_i15_0014.jpg?w=500&amp;ssl=1 500w, https:\/\/i0.wp.com\/agrund.com\/wp-content\/uploads\/sites\/6\/2014\/10\/herch_i15_0014.jpg?resize=200%2C300&amp;ssl=1 200w\" sizes=\"(max-width: 500px) 100vw, 500px\" data-recalc-dims=\"1\" \/><\/a><p id=\"caption-attachment-114908\" class=\"wp-caption-text\">Minas Trend :: Alexandre Herchcovicth outono-inverno 2015<\/p><\/div>\n<div id=\"attachment_114909\" style=\"width: 510px\" class=\"wp-caption aligncenter\"><a href=\"https:\/\/i0.wp.com\/www.agrund.com\/wp-content\/uploads\/sites\/6\/2014\/10\/herch_i15_0022.jpg\"><img aria-describedby=\"caption-attachment-114909\" data-attachment-id=\"114909\" data-permalink=\"https:\/\/agrund.com\/index.php\/minas-trend-alexandre-herchcovicth-outono-inverno-2015\/herch_i15_0022\/\" data-orig-file=\"https:\/\/i0.wp.com\/agrund.com\/wp-content\/uploads\/sites\/6\/2014\/10\/herch_i15_0022.jpg?fit=500%2C751&amp;ssl=1\" data-orig-size=\"500,751\" data-comments-opened=\"1\" data-image-meta=\"{&quot;aperture&quot;:&quot;5.6&quot;,&quot;credit&quot;:&quot;&quot;,&quot;camera&quot;:&quot;NIKON D4&quot;,&quot;caption&quot;:&quot;&quot;,&quot;created_timestamp&quot;:&quot;1412796340&quot;,&quot;copyright&quot;:&quot;&quot;,&quot;focal_length&quot;:&quot;330&quot;,&quot;iso&quot;:&quot;2000&quot;,&quot;shutter_speed&quot;:&quot;0.002&quot;,&quot;title&quot;:&quot;&quot;,&quot;orientation&quot;:&quot;0&quot;}\" data-image-title=\"herch_i15_0022\" data-image-description=\"\" data-image-caption=\"&lt;p&gt;Minas Trend :: Alexandre Herchcovicth outono-inverno 2015 &lt;\/p&gt;\n\" data-medium-file=\"https:\/\/i0.wp.com\/agrund.com\/wp-content\/uploads\/sites\/6\/2014\/10\/herch_i15_0022.jpg?fit=200%2C300&amp;ssl=1\" data-large-file=\"https:\/\/i0.wp.com\/agrund.com\/wp-content\/uploads\/sites\/6\/2014\/10\/herch_i15_0022.jpg?fit=500%2C751&amp;ssl=1\" decoding=\"async\" loading=\"lazy\" class=\"size-full wp-image-114909\" alt=\"Minas Trend :: Alexandre Herchcovicth outono-inverno 2015 \" src=\"https:\/\/i0.wp.com\/www.agrund.com\/wp-content\/uploads\/sites\/6\/2014\/10\/herch_i15_0022.jpg?resize=500%2C751\" width=\"500\" height=\"751\" srcset=\"https:\/\/i0.wp.com\/agrund.com\/wp-content\/uploads\/sites\/6\/2014\/10\/herch_i15_0022.jpg?w=500&amp;ssl=1 500w, https:\/\/i0.wp.com\/agrund.com\/wp-content\/uploads\/sites\/6\/2014\/10\/herch_i15_0022.jpg?resize=200%2C300&amp;ssl=1 200w\" sizes=\"(max-width: 500px) 100vw, 500px\" data-recalc-dims=\"1\" \/><\/a><p id=\"caption-attachment-114909\" class=\"wp-caption-text\">Minas Trend :: Alexandre Herchcovicth outono-inverno 2015<\/p><\/div>\n<div id=\"attachment_114910\" style=\"width: 510px\" class=\"wp-caption aligncenter\"><a href=\"https:\/\/i0.wp.com\/www.agrund.com\/wp-content\/uploads\/sites\/6\/2014\/10\/herch_i15_0026.jpg\"><img aria-describedby=\"caption-attachment-114910\" data-attachment-id=\"114910\" data-permalink=\"https:\/\/agrund.com\/index.php\/minas-trend-alexandre-herchcovicth-outono-inverno-2015\/herch_i15_0026\/\" data-orig-file=\"https:\/\/i0.wp.com\/agrund.com\/wp-content\/uploads\/sites\/6\/2014\/10\/herch_i15_0026.jpg?fit=500%2C751&amp;ssl=1\" data-orig-size=\"500,751\" data-comments-opened=\"1\" data-image-meta=\"{&quot;aperture&quot;:&quot;5.6&quot;,&quot;credit&quot;:&quot;&quot;,&quot;camera&quot;:&quot;NIKON D4&quot;,&quot;caption&quot;:&quot;&quot;,&quot;created_timestamp&quot;:&quot;1412796352&quot;,&quot;copyright&quot;:&quot;&quot;,&quot;focal_length&quot;:&quot;240&quot;,&quot;iso&quot;:&quot;2000&quot;,&quot;shutter_speed&quot;:&quot;0.002&quot;,&quot;title&quot;:&quot;&quot;,&quot;orientation&quot;:&quot;0&quot;}\" data-image-title=\"herch_i15_0026\" data-image-description=\"\" data-image-caption=\"&lt;p&gt;Minas Trend :: Alexandre Herchcovicth outono-inverno 2015 &lt;\/p&gt;\n\" data-medium-file=\"https:\/\/i0.wp.com\/agrund.com\/wp-content\/uploads\/sites\/6\/2014\/10\/herch_i15_0026.jpg?fit=200%2C300&amp;ssl=1\" data-large-file=\"https:\/\/i0.wp.com\/agrund.com\/wp-content\/uploads\/sites\/6\/2014\/10\/herch_i15_0026.jpg?fit=500%2C751&amp;ssl=1\" decoding=\"async\" loading=\"lazy\" class=\"size-full wp-image-114910\" alt=\"Minas Trend :: Alexandre Herchcovicth outono-inverno 2015 \" src=\"https:\/\/i0.wp.com\/www.agrund.com\/wp-content\/uploads\/sites\/6\/2014\/10\/herch_i15_0026.jpg?resize=500%2C751\" width=\"500\" height=\"751\" srcset=\"https:\/\/i0.wp.com\/agrund.com\/wp-content\/uploads\/sites\/6\/2014\/10\/herch_i15_0026.jpg?w=500&amp;ssl=1 500w, https:\/\/i0.wp.com\/agrund.com\/wp-content\/uploads\/sites\/6\/2014\/10\/herch_i15_0026.jpg?resize=200%2C300&amp;ssl=1 200w\" sizes=\"(max-width: 500px) 100vw, 500px\" data-recalc-dims=\"1\" \/><\/a><p id=\"caption-attachment-114910\" class=\"wp-caption-text\">Minas Trend :: Alexandre Herchcovicth outono-inverno 2015<\/p><\/div>\n<div id=\"attachment_114911\" style=\"width: 510px\" class=\"wp-caption aligncenter\"><a href=\"https:\/\/i0.wp.com\/www.agrund.com\/wp-content\/uploads\/sites\/6\/2014\/10\/herch_i15_0030.jpg\"><img aria-describedby=\"caption-attachment-114911\" data-attachment-id=\"114911\" data-permalink=\"https:\/\/agrund.com\/index.php\/minas-trend-alexandre-herchcovicth-outono-inverno-2015\/herch_i15_0030\/\" data-orig-file=\"https:\/\/i0.wp.com\/agrund.com\/wp-content\/uploads\/sites\/6\/2014\/10\/herch_i15_0030.jpg?fit=500%2C751&amp;ssl=1\" data-orig-size=\"500,751\" data-comments-opened=\"1\" data-image-meta=\"{&quot;aperture&quot;:&quot;5.6&quot;,&quot;credit&quot;:&quot;&quot;,&quot;camera&quot;:&quot;NIKON D4&quot;,&quot;caption&quot;:&quot;&quot;,&quot;created_timestamp&quot;:&quot;1412796365&quot;,&quot;copyright&quot;:&quot;&quot;,&quot;focal_length&quot;:&quot;230&quot;,&quot;iso&quot;:&quot;2000&quot;,&quot;shutter_speed&quot;:&quot;0.002&quot;,&quot;title&quot;:&quot;&quot;,&quot;orientation&quot;:&quot;0&quot;}\" data-image-title=\"herch_i15_0030\" data-image-description=\"\" data-image-caption=\"&lt;p&gt;Minas Trend :: Alexandre Herchcovicth outono-inverno 2015 &lt;\/p&gt;\n\" data-medium-file=\"https:\/\/i0.wp.com\/agrund.com\/wp-content\/uploads\/sites\/6\/2014\/10\/herch_i15_0030.jpg?fit=200%2C300&amp;ssl=1\" data-large-file=\"https:\/\/i0.wp.com\/agrund.com\/wp-content\/uploads\/sites\/6\/2014\/10\/herch_i15_0030.jpg?fit=500%2C751&amp;ssl=1\" decoding=\"async\" loading=\"lazy\" class=\"size-full wp-image-114911\" alt=\"Minas Trend :: Alexandre Herchcovicth outono-inverno 2015 \" src=\"https:\/\/i0.wp.com\/www.agrund.com\/wp-content\/uploads\/sites\/6\/2014\/10\/herch_i15_0030.jpg?resize=500%2C751\" width=\"500\" height=\"751\" srcset=\"https:\/\/i0.wp.com\/agrund.com\/wp-content\/uploads\/sites\/6\/2014\/10\/herch_i15_0030.jpg?w=500&amp;ssl=1 500w, https:\/\/i0.wp.com\/agrund.com\/wp-content\/uploads\/sites\/6\/2014\/10\/herch_i15_0030.jpg?resize=200%2C300&amp;ssl=1 200w\" sizes=\"(max-width: 500px) 100vw, 500px\" data-recalc-dims=\"1\" \/><\/a><p id=\"caption-attachment-114911\" class=\"wp-caption-text\">Minas Trend :: Alexandre Herchcovicth outono-inverno 2015<\/p><\/div>\n<div id=\"attachment_114912\" style=\"width: 510px\" class=\"wp-caption aligncenter\"><a href=\"https:\/\/i0.wp.com\/www.agrund.com\/wp-content\/uploads\/sites\/6\/2014\/10\/herch_i15_0038.jpg\"><img aria-describedby=\"caption-attachment-114912\" data-attachment-id=\"114912\" data-permalink=\"https:\/\/agrund.com\/index.php\/minas-trend-alexandre-herchcovicth-outono-inverno-2015\/herch_i15_0038\/\" data-orig-file=\"https:\/\/i0.wp.com\/agrund.com\/wp-content\/uploads\/sites\/6\/2014\/10\/herch_i15_0038.jpg?fit=500%2C751&amp;ssl=1\" data-orig-size=\"500,751\" data-comments-opened=\"1\" data-image-meta=\"{&quot;aperture&quot;:&quot;5.6&quot;,&quot;credit&quot;:&quot;&quot;,&quot;camera&quot;:&quot;NIKON D4&quot;,&quot;caption&quot;:&quot;&quot;,&quot;created_timestamp&quot;:&quot;1412796390&quot;,&quot;copyright&quot;:&quot;&quot;,&quot;focal_length&quot;:&quot;230&quot;,&quot;iso&quot;:&quot;2000&quot;,&quot;shutter_speed&quot;:&quot;0.002&quot;,&quot;title&quot;:&quot;&quot;,&quot;orientation&quot;:&quot;0&quot;}\" data-image-title=\"herch_i15_0038\" data-image-description=\"\" data-image-caption=\"&lt;p&gt;Minas Trend :: Alexandre Herchcovicth outono-inverno 2015 &lt;\/p&gt;\n\" data-medium-file=\"https:\/\/i0.wp.com\/agrund.com\/wp-content\/uploads\/sites\/6\/2014\/10\/herch_i15_0038.jpg?fit=200%2C300&amp;ssl=1\" data-large-file=\"https:\/\/i0.wp.com\/agrund.com\/wp-content\/uploads\/sites\/6\/2014\/10\/herch_i15_0038.jpg?fit=500%2C751&amp;ssl=1\" decoding=\"async\" loading=\"lazy\" class=\"size-full wp-image-114912\" alt=\"Minas Trend :: Alexandre Herchcovicth outono-inverno 2015 \" src=\"https:\/\/i0.wp.com\/www.agrund.com\/wp-content\/uploads\/sites\/6\/2014\/10\/herch_i15_0038.jpg?resize=500%2C751\" width=\"500\" height=\"751\" srcset=\"https:\/\/i0.wp.com\/agrund.com\/wp-content\/uploads\/sites\/6\/2014\/10\/herch_i15_0038.jpg?w=500&amp;ssl=1 500w, https:\/\/i0.wp.com\/agrund.com\/wp-content\/uploads\/sites\/6\/2014\/10\/herch_i15_0038.jpg?resize=200%2C300&amp;ssl=1 200w\" sizes=\"(max-width: 500px) 100vw, 500px\" data-recalc-dims=\"1\" \/><\/a><p id=\"caption-attachment-114912\" class=\"wp-caption-text\">Minas Trend :: Alexandre Herchcovicth outono-inverno 2015<\/p><\/div>\n<div id=\"attachment_114912\" style=\"width: 510px\" class=\"wp-caption aligncenter\"><a href=\"https:\/\/i0.wp.com\/www.agrund.com\/wp-content\/uploads\/sites\/6\/2014\/10\/herch_i15_0038.jpg\"><img aria-describedby=\"caption-attachment-114912\" data-attachment-id=\"114912\" data-permalink=\"https:\/\/agrund.com\/index.php\/minas-trend-alexandre-herchcovicth-outono-inverno-2015\/herch_i15_0038\/\" data-orig-file=\"https:\/\/i0.wp.com\/agrund.com\/wp-content\/uploads\/sites\/6\/2014\/10\/herch_i15_0038.jpg?fit=500%2C751&amp;ssl=1\" data-orig-size=\"500,751\" data-comments-opened=\"1\" data-image-meta=\"{&quot;aperture&quot;:&quot;5.6&quot;,&quot;credit&quot;:&quot;&quot;,&quot;camera&quot;:&quot;NIKON D4&quot;,&quot;caption&quot;:&quot;&quot;,&quot;created_timestamp&quot;:&quot;1412796390&quot;,&quot;copyright&quot;:&quot;&quot;,&quot;focal_length&quot;:&quot;230&quot;,&quot;iso&quot;:&quot;2000&quot;,&quot;shutter_speed&quot;:&quot;0.002&quot;,&quot;title&quot;:&quot;&quot;,&quot;orientation&quot;:&quot;0&quot;}\" data-image-title=\"herch_i15_0038\" data-image-description=\"\" data-image-caption=\"&lt;p&gt;Minas Trend :: Alexandre Herchcovicth outono-inverno 2015 &lt;\/p&gt;\n\" data-medium-file=\"https:\/\/i0.wp.com\/agrund.com\/wp-content\/uploads\/sites\/6\/2014\/10\/herch_i15_0038.jpg?fit=200%2C300&amp;ssl=1\" data-large-file=\"https:\/\/i0.wp.com\/agrund.com\/wp-content\/uploads\/sites\/6\/2014\/10\/herch_i15_0038.jpg?fit=500%2C751&amp;ssl=1\" decoding=\"async\" loading=\"lazy\" class=\"size-full wp-image-114912\" alt=\"Minas Trend :: Alexandre Herchcovicth outono-inverno 2015 \" src=\"https:\/\/i0.wp.com\/www.agrund.com\/wp-content\/uploads\/sites\/6\/2014\/10\/herch_i15_0038.jpg?resize=500%2C751\" width=\"500\" height=\"751\" srcset=\"https:\/\/i0.wp.com\/agrund.com\/wp-content\/uploads\/sites\/6\/2014\/10\/herch_i15_0038.jpg?w=500&amp;ssl=1 500w, https:\/\/i0.wp.com\/agrund.com\/wp-content\/uploads\/sites\/6\/2014\/10\/herch_i15_0038.jpg?resize=200%2C300&amp;ssl=1 200w\" sizes=\"(max-width: 500px) 100vw, 500px\" data-recalc-dims=\"1\" \/><\/a><p id=\"caption-attachment-114912\" class=\"wp-caption-text\">Minas Trend :: Alexandre Herchcovicth outono-inverno 2015<\/p><\/div>\n<div id=\"attachment_114922\" style=\"width: 510px\" class=\"wp-caption aligncenter\"><a href=\"https:\/\/i0.wp.com\/www.agrund.com\/wp-content\/uploads\/sites\/6\/2014\/10\/herch_i15_0041.jpg\"><img aria-describedby=\"caption-attachment-114922\" data-attachment-id=\"114922\" data-permalink=\"https:\/\/agrund.com\/index.php\/minas-trend-alexandre-herchcovicth-outono-inverno-2015\/herch_i15_0041\/\" data-orig-file=\"https:\/\/i0.wp.com\/agrund.com\/wp-content\/uploads\/sites\/6\/2014\/10\/herch_i15_0041.jpg?fit=500%2C751&amp;ssl=1\" data-orig-size=\"500,751\" data-comments-opened=\"1\" data-image-meta=\"{&quot;aperture&quot;:&quot;5.6&quot;,&quot;credit&quot;:&quot;&quot;,&quot;camera&quot;:&quot;NIKON D4&quot;,&quot;caption&quot;:&quot;&quot;,&quot;created_timestamp&quot;:&quot;1412796403&quot;,&quot;copyright&quot;:&quot;&quot;,&quot;focal_length&quot;:&quot;185&quot;,&quot;iso&quot;:&quot;2000&quot;,&quot;shutter_speed&quot;:&quot;0.002&quot;,&quot;title&quot;:&quot;&quot;,&quot;orientation&quot;:&quot;0&quot;}\" data-image-title=\"herch_i15_0041\" data-image-description=\"\" data-image-caption=\"&lt;p&gt;Minas Trend :: Alexandre Herchcovicth outono-inverno 2015 &lt;\/p&gt;\n\" data-medium-file=\"https:\/\/i0.wp.com\/agrund.com\/wp-content\/uploads\/sites\/6\/2014\/10\/herch_i15_0041.jpg?fit=200%2C300&amp;ssl=1\" data-large-file=\"https:\/\/i0.wp.com\/agrund.com\/wp-content\/uploads\/sites\/6\/2014\/10\/herch_i15_0041.jpg?fit=500%2C751&amp;ssl=1\" decoding=\"async\" loading=\"lazy\" class=\"size-full wp-image-114922\" alt=\"Minas Trend :: Alexandre Herchcovicth outono-inverno 2015 \" src=\"https:\/\/i0.wp.com\/www.agrund.com\/wp-content\/uploads\/sites\/6\/2014\/10\/herch_i15_0041.jpg?resize=500%2C751\" width=\"500\" height=\"751\" srcset=\"https:\/\/i0.wp.com\/agrund.com\/wp-content\/uploads\/sites\/6\/2014\/10\/herch_i15_0041.jpg?w=500&amp;ssl=1 500w, https:\/\/i0.wp.com\/agrund.com\/wp-content\/uploads\/sites\/6\/2014\/10\/herch_i15_0041.jpg?resize=200%2C300&amp;ssl=1 200w\" sizes=\"(max-width: 500px) 100vw, 500px\" data-recalc-dims=\"1\" \/><\/a><p id=\"caption-attachment-114922\" class=\"wp-caption-text\">Minas Trend :: Alexandre Herchcovicth outono-inverno 2015<\/p><\/div>\n<div id=\"attachment_114923\" style=\"width: 510px\" class=\"wp-caption aligncenter\"><a href=\"https:\/\/i0.wp.com\/www.agrund.com\/wp-content\/uploads\/sites\/6\/2014\/10\/herch_i15_0045.jpg\"><img aria-describedby=\"caption-attachment-114923\" data-attachment-id=\"114923\" data-permalink=\"https:\/\/agrund.com\/index.php\/minas-trend-alexandre-herchcovicth-outono-inverno-2015\/herch_i15_0045\/\" data-orig-file=\"https:\/\/i0.wp.com\/agrund.com\/wp-content\/uploads\/sites\/6\/2014\/10\/herch_i15_0045.jpg?fit=500%2C751&amp;ssl=1\" data-orig-size=\"500,751\" data-comments-opened=\"1\" data-image-meta=\"{&quot;aperture&quot;:&quot;5.6&quot;,&quot;credit&quot;:&quot;&quot;,&quot;camera&quot;:&quot;NIKON D4&quot;,&quot;caption&quot;:&quot;&quot;,&quot;created_timestamp&quot;:&quot;1412796413&quot;,&quot;copyright&quot;:&quot;&quot;,&quot;focal_length&quot;:&quot;240&quot;,&quot;iso&quot;:&quot;2000&quot;,&quot;shutter_speed&quot;:&quot;0.002&quot;,&quot;title&quot;:&quot;&quot;,&quot;orientation&quot;:&quot;0&quot;}\" data-image-title=\"herch_i15_0045\" data-image-description=\"\" data-image-caption=\"&lt;p&gt;Minas Trend :: Alexandre Herchcovicth outono-inverno 2015 &lt;\/p&gt;\n\" data-medium-file=\"https:\/\/i0.wp.com\/agrund.com\/wp-content\/uploads\/sites\/6\/2014\/10\/herch_i15_0045.jpg?fit=200%2C300&amp;ssl=1\" data-large-file=\"https:\/\/i0.wp.com\/agrund.com\/wp-content\/uploads\/sites\/6\/2014\/10\/herch_i15_0045.jpg?fit=500%2C751&amp;ssl=1\" decoding=\"async\" loading=\"lazy\" class=\"size-full wp-image-114923\" alt=\"Minas Trend :: Alexandre Herchcovicth outono-inverno 2015 \" src=\"https:\/\/i0.wp.com\/www.agrund.com\/wp-content\/uploads\/sites\/6\/2014\/10\/herch_i15_0045.jpg?resize=500%2C751\" width=\"500\" height=\"751\" srcset=\"https:\/\/i0.wp.com\/agrund.com\/wp-content\/uploads\/sites\/6\/2014\/10\/herch_i15_0045.jpg?w=500&amp;ssl=1 500w, https:\/\/i0.wp.com\/agrund.com\/wp-content\/uploads\/sites\/6\/2014\/10\/herch_i15_0045.jpg?resize=200%2C300&amp;ssl=1 200w\" sizes=\"(max-width: 500px) 100vw, 500px\" data-recalc-dims=\"1\" \/><\/a><p id=\"caption-attachment-114923\" class=\"wp-caption-text\">Minas Trend :: Alexandre Herchcovicth outono-inverno 2015<\/p><\/div>\n<div id=\"attachment_114924\" style=\"width: 510px\" class=\"wp-caption aligncenter\"><a href=\"https:\/\/i0.wp.com\/www.agrund.com\/wp-content\/uploads\/sites\/6\/2014\/10\/herch_i15_0049.jpg\"><img aria-describedby=\"caption-attachment-114924\" data-attachment-id=\"114924\" data-permalink=\"https:\/\/agrund.com\/index.php\/minas-trend-alexandre-herchcovicth-outono-inverno-2015\/herch_i15_0049\/\" data-orig-file=\"https:\/\/i0.wp.com\/agrund.com\/wp-content\/uploads\/sites\/6\/2014\/10\/herch_i15_0049.jpg?fit=500%2C751&amp;ssl=1\" data-orig-size=\"500,751\" data-comments-opened=\"1\" data-image-meta=\"{&quot;aperture&quot;:&quot;5.6&quot;,&quot;credit&quot;:&quot;&quot;,&quot;camera&quot;:&quot;NIKON D4&quot;,&quot;caption&quot;:&quot;&quot;,&quot;created_timestamp&quot;:&quot;1412796424&quot;,&quot;copyright&quot;:&quot;&quot;,&quot;focal_length&quot;:&quot;250&quot;,&quot;iso&quot;:&quot;2000&quot;,&quot;shutter_speed&quot;:&quot;0.002&quot;,&quot;title&quot;:&quot;&quot;,&quot;orientation&quot;:&quot;0&quot;}\" data-image-title=\"herch_i15_0049\" data-image-description=\"\" data-image-caption=\"&lt;p&gt;Minas Trend :: Alexandre Herchcovicth outono-inverno 2015 &lt;\/p&gt;\n\" data-medium-file=\"https:\/\/i0.wp.com\/agrund.com\/wp-content\/uploads\/sites\/6\/2014\/10\/herch_i15_0049.jpg?fit=200%2C300&amp;ssl=1\" data-large-file=\"https:\/\/i0.wp.com\/agrund.com\/wp-content\/uploads\/sites\/6\/2014\/10\/herch_i15_0049.jpg?fit=500%2C751&amp;ssl=1\" decoding=\"async\" loading=\"lazy\" class=\"size-full wp-image-114924\" alt=\"Minas Trend :: Alexandre Herchcovicth outono-inverno 2015 \" src=\"https:\/\/i0.wp.com\/www.agrund.com\/wp-content\/uploads\/sites\/6\/2014\/10\/herch_i15_0049.jpg?resize=500%2C751\" width=\"500\" height=\"751\" srcset=\"https:\/\/i0.wp.com\/agrund.com\/wp-content\/uploads\/sites\/6\/2014\/10\/herch_i15_0049.jpg?w=500&amp;ssl=1 500w, https:\/\/i0.wp.com\/agrund.com\/wp-content\/uploads\/sites\/6\/2014\/10\/herch_i15_0049.jpg?resize=200%2C300&amp;ssl=1 200w\" sizes=\"(max-width: 500px) 100vw, 500px\" data-recalc-dims=\"1\" \/><\/a><p id=\"caption-attachment-114924\" class=\"wp-caption-text\">Minas Trend :: Alexandre Herchcovicth outono-inverno 2015<\/p><\/div>\n<div id=\"attachment_114925\" style=\"width: 510px\" class=\"wp-caption aligncenter\"><a href=\"https:\/\/i0.wp.com\/www.agrund.com\/wp-content\/uploads\/sites\/6\/2014\/10\/herch_i15_0053.jpg\"><img aria-describedby=\"caption-attachment-114925\" data-attachment-id=\"114925\" data-permalink=\"https:\/\/agrund.com\/index.php\/minas-trend-alexandre-herchcovicth-outono-inverno-2015\/herch_i15_0053\/\" data-orig-file=\"https:\/\/i0.wp.com\/agrund.com\/wp-content\/uploads\/sites\/6\/2014\/10\/herch_i15_0053.jpg?fit=500%2C751&amp;ssl=1\" data-orig-size=\"500,751\" data-comments-opened=\"1\" data-image-meta=\"{&quot;aperture&quot;:&quot;5.6&quot;,&quot;credit&quot;:&quot;&quot;,&quot;camera&quot;:&quot;NIKON D4&quot;,&quot;caption&quot;:&quot;&quot;,&quot;created_timestamp&quot;:&quot;1412796434&quot;,&quot;copyright&quot;:&quot;&quot;,&quot;focal_length&quot;:&quot;330&quot;,&quot;iso&quot;:&quot;2000&quot;,&quot;shutter_speed&quot;:&quot;0.002&quot;,&quot;title&quot;:&quot;&quot;,&quot;orientation&quot;:&quot;0&quot;}\" data-image-title=\"herch_i15_0053\" data-image-description=\"\" data-image-caption=\"&lt;p&gt;Minas Trend :: Alexandre Herchcovicth outono-inverno 2015 &lt;\/p&gt;\n\" data-medium-file=\"https:\/\/i0.wp.com\/agrund.com\/wp-content\/uploads\/sites\/6\/2014\/10\/herch_i15_0053.jpg?fit=200%2C300&amp;ssl=1\" data-large-file=\"https:\/\/i0.wp.com\/agrund.com\/wp-content\/uploads\/sites\/6\/2014\/10\/herch_i15_0053.jpg?fit=500%2C751&amp;ssl=1\" decoding=\"async\" loading=\"lazy\" class=\"size-full wp-image-114925\" alt=\"Minas Trend :: Alexandre Herchcovicth outono-inverno 2015 \" src=\"https:\/\/i0.wp.com\/www.agrund.com\/wp-content\/uploads\/sites\/6\/2014\/10\/herch_i15_0053.jpg?resize=500%2C751\" width=\"500\" height=\"751\" srcset=\"https:\/\/i0.wp.com\/agrund.com\/wp-content\/uploads\/sites\/6\/2014\/10\/herch_i15_0053.jpg?w=500&amp;ssl=1 500w, https:\/\/i0.wp.com\/agrund.com\/wp-content\/uploads\/sites\/6\/2014\/10\/herch_i15_0053.jpg?resize=200%2C300&amp;ssl=1 200w\" sizes=\"(max-width: 500px) 100vw, 500px\" data-recalc-dims=\"1\" \/><\/a><p id=\"caption-attachment-114925\" class=\"wp-caption-text\">Minas Trend :: Alexandre Herchcovicth outono-inverno 2015<\/p><\/div>\n<div id=\"attachment_114926\" style=\"width: 513px\" class=\"wp-caption aligncenter\"><a href=\"https:\/\/i0.wp.com\/www.agrund.com\/wp-content\/uploads\/sites\/6\/2014\/10\/herch_i15_0061.jpg\"><img aria-describedby=\"caption-attachment-114926\" data-attachment-id=\"114926\" data-permalink=\"https:\/\/agrund.com\/index.php\/minas-trend-alexandre-herchcovicth-outono-inverno-2015\/herchcovitchalexandre-2\/\" data-orig-file=\"https:\/\/i0.wp.com\/agrund.com\/wp-content\/uploads\/sites\/6\/2014\/10\/herch_i15_0061.jpg?fit=799%2C1200&amp;ssl=1\" data-orig-size=\"799,1200\" data-comments-opened=\"1\" data-image-meta=\"{&quot;aperture&quot;:&quot;5.6&quot;,&quot;credit&quot;:&quot;Ze Takahashi\\\/FOTOSITE&quot;,&quot;camera&quot;:&quot;NIKON D4&quot;,&quot;caption&quot;:&quot;Herchcovitch;Alexandre\\n\\nMinas Trend - Inverno 2015 \\n\\nFoto : Ze Takahashi\\\/ FOTOSITE&quot;,&quot;created_timestamp&quot;:&quot;1412796459&quot;,&quot;copyright&quot;:&quot;FOTOSITE&quot;,&quot;focal_length&quot;:&quot;350&quot;,&quot;iso&quot;:&quot;2000&quot;,&quot;shutter_speed&quot;:&quot;0.002&quot;,&quot;title&quot;:&quot;Herchcovitch;Alexandre&quot;,&quot;orientation&quot;:&quot;0&quot;}\" data-image-title=\"Herchcovitch;Alexandre\" data-image-description=\"&lt;p&gt;Herchcovitch;Alexandre&lt;\/p&gt;\n&lt;p&gt;Minas Trend &#8211; Inverno 2015 &lt;\/p&gt;\n&lt;p&gt;Foto : Ze Takahashi\/ FOTOSITE&lt;\/p&gt;\n\" data-image-caption=\"&lt;p&gt;Minas Trend :: Alexandre Herchcovicth outono-inverno 2015 &lt;\/p&gt;\n\" data-medium-file=\"https:\/\/i0.wp.com\/agrund.com\/wp-content\/uploads\/sites\/6\/2014\/10\/herch_i15_0061.jpg?fit=200%2C300&amp;ssl=1\" data-large-file=\"https:\/\/i0.wp.com\/agrund.com\/wp-content\/uploads\/sites\/6\/2014\/10\/herch_i15_0061.jpg?fit=682%2C1024&amp;ssl=1\" decoding=\"async\" loading=\"lazy\" class=\" wp-image-114926  \" alt=\"Minas Trend :: Alexandre Herchcovicth outono-inverno 2015 \" src=\"https:\/\/i0.wp.com\/www.agrund.com\/wp-content\/uploads\/sites\/6\/2014\/10\/herch_i15_0061.jpg?resize=503%2C756\" width=\"503\" height=\"756\" srcset=\"https:\/\/i0.wp.com\/agrund.com\/wp-content\/uploads\/sites\/6\/2014\/10\/herch_i15_0061.jpg?w=799&amp;ssl=1 799w, https:\/\/i0.wp.com\/agrund.com\/wp-content\/uploads\/sites\/6\/2014\/10\/herch_i15_0061.jpg?resize=200%2C300&amp;ssl=1 200w, https:\/\/i0.wp.com\/agrund.com\/wp-content\/uploads\/sites\/6\/2014\/10\/herch_i15_0061.jpg?resize=682%2C1024&amp;ssl=1 682w\" sizes=\"(max-width: 503px) 100vw, 503px\" data-recalc-dims=\"1\" \/><\/a><p id=\"caption-attachment-114926\" class=\"wp-caption-text\">Minas Trend :: Alexandre Herchcovicth outono-inverno 2015<\/p><\/div>\n<div id=\"attachment_114927\" style=\"width: 513px\" class=\"wp-caption aligncenter\"><a href=\"https:\/\/i0.wp.com\/www.agrund.com\/wp-content\/uploads\/sites\/6\/2014\/10\/herch_i15_0069.jpg\"><img aria-describedby=\"caption-attachment-114927\" data-attachment-id=\"114927\" data-permalink=\"https:\/\/agrund.com\/index.php\/minas-trend-alexandre-herchcovicth-outono-inverno-2015\/herchcovitchalexandre-3\/\" data-orig-file=\"https:\/\/i0.wp.com\/agrund.com\/wp-content\/uploads\/sites\/6\/2014\/10\/herch_i15_0069.jpg?fit=799%2C1200&amp;ssl=1\" data-orig-size=\"799,1200\" data-comments-opened=\"1\" data-image-meta=\"{&quot;aperture&quot;:&quot;5.6&quot;,&quot;credit&quot;:&quot;Ze Takahashi\\\/FOTOSITE&quot;,&quot;camera&quot;:&quot;NIKON D4&quot;,&quot;caption&quot;:&quot;Herchcovitch;Alexandre\\n\\nMinas Trend - Inverno 2015 \\n\\nFoto : Ze Takahashi\\\/ FOTOSITE&quot;,&quot;created_timestamp&quot;:&quot;1412796484&quot;,&quot;copyright&quot;:&quot;FOTOSITE&quot;,&quot;focal_length&quot;:&quot;340&quot;,&quot;iso&quot;:&quot;2000&quot;,&quot;shutter_speed&quot;:&quot;0.002&quot;,&quot;title&quot;:&quot;Herchcovitch;Alexandre&quot;,&quot;orientation&quot;:&quot;0&quot;}\" data-image-title=\"Herchcovitch;Alexandre\" data-image-description=\"&lt;p&gt;Herchcovitch;Alexandre&lt;\/p&gt;\n&lt;p&gt;Minas Trend &#8211; Inverno 2015 &lt;\/p&gt;\n&lt;p&gt;Foto : Ze Takahashi\/ FOTOSITE&lt;\/p&gt;\n\" data-image-caption=\"&lt;p&gt;Minas Trend :: Alexandre Herchcovicth outono-inverno 2015 &lt;\/p&gt;\n\" data-medium-file=\"https:\/\/i0.wp.com\/agrund.com\/wp-content\/uploads\/sites\/6\/2014\/10\/herch_i15_0069.jpg?fit=200%2C300&amp;ssl=1\" data-large-file=\"https:\/\/i0.wp.com\/agrund.com\/wp-content\/uploads\/sites\/6\/2014\/10\/herch_i15_0069.jpg?fit=682%2C1024&amp;ssl=1\" decoding=\"async\" loading=\"lazy\" class=\" wp-image-114927  \" alt=\"Minas Trend :: Alexandre Herchcovicth outono-inverno 2015 \" src=\"https:\/\/i0.wp.com\/www.agrund.com\/wp-content\/uploads\/sites\/6\/2014\/10\/herch_i15_0069.jpg?resize=503%2C756\" width=\"503\" height=\"756\" srcset=\"https:\/\/i0.wp.com\/agrund.com\/wp-content\/uploads\/sites\/6\/2014\/10\/herch_i15_0069.jpg?w=799&amp;ssl=1 799w, https:\/\/i0.wp.com\/agrund.com\/wp-content\/uploads\/sites\/6\/2014\/10\/herch_i15_0069.jpg?resize=200%2C300&amp;ssl=1 200w, https:\/\/i0.wp.com\/agrund.com\/wp-content\/uploads\/sites\/6\/2014\/10\/herch_i15_0069.jpg?resize=682%2C1024&amp;ssl=1 682w\" sizes=\"(max-width: 503px) 100vw, 503px\" data-recalc-dims=\"1\" \/><\/a><p id=\"caption-attachment-114927\" class=\"wp-caption-text\">Minas Trend :: Alexandre Herchcovicth outono-inverno 2015<\/p><\/div>\n<div id=\"attachment_114928\" style=\"width: 513px\" class=\"wp-caption aligncenter\"><a href=\"https:\/\/i0.wp.com\/www.agrund.com\/wp-content\/uploads\/sites\/6\/2014\/10\/herch_i15_0073.jpg\"><img aria-describedby=\"caption-attachment-114928\" data-attachment-id=\"114928\" data-permalink=\"https:\/\/agrund.com\/index.php\/minas-trend-alexandre-herchcovicth-outono-inverno-2015\/herchcovitchalexandre-4\/\" data-orig-file=\"https:\/\/i0.wp.com\/agrund.com\/wp-content\/uploads\/sites\/6\/2014\/10\/herch_i15_0073.jpg?fit=799%2C1200&amp;ssl=1\" data-orig-size=\"799,1200\" data-comments-opened=\"1\" data-image-meta=\"{&quot;aperture&quot;:&quot;5.6&quot;,&quot;credit&quot;:&quot;Ze Takahashi\\\/FOTOSITE&quot;,&quot;camera&quot;:&quot;NIKON D4&quot;,&quot;caption&quot;:&quot;Herchcovitch;Alexandre\\n\\nMinas Trend - Inverno 2015 \\n\\nFoto : Ze Takahashi\\\/ FOTOSITE&quot;,&quot;created_timestamp&quot;:&quot;1412796499&quot;,&quot;copyright&quot;:&quot;FOTOSITE&quot;,&quot;focal_length&quot;:&quot;300&quot;,&quot;iso&quot;:&quot;2000&quot;,&quot;shutter_speed&quot;:&quot;0.002&quot;,&quot;title&quot;:&quot;Herchcovitch;Alexandre&quot;,&quot;orientation&quot;:&quot;0&quot;}\" data-image-title=\"Herchcovitch;Alexandre\" data-image-description=\"&lt;p&gt;Herchcovitch;Alexandre&lt;\/p&gt;\n&lt;p&gt;Minas Trend &#8211; Inverno 2015 &lt;\/p&gt;\n&lt;p&gt;Foto : Ze Takahashi\/ FOTOSITE&lt;\/p&gt;\n\" data-image-caption=\"&lt;p&gt;Minas Trend :: Alexandre Herchcovicth outono-inverno 2015 &lt;\/p&gt;\n\" data-medium-file=\"https:\/\/i0.wp.com\/agrund.com\/wp-content\/uploads\/sites\/6\/2014\/10\/herch_i15_0073.jpg?fit=200%2C300&amp;ssl=1\" data-large-file=\"https:\/\/i0.wp.com\/agrund.com\/wp-content\/uploads\/sites\/6\/2014\/10\/herch_i15_0073.jpg?fit=682%2C1024&amp;ssl=1\" decoding=\"async\" loading=\"lazy\" class=\" wp-image-114928  \" alt=\"Minas Trend :: Alexandre Herchcovicth outono-inverno 2015 \" src=\"https:\/\/i0.wp.com\/www.agrund.com\/wp-content\/uploads\/sites\/6\/2014\/10\/herch_i15_0073.jpg?resize=503%2C756\" width=\"503\" height=\"756\" srcset=\"https:\/\/i0.wp.com\/agrund.com\/wp-content\/uploads\/sites\/6\/2014\/10\/herch_i15_0073.jpg?w=799&amp;ssl=1 799w, https:\/\/i0.wp.com\/agrund.com\/wp-content\/uploads\/sites\/6\/2014\/10\/herch_i15_0073.jpg?resize=200%2C300&amp;ssl=1 200w, https:\/\/i0.wp.com\/agrund.com\/wp-content\/uploads\/sites\/6\/2014\/10\/herch_i15_0073.jpg?resize=682%2C1024&amp;ssl=1 682w\" sizes=\"(max-width: 503px) 100vw, 503px\" data-recalc-dims=\"1\" \/><\/a><p id=\"caption-attachment-114928\" class=\"wp-caption-text\">Minas Trend :: Alexandre Herchcovicth outono-inverno 2015<\/p><\/div>\n<div id=\"attachment_114929\" style=\"width: 513px\" class=\"wp-caption aligncenter\"><a href=\"https:\/\/i0.wp.com\/www.agrund.com\/wp-content\/uploads\/sites\/6\/2014\/10\/herch_i15_0077.jpg\"><img aria-describedby=\"caption-attachment-114929\" data-attachment-id=\"114929\" data-permalink=\"https:\/\/agrund.com\/index.php\/minas-trend-alexandre-herchcovicth-outono-inverno-2015\/herchcovitchalexandre-5\/\" data-orig-file=\"https:\/\/i0.wp.com\/agrund.com\/wp-content\/uploads\/sites\/6\/2014\/10\/herch_i15_0077.jpg?fit=799%2C1200&amp;ssl=1\" data-orig-size=\"799,1200\" data-comments-opened=\"1\" data-image-meta=\"{&quot;aperture&quot;:&quot;5.6&quot;,&quot;credit&quot;:&quot;Ze Takahashi\\\/FOTOSITE&quot;,&quot;camera&quot;:&quot;NIKON D4&quot;,&quot;caption&quot;:&quot;Herchcovitch;Alexandre\\n\\nMinas Trend - Inverno 2015 \\n\\nFoto : Ze Takahashi\\\/ FOTOSITE&quot;,&quot;created_timestamp&quot;:&quot;1412796513&quot;,&quot;copyright&quot;:&quot;FOTOSITE&quot;,&quot;focal_length&quot;:&quot;230&quot;,&quot;iso&quot;:&quot;2000&quot;,&quot;shutter_speed&quot;:&quot;0.002&quot;,&quot;title&quot;:&quot;Herchcovitch;Alexandre&quot;,&quot;orientation&quot;:&quot;0&quot;}\" data-image-title=\"Herchcovitch;Alexandre\" data-image-description=\"&lt;p&gt;Herchcovitch;Alexandre&lt;\/p&gt;\n&lt;p&gt;Minas Trend &#8211; Inverno 2015 &lt;\/p&gt;\n&lt;p&gt;Foto : Ze Takahashi\/ FOTOSITE&lt;\/p&gt;\n\" data-image-caption=\"&lt;p&gt;Minas Trend :: Alexandre Herchcovicth outono-inverno 2015 &lt;\/p&gt;\n\" data-medium-file=\"https:\/\/i0.wp.com\/agrund.com\/wp-content\/uploads\/sites\/6\/2014\/10\/herch_i15_0077.jpg?fit=200%2C300&amp;ssl=1\" data-large-file=\"https:\/\/i0.wp.com\/agrund.com\/wp-content\/uploads\/sites\/6\/2014\/10\/herch_i15_0077.jpg?fit=682%2C1024&amp;ssl=1\" decoding=\"async\" loading=\"lazy\" class=\" wp-image-114929  \" alt=\"Minas Trend :: Alexandre Herchcovicth outono-inverno 2015 \" src=\"https:\/\/i0.wp.com\/www.agrund.com\/wp-content\/uploads\/sites\/6\/2014\/10\/herch_i15_0077.jpg?resize=503%2C756\" width=\"503\" height=\"756\" srcset=\"https:\/\/i0.wp.com\/agrund.com\/wp-content\/uploads\/sites\/6\/2014\/10\/herch_i15_0077.jpg?w=799&amp;ssl=1 799w, https:\/\/i0.wp.com\/agrund.com\/wp-content\/uploads\/sites\/6\/2014\/10\/herch_i15_0077.jpg?resize=200%2C300&amp;ssl=1 200w, https:\/\/i0.wp.com\/agrund.com\/wp-content\/uploads\/sites\/6\/2014\/10\/herch_i15_0077.jpg?resize=682%2C1024&amp;ssl=1 682w\" sizes=\"(max-width: 503px) 100vw, 503px\" data-recalc-dims=\"1\" \/><\/a><p id=\"caption-attachment-114929\" class=\"wp-caption-text\">Minas Trend :: Alexandre Herchcovicth outono-inverno 2015<\/p><\/div>\n<div id=\"attachment_114930\" style=\"width: 513px\" class=\"wp-caption aligncenter\"><a href=\"https:\/\/i0.wp.com\/www.agrund.com\/wp-content\/uploads\/sites\/6\/2014\/10\/herch_i15_0081.jpg\"><img aria-describedby=\"caption-attachment-114930\" data-attachment-id=\"114930\" data-permalink=\"https:\/\/agrund.com\/index.php\/minas-trend-alexandre-herchcovicth-outono-inverno-2015\/herchcovitchalexandre-6\/\" data-orig-file=\"https:\/\/i0.wp.com\/agrund.com\/wp-content\/uploads\/sites\/6\/2014\/10\/herch_i15_0081.jpg?fit=799%2C1200&amp;ssl=1\" data-orig-size=\"799,1200\" data-comments-opened=\"1\" data-image-meta=\"{&quot;aperture&quot;:&quot;5.6&quot;,&quot;credit&quot;:&quot;Ze Takahashi\\\/FOTOSITE&quot;,&quot;camera&quot;:&quot;NIKON D4&quot;,&quot;caption&quot;:&quot;Herchcovitch;Alexandre\\n\\nMinas Trend - Inverno 2015 \\n\\nFoto : Ze Takahashi\\\/ FOTOSITE&quot;,&quot;created_timestamp&quot;:&quot;1412796522&quot;,&quot;copyright&quot;:&quot;FOTOSITE&quot;,&quot;focal_length&quot;:&quot;290&quot;,&quot;iso&quot;:&quot;2000&quot;,&quot;shutter_speed&quot;:&quot;0.002&quot;,&quot;title&quot;:&quot;Herchcovitch;Alexandre&quot;,&quot;orientation&quot;:&quot;0&quot;}\" data-image-title=\"Herchcovitch;Alexandre\" data-image-description=\"&lt;p&gt;Herchcovitch;Alexandre&lt;\/p&gt;\n&lt;p&gt;Minas Trend &#8211; Inverno 2015 &lt;\/p&gt;\n&lt;p&gt;Foto : Ze Takahashi\/ FOTOSITE&lt;\/p&gt;\n\" data-image-caption=\"&lt;p&gt;Minas Trend :: Alexandre Herchcovicth outono-inverno 2015 &lt;\/p&gt;\n\" data-medium-file=\"https:\/\/i0.wp.com\/agrund.com\/wp-content\/uploads\/sites\/6\/2014\/10\/herch_i15_0081.jpg?fit=200%2C300&amp;ssl=1\" data-large-file=\"https:\/\/i0.wp.com\/agrund.com\/wp-content\/uploads\/sites\/6\/2014\/10\/herch_i15_0081.jpg?fit=682%2C1024&amp;ssl=1\" decoding=\"async\" loading=\"lazy\" class=\" wp-image-114930  \" alt=\"Minas Trend :: Alexandre Herchcovicth outono-inverno 2015 \" src=\"https:\/\/i0.wp.com\/www.agrund.com\/wp-content\/uploads\/sites\/6\/2014\/10\/herch_i15_0081.jpg?resize=503%2C756\" width=\"503\" height=\"756\" srcset=\"https:\/\/i0.wp.com\/agrund.com\/wp-content\/uploads\/sites\/6\/2014\/10\/herch_i15_0081.jpg?w=799&amp;ssl=1 799w, https:\/\/i0.wp.com\/agrund.com\/wp-content\/uploads\/sites\/6\/2014\/10\/herch_i15_0081.jpg?resize=200%2C300&amp;ssl=1 200w, https:\/\/i0.wp.com\/agrund.com\/wp-content\/uploads\/sites\/6\/2014\/10\/herch_i15_0081.jpg?resize=682%2C1024&amp;ssl=1 682w\" sizes=\"(max-width: 503px) 100vw, 503px\" data-recalc-dims=\"1\" \/><\/a><p id=\"caption-attachment-114930\" class=\"wp-caption-text\">Minas Trend :: Alexandre Herchcovicth outono-inverno 2015<\/p><\/div>\n<div id=\"attachment_114931\" style=\"width: 513px\" class=\"wp-caption aligncenter\"><a href=\"https:\/\/i0.wp.com\/www.agrund.com\/wp-content\/uploads\/sites\/6\/2014\/10\/herch_i15_0085.jpg\"><img aria-describedby=\"caption-attachment-114931\" data-attachment-id=\"114931\" data-permalink=\"https:\/\/agrund.com\/index.php\/minas-trend-alexandre-herchcovicth-outono-inverno-2015\/herch_i15_0085\/\" data-orig-file=\"https:\/\/i0.wp.com\/agrund.com\/wp-content\/uploads\/sites\/6\/2014\/10\/herch_i15_0085.jpg?fit=799%2C1200&amp;ssl=1\" data-orig-size=\"799,1200\" data-comments-opened=\"1\" data-image-meta=\"{&quot;aperture&quot;:&quot;5.6&quot;,&quot;credit&quot;:&quot;&quot;,&quot;camera&quot;:&quot;NIKON D4&quot;,&quot;caption&quot;:&quot;&quot;,&quot;created_timestamp&quot;:&quot;1412796538&quot;,&quot;copyright&quot;:&quot;&quot;,&quot;focal_length&quot;:&quot;290&quot;,&quot;iso&quot;:&quot;2000&quot;,&quot;shutter_speed&quot;:&quot;0.002&quot;,&quot;title&quot;:&quot;&quot;,&quot;orientation&quot;:&quot;0&quot;}\" data-image-title=\"herch_i15_0085\" data-image-description=\"\" data-image-caption=\"&lt;p&gt;Minas Trend :: Alexandre Herchcovicth outono-inverno 2015 &lt;\/p&gt;\n\" data-medium-file=\"https:\/\/i0.wp.com\/agrund.com\/wp-content\/uploads\/sites\/6\/2014\/10\/herch_i15_0085.jpg?fit=200%2C300&amp;ssl=1\" data-large-file=\"https:\/\/i0.wp.com\/agrund.com\/wp-content\/uploads\/sites\/6\/2014\/10\/herch_i15_0085.jpg?fit=682%2C1024&amp;ssl=1\" decoding=\"async\" loading=\"lazy\" class=\" wp-image-114931  \" alt=\"Minas Trend :: Alexandre Herchcovicth outono-inverno 2015 \" src=\"https:\/\/i0.wp.com\/www.agrund.com\/wp-content\/uploads\/sites\/6\/2014\/10\/herch_i15_0085.jpg?resize=503%2C756\" width=\"503\" height=\"756\" srcset=\"https:\/\/i0.wp.com\/agrund.com\/wp-content\/uploads\/sites\/6\/2014\/10\/herch_i15_0085.jpg?w=799&amp;ssl=1 799w, https:\/\/i0.wp.com\/agrund.com\/wp-content\/uploads\/sites\/6\/2014\/10\/herch_i15_0085.jpg?resize=200%2C300&amp;ssl=1 200w, https:\/\/i0.wp.com\/agrund.com\/wp-content\/uploads\/sites\/6\/2014\/10\/herch_i15_0085.jpg?resize=682%2C1024&amp;ssl=1 682w\" sizes=\"(max-width: 503px) 100vw, 503px\" data-recalc-dims=\"1\" \/><\/a><p id=\"caption-attachment-114931\" class=\"wp-caption-text\">Minas Trend :: Alexandre Herchcovicth outono-inverno 2015<\/p><\/div>\n<div id=\"attachment_114932\" style=\"width: 513px\" class=\"wp-caption aligncenter\"><a href=\"https:\/\/i0.wp.com\/www.agrund.com\/wp-content\/uploads\/sites\/6\/2014\/10\/herch_i15_0089.jpg\"><img aria-describedby=\"caption-attachment-114932\" data-attachment-id=\"114932\" data-permalink=\"https:\/\/agrund.com\/index.php\/minas-trend-alexandre-herchcovicth-outono-inverno-2015\/herchcovitchalexandre-7\/\" data-orig-file=\"https:\/\/i0.wp.com\/agrund.com\/wp-content\/uploads\/sites\/6\/2014\/10\/herch_i15_0089.jpg?fit=799%2C1200&amp;ssl=1\" data-orig-size=\"799,1200\" data-comments-opened=\"1\" data-image-meta=\"{&quot;aperture&quot;:&quot;5.6&quot;,&quot;credit&quot;:&quot;Ze Takahashi\\\/FOTOSITE&quot;,&quot;camera&quot;:&quot;NIKON D4&quot;,&quot;caption&quot;:&quot;Herchcovitch;Alexandre\\n\\nMinas Trend - Inverno 2015 \\n\\nFoto : Ze Takahashi\\\/ FOTOSITE&quot;,&quot;created_timestamp&quot;:&quot;1412796552&quot;,&quot;copyright&quot;:&quot;FOTOSITE&quot;,&quot;focal_length&quot;:&quot;290&quot;,&quot;iso&quot;:&quot;2000&quot;,&quot;shutter_speed&quot;:&quot;0.002&quot;,&quot;title&quot;:&quot;Herchcovitch;Alexandre&quot;,&quot;orientation&quot;:&quot;0&quot;}\" data-image-title=\"Herchcovitch;Alexandre\" data-image-description=\"&lt;p&gt;Herchcovitch;Alexandre&lt;\/p&gt;\n&lt;p&gt;Minas Trend &#8211; Inverno 2015 &lt;\/p&gt;\n&lt;p&gt;Foto : Ze Takahashi\/ FOTOSITE&lt;\/p&gt;\n\" data-image-caption=\"&lt;p&gt;Minas Trend :: Alexandre Herchcovicth outono-inverno 2015 &lt;\/p&gt;\n\" data-medium-file=\"https:\/\/i0.wp.com\/agrund.com\/wp-content\/uploads\/sites\/6\/2014\/10\/herch_i15_0089.jpg?fit=200%2C300&amp;ssl=1\" data-large-file=\"https:\/\/i0.wp.com\/agrund.com\/wp-content\/uploads\/sites\/6\/2014\/10\/herch_i15_0089.jpg?fit=682%2C1024&amp;ssl=1\" decoding=\"async\" loading=\"lazy\" class=\" wp-image-114932  \" alt=\"Minas Trend :: Alexandre Herchcovicth outono-inverno 2015 \" src=\"https:\/\/i0.wp.com\/www.agrund.com\/wp-content\/uploads\/sites\/6\/2014\/10\/herch_i15_0089.jpg?resize=503%2C756\" width=\"503\" height=\"756\" srcset=\"https:\/\/i0.wp.com\/agrund.com\/wp-content\/uploads\/sites\/6\/2014\/10\/herch_i15_0089.jpg?w=799&amp;ssl=1 799w, https:\/\/i0.wp.com\/agrund.com\/wp-content\/uploads\/sites\/6\/2014\/10\/herch_i15_0089.jpg?resize=200%2C300&amp;ssl=1 200w, https:\/\/i0.wp.com\/agrund.com\/wp-content\/uploads\/sites\/6\/2014\/10\/herch_i15_0089.jpg?resize=682%2C1024&amp;ssl=1 682w\" sizes=\"(max-width: 503px) 100vw, 503px\" data-recalc-dims=\"1\" \/><\/a><p id=\"caption-attachment-114932\" class=\"wp-caption-text\">Minas Trend :: Alexandre Herchcovicth outono-inverno 2015<\/p><\/div>\n<div id=\"attachment_114933\" style=\"width: 513px\" class=\"wp-caption aligncenter\"><a href=\"https:\/\/i0.wp.com\/www.agrund.com\/wp-content\/uploads\/sites\/6\/2014\/10\/herch_i15_0093.jpg\"><img aria-describedby=\"caption-attachment-114933\" data-attachment-id=\"114933\" data-permalink=\"https:\/\/agrund.com\/index.php\/minas-trend-alexandre-herchcovicth-outono-inverno-2015\/herch_i15_0093\/\" data-orig-file=\"https:\/\/i0.wp.com\/agrund.com\/wp-content\/uploads\/sites\/6\/2014\/10\/herch_i15_0093.jpg?fit=799%2C1200&amp;ssl=1\" data-orig-size=\"799,1200\" data-comments-opened=\"1\" data-image-meta=\"{&quot;aperture&quot;:&quot;5.6&quot;,&quot;credit&quot;:&quot;&quot;,&quot;camera&quot;:&quot;NIKON D4&quot;,&quot;caption&quot;:&quot;&quot;,&quot;created_timestamp&quot;:&quot;1412796566&quot;,&quot;copyright&quot;:&quot;&quot;,&quot;focal_length&quot;:&quot;210&quot;,&quot;iso&quot;:&quot;2000&quot;,&quot;shutter_speed&quot;:&quot;0.0025&quot;,&quot;title&quot;:&quot;&quot;,&quot;orientation&quot;:&quot;0&quot;}\" data-image-title=\"herch_i15_0093\" data-image-description=\"\" data-image-caption=\"&lt;p&gt;Minas Trend :: Alexandre Herchcovicth outono-inverno 2015 &lt;\/p&gt;\n\" data-medium-file=\"https:\/\/i0.wp.com\/agrund.com\/wp-content\/uploads\/sites\/6\/2014\/10\/herch_i15_0093.jpg?fit=200%2C300&amp;ssl=1\" data-large-file=\"https:\/\/i0.wp.com\/agrund.com\/wp-content\/uploads\/sites\/6\/2014\/10\/herch_i15_0093.jpg?fit=682%2C1024&amp;ssl=1\" decoding=\"async\" loading=\"lazy\" class=\" wp-image-114933  \" alt=\"Minas Trend :: Alexandre Herchcovicth outono-inverno 2015 \" src=\"https:\/\/i0.wp.com\/www.agrund.com\/wp-content\/uploads\/sites\/6\/2014\/10\/herch_i15_0093.jpg?resize=503%2C756\" width=\"503\" height=\"756\" srcset=\"https:\/\/i0.wp.com\/agrund.com\/wp-content\/uploads\/sites\/6\/2014\/10\/herch_i15_0093.jpg?w=799&amp;ssl=1 799w, https:\/\/i0.wp.com\/agrund.com\/wp-content\/uploads\/sites\/6\/2014\/10\/herch_i15_0093.jpg?resize=200%2C300&amp;ssl=1 200w, https:\/\/i0.wp.com\/agrund.com\/wp-content\/uploads\/sites\/6\/2014\/10\/herch_i15_0093.jpg?resize=682%2C1024&amp;ssl=1 682w\" sizes=\"(max-width: 503px) 100vw, 503px\" data-recalc-dims=\"1\" \/><\/a><p id=\"caption-attachment-114933\" class=\"wp-caption-text\">Minas Trend :: Alexandre Herchcovicth outono-inverno 2015<\/p><\/div>\n<div id=\"attachment_114934\" style=\"width: 513px\" class=\"wp-caption aligncenter\"><a href=\"https:\/\/i0.wp.com\/www.agrund.com\/wp-content\/uploads\/sites\/6\/2014\/10\/herch_i15_0096.jpg\"><img aria-describedby=\"caption-attachment-114934\" data-attachment-id=\"114934\" data-permalink=\"https:\/\/agrund.com\/index.php\/minas-trend-alexandre-herchcovicth-outono-inverno-2015\/herchcovitchalexandre-8\/\" data-orig-file=\"https:\/\/i0.wp.com\/agrund.com\/wp-content\/uploads\/sites\/6\/2014\/10\/herch_i15_0096.jpg?fit=799%2C1200&amp;ssl=1\" data-orig-size=\"799,1200\" data-comments-opened=\"1\" data-image-meta=\"{&quot;aperture&quot;:&quot;5.6&quot;,&quot;credit&quot;:&quot;Ze Takahashi\\\/FOTOSITE&quot;,&quot;camera&quot;:&quot;NIKON D4&quot;,&quot;caption&quot;:&quot;Herchcovitch;Alexandre\\n\\nMinas Trend - Inverno 2015 \\n\\nFoto : Ze Takahashi\\\/ FOTOSITE&quot;,&quot;created_timestamp&quot;:&quot;1412796576&quot;,&quot;copyright&quot;:&quot;FOTOSITE&quot;,&quot;focal_length&quot;:&quot;260&quot;,&quot;iso&quot;:&quot;2000&quot;,&quot;shutter_speed&quot;:&quot;0.0025&quot;,&quot;title&quot;:&quot;Herchcovitch;Alexandre&quot;,&quot;orientation&quot;:&quot;0&quot;}\" data-image-title=\"Herchcovitch;Alexandre\" data-image-description=\"&lt;p&gt;Herchcovitch;Alexandre&lt;\/p&gt;\n&lt;p&gt;Minas Trend &#8211; Inverno 2015 &lt;\/p&gt;\n&lt;p&gt;Foto : Ze Takahashi\/ FOTOSITE&lt;\/p&gt;\n\" data-image-caption=\"&lt;p&gt;Minas Trend :: Alexandre Herchcovicth outono-inverno 2015 &lt;\/p&gt;\n\" data-medium-file=\"https:\/\/i0.wp.com\/agrund.com\/wp-content\/uploads\/sites\/6\/2014\/10\/herch_i15_0096.jpg?fit=200%2C300&amp;ssl=1\" data-large-file=\"https:\/\/i0.wp.com\/agrund.com\/wp-content\/uploads\/sites\/6\/2014\/10\/herch_i15_0096.jpg?fit=682%2C1024&amp;ssl=1\" decoding=\"async\" loading=\"lazy\" class=\" wp-image-114934  \" alt=\"Minas Trend :: Alexandre Herchcovicth outono-inverno 2015 \" src=\"https:\/\/i0.wp.com\/www.agrund.com\/wp-content\/uploads\/sites\/6\/2014\/10\/herch_i15_0096.jpg?resize=503%2C756\" width=\"503\" height=\"756\" srcset=\"https:\/\/i0.wp.com\/agrund.com\/wp-content\/uploads\/sites\/6\/2014\/10\/herch_i15_0096.jpg?w=799&amp;ssl=1 799w, https:\/\/i0.wp.com\/agrund.com\/wp-content\/uploads\/sites\/6\/2014\/10\/herch_i15_0096.jpg?resize=200%2C300&amp;ssl=1 200w, https:\/\/i0.wp.com\/agrund.com\/wp-content\/uploads\/sites\/6\/2014\/10\/herch_i15_0096.jpg?resize=682%2C1024&amp;ssl=1 682w\" sizes=\"(max-width: 503px) 100vw, 503px\" data-recalc-dims=\"1\" \/><\/a><p id=\"caption-attachment-114934\" class=\"wp-caption-text\">Minas Trend :: Alexandre Herchcovicth outono-inverno 2015<\/p><\/div>\n<p>&nbsp;<\/p>\n<p>Imagens: Divulga\u00e7\u00e3o\/Ag\u00eancia Fotosite.<\/p>\n<p>&nbsp;<\/p>\n<p>&nbsp;<\/p>\n<p>&nbsp;<\/p>\n<p>&nbsp;<\/p>\n<p>&nbsp;<\/p>\n<p>&nbsp;<\/p>\n<p>&nbsp;<\/p>\n<p>&nbsp;<\/p>\n","protected":false},"excerpt":{"rendered":"<p>Alexandre Herchcovitch decidiu exibir um preview do outono-inverno 2015 da sua marca hom\u00f4nima em um dos stands do Minas Trend. Mas parece que o estilista n\u00e3o ficou contente s\u00f3 com isso e armou um desfile dentro da programa\u00e7\u00e3o do evento para exibir o que est\u00e1 sendo comercializado pela grife na feira. Ao mesmo tempo a [&hellip;]<\/p>\n","protected":false},"author":8,"featured_media":114913,"comment_status":"open","ping_status":"open","sticky":false,"template":"","format":"standard","meta":{"jetpack_post_was_ever_published":false,"_jetpack_newsletter_access":"","jetpack_publicize_message":"Alexandre Herchcovitch d\u00e1 um gostinho do outono-inverno 2015 na passarela do #minastrend. Confira o desfile no link: http:\/\/wp.me\/p3Hz0n-tTh","jetpack_is_tweetstorm":false,"jetpack_publicize_feature_enabled":true,"jetpack_social_post_already_shared":true,"jetpack_social_options":{"image_generator_settings":{"template":"highway","enabled":false}}},"categories":[9,2],"tags":[],"jetpack_publicize_connections":[],"jetpack_featured_media_url":"https:\/\/i0.wp.com\/agrund.com\/wp-content\/uploads\/sites\/6\/2014\/10\/slide69.jpg?fit=960%2C300&ssl=1","jetpack_sharing_enabled":true,"jetpack_shortlink":"https:\/\/wp.me\/p3Hz0n-tTh","jetpack_likes_enabled":true,"_links":{"self":[{"href":"https:\/\/agrund.com\/index.php\/wp-json\/wp\/v2\/posts\/114903"}],"collection":[{"href":"https:\/\/agrund.com\/index.php\/wp-json\/wp\/v2\/posts"}],"about":[{"href":"https:\/\/agrund.com\/index.php\/wp-json\/wp\/v2\/types\/post"}],"author":[{"embeddable":true,"href":"https:\/\/agrund.com\/index.php\/wp-json\/wp\/v2\/users\/8"}],"replies":[{"embeddable":true,"href":"https:\/\/agrund.com\/index.php\/wp-json\/wp\/v2\/comments?post=114903"}],"version-history":[{"count":0,"href":"https:\/\/agrund.com\/index.php\/wp-json\/wp\/v2\/posts\/114903\/revisions"}],"wp:featuredmedia":[{"embeddable":true,"href":"https:\/\/agrund.com\/index.php\/wp-json\/wp\/v2\/media\/114913"}],"wp:attachment":[{"href":"https:\/\/agrund.com\/index.php\/wp-json\/wp\/v2\/media?parent=114903"}],"wp:term":[{"taxonomy":"category","embeddable":true,"href":"https:\/\/agrund.com\/index.php\/wp-json\/wp\/v2\/categories?post=114903"},{"taxonomy":"post_tag","embeddable":true,"href":"https:\/\/agrund.com\/index.php\/wp-json\/wp\/v2\/tags?post=114903"}],"curies":[{"name":"wp","href":"https:\/\/api.w.org\/{rel}","templated":true}]}}