{"id":114878,"date":"2014-10-08T21:09:37","date_gmt":"2014-10-09T00:09:37","guid":{"rendered":"http:\/\/www.agrund.com\/?p=114878"},"modified":"2014-10-08T22:17:47","modified_gmt":"2014-10-09T01:17:47","slug":"minas-trend-lucas-magalhaes-outono-inverno-2015","status":"publish","type":"post","link":"https:\/\/agrund.com\/index.php\/minas-trend-lucas-magalhaes-outono-inverno-2015\/","title":{"rendered":"Minas Trend :: Lucas Magalh\u00e3es outono-inverno 2015"},"content":{"rendered":"<p>Talento em Minas Gerais, Lucas Magalh\u00e3es volta a fazer bonito no outono-inverno 2015 com uma cole\u00e7\u00e3o em clima nordestino. O estilista mostrou uma moda feminina, elegante e sensual com vestidos acinturados levemente rodados e saias l\u00e1pis com pregas. Mas o destaque da esta\u00e7\u00e3o fica mesmo para a releitura da malha prene feita por Lucas e para as estampas &#8220;manchadas&#8221; com pegada artsy, para as imagens que lembram xilogravuras e para as padronagens craqueladas com refer\u00eancia ao ch\u00e3o batido.<\/p>\n<div id=\"attachment_114879\" style=\"width: 510px\" class=\"wp-caption aligncenter\"><a href=\"https:\/\/i0.wp.com\/www.agrund.com\/wp-content\/uploads\/sites\/6\/2014\/10\/lmag_i15_0002.jpg\"><img aria-describedby=\"caption-attachment-114879\" data-attachment-id=\"114879\" data-permalink=\"https:\/\/agrund.com\/index.php\/minas-trend-lucas-magalhaes-outono-inverno-2015\/lmag_i15_0002\/\" data-orig-file=\"https:\/\/i0.wp.com\/agrund.com\/wp-content\/uploads\/sites\/6\/2014\/10\/lmag_i15_0002.jpg?fit=500%2C751&amp;ssl=1\" data-orig-size=\"500,751\" data-comments-opened=\"1\" data-image-meta=\"{&quot;aperture&quot;:&quot;5.6&quot;,&quot;credit&quot;:&quot;&quot;,&quot;camera&quot;:&quot;NIKON D4&quot;,&quot;caption&quot;:&quot;&quot;,&quot;created_timestamp&quot;:&quot;1412795805&quot;,&quot;copyright&quot;:&quot;&quot;,&quot;focal_length&quot;:&quot;220&quot;,&quot;iso&quot;:&quot;1600&quot;,&quot;shutter_speed&quot;:&quot;0.002&quot;,&quot;title&quot;:&quot;&quot;,&quot;orientation&quot;:&quot;0&quot;}\" data-image-title=\"lmag_i15_0002\" data-image-description=\"\" data-image-caption=\"&lt;p&gt;Minas Trend :: Lucas Magalh\u00e3es outono-inverno 2015 &lt;\/p&gt;\n\" data-medium-file=\"https:\/\/i0.wp.com\/agrund.com\/wp-content\/uploads\/sites\/6\/2014\/10\/lmag_i15_0002.jpg?fit=200%2C300&amp;ssl=1\" data-large-file=\"https:\/\/i0.wp.com\/agrund.com\/wp-content\/uploads\/sites\/6\/2014\/10\/lmag_i15_0002.jpg?fit=500%2C751&amp;ssl=1\" decoding=\"async\" loading=\"lazy\" class=\"size-full wp-image-114879\" alt=\"Minas Trend :: Lucas Magalh\u00e3es outono-inverno 2015 \" src=\"https:\/\/i0.wp.com\/www.agrund.com\/wp-content\/uploads\/sites\/6\/2014\/10\/lmag_i15_0002.jpg?resize=500%2C751\" width=\"500\" height=\"751\" srcset=\"https:\/\/i0.wp.com\/agrund.com\/wp-content\/uploads\/sites\/6\/2014\/10\/lmag_i15_0002.jpg?w=500&amp;ssl=1 500w, https:\/\/i0.wp.com\/agrund.com\/wp-content\/uploads\/sites\/6\/2014\/10\/lmag_i15_0002.jpg?resize=200%2C300&amp;ssl=1 200w\" sizes=\"(max-width: 500px) 100vw, 500px\" data-recalc-dims=\"1\" \/><\/a><p id=\"caption-attachment-114879\" class=\"wp-caption-text\">Minas Trend :: Lucas Magalh\u00e3es outono-inverno 2015<\/p><\/div>\n<div id=\"attachment_114881\" style=\"width: 510px\" class=\"wp-caption aligncenter\"><a href=\"https:\/\/i0.wp.com\/www.agrund.com\/wp-content\/uploads\/sites\/6\/2014\/10\/lmag_i15_0006.jpg\"><img aria-describedby=\"caption-attachment-114881\" data-attachment-id=\"114881\" data-permalink=\"https:\/\/agrund.com\/index.php\/minas-trend-lucas-magalhaes-outono-inverno-2015\/lmag_i15_0006\/\" data-orig-file=\"https:\/\/i0.wp.com\/agrund.com\/wp-content\/uploads\/sites\/6\/2014\/10\/lmag_i15_0006.jpg?fit=500%2C751&amp;ssl=1\" data-orig-size=\"500,751\" data-comments-opened=\"1\" data-image-meta=\"{&quot;aperture&quot;:&quot;5.6&quot;,&quot;credit&quot;:&quot;&quot;,&quot;camera&quot;:&quot;NIKON D4&quot;,&quot;caption&quot;:&quot;&quot;,&quot;created_timestamp&quot;:&quot;1412795821&quot;,&quot;copyright&quot;:&quot;&quot;,&quot;focal_length&quot;:&quot;280&quot;,&quot;iso&quot;:&quot;1600&quot;,&quot;shutter_speed&quot;:&quot;0.0025&quot;,&quot;title&quot;:&quot;&quot;,&quot;orientation&quot;:&quot;0&quot;}\" data-image-title=\"lmag_i15_0006\" data-image-description=\"\" data-image-caption=\"&lt;p&gt;Minas Trend :: Lucas Magalh\u00e3es outono-inverno 2015 &lt;\/p&gt;\n\" data-medium-file=\"https:\/\/i0.wp.com\/agrund.com\/wp-content\/uploads\/sites\/6\/2014\/10\/lmag_i15_0006.jpg?fit=200%2C300&amp;ssl=1\" data-large-file=\"https:\/\/i0.wp.com\/agrund.com\/wp-content\/uploads\/sites\/6\/2014\/10\/lmag_i15_0006.jpg?fit=500%2C751&amp;ssl=1\" decoding=\"async\" loading=\"lazy\" class=\"size-full wp-image-114881\" alt=\"Minas Trend :: Lucas Magalh\u00e3es outono-inverno 2015 \" src=\"https:\/\/i0.wp.com\/www.agrund.com\/wp-content\/uploads\/sites\/6\/2014\/10\/lmag_i15_0006.jpg?resize=500%2C751\" width=\"500\" height=\"751\" srcset=\"https:\/\/i0.wp.com\/agrund.com\/wp-content\/uploads\/sites\/6\/2014\/10\/lmag_i15_0006.jpg?w=500&amp;ssl=1 500w, https:\/\/i0.wp.com\/agrund.com\/wp-content\/uploads\/sites\/6\/2014\/10\/lmag_i15_0006.jpg?resize=200%2C300&amp;ssl=1 200w\" sizes=\"(max-width: 500px) 100vw, 500px\" data-recalc-dims=\"1\" \/><\/a><p id=\"caption-attachment-114881\" class=\"wp-caption-text\">Minas Trend :: Lucas Magalh\u00e3es outono-inverno 2015<\/p><\/div>\n<div id=\"attachment_114882\" style=\"width: 510px\" class=\"wp-caption aligncenter\"><a href=\"https:\/\/i0.wp.com\/www.agrund.com\/wp-content\/uploads\/sites\/6\/2014\/10\/lmag_i15_0009.jpg\"><img aria-describedby=\"caption-attachment-114882\" data-attachment-id=\"114882\" data-permalink=\"https:\/\/agrund.com\/index.php\/minas-trend-lucas-magalhaes-outono-inverno-2015\/lmag_i15_0009\/\" data-orig-file=\"https:\/\/i0.wp.com\/agrund.com\/wp-content\/uploads\/sites\/6\/2014\/10\/lmag_i15_0009.jpg?fit=500%2C751&amp;ssl=1\" data-orig-size=\"500,751\" data-comments-opened=\"1\" data-image-meta=\"{&quot;aperture&quot;:&quot;5.6&quot;,&quot;credit&quot;:&quot;&quot;,&quot;camera&quot;:&quot;NIKON D4&quot;,&quot;caption&quot;:&quot;&quot;,&quot;created_timestamp&quot;:&quot;1412795836&quot;,&quot;copyright&quot;:&quot;&quot;,&quot;focal_length&quot;:&quot;290&quot;,&quot;iso&quot;:&quot;1600&quot;,&quot;shutter_speed&quot;:&quot;0.0025&quot;,&quot;title&quot;:&quot;&quot;,&quot;orientation&quot;:&quot;0&quot;}\" data-image-title=\"lmag_i15_0009\" data-image-description=\"\" data-image-caption=\"&lt;p&gt;Minas Trend :: Lucas Magalh\u00e3es outono-inverno 2015 &lt;\/p&gt;\n\" data-medium-file=\"https:\/\/i0.wp.com\/agrund.com\/wp-content\/uploads\/sites\/6\/2014\/10\/lmag_i15_0009.jpg?fit=200%2C300&amp;ssl=1\" data-large-file=\"https:\/\/i0.wp.com\/agrund.com\/wp-content\/uploads\/sites\/6\/2014\/10\/lmag_i15_0009.jpg?fit=500%2C751&amp;ssl=1\" decoding=\"async\" loading=\"lazy\" class=\"size-full wp-image-114882\" alt=\"Minas Trend :: Lucas Magalh\u00e3es outono-inverno 2015 \" src=\"https:\/\/i0.wp.com\/www.agrund.com\/wp-content\/uploads\/sites\/6\/2014\/10\/lmag_i15_0009.jpg?resize=500%2C751\" width=\"500\" height=\"751\" srcset=\"https:\/\/i0.wp.com\/agrund.com\/wp-content\/uploads\/sites\/6\/2014\/10\/lmag_i15_0009.jpg?w=500&amp;ssl=1 500w, https:\/\/i0.wp.com\/agrund.com\/wp-content\/uploads\/sites\/6\/2014\/10\/lmag_i15_0009.jpg?resize=200%2C300&amp;ssl=1 200w\" sizes=\"(max-width: 500px) 100vw, 500px\" data-recalc-dims=\"1\" \/><\/a><p id=\"caption-attachment-114882\" class=\"wp-caption-text\">Minas Trend :: Lucas Magalh\u00e3es outono-inverno 2015<\/p><\/div>\n<div id=\"attachment_114883\" style=\"width: 510px\" class=\"wp-caption aligncenter\"><a href=\"https:\/\/i0.wp.com\/www.agrund.com\/wp-content\/uploads\/sites\/6\/2014\/10\/lmag_i15_0013.jpg\"><img aria-describedby=\"caption-attachment-114883\" data-attachment-id=\"114883\" data-permalink=\"https:\/\/agrund.com\/index.php\/minas-trend-lucas-magalhaes-outono-inverno-2015\/lmag_i15_0013\/\" data-orig-file=\"https:\/\/i0.wp.com\/agrund.com\/wp-content\/uploads\/sites\/6\/2014\/10\/lmag_i15_0013.jpg?fit=500%2C751&amp;ssl=1\" data-orig-size=\"500,751\" data-comments-opened=\"1\" data-image-meta=\"{&quot;aperture&quot;:&quot;5.6&quot;,&quot;credit&quot;:&quot;&quot;,&quot;camera&quot;:&quot;NIKON D4&quot;,&quot;caption&quot;:&quot;&quot;,&quot;created_timestamp&quot;:&quot;1412795854&quot;,&quot;copyright&quot;:&quot;&quot;,&quot;focal_length&quot;:&quot;270&quot;,&quot;iso&quot;:&quot;1600&quot;,&quot;shutter_speed&quot;:&quot;0.0025&quot;,&quot;title&quot;:&quot;&quot;,&quot;orientation&quot;:&quot;0&quot;}\" data-image-title=\"lmag_i15_0013\" data-image-description=\"\" data-image-caption=\"&lt;p&gt;Minas Trend :: Lucas Magalh\u00e3es outono-inverno 2015 &lt;\/p&gt;\n\" data-medium-file=\"https:\/\/i0.wp.com\/agrund.com\/wp-content\/uploads\/sites\/6\/2014\/10\/lmag_i15_0013.jpg?fit=200%2C300&amp;ssl=1\" data-large-file=\"https:\/\/i0.wp.com\/agrund.com\/wp-content\/uploads\/sites\/6\/2014\/10\/lmag_i15_0013.jpg?fit=500%2C751&amp;ssl=1\" decoding=\"async\" loading=\"lazy\" class=\"size-full wp-image-114883\" alt=\"Minas Trend :: Lucas Magalh\u00e3es outono-inverno 2015 \" src=\"https:\/\/i0.wp.com\/www.agrund.com\/wp-content\/uploads\/sites\/6\/2014\/10\/lmag_i15_0013.jpg?resize=500%2C751\" width=\"500\" height=\"751\" srcset=\"https:\/\/i0.wp.com\/agrund.com\/wp-content\/uploads\/sites\/6\/2014\/10\/lmag_i15_0013.jpg?w=500&amp;ssl=1 500w, https:\/\/i0.wp.com\/agrund.com\/wp-content\/uploads\/sites\/6\/2014\/10\/lmag_i15_0013.jpg?resize=200%2C300&amp;ssl=1 200w\" sizes=\"(max-width: 500px) 100vw, 500px\" data-recalc-dims=\"1\" \/><\/a><p id=\"caption-attachment-114883\" class=\"wp-caption-text\">Minas Trend :: Lucas Magalh\u00e3es outono-inverno 2015<\/p><\/div>\n<div id=\"attachment_114884\" style=\"width: 510px\" class=\"wp-caption aligncenter\"><a href=\"https:\/\/i0.wp.com\/www.agrund.com\/wp-content\/uploads\/sites\/6\/2014\/10\/lmag_i15_0017.jpg\"><img aria-describedby=\"caption-attachment-114884\" data-attachment-id=\"114884\" data-permalink=\"https:\/\/agrund.com\/index.php\/minas-trend-lucas-magalhaes-outono-inverno-2015\/lmag_i15_0017\/\" data-orig-file=\"https:\/\/i0.wp.com\/agrund.com\/wp-content\/uploads\/sites\/6\/2014\/10\/lmag_i15_0017.jpg?fit=500%2C751&amp;ssl=1\" data-orig-size=\"500,751\" data-comments-opened=\"1\" data-image-meta=\"{&quot;aperture&quot;:&quot;5.6&quot;,&quot;credit&quot;:&quot;&quot;,&quot;camera&quot;:&quot;NIKON D4&quot;,&quot;caption&quot;:&quot;&quot;,&quot;created_timestamp&quot;:&quot;1412795872&quot;,&quot;copyright&quot;:&quot;&quot;,&quot;focal_length&quot;:&quot;280&quot;,&quot;iso&quot;:&quot;1600&quot;,&quot;shutter_speed&quot;:&quot;0.003125&quot;,&quot;title&quot;:&quot;&quot;,&quot;orientation&quot;:&quot;0&quot;}\" data-image-title=\"lmag_i15_0017\" data-image-description=\"\" data-image-caption=\"&lt;p&gt;Minas Trend :: Lucas Magalh\u00e3es outono-inverno 2015 &lt;\/p&gt;\n\" data-medium-file=\"https:\/\/i0.wp.com\/agrund.com\/wp-content\/uploads\/sites\/6\/2014\/10\/lmag_i15_0017.jpg?fit=200%2C300&amp;ssl=1\" data-large-file=\"https:\/\/i0.wp.com\/agrund.com\/wp-content\/uploads\/sites\/6\/2014\/10\/lmag_i15_0017.jpg?fit=500%2C751&amp;ssl=1\" decoding=\"async\" loading=\"lazy\" class=\"size-full wp-image-114884\" alt=\"Minas Trend :: Lucas Magalh\u00e3es outono-inverno 2015 \" src=\"https:\/\/i0.wp.com\/www.agrund.com\/wp-content\/uploads\/sites\/6\/2014\/10\/lmag_i15_0017.jpg?resize=500%2C751\" width=\"500\" height=\"751\" srcset=\"https:\/\/i0.wp.com\/agrund.com\/wp-content\/uploads\/sites\/6\/2014\/10\/lmag_i15_0017.jpg?w=500&amp;ssl=1 500w, https:\/\/i0.wp.com\/agrund.com\/wp-content\/uploads\/sites\/6\/2014\/10\/lmag_i15_0017.jpg?resize=200%2C300&amp;ssl=1 200w\" sizes=\"(max-width: 500px) 100vw, 500px\" data-recalc-dims=\"1\" \/><\/a><p id=\"caption-attachment-114884\" class=\"wp-caption-text\">Minas Trend :: Lucas Magalh\u00e3es outono-inverno 2015<\/p><\/div>\n<div id=\"attachment_114885\" style=\"width: 510px\" class=\"wp-caption aligncenter\"><a href=\"https:\/\/i0.wp.com\/www.agrund.com\/wp-content\/uploads\/sites\/6\/2014\/10\/lmag_i15_0021.jpg\"><img aria-describedby=\"caption-attachment-114885\" data-attachment-id=\"114885\" data-permalink=\"https:\/\/agrund.com\/index.php\/minas-trend-lucas-magalhaes-outono-inverno-2015\/lmag_i15_0021\/\" data-orig-file=\"https:\/\/i0.wp.com\/agrund.com\/wp-content\/uploads\/sites\/6\/2014\/10\/lmag_i15_0021.jpg?fit=500%2C751&amp;ssl=1\" data-orig-size=\"500,751\" data-comments-opened=\"1\" data-image-meta=\"{&quot;aperture&quot;:&quot;5.6&quot;,&quot;credit&quot;:&quot;&quot;,&quot;camera&quot;:&quot;NIKON D4&quot;,&quot;caption&quot;:&quot;&quot;,&quot;created_timestamp&quot;:&quot;1412795884&quot;,&quot;copyright&quot;:&quot;&quot;,&quot;focal_length&quot;:&quot;320&quot;,&quot;iso&quot;:&quot;1600&quot;,&quot;shutter_speed&quot;:&quot;0.003125&quot;,&quot;title&quot;:&quot;&quot;,&quot;orientation&quot;:&quot;0&quot;}\" data-image-title=\"lmag_i15_0021Minas Trend :: Lucas Magalh\u00e3es outono-inverno 2015 \" data-image-description=\"\" data-image-caption=\"&lt;p&gt;Minas Trend :: Lucas Magalh\u00e3es outono-inverno 2015 &lt;\/p&gt;\n\" data-medium-file=\"https:\/\/i0.wp.com\/agrund.com\/wp-content\/uploads\/sites\/6\/2014\/10\/lmag_i15_0021.jpg?fit=200%2C300&amp;ssl=1\" data-large-file=\"https:\/\/i0.wp.com\/agrund.com\/wp-content\/uploads\/sites\/6\/2014\/10\/lmag_i15_0021.jpg?fit=500%2C751&amp;ssl=1\" decoding=\"async\" loading=\"lazy\" class=\"size-full wp-image-114885\" alt=\"Minas Trend :: Lucas Magalh\u00e3es outono-inverno 2015 \" src=\"https:\/\/i0.wp.com\/www.agrund.com\/wp-content\/uploads\/sites\/6\/2014\/10\/lmag_i15_0021.jpg?resize=500%2C751\" width=\"500\" height=\"751\" srcset=\"https:\/\/i0.wp.com\/agrund.com\/wp-content\/uploads\/sites\/6\/2014\/10\/lmag_i15_0021.jpg?w=500&amp;ssl=1 500w, https:\/\/i0.wp.com\/agrund.com\/wp-content\/uploads\/sites\/6\/2014\/10\/lmag_i15_0021.jpg?resize=200%2C300&amp;ssl=1 200w\" sizes=\"(max-width: 500px) 100vw, 500px\" data-recalc-dims=\"1\" \/><\/a><p id=\"caption-attachment-114885\" class=\"wp-caption-text\">Minas Trend :: Lucas Magalh\u00e3es outono-inverno 2015<\/p><\/div>\n<div id=\"attachment_114886\" style=\"width: 510px\" class=\"wp-caption aligncenter\"><a href=\"https:\/\/i0.wp.com\/www.agrund.com\/wp-content\/uploads\/sites\/6\/2014\/10\/lmag_i15_0025.jpg\"><img aria-describedby=\"caption-attachment-114886\" data-attachment-id=\"114886\" data-permalink=\"https:\/\/agrund.com\/index.php\/minas-trend-lucas-magalhaes-outono-inverno-2015\/lmag_i15_0025\/\" data-orig-file=\"https:\/\/i0.wp.com\/agrund.com\/wp-content\/uploads\/sites\/6\/2014\/10\/lmag_i15_0025.jpg?fit=500%2C751&amp;ssl=1\" data-orig-size=\"500,751\" data-comments-opened=\"1\" data-image-meta=\"{&quot;aperture&quot;:&quot;5.6&quot;,&quot;credit&quot;:&quot;&quot;,&quot;camera&quot;:&quot;NIKON D4&quot;,&quot;caption&quot;:&quot;&quot;,&quot;created_timestamp&quot;:&quot;1412795902&quot;,&quot;copyright&quot;:&quot;&quot;,&quot;focal_length&quot;:&quot;350&quot;,&quot;iso&quot;:&quot;1600&quot;,&quot;shutter_speed&quot;:&quot;0.0025&quot;,&quot;title&quot;:&quot;&quot;,&quot;orientation&quot;:&quot;0&quot;}\" data-image-title=\"lmag_i15_0025\" data-image-description=\"\" data-image-caption=\"&lt;p&gt;Minas Trend :: Lucas Magalh\u00e3es outono-inverno 2015 &lt;\/p&gt;\n\" data-medium-file=\"https:\/\/i0.wp.com\/agrund.com\/wp-content\/uploads\/sites\/6\/2014\/10\/lmag_i15_0025.jpg?fit=200%2C300&amp;ssl=1\" data-large-file=\"https:\/\/i0.wp.com\/agrund.com\/wp-content\/uploads\/sites\/6\/2014\/10\/lmag_i15_0025.jpg?fit=500%2C751&amp;ssl=1\" decoding=\"async\" loading=\"lazy\" class=\"size-full wp-image-114886\" alt=\"Minas Trend :: Lucas Magalh\u00e3es outono-inverno 2015 \" src=\"https:\/\/i0.wp.com\/www.agrund.com\/wp-content\/uploads\/sites\/6\/2014\/10\/lmag_i15_0025.jpg?resize=500%2C751\" width=\"500\" height=\"751\" srcset=\"https:\/\/i0.wp.com\/agrund.com\/wp-content\/uploads\/sites\/6\/2014\/10\/lmag_i15_0025.jpg?w=500&amp;ssl=1 500w, https:\/\/i0.wp.com\/agrund.com\/wp-content\/uploads\/sites\/6\/2014\/10\/lmag_i15_0025.jpg?resize=200%2C300&amp;ssl=1 200w\" sizes=\"(max-width: 500px) 100vw, 500px\" data-recalc-dims=\"1\" \/><\/a><p id=\"caption-attachment-114886\" class=\"wp-caption-text\">Minas Trend :: Lucas Magalh\u00e3es outono-inverno 2015<\/p><\/div>\n<div id=\"attachment_114888\" style=\"width: 510px\" class=\"wp-caption aligncenter\"><a href=\"https:\/\/i0.wp.com\/www.agrund.com\/wp-content\/uploads\/sites\/6\/2014\/10\/lmag_i15_0033.jpg\"><img aria-describedby=\"caption-attachment-114888\" data-attachment-id=\"114888\" data-permalink=\"https:\/\/agrund.com\/index.php\/minas-trend-lucas-magalhaes-outono-inverno-2015\/lmag_i15_0033\/\" data-orig-file=\"https:\/\/i0.wp.com\/agrund.com\/wp-content\/uploads\/sites\/6\/2014\/10\/lmag_i15_0033.jpg?fit=500%2C751&amp;ssl=1\" data-orig-size=\"500,751\" data-comments-opened=\"1\" data-image-meta=\"{&quot;aperture&quot;:&quot;5.6&quot;,&quot;credit&quot;:&quot;&quot;,&quot;camera&quot;:&quot;NIKON D4&quot;,&quot;caption&quot;:&quot;&quot;,&quot;created_timestamp&quot;:&quot;1412795935&quot;,&quot;copyright&quot;:&quot;&quot;,&quot;focal_length&quot;:&quot;320&quot;,&quot;iso&quot;:&quot;1600&quot;,&quot;shutter_speed&quot;:&quot;0.0025&quot;,&quot;title&quot;:&quot;&quot;,&quot;orientation&quot;:&quot;0&quot;}\" data-image-title=\"lmag_i15_0033\" data-image-description=\"\" data-image-caption=\"&lt;p&gt;Minas Trend :: Lucas Magalh\u00e3es outono-inverno 2015 &lt;\/p&gt;\n\" data-medium-file=\"https:\/\/i0.wp.com\/agrund.com\/wp-content\/uploads\/sites\/6\/2014\/10\/lmag_i15_0033.jpg?fit=200%2C300&amp;ssl=1\" data-large-file=\"https:\/\/i0.wp.com\/agrund.com\/wp-content\/uploads\/sites\/6\/2014\/10\/lmag_i15_0033.jpg?fit=500%2C751&amp;ssl=1\" decoding=\"async\" loading=\"lazy\" class=\"size-full wp-image-114888\" alt=\"Minas Trend :: Lucas Magalh\u00e3es outono-inverno 2015 \" src=\"https:\/\/i0.wp.com\/www.agrund.com\/wp-content\/uploads\/sites\/6\/2014\/10\/lmag_i15_0033.jpg?resize=500%2C751\" width=\"500\" height=\"751\" srcset=\"https:\/\/i0.wp.com\/agrund.com\/wp-content\/uploads\/sites\/6\/2014\/10\/lmag_i15_0033.jpg?w=500&amp;ssl=1 500w, https:\/\/i0.wp.com\/agrund.com\/wp-content\/uploads\/sites\/6\/2014\/10\/lmag_i15_0033.jpg?resize=200%2C300&amp;ssl=1 200w\" sizes=\"(max-width: 500px) 100vw, 500px\" data-recalc-dims=\"1\" \/><\/a><p id=\"caption-attachment-114888\" class=\"wp-caption-text\">Minas Trend :: Lucas Magalh\u00e3es outono-inverno 2015<\/p><\/div>\n<div id=\"attachment_114889\" style=\"width: 510px\" class=\"wp-caption aligncenter\"><a href=\"https:\/\/i0.wp.com\/www.agrund.com\/wp-content\/uploads\/sites\/6\/2014\/10\/lmag_i15_0037.jpg\"><img aria-describedby=\"caption-attachment-114889\" data-attachment-id=\"114889\" data-permalink=\"https:\/\/agrund.com\/index.php\/minas-trend-lucas-magalhaes-outono-inverno-2015\/lmag_i15_0037\/\" data-orig-file=\"https:\/\/i0.wp.com\/agrund.com\/wp-content\/uploads\/sites\/6\/2014\/10\/lmag_i15_0037.jpg?fit=500%2C751&amp;ssl=1\" data-orig-size=\"500,751\" data-comments-opened=\"1\" data-image-meta=\"{&quot;aperture&quot;:&quot;5.6&quot;,&quot;credit&quot;:&quot;&quot;,&quot;camera&quot;:&quot;NIKON D4&quot;,&quot;caption&quot;:&quot;&quot;,&quot;created_timestamp&quot;:&quot;1412795951&quot;,&quot;copyright&quot;:&quot;&quot;,&quot;focal_length&quot;:&quot;240&quot;,&quot;iso&quot;:&quot;1600&quot;,&quot;shutter_speed&quot;:&quot;0.003125&quot;,&quot;title&quot;:&quot;&quot;,&quot;orientation&quot;:&quot;0&quot;}\" data-image-title=\"lmag_i15_0037\" data-image-description=\"\" data-image-caption=\"&lt;p&gt;Minas Trend :: Lucas Magalh\u00e3es outono-inverno 2015 &lt;\/p&gt;\n\" data-medium-file=\"https:\/\/i0.wp.com\/agrund.com\/wp-content\/uploads\/sites\/6\/2014\/10\/lmag_i15_0037.jpg?fit=200%2C300&amp;ssl=1\" data-large-file=\"https:\/\/i0.wp.com\/agrund.com\/wp-content\/uploads\/sites\/6\/2014\/10\/lmag_i15_0037.jpg?fit=500%2C751&amp;ssl=1\" decoding=\"async\" loading=\"lazy\" class=\"size-full wp-image-114889\" alt=\"Minas Trend :: Lucas Magalh\u00e3es outono-inverno 2015 \" src=\"https:\/\/i0.wp.com\/www.agrund.com\/wp-content\/uploads\/sites\/6\/2014\/10\/lmag_i15_0037.jpg?resize=500%2C751\" width=\"500\" height=\"751\" srcset=\"https:\/\/i0.wp.com\/agrund.com\/wp-content\/uploads\/sites\/6\/2014\/10\/lmag_i15_0037.jpg?w=500&amp;ssl=1 500w, https:\/\/i0.wp.com\/agrund.com\/wp-content\/uploads\/sites\/6\/2014\/10\/lmag_i15_0037.jpg?resize=200%2C300&amp;ssl=1 200w\" sizes=\"(max-width: 500px) 100vw, 500px\" data-recalc-dims=\"1\" \/><\/a><p id=\"caption-attachment-114889\" class=\"wp-caption-text\">Minas Trend :: Lucas Magalh\u00e3es outono-inverno 2015<\/p><\/div>\n<div id=\"attachment_114890\" style=\"width: 510px\" class=\"wp-caption aligncenter\"><a href=\"https:\/\/i0.wp.com\/www.agrund.com\/wp-content\/uploads\/sites\/6\/2014\/10\/lmag_i15_0041.jpg\"><img aria-describedby=\"caption-attachment-114890\" data-attachment-id=\"114890\" data-permalink=\"https:\/\/agrund.com\/index.php\/minas-trend-lucas-magalhaes-outono-inverno-2015\/lmag_i15_0041\/\" data-orig-file=\"https:\/\/i0.wp.com\/agrund.com\/wp-content\/uploads\/sites\/6\/2014\/10\/lmag_i15_0041.jpg?fit=500%2C751&amp;ssl=1\" data-orig-size=\"500,751\" data-comments-opened=\"1\" data-image-meta=\"{&quot;aperture&quot;:&quot;5.6&quot;,&quot;credit&quot;:&quot;&quot;,&quot;camera&quot;:&quot;NIKON D4&quot;,&quot;caption&quot;:&quot;&quot;,&quot;created_timestamp&quot;:&quot;1412795963&quot;,&quot;copyright&quot;:&quot;&quot;,&quot;focal_length&quot;:&quot;320&quot;,&quot;iso&quot;:&quot;1600&quot;,&quot;shutter_speed&quot;:&quot;0.003125&quot;,&quot;title&quot;:&quot;&quot;,&quot;orientation&quot;:&quot;0&quot;}\" data-image-title=\"lmag_i15_0041\" data-image-description=\"\" data-image-caption=\"&lt;p&gt;Minas Trend :: Lucas Magalh\u00e3es outono-inverno 2015 &lt;\/p&gt;\n\" data-medium-file=\"https:\/\/i0.wp.com\/agrund.com\/wp-content\/uploads\/sites\/6\/2014\/10\/lmag_i15_0041.jpg?fit=200%2C300&amp;ssl=1\" data-large-file=\"https:\/\/i0.wp.com\/agrund.com\/wp-content\/uploads\/sites\/6\/2014\/10\/lmag_i15_0041.jpg?fit=500%2C751&amp;ssl=1\" decoding=\"async\" loading=\"lazy\" class=\"size-full wp-image-114890\" alt=\"Minas Trend :: Lucas Magalh\u00e3es outono-inverno 2015 \" src=\"https:\/\/i0.wp.com\/www.agrund.com\/wp-content\/uploads\/sites\/6\/2014\/10\/lmag_i15_0041.jpg?resize=500%2C751\" width=\"500\" height=\"751\" srcset=\"https:\/\/i0.wp.com\/agrund.com\/wp-content\/uploads\/sites\/6\/2014\/10\/lmag_i15_0041.jpg?w=500&amp;ssl=1 500w, https:\/\/i0.wp.com\/agrund.com\/wp-content\/uploads\/sites\/6\/2014\/10\/lmag_i15_0041.jpg?resize=200%2C300&amp;ssl=1 200w\" sizes=\"(max-width: 500px) 100vw, 500px\" data-recalc-dims=\"1\" \/><\/a><p id=\"caption-attachment-114890\" class=\"wp-caption-text\">Minas Trend :: Lucas Magalh\u00e3es outono-inverno 2015<\/p><\/div>\n<div id=\"attachment_114891\" style=\"width: 510px\" class=\"wp-caption aligncenter\"><a href=\"https:\/\/i0.wp.com\/www.agrund.com\/wp-content\/uploads\/sites\/6\/2014\/10\/lmag_i15_0045.jpg\"><img aria-describedby=\"caption-attachment-114891\" data-attachment-id=\"114891\" data-permalink=\"https:\/\/agrund.com\/index.php\/minas-trend-lucas-magalhaes-outono-inverno-2015\/lmag_i15_0045\/\" data-orig-file=\"https:\/\/i0.wp.com\/agrund.com\/wp-content\/uploads\/sites\/6\/2014\/10\/lmag_i15_0045.jpg?fit=500%2C751&amp;ssl=1\" data-orig-size=\"500,751\" data-comments-opened=\"1\" data-image-meta=\"{&quot;aperture&quot;:&quot;5.6&quot;,&quot;credit&quot;:&quot;&quot;,&quot;camera&quot;:&quot;NIKON D4&quot;,&quot;caption&quot;:&quot;&quot;,&quot;created_timestamp&quot;:&quot;1412795977&quot;,&quot;copyright&quot;:&quot;&quot;,&quot;focal_length&quot;:&quot;360&quot;,&quot;iso&quot;:&quot;1600&quot;,&quot;shutter_speed&quot;:&quot;0.0025&quot;,&quot;title&quot;:&quot;&quot;,&quot;orientation&quot;:&quot;0&quot;}\" data-image-title=\"lmag_i15_0045\" data-image-description=\"\" data-image-caption=\"&lt;p&gt;Minas Trend :: Lucas Magalh\u00e3es outono-inverno 2015 &lt;\/p&gt;\n\" data-medium-file=\"https:\/\/i0.wp.com\/agrund.com\/wp-content\/uploads\/sites\/6\/2014\/10\/lmag_i15_0045.jpg?fit=200%2C300&amp;ssl=1\" data-large-file=\"https:\/\/i0.wp.com\/agrund.com\/wp-content\/uploads\/sites\/6\/2014\/10\/lmag_i15_0045.jpg?fit=500%2C751&amp;ssl=1\" decoding=\"async\" loading=\"lazy\" class=\"size-full wp-image-114891\" alt=\"Minas Trend :: Lucas Magalh\u00e3es outono-inverno 2015 \" src=\"https:\/\/i0.wp.com\/www.agrund.com\/wp-content\/uploads\/sites\/6\/2014\/10\/lmag_i15_0045.jpg?resize=500%2C751\" width=\"500\" height=\"751\" srcset=\"https:\/\/i0.wp.com\/agrund.com\/wp-content\/uploads\/sites\/6\/2014\/10\/lmag_i15_0045.jpg?w=500&amp;ssl=1 500w, https:\/\/i0.wp.com\/agrund.com\/wp-content\/uploads\/sites\/6\/2014\/10\/lmag_i15_0045.jpg?resize=200%2C300&amp;ssl=1 200w\" sizes=\"(max-width: 500px) 100vw, 500px\" data-recalc-dims=\"1\" \/><\/a><p id=\"caption-attachment-114891\" class=\"wp-caption-text\">Minas Trend :: Lucas Magalh\u00e3es outono-inverno 2015<\/p><\/div>\n<div id=\"attachment_114892\" style=\"width: 510px\" class=\"wp-caption aligncenter\"><a href=\"https:\/\/i0.wp.com\/www.agrund.com\/wp-content\/uploads\/sites\/6\/2014\/10\/lmag_i15_0049.jpg\"><img aria-describedby=\"caption-attachment-114892\" data-attachment-id=\"114892\" data-permalink=\"https:\/\/agrund.com\/index.php\/minas-trend-lucas-magalhaes-outono-inverno-2015\/lmag_i15_0049\/\" data-orig-file=\"https:\/\/i0.wp.com\/agrund.com\/wp-content\/uploads\/sites\/6\/2014\/10\/lmag_i15_0049.jpg?fit=500%2C751&amp;ssl=1\" data-orig-size=\"500,751\" data-comments-opened=\"1\" data-image-meta=\"{&quot;aperture&quot;:&quot;5.6&quot;,&quot;credit&quot;:&quot;&quot;,&quot;camera&quot;:&quot;NIKON D4&quot;,&quot;caption&quot;:&quot;&quot;,&quot;created_timestamp&quot;:&quot;1412795994&quot;,&quot;copyright&quot;:&quot;&quot;,&quot;focal_length&quot;:&quot;310&quot;,&quot;iso&quot;:&quot;1600&quot;,&quot;shutter_speed&quot;:&quot;0.0025&quot;,&quot;title&quot;:&quot;&quot;,&quot;orientation&quot;:&quot;0&quot;}\" data-image-title=\"lmag_i15_0049\" data-image-description=\"\" data-image-caption=\"&lt;p&gt;Minas Trend :: Lucas Magalh\u00e3es outono-inverno 2015 &lt;\/p&gt;\n\" data-medium-file=\"https:\/\/i0.wp.com\/agrund.com\/wp-content\/uploads\/sites\/6\/2014\/10\/lmag_i15_0049.jpg?fit=200%2C300&amp;ssl=1\" data-large-file=\"https:\/\/i0.wp.com\/agrund.com\/wp-content\/uploads\/sites\/6\/2014\/10\/lmag_i15_0049.jpg?fit=500%2C751&amp;ssl=1\" decoding=\"async\" loading=\"lazy\" class=\"size-full wp-image-114892\" alt=\"Minas Trend :: Lucas Magalh\u00e3es outono-inverno 2015 \" src=\"https:\/\/i0.wp.com\/www.agrund.com\/wp-content\/uploads\/sites\/6\/2014\/10\/lmag_i15_0049.jpg?resize=500%2C751\" width=\"500\" height=\"751\" srcset=\"https:\/\/i0.wp.com\/agrund.com\/wp-content\/uploads\/sites\/6\/2014\/10\/lmag_i15_0049.jpg?w=500&amp;ssl=1 500w, https:\/\/i0.wp.com\/agrund.com\/wp-content\/uploads\/sites\/6\/2014\/10\/lmag_i15_0049.jpg?resize=200%2C300&amp;ssl=1 200w\" sizes=\"(max-width: 500px) 100vw, 500px\" data-recalc-dims=\"1\" \/><\/a><p id=\"caption-attachment-114892\" class=\"wp-caption-text\">Minas Trend :: Lucas Magalh\u00e3es outono-inverno 2015<\/p><\/div>\n<div id=\"attachment_114897\" style=\"width: 510px\" class=\"wp-caption aligncenter\"><a href=\"https:\/\/i0.wp.com\/www.agrund.com\/wp-content\/uploads\/sites\/6\/2014\/10\/lmag_i15_0053.jpg\"><img aria-describedby=\"caption-attachment-114897\" data-attachment-id=\"114897\" data-permalink=\"https:\/\/agrund.com\/index.php\/minas-trend-lucas-magalhaes-outono-inverno-2015\/lmag_i15_0053\/\" data-orig-file=\"https:\/\/i0.wp.com\/agrund.com\/wp-content\/uploads\/sites\/6\/2014\/10\/lmag_i15_0053.jpg?fit=500%2C751&amp;ssl=1\" data-orig-size=\"500,751\" data-comments-opened=\"1\" data-image-meta=\"{&quot;aperture&quot;:&quot;5.6&quot;,&quot;credit&quot;:&quot;&quot;,&quot;camera&quot;:&quot;NIKON D4&quot;,&quot;caption&quot;:&quot;&quot;,&quot;created_timestamp&quot;:&quot;1412796010&quot;,&quot;copyright&quot;:&quot;&quot;,&quot;focal_length&quot;:&quot;330&quot;,&quot;iso&quot;:&quot;1600&quot;,&quot;shutter_speed&quot;:&quot;0.003125&quot;,&quot;title&quot;:&quot;&quot;,&quot;orientation&quot;:&quot;0&quot;}\" data-image-title=\"lmag_i15_0053\" data-image-description=\"\" data-image-caption=\"&lt;p&gt;Minas Trend :: Lucas Magalh\u00e3es outono-inverno 2015 &lt;\/p&gt;\n\" data-medium-file=\"https:\/\/i0.wp.com\/agrund.com\/wp-content\/uploads\/sites\/6\/2014\/10\/lmag_i15_0053.jpg?fit=200%2C300&amp;ssl=1\" data-large-file=\"https:\/\/i0.wp.com\/agrund.com\/wp-content\/uploads\/sites\/6\/2014\/10\/lmag_i15_0053.jpg?fit=500%2C751&amp;ssl=1\" decoding=\"async\" loading=\"lazy\" class=\"size-full wp-image-114897\" alt=\"Minas Trend :: Lucas Magalh\u00e3es outono-inverno 2015 \" src=\"https:\/\/i0.wp.com\/www.agrund.com\/wp-content\/uploads\/sites\/6\/2014\/10\/lmag_i15_0053.jpg?resize=500%2C751\" width=\"500\" height=\"751\" srcset=\"https:\/\/i0.wp.com\/agrund.com\/wp-content\/uploads\/sites\/6\/2014\/10\/lmag_i15_0053.jpg?w=500&amp;ssl=1 500w, https:\/\/i0.wp.com\/agrund.com\/wp-content\/uploads\/sites\/6\/2014\/10\/lmag_i15_0053.jpg?resize=200%2C300&amp;ssl=1 200w\" sizes=\"(max-width: 500px) 100vw, 500px\" data-recalc-dims=\"1\" \/><\/a><p id=\"caption-attachment-114897\" class=\"wp-caption-text\">Minas Trend :: Lucas Magalh\u00e3es outono-inverno 2015<\/p><\/div>\n<div id=\"attachment_114899\" style=\"width: 510px\" class=\"wp-caption aligncenter\"><a href=\"https:\/\/i0.wp.com\/www.agrund.com\/wp-content\/uploads\/sites\/6\/2014\/10\/lmag_i15_0057.jpg\"><img aria-describedby=\"caption-attachment-114899\" data-attachment-id=\"114899\" data-permalink=\"https:\/\/agrund.com\/index.php\/minas-trend-lucas-magalhaes-outono-inverno-2015\/lmag_i15_0057\/\" data-orig-file=\"https:\/\/i0.wp.com\/agrund.com\/wp-content\/uploads\/sites\/6\/2014\/10\/lmag_i15_0057.jpg?fit=500%2C751&amp;ssl=1\" data-orig-size=\"500,751\" data-comments-opened=\"1\" data-image-meta=\"{&quot;aperture&quot;:&quot;5.6&quot;,&quot;credit&quot;:&quot;&quot;,&quot;camera&quot;:&quot;NIKON D4&quot;,&quot;caption&quot;:&quot;&quot;,&quot;created_timestamp&quot;:&quot;1412796026&quot;,&quot;copyright&quot;:&quot;&quot;,&quot;focal_length&quot;:&quot;260&quot;,&quot;iso&quot;:&quot;1600&quot;,&quot;shutter_speed&quot;:&quot;0.0025&quot;,&quot;title&quot;:&quot;&quot;,&quot;orientation&quot;:&quot;0&quot;}\" data-image-title=\"lmag_i15_0057\" data-image-description=\"\" data-image-caption=\"&lt;p&gt;Minas Trend :: Lucas Magalh\u00e3es outono-inverno 2015 &lt;\/p&gt;\n\" data-medium-file=\"https:\/\/i0.wp.com\/agrund.com\/wp-content\/uploads\/sites\/6\/2014\/10\/lmag_i15_0057.jpg?fit=200%2C300&amp;ssl=1\" data-large-file=\"https:\/\/i0.wp.com\/agrund.com\/wp-content\/uploads\/sites\/6\/2014\/10\/lmag_i15_0057.jpg?fit=500%2C751&amp;ssl=1\" decoding=\"async\" loading=\"lazy\" class=\"size-full wp-image-114899\" alt=\"Minas Trend :: Lucas Magalh\u00e3es outono-inverno 2015 \" src=\"https:\/\/i0.wp.com\/www.agrund.com\/wp-content\/uploads\/sites\/6\/2014\/10\/lmag_i15_0057.jpg?resize=500%2C751\" width=\"500\" height=\"751\" srcset=\"https:\/\/i0.wp.com\/agrund.com\/wp-content\/uploads\/sites\/6\/2014\/10\/lmag_i15_0057.jpg?w=500&amp;ssl=1 500w, https:\/\/i0.wp.com\/agrund.com\/wp-content\/uploads\/sites\/6\/2014\/10\/lmag_i15_0057.jpg?resize=200%2C300&amp;ssl=1 200w\" sizes=\"(max-width: 500px) 100vw, 500px\" data-recalc-dims=\"1\" \/><\/a><p id=\"caption-attachment-114899\" class=\"wp-caption-text\">Minas Trend :: Lucas Magalh\u00e3es outono-inverno 2015<\/p><\/div>\n<div id=\"attachment_114900\" style=\"width: 510px\" class=\"wp-caption aligncenter\"><a href=\"https:\/\/i0.wp.com\/www.agrund.com\/wp-content\/uploads\/sites\/6\/2014\/10\/lmag_i15_0061.jpg\"><img aria-describedby=\"caption-attachment-114900\" data-attachment-id=\"114900\" data-permalink=\"https:\/\/agrund.com\/index.php\/minas-trend-lucas-magalhaes-outono-inverno-2015\/lmag_i15_0061\/\" data-orig-file=\"https:\/\/i0.wp.com\/agrund.com\/wp-content\/uploads\/sites\/6\/2014\/10\/lmag_i15_0061.jpg?fit=500%2C751&amp;ssl=1\" data-orig-size=\"500,751\" data-comments-opened=\"1\" data-image-meta=\"{&quot;aperture&quot;:&quot;5.6&quot;,&quot;credit&quot;:&quot;&quot;,&quot;camera&quot;:&quot;NIKON D4&quot;,&quot;caption&quot;:&quot;&quot;,&quot;created_timestamp&quot;:&quot;1412796041&quot;,&quot;copyright&quot;:&quot;&quot;,&quot;focal_length&quot;:&quot;290&quot;,&quot;iso&quot;:&quot;1600&quot;,&quot;shutter_speed&quot;:&quot;0.003125&quot;,&quot;title&quot;:&quot;&quot;,&quot;orientation&quot;:&quot;0&quot;}\" data-image-title=\"lmag_i15_0061\" data-image-description=\"\" data-image-caption=\"&lt;p&gt;Minas Trend :: Lucas Magalh\u00e3es outono-inverno 2015 &lt;\/p&gt;\n\" data-medium-file=\"https:\/\/i0.wp.com\/agrund.com\/wp-content\/uploads\/sites\/6\/2014\/10\/lmag_i15_0061.jpg?fit=200%2C300&amp;ssl=1\" data-large-file=\"https:\/\/i0.wp.com\/agrund.com\/wp-content\/uploads\/sites\/6\/2014\/10\/lmag_i15_0061.jpg?fit=500%2C751&amp;ssl=1\" decoding=\"async\" loading=\"lazy\" class=\"size-full wp-image-114900\" alt=\"Minas Trend :: Lucas Magalh\u00e3es outono-inverno 2015 \" src=\"https:\/\/i0.wp.com\/www.agrund.com\/wp-content\/uploads\/sites\/6\/2014\/10\/lmag_i15_0061.jpg?resize=500%2C751\" width=\"500\" height=\"751\" srcset=\"https:\/\/i0.wp.com\/agrund.com\/wp-content\/uploads\/sites\/6\/2014\/10\/lmag_i15_0061.jpg?w=500&amp;ssl=1 500w, https:\/\/i0.wp.com\/agrund.com\/wp-content\/uploads\/sites\/6\/2014\/10\/lmag_i15_0061.jpg?resize=200%2C300&amp;ssl=1 200w\" sizes=\"(max-width: 500px) 100vw, 500px\" data-recalc-dims=\"1\" \/><\/a><p id=\"caption-attachment-114900\" class=\"wp-caption-text\">Minas Trend :: Lucas Magalh\u00e3es outono-inverno 2015<\/p><\/div>\n<div id=\"attachment_114901\" style=\"width: 510px\" class=\"wp-caption aligncenter\"><a href=\"https:\/\/i0.wp.com\/www.agrund.com\/wp-content\/uploads\/sites\/6\/2014\/10\/lmag_i15_0065.jpg\"><img aria-describedby=\"caption-attachment-114901\" data-attachment-id=\"114901\" data-permalink=\"https:\/\/agrund.com\/index.php\/minas-trend-lucas-magalhaes-outono-inverno-2015\/lmag_i15_0065\/\" data-orig-file=\"https:\/\/i0.wp.com\/agrund.com\/wp-content\/uploads\/sites\/6\/2014\/10\/lmag_i15_0065.jpg?fit=500%2C751&amp;ssl=1\" data-orig-size=\"500,751\" data-comments-opened=\"1\" data-image-meta=\"{&quot;aperture&quot;:&quot;5.6&quot;,&quot;credit&quot;:&quot;&quot;,&quot;camera&quot;:&quot;NIKON D4&quot;,&quot;caption&quot;:&quot;&quot;,&quot;created_timestamp&quot;:&quot;1412796056&quot;,&quot;copyright&quot;:&quot;&quot;,&quot;focal_length&quot;:&quot;270&quot;,&quot;iso&quot;:&quot;1600&quot;,&quot;shutter_speed&quot;:&quot;0.0025&quot;,&quot;title&quot;:&quot;&quot;,&quot;orientation&quot;:&quot;0&quot;}\" data-image-title=\"lmag_i15_0065\" data-image-description=\"\" data-image-caption=\"&lt;p&gt;Minas Trend :: Lucas Magalh\u00e3es outono-inverno 2015 &lt;\/p&gt;\n\" data-medium-file=\"https:\/\/i0.wp.com\/agrund.com\/wp-content\/uploads\/sites\/6\/2014\/10\/lmag_i15_0065.jpg?fit=200%2C300&amp;ssl=1\" data-large-file=\"https:\/\/i0.wp.com\/agrund.com\/wp-content\/uploads\/sites\/6\/2014\/10\/lmag_i15_0065.jpg?fit=500%2C751&amp;ssl=1\" decoding=\"async\" loading=\"lazy\" class=\"size-full wp-image-114901\" alt=\"Minas Trend :: Lucas Magalh\u00e3es outono-inverno 2015 \" src=\"https:\/\/i0.wp.com\/www.agrund.com\/wp-content\/uploads\/sites\/6\/2014\/10\/lmag_i15_0065.jpg?resize=500%2C751\" width=\"500\" height=\"751\" srcset=\"https:\/\/i0.wp.com\/agrund.com\/wp-content\/uploads\/sites\/6\/2014\/10\/lmag_i15_0065.jpg?w=500&amp;ssl=1 500w, https:\/\/i0.wp.com\/agrund.com\/wp-content\/uploads\/sites\/6\/2014\/10\/lmag_i15_0065.jpg?resize=200%2C300&amp;ssl=1 200w\" sizes=\"(max-width: 500px) 100vw, 500px\" data-recalc-dims=\"1\" \/><\/a><p id=\"caption-attachment-114901\" class=\"wp-caption-text\">Minas Trend :: Lucas Magalh\u00e3es outono-inverno 2015<\/p><\/div>\n<div id=\"attachment_114917\" style=\"width: 510px\" class=\"wp-caption aligncenter\"><a href=\"https:\/\/i0.wp.com\/www.agrund.com\/wp-content\/uploads\/sites\/6\/2014\/10\/lmag_i15_0069.jpg\"><img aria-describedby=\"caption-attachment-114917\" data-attachment-id=\"114917\" data-permalink=\"https:\/\/agrund.com\/index.php\/minas-trend-lucas-magalhaes-outono-inverno-2015\/lmag_i15_0069\/\" data-orig-file=\"https:\/\/i0.wp.com\/agrund.com\/wp-content\/uploads\/sites\/6\/2014\/10\/lmag_i15_0069.jpg?fit=500%2C751&amp;ssl=1\" data-orig-size=\"500,751\" data-comments-opened=\"1\" data-image-meta=\"{&quot;aperture&quot;:&quot;5.6&quot;,&quot;credit&quot;:&quot;&quot;,&quot;camera&quot;:&quot;NIKON D4&quot;,&quot;caption&quot;:&quot;&quot;,&quot;created_timestamp&quot;:&quot;1412796071&quot;,&quot;copyright&quot;:&quot;&quot;,&quot;focal_length&quot;:&quot;270&quot;,&quot;iso&quot;:&quot;1600&quot;,&quot;shutter_speed&quot;:&quot;0.003125&quot;,&quot;title&quot;:&quot;&quot;,&quot;orientation&quot;:&quot;0&quot;}\" data-image-title=\"lmag_i15_0069\" data-image-description=\"\" data-image-caption=\"&lt;p&gt;Minas Trend :: Lucas Magalh\u00e3es outono-inverno 2015 &lt;\/p&gt;\n\" data-medium-file=\"https:\/\/i0.wp.com\/agrund.com\/wp-content\/uploads\/sites\/6\/2014\/10\/lmag_i15_0069.jpg?fit=200%2C300&amp;ssl=1\" data-large-file=\"https:\/\/i0.wp.com\/agrund.com\/wp-content\/uploads\/sites\/6\/2014\/10\/lmag_i15_0069.jpg?fit=500%2C751&amp;ssl=1\" decoding=\"async\" loading=\"lazy\" class=\"size-full wp-image-114917\" alt=\"Minas Trend :: Lucas Magalh\u00e3es outono-inverno 2015 \" src=\"https:\/\/i0.wp.com\/www.agrund.com\/wp-content\/uploads\/sites\/6\/2014\/10\/lmag_i15_0069.jpg?resize=500%2C751\" width=\"500\" height=\"751\" srcset=\"https:\/\/i0.wp.com\/agrund.com\/wp-content\/uploads\/sites\/6\/2014\/10\/lmag_i15_0069.jpg?w=500&amp;ssl=1 500w, https:\/\/i0.wp.com\/agrund.com\/wp-content\/uploads\/sites\/6\/2014\/10\/lmag_i15_0069.jpg?resize=200%2C300&amp;ssl=1 200w\" sizes=\"(max-width: 500px) 100vw, 500px\" data-recalc-dims=\"1\" \/><\/a><p id=\"caption-attachment-114917\" class=\"wp-caption-text\">Minas Trend :: Lucas Magalh\u00e3es outono-inverno 2015<\/p><\/div>\n<div id=\"attachment_114918\" style=\"width: 510px\" class=\"wp-caption aligncenter\"><a href=\"https:\/\/i0.wp.com\/www.agrund.com\/wp-content\/uploads\/sites\/6\/2014\/10\/lmag_i15_0073.jpg\"><img aria-describedby=\"caption-attachment-114918\" data-attachment-id=\"114918\" data-permalink=\"https:\/\/agrund.com\/index.php\/minas-trend-lucas-magalhaes-outono-inverno-2015\/lmag_i15_0073\/\" data-orig-file=\"https:\/\/i0.wp.com\/agrund.com\/wp-content\/uploads\/sites\/6\/2014\/10\/lmag_i15_0073.jpg?fit=500%2C751&amp;ssl=1\" data-orig-size=\"500,751\" data-comments-opened=\"1\" data-image-meta=\"{&quot;aperture&quot;:&quot;5.6&quot;,&quot;credit&quot;:&quot;&quot;,&quot;camera&quot;:&quot;NIKON D4&quot;,&quot;caption&quot;:&quot;&quot;,&quot;created_timestamp&quot;:&quot;1412796085&quot;,&quot;copyright&quot;:&quot;&quot;,&quot;focal_length&quot;:&quot;290&quot;,&quot;iso&quot;:&quot;1600&quot;,&quot;shutter_speed&quot;:&quot;0.0025&quot;,&quot;title&quot;:&quot;&quot;,&quot;orientation&quot;:&quot;0&quot;}\" data-image-title=\"lmag_i15_0073\" data-image-description=\"\" data-image-caption=\"&lt;p&gt;Minas Trend :: Lucas Magalh\u00e3es outono-inverno 2015 &lt;\/p&gt;\n\" data-medium-file=\"https:\/\/i0.wp.com\/agrund.com\/wp-content\/uploads\/sites\/6\/2014\/10\/lmag_i15_0073.jpg?fit=200%2C300&amp;ssl=1\" data-large-file=\"https:\/\/i0.wp.com\/agrund.com\/wp-content\/uploads\/sites\/6\/2014\/10\/lmag_i15_0073.jpg?fit=500%2C751&amp;ssl=1\" decoding=\"async\" loading=\"lazy\" class=\"size-full wp-image-114918\" alt=\"Minas Trend :: Lucas Magalh\u00e3es outono-inverno 2015 \" src=\"https:\/\/i0.wp.com\/www.agrund.com\/wp-content\/uploads\/sites\/6\/2014\/10\/lmag_i15_0073.jpg?resize=500%2C751\" width=\"500\" height=\"751\" srcset=\"https:\/\/i0.wp.com\/agrund.com\/wp-content\/uploads\/sites\/6\/2014\/10\/lmag_i15_0073.jpg?w=500&amp;ssl=1 500w, https:\/\/i0.wp.com\/agrund.com\/wp-content\/uploads\/sites\/6\/2014\/10\/lmag_i15_0073.jpg?resize=200%2C300&amp;ssl=1 200w\" sizes=\"(max-width: 500px) 100vw, 500px\" data-recalc-dims=\"1\" \/><\/a><p id=\"caption-attachment-114918\" class=\"wp-caption-text\">Minas Trend :: Lucas Magalh\u00e3es outono-inverno 2015<\/p><\/div>\n<div id=\"attachment_114919\" style=\"width: 510px\" class=\"wp-caption aligncenter\"><a href=\"https:\/\/i0.wp.com\/www.agrund.com\/wp-content\/uploads\/sites\/6\/2014\/10\/lmag_i15_0077.jpg\"><img aria-describedby=\"caption-attachment-114919\" data-attachment-id=\"114919\" data-permalink=\"https:\/\/agrund.com\/index.php\/minas-trend-lucas-magalhaes-outono-inverno-2015\/lmag_i15_0077\/\" data-orig-file=\"https:\/\/i0.wp.com\/agrund.com\/wp-content\/uploads\/sites\/6\/2014\/10\/lmag_i15_0077.jpg?fit=500%2C751&amp;ssl=1\" data-orig-size=\"500,751\" data-comments-opened=\"1\" data-image-meta=\"{&quot;aperture&quot;:&quot;5.6&quot;,&quot;credit&quot;:&quot;&quot;,&quot;camera&quot;:&quot;NIKON D4&quot;,&quot;caption&quot;:&quot;&quot;,&quot;created_timestamp&quot;:&quot;1412796100&quot;,&quot;copyright&quot;:&quot;&quot;,&quot;focal_length&quot;:&quot;310&quot;,&quot;iso&quot;:&quot;1600&quot;,&quot;shutter_speed&quot;:&quot;0.0025&quot;,&quot;title&quot;:&quot;&quot;,&quot;orientation&quot;:&quot;0&quot;}\" data-image-title=\"lmag_i15_0077\" data-image-description=\"\" data-image-caption=\"&lt;p&gt;Minas Trend :: Lucas Magalh\u00e3es outono-inverno 2015 &lt;\/p&gt;\n\" data-medium-file=\"https:\/\/i0.wp.com\/agrund.com\/wp-content\/uploads\/sites\/6\/2014\/10\/lmag_i15_0077.jpg?fit=200%2C300&amp;ssl=1\" data-large-file=\"https:\/\/i0.wp.com\/agrund.com\/wp-content\/uploads\/sites\/6\/2014\/10\/lmag_i15_0077.jpg?fit=500%2C751&amp;ssl=1\" decoding=\"async\" loading=\"lazy\" class=\"size-full wp-image-114919\" alt=\"Minas Trend :: Lucas Magalh\u00e3es outono-inverno 2015 \" src=\"https:\/\/i0.wp.com\/www.agrund.com\/wp-content\/uploads\/sites\/6\/2014\/10\/lmag_i15_0077.jpg?resize=500%2C751\" width=\"500\" height=\"751\" srcset=\"https:\/\/i0.wp.com\/agrund.com\/wp-content\/uploads\/sites\/6\/2014\/10\/lmag_i15_0077.jpg?w=500&amp;ssl=1 500w, https:\/\/i0.wp.com\/agrund.com\/wp-content\/uploads\/sites\/6\/2014\/10\/lmag_i15_0077.jpg?resize=200%2C300&amp;ssl=1 200w\" sizes=\"(max-width: 500px) 100vw, 500px\" data-recalc-dims=\"1\" \/><\/a><p id=\"caption-attachment-114919\" class=\"wp-caption-text\">Minas Trend :: Lucas Magalh\u00e3es outono-inverno 2015<\/p><\/div>\n<p>&nbsp;<\/p>\n<p>Imagens: Divulga\u00e7\u00e3o\/Ag\u00eancia Fotosite.<\/p>\n<p>&nbsp;<\/p>\n<p>&nbsp;<\/p>\n<p>&nbsp;<\/p>\n<p>&nbsp;<\/p>\n<p>&nbsp;<\/p>\n<p>&nbsp;<\/p>\n<p>&nbsp;<\/p>\n<p>&nbsp;<\/p>\n<p>&nbsp;<\/p>\n<p>&nbsp;<\/p>\n<p>&nbsp;<\/p>\n<p>&nbsp;<\/p>\n<p>&nbsp;<\/p>\n<p>&nbsp;<\/p>\n<p>&nbsp;<\/p>\n","protected":false},"excerpt":{"rendered":"<p>Talento em Minas Gerais, Lucas Magalh\u00e3es volta a fazer bonito no outono-inverno 2015 com uma cole\u00e7\u00e3o em clima nordestino. O estilista mostrou uma moda feminina, elegante e sensual com vestidos acinturados levemente rodados e saias l\u00e1pis com pregas. Mas o destaque da esta\u00e7\u00e3o fica mesmo para a releitura da malha prene feita por Lucas e [&hellip;]<\/p>\n","protected":false},"author":8,"featured_media":114893,"comment_status":"open","ping_status":"open","sticky":false,"template":"","format":"standard","meta":{"jetpack_post_was_ever_published":false,"_jetpack_newsletter_access":"","jetpack_publicize_message":"Veja as fotos do inverno 2015 da Lucas Magalh\u00e3es que acaba de desfilar no #minastrend: http:\/\/wp.me\/p3Hz0n-tSS","jetpack_is_tweetstorm":false,"jetpack_publicize_feature_enabled":true,"jetpack_social_post_already_shared":true,"jetpack_social_options":{"image_generator_settings":{"template":"highway","enabled":false}}},"categories":[9,2],"tags":[],"jetpack_publicize_connections":[],"jetpack_featured_media_url":"https:\/\/i0.wp.com\/agrund.com\/wp-content\/uploads\/sites\/6\/2014\/10\/slide68.jpg?fit=960%2C300&ssl=1","jetpack_sharing_enabled":true,"jetpack_shortlink":"https:\/\/wp.me\/p3Hz0n-tSS","jetpack_likes_enabled":true,"_links":{"self":[{"href":"https:\/\/agrund.com\/index.php\/wp-json\/wp\/v2\/posts\/114878"}],"collection":[{"href":"https:\/\/agrund.com\/index.php\/wp-json\/wp\/v2\/posts"}],"about":[{"href":"https:\/\/agrund.com\/index.php\/wp-json\/wp\/v2\/types\/post"}],"author":[{"embeddable":true,"href":"https:\/\/agrund.com\/index.php\/wp-json\/wp\/v2\/users\/8"}],"replies":[{"embeddable":true,"href":"https:\/\/agrund.com\/index.php\/wp-json\/wp\/v2\/comments?post=114878"}],"version-history":[{"count":0,"href":"https:\/\/agrund.com\/index.php\/wp-json\/wp\/v2\/posts\/114878\/revisions"}],"wp:featuredmedia":[{"embeddable":true,"href":"https:\/\/agrund.com\/index.php\/wp-json\/wp\/v2\/media\/114893"}],"wp:attachment":[{"href":"https:\/\/agrund.com\/index.php\/wp-json\/wp\/v2\/media?parent=114878"}],"wp:term":[{"taxonomy":"category","embeddable":true,"href":"https:\/\/agrund.com\/index.php\/wp-json\/wp\/v2\/categories?post=114878"},{"taxonomy":"post_tag","embeddable":true,"href":"https:\/\/agrund.com\/index.php\/wp-json\/wp\/v2\/tags?post=114878"}],"curies":[{"name":"wp","href":"https:\/\/api.w.org\/{rel}","templated":true}]}}