{"id":114872,"date":"2014-10-08T20:18:20","date_gmt":"2014-10-08T23:18:20","guid":{"rendered":"http:\/\/www.agrund.com\/?p=114872"},"modified":"2014-10-08T20:18:25","modified_gmt":"2014-10-08T23:18:25","slug":"minas-trend-plural-outono-inverno-2015-2","status":"publish","type":"post","link":"https:\/\/agrund.com\/index.php\/minas-trend-plural-outono-inverno-2015-2\/","title":{"rendered":"Minas Trend :: Plural outono-inverno 2015"},"content":{"rendered":"<p>A Plural tenta dar uma escalada no quesito estilo no outono-inverno 2015 com uma cole\u00e7\u00e3o inspirada no explorador e naturalista escoc\u00eas John Muir. A ideia de praticar montanhismo e a refer\u00eancia nos tr\u00eas picos mais altos do mundo abriram espa\u00e7o para Glaucia Froes e Leticia Le\u00e3o (diretora e respons\u00e1vel pelo estilo da marca respectivamente) criarem roupas quentinhas com espa\u00e7o para casacos e sobreposi\u00e7\u00e3o de pe\u00e7as em tecidos como o neoprene e o matelass\u00ea \u2013 detalhe que busca lembrar a sinuosidade das montanhas.<\/p>\n<p>Nas cores, o branco traz a neve no alto dos grandes montes \u00e0 tona, o vermelho aquece e o cinza faz um link com o clima urbano (especialmente nas estampas digitais de montanhas). E \u00e9 claro que como boa refer\u00eancia escocesa que se preze n\u00e3o poderiam faltar saias, pe\u00e7a que vem sobre leggings de tric\u00f4 na proposta da grife.<\/p>\n<div id=\"attachment_114849\" style=\"width: 510px\" class=\"wp-caption aligncenter\"><a href=\"https:\/\/i0.wp.com\/www.agrund.com\/wp-content\/uploads\/sites\/6\/2014\/10\/plur_i15_001.jpg\"><img aria-describedby=\"caption-attachment-114849\" data-attachment-id=\"114849\" data-permalink=\"https:\/\/agrund.com\/plur_i15_001\/\" data-orig-file=\"https:\/\/i0.wp.com\/agrund.com\/wp-content\/uploads\/sites\/6\/2014\/10\/plur_i15_001.jpg?fit=500%2C751&amp;ssl=1\" data-orig-size=\"500,751\" data-comments-opened=\"1\" data-image-meta=\"{&quot;aperture&quot;:&quot;5.6&quot;,&quot;credit&quot;:&quot;&quot;,&quot;camera&quot;:&quot;NIKON D4&quot;,&quot;caption&quot;:&quot;&quot;,&quot;created_timestamp&quot;:&quot;1412789045&quot;,&quot;copyright&quot;:&quot;&quot;,&quot;focal_length&quot;:&quot;195&quot;,&quot;iso&quot;:&quot;1600&quot;,&quot;shutter_speed&quot;:&quot;0.0025&quot;,&quot;title&quot;:&quot;&quot;,&quot;orientation&quot;:&quot;0&quot;}\" data-image-title=\"plur_i15_001\" data-image-description=\"\" data-image-caption=\"&lt;p&gt;Minas Trend :: Plural outono-inverno 2015 &lt;\/p&gt;\n\" data-medium-file=\"https:\/\/i0.wp.com\/agrund.com\/wp-content\/uploads\/sites\/6\/2014\/10\/plur_i15_001.jpg?fit=200%2C300&amp;ssl=1\" data-large-file=\"https:\/\/i0.wp.com\/agrund.com\/wp-content\/uploads\/sites\/6\/2014\/10\/plur_i15_001.jpg?fit=500%2C751&amp;ssl=1\" decoding=\"async\" loading=\"lazy\" class=\"size-full wp-image-114849\" alt=\"Minas Trend :: Plural outono-inverno 2015 \" src=\"https:\/\/i0.wp.com\/www.agrund.com\/wp-content\/uploads\/sites\/6\/2014\/10\/plur_i15_001.jpg?resize=500%2C751\" width=\"500\" height=\"751\" srcset=\"https:\/\/i0.wp.com\/agrund.com\/wp-content\/uploads\/sites\/6\/2014\/10\/plur_i15_001.jpg?w=500&amp;ssl=1 500w, https:\/\/i0.wp.com\/agrund.com\/wp-content\/uploads\/sites\/6\/2014\/10\/plur_i15_001.jpg?resize=200%2C300&amp;ssl=1 200w\" sizes=\"(max-width: 500px) 100vw, 500px\" data-recalc-dims=\"1\" \/><\/a><p id=\"caption-attachment-114849\" class=\"wp-caption-text\">Minas Trend :: Plural outono-inverno 2015<\/p><\/div>\n<div id=\"attachment_114850\" style=\"width: 510px\" class=\"wp-caption aligncenter\"><a href=\"https:\/\/i0.wp.com\/www.agrund.com\/wp-content\/uploads\/sites\/6\/2014\/10\/plur_i15_002.jpg\"><img aria-describedby=\"caption-attachment-114850\" data-attachment-id=\"114850\" data-permalink=\"https:\/\/agrund.com\/plur_i15_002\/\" data-orig-file=\"https:\/\/i0.wp.com\/agrund.com\/wp-content\/uploads\/sites\/6\/2014\/10\/plur_i15_002.jpg?fit=500%2C751&amp;ssl=1\" data-orig-size=\"500,751\" data-comments-opened=\"1\" data-image-meta=\"{&quot;aperture&quot;:&quot;5.6&quot;,&quot;credit&quot;:&quot;&quot;,&quot;camera&quot;:&quot;NIKON D4&quot;,&quot;caption&quot;:&quot;&quot;,&quot;created_timestamp&quot;:&quot;1412789059&quot;,&quot;copyright&quot;:&quot;&quot;,&quot;focal_length&quot;:&quot;300&quot;,&quot;iso&quot;:&quot;1600&quot;,&quot;shutter_speed&quot;:&quot;0.002&quot;,&quot;title&quot;:&quot;&quot;,&quot;orientation&quot;:&quot;0&quot;}\" data-image-title=\"plur_i15_002\" data-image-description=\"\" data-image-caption=\"&lt;p&gt;Minas Trend :: Plural outono-inverno 2015 &lt;\/p&gt;\n\" data-medium-file=\"https:\/\/i0.wp.com\/agrund.com\/wp-content\/uploads\/sites\/6\/2014\/10\/plur_i15_002.jpg?fit=200%2C300&amp;ssl=1\" data-large-file=\"https:\/\/i0.wp.com\/agrund.com\/wp-content\/uploads\/sites\/6\/2014\/10\/plur_i15_002.jpg?fit=500%2C751&amp;ssl=1\" decoding=\"async\" loading=\"lazy\" class=\"size-full wp-image-114850\" alt=\"Minas Trend :: Plural outono-inverno 2015 \" src=\"https:\/\/i0.wp.com\/www.agrund.com\/wp-content\/uploads\/sites\/6\/2014\/10\/plur_i15_002.jpg?resize=500%2C751\" width=\"500\" height=\"751\" srcset=\"https:\/\/i0.wp.com\/agrund.com\/wp-content\/uploads\/sites\/6\/2014\/10\/plur_i15_002.jpg?w=500&amp;ssl=1 500w, https:\/\/i0.wp.com\/agrund.com\/wp-content\/uploads\/sites\/6\/2014\/10\/plur_i15_002.jpg?resize=200%2C300&amp;ssl=1 200w\" sizes=\"(max-width: 500px) 100vw, 500px\" data-recalc-dims=\"1\" \/><\/a><p id=\"caption-attachment-114850\" class=\"wp-caption-text\">Minas Trend :: Plural outono-inverno 2015<\/p><\/div>\n<div id=\"attachment_114851\" style=\"width: 510px\" class=\"wp-caption aligncenter\"><a href=\"https:\/\/i0.wp.com\/www.agrund.com\/wp-content\/uploads\/sites\/6\/2014\/10\/plur_i15_009.jpg\"><img aria-describedby=\"caption-attachment-114851\" data-attachment-id=\"114851\" data-permalink=\"https:\/\/agrund.com\/plur_i15_009\/\" data-orig-file=\"https:\/\/i0.wp.com\/agrund.com\/wp-content\/uploads\/sites\/6\/2014\/10\/plur_i15_009.jpg?fit=500%2C751&amp;ssl=1\" data-orig-size=\"500,751\" data-comments-opened=\"1\" data-image-meta=\"{&quot;aperture&quot;:&quot;5.6&quot;,&quot;credit&quot;:&quot;&quot;,&quot;camera&quot;:&quot;NIKON D4&quot;,&quot;caption&quot;:&quot;&quot;,&quot;created_timestamp&quot;:&quot;1412789079&quot;,&quot;copyright&quot;:&quot;&quot;,&quot;focal_length&quot;:&quot;260&quot;,&quot;iso&quot;:&quot;1600&quot;,&quot;shutter_speed&quot;:&quot;0.002&quot;,&quot;title&quot;:&quot;&quot;,&quot;orientation&quot;:&quot;0&quot;}\" data-image-title=\"plur_i15_009\" data-image-description=\"\" data-image-caption=\"&lt;p&gt;Minas Trend :: Plural outono-inverno 2015 &lt;\/p&gt;\n\" data-medium-file=\"https:\/\/i0.wp.com\/agrund.com\/wp-content\/uploads\/sites\/6\/2014\/10\/plur_i15_009.jpg?fit=200%2C300&amp;ssl=1\" data-large-file=\"https:\/\/i0.wp.com\/agrund.com\/wp-content\/uploads\/sites\/6\/2014\/10\/plur_i15_009.jpg?fit=500%2C751&amp;ssl=1\" decoding=\"async\" loading=\"lazy\" class=\"size-full wp-image-114851\" alt=\"Minas Trend :: Plural outono-inverno 2015 \" src=\"https:\/\/i0.wp.com\/www.agrund.com\/wp-content\/uploads\/sites\/6\/2014\/10\/plur_i15_009.jpg?resize=500%2C751\" width=\"500\" height=\"751\" srcset=\"https:\/\/i0.wp.com\/agrund.com\/wp-content\/uploads\/sites\/6\/2014\/10\/plur_i15_009.jpg?w=500&amp;ssl=1 500w, https:\/\/i0.wp.com\/agrund.com\/wp-content\/uploads\/sites\/6\/2014\/10\/plur_i15_009.jpg?resize=200%2C300&amp;ssl=1 200w\" sizes=\"(max-width: 500px) 100vw, 500px\" data-recalc-dims=\"1\" \/><\/a><p id=\"caption-attachment-114851\" class=\"wp-caption-text\">Minas Trend :: Plural outono-inverno 2015<\/p><\/div>\n<div id=\"attachment_114852\" style=\"width: 510px\" class=\"wp-caption aligncenter\"><a href=\"https:\/\/i0.wp.com\/www.agrund.com\/wp-content\/uploads\/sites\/6\/2014\/10\/plur_i15_012.jpg\"><img aria-describedby=\"caption-attachment-114852\" data-attachment-id=\"114852\" data-permalink=\"https:\/\/agrund.com\/plur_i15_012\/\" data-orig-file=\"https:\/\/i0.wp.com\/agrund.com\/wp-content\/uploads\/sites\/6\/2014\/10\/plur_i15_012.jpg?fit=500%2C751&amp;ssl=1\" data-orig-size=\"500,751\" data-comments-opened=\"1\" data-image-meta=\"{&quot;aperture&quot;:&quot;5.6&quot;,&quot;credit&quot;:&quot;&quot;,&quot;camera&quot;:&quot;NIKON D4&quot;,&quot;caption&quot;:&quot;&quot;,&quot;created_timestamp&quot;:&quot;1412789090&quot;,&quot;copyright&quot;:&quot;&quot;,&quot;focal_length&quot;:&quot;240&quot;,&quot;iso&quot;:&quot;1600&quot;,&quot;shutter_speed&quot;:&quot;0.002&quot;,&quot;title&quot;:&quot;&quot;,&quot;orientation&quot;:&quot;0&quot;}\" data-image-title=\"plur_i15_012\" data-image-description=\"\" data-image-caption=\"&lt;p&gt;Minas Trend :: Plural outono-inverno 2015 &lt;\/p&gt;\n\" data-medium-file=\"https:\/\/i0.wp.com\/agrund.com\/wp-content\/uploads\/sites\/6\/2014\/10\/plur_i15_012.jpg?fit=200%2C300&amp;ssl=1\" data-large-file=\"https:\/\/i0.wp.com\/agrund.com\/wp-content\/uploads\/sites\/6\/2014\/10\/plur_i15_012.jpg?fit=500%2C751&amp;ssl=1\" decoding=\"async\" loading=\"lazy\" class=\"size-full wp-image-114852\" alt=\"Minas Trend :: Plural outono-inverno 2015 \" src=\"https:\/\/i0.wp.com\/www.agrund.com\/wp-content\/uploads\/sites\/6\/2014\/10\/plur_i15_012.jpg?resize=500%2C751\" width=\"500\" height=\"751\" srcset=\"https:\/\/i0.wp.com\/agrund.com\/wp-content\/uploads\/sites\/6\/2014\/10\/plur_i15_012.jpg?w=500&amp;ssl=1 500w, https:\/\/i0.wp.com\/agrund.com\/wp-content\/uploads\/sites\/6\/2014\/10\/plur_i15_012.jpg?resize=200%2C300&amp;ssl=1 200w\" sizes=\"(max-width: 500px) 100vw, 500px\" data-recalc-dims=\"1\" \/><\/a><p id=\"caption-attachment-114852\" class=\"wp-caption-text\">Minas Trend :: Plural outono-inverno 2015<\/p><\/div>\n<div id=\"attachment_114853\" style=\"width: 510px\" class=\"wp-caption aligncenter\"><a href=\"https:\/\/i0.wp.com\/www.agrund.com\/wp-content\/uploads\/sites\/6\/2014\/10\/plur_i15_015.jpg\"><img aria-describedby=\"caption-attachment-114853\" data-attachment-id=\"114853\" data-permalink=\"https:\/\/agrund.com\/plur_i15_015\/\" data-orig-file=\"https:\/\/i0.wp.com\/agrund.com\/wp-content\/uploads\/sites\/6\/2014\/10\/plur_i15_015.jpg?fit=500%2C751&amp;ssl=1\" data-orig-size=\"500,751\" data-comments-opened=\"1\" data-image-meta=\"{&quot;aperture&quot;:&quot;5.6&quot;,&quot;credit&quot;:&quot;&quot;,&quot;camera&quot;:&quot;NIKON D4&quot;,&quot;caption&quot;:&quot;&quot;,&quot;created_timestamp&quot;:&quot;1412789102&quot;,&quot;copyright&quot;:&quot;&quot;,&quot;focal_length&quot;:&quot;270&quot;,&quot;iso&quot;:&quot;1600&quot;,&quot;shutter_speed&quot;:&quot;0.0015625&quot;,&quot;title&quot;:&quot;&quot;,&quot;orientation&quot;:&quot;0&quot;}\" data-image-title=\"plur_i15_015\" data-image-description=\"\" data-image-caption=\"&lt;p&gt;Minas Trend :: Plural outono-inverno 2015 &lt;\/p&gt;\n\" data-medium-file=\"https:\/\/i0.wp.com\/agrund.com\/wp-content\/uploads\/sites\/6\/2014\/10\/plur_i15_015.jpg?fit=200%2C300&amp;ssl=1\" data-large-file=\"https:\/\/i0.wp.com\/agrund.com\/wp-content\/uploads\/sites\/6\/2014\/10\/plur_i15_015.jpg?fit=500%2C751&amp;ssl=1\" decoding=\"async\" loading=\"lazy\" class=\"size-full wp-image-114853\" alt=\"Minas Trend :: Plural outono-inverno 2015 \" src=\"https:\/\/i0.wp.com\/www.agrund.com\/wp-content\/uploads\/sites\/6\/2014\/10\/plur_i15_015.jpg?resize=500%2C751\" width=\"500\" height=\"751\" srcset=\"https:\/\/i0.wp.com\/agrund.com\/wp-content\/uploads\/sites\/6\/2014\/10\/plur_i15_015.jpg?w=500&amp;ssl=1 500w, https:\/\/i0.wp.com\/agrund.com\/wp-content\/uploads\/sites\/6\/2014\/10\/plur_i15_015.jpg?resize=200%2C300&amp;ssl=1 200w\" sizes=\"(max-width: 500px) 100vw, 500px\" data-recalc-dims=\"1\" \/><\/a><p id=\"caption-attachment-114853\" class=\"wp-caption-text\">Minas Trend :: Plural outono-inverno 2015<\/p><\/div>\n<div id=\"attachment_114854\" style=\"width: 510px\" class=\"wp-caption aligncenter\"><a href=\"https:\/\/i0.wp.com\/www.agrund.com\/wp-content\/uploads\/sites\/6\/2014\/10\/plur_i15_019.jpg\"><img aria-describedby=\"caption-attachment-114854\" data-attachment-id=\"114854\" data-permalink=\"https:\/\/agrund.com\/plur_i15_019\/\" data-orig-file=\"https:\/\/i0.wp.com\/agrund.com\/wp-content\/uploads\/sites\/6\/2014\/10\/plur_i15_019.jpg?fit=500%2C751&amp;ssl=1\" data-orig-size=\"500,751\" data-comments-opened=\"1\" data-image-meta=\"{&quot;aperture&quot;:&quot;5.6&quot;,&quot;credit&quot;:&quot;&quot;,&quot;camera&quot;:&quot;NIKON D4&quot;,&quot;caption&quot;:&quot;&quot;,&quot;created_timestamp&quot;:&quot;1412789117&quot;,&quot;copyright&quot;:&quot;&quot;,&quot;focal_length&quot;:&quot;320&quot;,&quot;iso&quot;:&quot;1600&quot;,&quot;shutter_speed&quot;:&quot;0.002&quot;,&quot;title&quot;:&quot;&quot;,&quot;orientation&quot;:&quot;0&quot;}\" data-image-title=\"plur_i15_019\" data-image-description=\"\" data-image-caption=\"&lt;p&gt;Minas Trend :: Plural outono-inverno 2015 &lt;\/p&gt;\n\" data-medium-file=\"https:\/\/i0.wp.com\/agrund.com\/wp-content\/uploads\/sites\/6\/2014\/10\/plur_i15_019.jpg?fit=200%2C300&amp;ssl=1\" data-large-file=\"https:\/\/i0.wp.com\/agrund.com\/wp-content\/uploads\/sites\/6\/2014\/10\/plur_i15_019.jpg?fit=500%2C751&amp;ssl=1\" decoding=\"async\" loading=\"lazy\" class=\"size-full wp-image-114854\" alt=\"Minas Trend :: Plural outono-inverno 2015 \" src=\"https:\/\/i0.wp.com\/www.agrund.com\/wp-content\/uploads\/sites\/6\/2014\/10\/plur_i15_019.jpg?resize=500%2C751\" width=\"500\" height=\"751\" srcset=\"https:\/\/i0.wp.com\/agrund.com\/wp-content\/uploads\/sites\/6\/2014\/10\/plur_i15_019.jpg?w=500&amp;ssl=1 500w, https:\/\/i0.wp.com\/agrund.com\/wp-content\/uploads\/sites\/6\/2014\/10\/plur_i15_019.jpg?resize=200%2C300&amp;ssl=1 200w\" sizes=\"(max-width: 500px) 100vw, 500px\" data-recalc-dims=\"1\" \/><\/a><p id=\"caption-attachment-114854\" class=\"wp-caption-text\">Minas Trend :: Plural outono-inverno 2015<\/p><\/div>\n<div id=\"attachment_114856\" style=\"width: 510px\" class=\"wp-caption aligncenter\"><a href=\"https:\/\/i0.wp.com\/www.agrund.com\/wp-content\/uploads\/sites\/6\/2014\/10\/plur_i15_026.jpg\"><img aria-describedby=\"caption-attachment-114856\" data-attachment-id=\"114856\" data-permalink=\"https:\/\/agrund.com\/plur_i15_026\/\" data-orig-file=\"https:\/\/i0.wp.com\/agrund.com\/wp-content\/uploads\/sites\/6\/2014\/10\/plur_i15_026.jpg?fit=500%2C751&amp;ssl=1\" data-orig-size=\"500,751\" data-comments-opened=\"1\" data-image-meta=\"{&quot;aperture&quot;:&quot;5.6&quot;,&quot;credit&quot;:&quot;&quot;,&quot;camera&quot;:&quot;NIKON D4&quot;,&quot;caption&quot;:&quot;&quot;,&quot;created_timestamp&quot;:&quot;1412789147&quot;,&quot;copyright&quot;:&quot;&quot;,&quot;focal_length&quot;:&quot;340&quot;,&quot;iso&quot;:&quot;1600&quot;,&quot;shutter_speed&quot;:&quot;0.002&quot;,&quot;title&quot;:&quot;&quot;,&quot;orientation&quot;:&quot;0&quot;}\" data-image-title=\"plur_i15_026\" data-image-description=\"\" data-image-caption=\"&lt;p&gt;Minas Trend :: Plural outono-inverno 2015 &lt;\/p&gt;\n\" data-medium-file=\"https:\/\/i0.wp.com\/agrund.com\/wp-content\/uploads\/sites\/6\/2014\/10\/plur_i15_026.jpg?fit=200%2C300&amp;ssl=1\" data-large-file=\"https:\/\/i0.wp.com\/agrund.com\/wp-content\/uploads\/sites\/6\/2014\/10\/plur_i15_026.jpg?fit=500%2C751&amp;ssl=1\" decoding=\"async\" loading=\"lazy\" class=\"size-full wp-image-114856\" alt=\"Minas Trend :: Plural outono-inverno 2015 \" src=\"https:\/\/i0.wp.com\/www.agrund.com\/wp-content\/uploads\/sites\/6\/2014\/10\/plur_i15_026.jpg?resize=500%2C751\" width=\"500\" height=\"751\" srcset=\"https:\/\/i0.wp.com\/agrund.com\/wp-content\/uploads\/sites\/6\/2014\/10\/plur_i15_026.jpg?w=500&amp;ssl=1 500w, https:\/\/i0.wp.com\/agrund.com\/wp-content\/uploads\/sites\/6\/2014\/10\/plur_i15_026.jpg?resize=200%2C300&amp;ssl=1 200w\" sizes=\"(max-width: 500px) 100vw, 500px\" data-recalc-dims=\"1\" \/><\/a><p id=\"caption-attachment-114856\" class=\"wp-caption-text\">Minas Trend :: Plural outono-inverno 2015<\/p><\/div>\n<div id=\"attachment_114857\" style=\"width: 510px\" class=\"wp-caption aligncenter\"><a href=\"https:\/\/i0.wp.com\/www.agrund.com\/wp-content\/uploads\/sites\/6\/2014\/10\/plur_i15_030.jpg\"><img aria-describedby=\"caption-attachment-114857\" data-attachment-id=\"114857\" data-permalink=\"https:\/\/agrund.com\/plur_i15_030\/\" data-orig-file=\"https:\/\/i0.wp.com\/agrund.com\/wp-content\/uploads\/sites\/6\/2014\/10\/plur_i15_030.jpg?fit=500%2C751&amp;ssl=1\" data-orig-size=\"500,751\" data-comments-opened=\"1\" data-image-meta=\"{&quot;aperture&quot;:&quot;5.6&quot;,&quot;credit&quot;:&quot;&quot;,&quot;camera&quot;:&quot;NIKON D4&quot;,&quot;caption&quot;:&quot;&quot;,&quot;created_timestamp&quot;:&quot;1412789164&quot;,&quot;copyright&quot;:&quot;&quot;,&quot;focal_length&quot;:&quot;310&quot;,&quot;iso&quot;:&quot;1600&quot;,&quot;shutter_speed&quot;:&quot;0.002&quot;,&quot;title&quot;:&quot;&quot;,&quot;orientation&quot;:&quot;0&quot;}\" data-image-title=\"plur_i15_030\" data-image-description=\"\" data-image-caption=\"&lt;p&gt;Minas Trend :: Plural outono-inverno 2015 &lt;\/p&gt;\n\" data-medium-file=\"https:\/\/i0.wp.com\/agrund.com\/wp-content\/uploads\/sites\/6\/2014\/10\/plur_i15_030.jpg?fit=200%2C300&amp;ssl=1\" data-large-file=\"https:\/\/i0.wp.com\/agrund.com\/wp-content\/uploads\/sites\/6\/2014\/10\/plur_i15_030.jpg?fit=500%2C751&amp;ssl=1\" decoding=\"async\" loading=\"lazy\" class=\"size-full wp-image-114857\" alt=\"Minas Trend :: Plural outono-inverno 2015 \" src=\"https:\/\/i0.wp.com\/www.agrund.com\/wp-content\/uploads\/sites\/6\/2014\/10\/plur_i15_030.jpg?resize=500%2C751\" width=\"500\" height=\"751\" srcset=\"https:\/\/i0.wp.com\/agrund.com\/wp-content\/uploads\/sites\/6\/2014\/10\/plur_i15_030.jpg?w=500&amp;ssl=1 500w, https:\/\/i0.wp.com\/agrund.com\/wp-content\/uploads\/sites\/6\/2014\/10\/plur_i15_030.jpg?resize=200%2C300&amp;ssl=1 200w\" sizes=\"(max-width: 500px) 100vw, 500px\" data-recalc-dims=\"1\" \/><\/a><p id=\"caption-attachment-114857\" class=\"wp-caption-text\">Minas Trend :: Plural outono-inverno 2015<\/p><\/div>\n<div id=\"attachment_114858\" style=\"width: 510px\" class=\"wp-caption aligncenter\"><a href=\"https:\/\/i0.wp.com\/www.agrund.com\/wp-content\/uploads\/sites\/6\/2014\/10\/plur_i15_034.jpg\"><img aria-describedby=\"caption-attachment-114858\" data-attachment-id=\"114858\" data-permalink=\"https:\/\/agrund.com\/plur_i15_034\/\" data-orig-file=\"https:\/\/i0.wp.com\/agrund.com\/wp-content\/uploads\/sites\/6\/2014\/10\/plur_i15_034.jpg?fit=500%2C751&amp;ssl=1\" data-orig-size=\"500,751\" data-comments-opened=\"1\" data-image-meta=\"{&quot;aperture&quot;:&quot;5.6&quot;,&quot;credit&quot;:&quot;&quot;,&quot;camera&quot;:&quot;NIKON D4&quot;,&quot;caption&quot;:&quot;&quot;,&quot;created_timestamp&quot;:&quot;1412789176&quot;,&quot;copyright&quot;:&quot;&quot;,&quot;focal_length&quot;:&quot;340&quot;,&quot;iso&quot;:&quot;1600&quot;,&quot;shutter_speed&quot;:&quot;0.002&quot;,&quot;title&quot;:&quot;&quot;,&quot;orientation&quot;:&quot;0&quot;}\" data-image-title=\"plur_i15_034\" data-image-description=\"\" data-image-caption=\"&lt;p&gt;Minas Trend :: Plural outono-inverno 2015 &lt;\/p&gt;\n\" data-medium-file=\"https:\/\/i0.wp.com\/agrund.com\/wp-content\/uploads\/sites\/6\/2014\/10\/plur_i15_034.jpg?fit=200%2C300&amp;ssl=1\" data-large-file=\"https:\/\/i0.wp.com\/agrund.com\/wp-content\/uploads\/sites\/6\/2014\/10\/plur_i15_034.jpg?fit=500%2C751&amp;ssl=1\" decoding=\"async\" loading=\"lazy\" class=\"size-full wp-image-114858\" alt=\"Minas Trend :: Plural outono-inverno 2015 \" src=\"https:\/\/i0.wp.com\/www.agrund.com\/wp-content\/uploads\/sites\/6\/2014\/10\/plur_i15_034.jpg?resize=500%2C751\" width=\"500\" height=\"751\" srcset=\"https:\/\/i0.wp.com\/agrund.com\/wp-content\/uploads\/sites\/6\/2014\/10\/plur_i15_034.jpg?w=500&amp;ssl=1 500w, https:\/\/i0.wp.com\/agrund.com\/wp-content\/uploads\/sites\/6\/2014\/10\/plur_i15_034.jpg?resize=200%2C300&amp;ssl=1 200w\" sizes=\"(max-width: 500px) 100vw, 500px\" data-recalc-dims=\"1\" \/><\/a><p id=\"caption-attachment-114858\" class=\"wp-caption-text\">Minas Trend :: Plural outono-inverno 2015<\/p><\/div>\n<div id=\"attachment_114859\" style=\"width: 510px\" class=\"wp-caption aligncenter\"><a href=\"https:\/\/i0.wp.com\/www.agrund.com\/wp-content\/uploads\/sites\/6\/2014\/10\/plur_i15_038.jpg\"><img aria-describedby=\"caption-attachment-114859\" data-attachment-id=\"114859\" data-permalink=\"https:\/\/agrund.com\/plur_i15_038\/\" data-orig-file=\"https:\/\/i0.wp.com\/agrund.com\/wp-content\/uploads\/sites\/6\/2014\/10\/plur_i15_038.jpg?fit=500%2C751&amp;ssl=1\" data-orig-size=\"500,751\" data-comments-opened=\"1\" data-image-meta=\"{&quot;aperture&quot;:&quot;5.6&quot;,&quot;credit&quot;:&quot;&quot;,&quot;camera&quot;:&quot;NIKON D4&quot;,&quot;caption&quot;:&quot;&quot;,&quot;created_timestamp&quot;:&quot;1412789193&quot;,&quot;copyright&quot;:&quot;&quot;,&quot;focal_length&quot;:&quot;230&quot;,&quot;iso&quot;:&quot;1600&quot;,&quot;shutter_speed&quot;:&quot;0.002&quot;,&quot;title&quot;:&quot;&quot;,&quot;orientation&quot;:&quot;0&quot;}\" data-image-title=\"plur_i15_038\" data-image-description=\"\" data-image-caption=\"&lt;p&gt;Minas Trend :: Plural outono-inverno 2015 &lt;\/p&gt;\n\" data-medium-file=\"https:\/\/i0.wp.com\/agrund.com\/wp-content\/uploads\/sites\/6\/2014\/10\/plur_i15_038.jpg?fit=200%2C300&amp;ssl=1\" data-large-file=\"https:\/\/i0.wp.com\/agrund.com\/wp-content\/uploads\/sites\/6\/2014\/10\/plur_i15_038.jpg?fit=500%2C751&amp;ssl=1\" decoding=\"async\" loading=\"lazy\" class=\"size-full wp-image-114859\" alt=\"Minas Trend :: Plural outono-inverno 2015 \" src=\"https:\/\/i0.wp.com\/www.agrund.com\/wp-content\/uploads\/sites\/6\/2014\/10\/plur_i15_038.jpg?resize=500%2C751\" width=\"500\" height=\"751\" srcset=\"https:\/\/i0.wp.com\/agrund.com\/wp-content\/uploads\/sites\/6\/2014\/10\/plur_i15_038.jpg?w=500&amp;ssl=1 500w, https:\/\/i0.wp.com\/agrund.com\/wp-content\/uploads\/sites\/6\/2014\/10\/plur_i15_038.jpg?resize=200%2C300&amp;ssl=1 200w\" sizes=\"(max-width: 500px) 100vw, 500px\" data-recalc-dims=\"1\" \/><\/a><p id=\"caption-attachment-114859\" class=\"wp-caption-text\">Minas Trend :: Plural outono-inverno 2015<\/p><\/div>\n<div id=\"attachment_114860\" style=\"width: 510px\" class=\"wp-caption aligncenter\"><a href=\"https:\/\/i0.wp.com\/www.agrund.com\/wp-content\/uploads\/sites\/6\/2014\/10\/plur_i15_043.jpg\"><img aria-describedby=\"caption-attachment-114860\" data-attachment-id=\"114860\" data-permalink=\"https:\/\/agrund.com\/plur_i15_043\/\" data-orig-file=\"https:\/\/i0.wp.com\/agrund.com\/wp-content\/uploads\/sites\/6\/2014\/10\/plur_i15_043.jpg?fit=500%2C751&amp;ssl=1\" data-orig-size=\"500,751\" data-comments-opened=\"1\" data-image-meta=\"{&quot;aperture&quot;:&quot;5.6&quot;,&quot;credit&quot;:&quot;&quot;,&quot;camera&quot;:&quot;NIKON D4&quot;,&quot;caption&quot;:&quot;&quot;,&quot;created_timestamp&quot;:&quot;1412789209&quot;,&quot;copyright&quot;:&quot;&quot;,&quot;focal_length&quot;:&quot;260&quot;,&quot;iso&quot;:&quot;1600&quot;,&quot;shutter_speed&quot;:&quot;0.0025&quot;,&quot;title&quot;:&quot;&quot;,&quot;orientation&quot;:&quot;0&quot;}\" data-image-title=\"plur_i15_043\" data-image-description=\"\" data-image-caption=\"&lt;p&gt;Minas Trend :: Plural outono-inverno 2015 &lt;\/p&gt;\n\" data-medium-file=\"https:\/\/i0.wp.com\/agrund.com\/wp-content\/uploads\/sites\/6\/2014\/10\/plur_i15_043.jpg?fit=200%2C300&amp;ssl=1\" data-large-file=\"https:\/\/i0.wp.com\/agrund.com\/wp-content\/uploads\/sites\/6\/2014\/10\/plur_i15_043.jpg?fit=500%2C751&amp;ssl=1\" decoding=\"async\" loading=\"lazy\" class=\"size-full wp-image-114860\" alt=\"Minas Trend :: Plural outono-inverno 2015 \" src=\"https:\/\/i0.wp.com\/www.agrund.com\/wp-content\/uploads\/sites\/6\/2014\/10\/plur_i15_043.jpg?resize=500%2C751\" width=\"500\" height=\"751\" srcset=\"https:\/\/i0.wp.com\/agrund.com\/wp-content\/uploads\/sites\/6\/2014\/10\/plur_i15_043.jpg?w=500&amp;ssl=1 500w, https:\/\/i0.wp.com\/agrund.com\/wp-content\/uploads\/sites\/6\/2014\/10\/plur_i15_043.jpg?resize=200%2C300&amp;ssl=1 200w\" sizes=\"(max-width: 500px) 100vw, 500px\" data-recalc-dims=\"1\" \/><\/a><p id=\"caption-attachment-114860\" class=\"wp-caption-text\">Minas Trend :: Plural outono-inverno 2015<\/p><\/div>\n<div id=\"attachment_114861\" style=\"width: 510px\" class=\"wp-caption aligncenter\"><a href=\"https:\/\/i0.wp.com\/www.agrund.com\/wp-content\/uploads\/sites\/6\/2014\/10\/plur_i15_046.jpg\"><img aria-describedby=\"caption-attachment-114861\" data-attachment-id=\"114861\" data-permalink=\"https:\/\/agrund.com\/plur_i15_046\/\" data-orig-file=\"https:\/\/i0.wp.com\/agrund.com\/wp-content\/uploads\/sites\/6\/2014\/10\/plur_i15_046.jpg?fit=500%2C751&amp;ssl=1\" data-orig-size=\"500,751\" data-comments-opened=\"1\" data-image-meta=\"{&quot;aperture&quot;:&quot;5.6&quot;,&quot;credit&quot;:&quot;&quot;,&quot;camera&quot;:&quot;NIKON D4&quot;,&quot;caption&quot;:&quot;&quot;,&quot;created_timestamp&quot;:&quot;1412789221&quot;,&quot;copyright&quot;:&quot;&quot;,&quot;focal_length&quot;:&quot;330&quot;,&quot;iso&quot;:&quot;1600&quot;,&quot;shutter_speed&quot;:&quot;0.002&quot;,&quot;title&quot;:&quot;&quot;,&quot;orientation&quot;:&quot;0&quot;}\" data-image-title=\"plur_i15_046\" data-image-description=\"\" data-image-caption=\"&lt;p&gt;Minas Trend :: Plural outono-inverno 2015 &lt;\/p&gt;\n\" data-medium-file=\"https:\/\/i0.wp.com\/agrund.com\/wp-content\/uploads\/sites\/6\/2014\/10\/plur_i15_046.jpg?fit=200%2C300&amp;ssl=1\" data-large-file=\"https:\/\/i0.wp.com\/agrund.com\/wp-content\/uploads\/sites\/6\/2014\/10\/plur_i15_046.jpg?fit=500%2C751&amp;ssl=1\" decoding=\"async\" loading=\"lazy\" class=\"size-full wp-image-114861\" alt=\"Minas Trend :: Plural outono-inverno 2015 \" src=\"https:\/\/i0.wp.com\/www.agrund.com\/wp-content\/uploads\/sites\/6\/2014\/10\/plur_i15_046.jpg?resize=500%2C751\" width=\"500\" height=\"751\" srcset=\"https:\/\/i0.wp.com\/agrund.com\/wp-content\/uploads\/sites\/6\/2014\/10\/plur_i15_046.jpg?w=500&amp;ssl=1 500w, https:\/\/i0.wp.com\/agrund.com\/wp-content\/uploads\/sites\/6\/2014\/10\/plur_i15_046.jpg?resize=200%2C300&amp;ssl=1 200w\" sizes=\"(max-width: 500px) 100vw, 500px\" data-recalc-dims=\"1\" \/><\/a><p id=\"caption-attachment-114861\" class=\"wp-caption-text\">Minas Trend :: Plural outono-inverno 2015<\/p><\/div>\n<div id=\"attachment_114862\" style=\"width: 510px\" class=\"wp-caption aligncenter\"><a href=\"https:\/\/i0.wp.com\/www.agrund.com\/wp-content\/uploads\/sites\/6\/2014\/10\/plur_i15_050.jpg\"><img aria-describedby=\"caption-attachment-114862\" data-attachment-id=\"114862\" data-permalink=\"https:\/\/agrund.com\/plur_i15_050\/\" data-orig-file=\"https:\/\/i0.wp.com\/agrund.com\/wp-content\/uploads\/sites\/6\/2014\/10\/plur_i15_050.jpg?fit=500%2C751&amp;ssl=1\" data-orig-size=\"500,751\" data-comments-opened=\"1\" data-image-meta=\"{&quot;aperture&quot;:&quot;5.6&quot;,&quot;credit&quot;:&quot;&quot;,&quot;camera&quot;:&quot;NIKON D4&quot;,&quot;caption&quot;:&quot;&quot;,&quot;created_timestamp&quot;:&quot;1412789238&quot;,&quot;copyright&quot;:&quot;&quot;,&quot;focal_length&quot;:&quot;220&quot;,&quot;iso&quot;:&quot;1600&quot;,&quot;shutter_speed&quot;:&quot;0.002&quot;,&quot;title&quot;:&quot;&quot;,&quot;orientation&quot;:&quot;0&quot;}\" data-image-title=\"plur_i15_050\" data-image-description=\"\" data-image-caption=\"&lt;p&gt;Minas Trend :: Plural outono-inverno 2015 &lt;\/p&gt;\n\" data-medium-file=\"https:\/\/i0.wp.com\/agrund.com\/wp-content\/uploads\/sites\/6\/2014\/10\/plur_i15_050.jpg?fit=200%2C300&amp;ssl=1\" data-large-file=\"https:\/\/i0.wp.com\/agrund.com\/wp-content\/uploads\/sites\/6\/2014\/10\/plur_i15_050.jpg?fit=500%2C751&amp;ssl=1\" decoding=\"async\" loading=\"lazy\" class=\"size-full wp-image-114862\" alt=\"Minas Trend :: Plural outono-inverno 2015 \" src=\"https:\/\/i0.wp.com\/www.agrund.com\/wp-content\/uploads\/sites\/6\/2014\/10\/plur_i15_050.jpg?resize=500%2C751\" width=\"500\" height=\"751\" srcset=\"https:\/\/i0.wp.com\/agrund.com\/wp-content\/uploads\/sites\/6\/2014\/10\/plur_i15_050.jpg?w=500&amp;ssl=1 500w, https:\/\/i0.wp.com\/agrund.com\/wp-content\/uploads\/sites\/6\/2014\/10\/plur_i15_050.jpg?resize=200%2C300&amp;ssl=1 200w\" sizes=\"(max-width: 500px) 100vw, 500px\" data-recalc-dims=\"1\" \/><\/a><p id=\"caption-attachment-114862\" class=\"wp-caption-text\">Minas Trend :: Plural outono-inverno 2015<\/p><\/div>\n<div id=\"attachment_114863\" style=\"width: 510px\" class=\"wp-caption aligncenter\"><a href=\"https:\/\/i0.wp.com\/www.agrund.com\/wp-content\/uploads\/sites\/6\/2014\/10\/plur_i15_055.jpg\"><img aria-describedby=\"caption-attachment-114863\" data-attachment-id=\"114863\" data-permalink=\"https:\/\/agrund.com\/plur_i15_055\/\" data-orig-file=\"https:\/\/i0.wp.com\/agrund.com\/wp-content\/uploads\/sites\/6\/2014\/10\/plur_i15_055.jpg?fit=500%2C751&amp;ssl=1\" data-orig-size=\"500,751\" data-comments-opened=\"1\" data-image-meta=\"{&quot;aperture&quot;:&quot;5.6&quot;,&quot;credit&quot;:&quot;&quot;,&quot;camera&quot;:&quot;NIKON D4&quot;,&quot;caption&quot;:&quot;&quot;,&quot;created_timestamp&quot;:&quot;1412789254&quot;,&quot;copyright&quot;:&quot;&quot;,&quot;focal_length&quot;:&quot;270&quot;,&quot;iso&quot;:&quot;1600&quot;,&quot;shutter_speed&quot;:&quot;0.002&quot;,&quot;title&quot;:&quot;&quot;,&quot;orientation&quot;:&quot;0&quot;}\" data-image-title=\"plur_i15_055\" data-image-description=\"\" data-image-caption=\"&lt;p&gt;Minas Trend :: Plural outono-inverno 2015 &lt;\/p&gt;\n\" data-medium-file=\"https:\/\/i0.wp.com\/agrund.com\/wp-content\/uploads\/sites\/6\/2014\/10\/plur_i15_055.jpg?fit=200%2C300&amp;ssl=1\" data-large-file=\"https:\/\/i0.wp.com\/agrund.com\/wp-content\/uploads\/sites\/6\/2014\/10\/plur_i15_055.jpg?fit=500%2C751&amp;ssl=1\" decoding=\"async\" loading=\"lazy\" class=\"size-full wp-image-114863\" alt=\"Minas Trend :: Plural outono-inverno 2015 \" src=\"https:\/\/i0.wp.com\/www.agrund.com\/wp-content\/uploads\/sites\/6\/2014\/10\/plur_i15_055.jpg?resize=500%2C751\" width=\"500\" height=\"751\" srcset=\"https:\/\/i0.wp.com\/agrund.com\/wp-content\/uploads\/sites\/6\/2014\/10\/plur_i15_055.jpg?w=500&amp;ssl=1 500w, https:\/\/i0.wp.com\/agrund.com\/wp-content\/uploads\/sites\/6\/2014\/10\/plur_i15_055.jpg?resize=200%2C300&amp;ssl=1 200w\" sizes=\"(max-width: 500px) 100vw, 500px\" data-recalc-dims=\"1\" \/><\/a><p id=\"caption-attachment-114863\" class=\"wp-caption-text\">Minas Trend :: Plural outono-inverno 2015<\/p><\/div>\n<div id=\"attachment_114864\" style=\"width: 510px\" class=\"wp-caption aligncenter\"><a href=\"https:\/\/i0.wp.com\/www.agrund.com\/wp-content\/uploads\/sites\/6\/2014\/10\/plur_i15_060.jpg\"><img aria-describedby=\"caption-attachment-114864\" data-attachment-id=\"114864\" data-permalink=\"https:\/\/agrund.com\/plur_i15_060\/\" data-orig-file=\"https:\/\/i0.wp.com\/agrund.com\/wp-content\/uploads\/sites\/6\/2014\/10\/plur_i15_060.jpg?fit=500%2C751&amp;ssl=1\" data-orig-size=\"500,751\" data-comments-opened=\"1\" data-image-meta=\"{&quot;aperture&quot;:&quot;5.6&quot;,&quot;credit&quot;:&quot;&quot;,&quot;camera&quot;:&quot;NIKON D4&quot;,&quot;caption&quot;:&quot;&quot;,&quot;created_timestamp&quot;:&quot;1412789269&quot;,&quot;copyright&quot;:&quot;&quot;,&quot;focal_length&quot;:&quot;220&quot;,&quot;iso&quot;:&quot;1600&quot;,&quot;shutter_speed&quot;:&quot;0.002&quot;,&quot;title&quot;:&quot;&quot;,&quot;orientation&quot;:&quot;0&quot;}\" data-image-title=\"plur_i15_060\" data-image-description=\"\" data-image-caption=\"&lt;p&gt;Minas Trend :: Plural outono-inverno 2015 &lt;\/p&gt;\n\" data-medium-file=\"https:\/\/i0.wp.com\/agrund.com\/wp-content\/uploads\/sites\/6\/2014\/10\/plur_i15_060.jpg?fit=200%2C300&amp;ssl=1\" data-large-file=\"https:\/\/i0.wp.com\/agrund.com\/wp-content\/uploads\/sites\/6\/2014\/10\/plur_i15_060.jpg?fit=500%2C751&amp;ssl=1\" decoding=\"async\" loading=\"lazy\" class=\"size-full wp-image-114864\" alt=\"Minas Trend :: Plural outono-inverno 2015 \" src=\"https:\/\/i0.wp.com\/www.agrund.com\/wp-content\/uploads\/sites\/6\/2014\/10\/plur_i15_060.jpg?resize=500%2C751\" width=\"500\" height=\"751\" srcset=\"https:\/\/i0.wp.com\/agrund.com\/wp-content\/uploads\/sites\/6\/2014\/10\/plur_i15_060.jpg?w=500&amp;ssl=1 500w, https:\/\/i0.wp.com\/agrund.com\/wp-content\/uploads\/sites\/6\/2014\/10\/plur_i15_060.jpg?resize=200%2C300&amp;ssl=1 200w\" sizes=\"(max-width: 500px) 100vw, 500px\" data-recalc-dims=\"1\" \/><\/a><p id=\"caption-attachment-114864\" class=\"wp-caption-text\">Minas Trend :: Plural outono-inverno 2015<\/p><\/div>\n<div id=\"attachment_114865\" style=\"width: 510px\" class=\"wp-caption aligncenter\"><a href=\"https:\/\/i0.wp.com\/www.agrund.com\/wp-content\/uploads\/sites\/6\/2014\/10\/plur_i15_064.jpg\"><img aria-describedby=\"caption-attachment-114865\" data-attachment-id=\"114865\" data-permalink=\"https:\/\/agrund.com\/plur_i15_064\/\" data-orig-file=\"https:\/\/i0.wp.com\/agrund.com\/wp-content\/uploads\/sites\/6\/2014\/10\/plur_i15_064.jpg?fit=500%2C751&amp;ssl=1\" data-orig-size=\"500,751\" data-comments-opened=\"1\" data-image-meta=\"{&quot;aperture&quot;:&quot;5.6&quot;,&quot;credit&quot;:&quot;&quot;,&quot;camera&quot;:&quot;NIKON D4&quot;,&quot;caption&quot;:&quot;&quot;,&quot;created_timestamp&quot;:&quot;1412789282&quot;,&quot;copyright&quot;:&quot;&quot;,&quot;focal_length&quot;:&quot;290&quot;,&quot;iso&quot;:&quot;1600&quot;,&quot;shutter_speed&quot;:&quot;0.002&quot;,&quot;title&quot;:&quot;&quot;,&quot;orientation&quot;:&quot;0&quot;}\" data-image-title=\"plur_i15_064\" data-image-description=\"\" data-image-caption=\"&lt;p&gt;Minas Trend :: Plural outono-inverno 2015 &lt;\/p&gt;\n\" data-medium-file=\"https:\/\/i0.wp.com\/agrund.com\/wp-content\/uploads\/sites\/6\/2014\/10\/plur_i15_064.jpg?fit=200%2C300&amp;ssl=1\" data-large-file=\"https:\/\/i0.wp.com\/agrund.com\/wp-content\/uploads\/sites\/6\/2014\/10\/plur_i15_064.jpg?fit=500%2C751&amp;ssl=1\" decoding=\"async\" loading=\"lazy\" class=\"size-full wp-image-114865\" alt=\"Minas Trend :: Plural outono-inverno 2015 \" src=\"https:\/\/i0.wp.com\/www.agrund.com\/wp-content\/uploads\/sites\/6\/2014\/10\/plur_i15_064.jpg?resize=500%2C751\" width=\"500\" height=\"751\" srcset=\"https:\/\/i0.wp.com\/agrund.com\/wp-content\/uploads\/sites\/6\/2014\/10\/plur_i15_064.jpg?w=500&amp;ssl=1 500w, https:\/\/i0.wp.com\/agrund.com\/wp-content\/uploads\/sites\/6\/2014\/10\/plur_i15_064.jpg?resize=200%2C300&amp;ssl=1 200w\" sizes=\"(max-width: 500px) 100vw, 500px\" data-recalc-dims=\"1\" \/><\/a><p id=\"caption-attachment-114865\" class=\"wp-caption-text\">Minas Trend :: Plural outono-inverno 2015<\/p><\/div>\n<div id=\"attachment_114866\" style=\"width: 510px\" class=\"wp-caption aligncenter\"><a href=\"https:\/\/i0.wp.com\/www.agrund.com\/wp-content\/uploads\/sites\/6\/2014\/10\/plur_i15_067.jpg\"><img aria-describedby=\"caption-attachment-114866\" data-attachment-id=\"114866\" data-permalink=\"https:\/\/agrund.com\/plur_i15_067\/\" data-orig-file=\"https:\/\/i0.wp.com\/agrund.com\/wp-content\/uploads\/sites\/6\/2014\/10\/plur_i15_067.jpg?fit=500%2C751&amp;ssl=1\" data-orig-size=\"500,751\" data-comments-opened=\"1\" data-image-meta=\"{&quot;aperture&quot;:&quot;5.6&quot;,&quot;credit&quot;:&quot;&quot;,&quot;camera&quot;:&quot;NIKON D4&quot;,&quot;caption&quot;:&quot;&quot;,&quot;created_timestamp&quot;:&quot;1412789297&quot;,&quot;copyright&quot;:&quot;&quot;,&quot;focal_length&quot;:&quot;360&quot;,&quot;iso&quot;:&quot;1600&quot;,&quot;shutter_speed&quot;:&quot;0.002&quot;,&quot;title&quot;:&quot;&quot;,&quot;orientation&quot;:&quot;0&quot;}\" data-image-title=\"plur_i15_067\" data-image-description=\"\" data-image-caption=\"&lt;p&gt;Minas Trend :: Plural outono-inverno 2015 &lt;\/p&gt;\n\" data-medium-file=\"https:\/\/i0.wp.com\/agrund.com\/wp-content\/uploads\/sites\/6\/2014\/10\/plur_i15_067.jpg?fit=200%2C300&amp;ssl=1\" data-large-file=\"https:\/\/i0.wp.com\/agrund.com\/wp-content\/uploads\/sites\/6\/2014\/10\/plur_i15_067.jpg?fit=500%2C751&amp;ssl=1\" decoding=\"async\" loading=\"lazy\" class=\"size-full wp-image-114866\" alt=\"Minas Trend :: Plural outono-inverno 2015 \" src=\"https:\/\/i0.wp.com\/www.agrund.com\/wp-content\/uploads\/sites\/6\/2014\/10\/plur_i15_067.jpg?resize=500%2C751\" width=\"500\" height=\"751\" srcset=\"https:\/\/i0.wp.com\/agrund.com\/wp-content\/uploads\/sites\/6\/2014\/10\/plur_i15_067.jpg?w=500&amp;ssl=1 500w, https:\/\/i0.wp.com\/agrund.com\/wp-content\/uploads\/sites\/6\/2014\/10\/plur_i15_067.jpg?resize=200%2C300&amp;ssl=1 200w\" sizes=\"(max-width: 500px) 100vw, 500px\" data-recalc-dims=\"1\" \/><\/a><p id=\"caption-attachment-114866\" class=\"wp-caption-text\">Minas Trend :: Plural outono-inverno 2015<\/p><\/div>\n<div id=\"attachment_114867\" style=\"width: 510px\" class=\"wp-caption aligncenter\"><a href=\"https:\/\/i0.wp.com\/www.agrund.com\/wp-content\/uploads\/sites\/6\/2014\/10\/plur_i15_071.jpg\"><img aria-describedby=\"caption-attachment-114867\" data-attachment-id=\"114867\" data-permalink=\"https:\/\/agrund.com\/plur_i15_071\/\" data-orig-file=\"https:\/\/i0.wp.com\/agrund.com\/wp-content\/uploads\/sites\/6\/2014\/10\/plur_i15_071.jpg?fit=500%2C751&amp;ssl=1\" data-orig-size=\"500,751\" data-comments-opened=\"1\" data-image-meta=\"{&quot;aperture&quot;:&quot;5.6&quot;,&quot;credit&quot;:&quot;&quot;,&quot;camera&quot;:&quot;NIKON D4&quot;,&quot;caption&quot;:&quot;&quot;,&quot;created_timestamp&quot;:&quot;1412789313&quot;,&quot;copyright&quot;:&quot;&quot;,&quot;focal_length&quot;:&quot;290&quot;,&quot;iso&quot;:&quot;1600&quot;,&quot;shutter_speed&quot;:&quot;0.002&quot;,&quot;title&quot;:&quot;&quot;,&quot;orientation&quot;:&quot;0&quot;}\" data-image-title=\"plur_i15_071\" data-image-description=\"\" data-image-caption=\"&lt;p&gt;Minas Trend :: Plural outono-inverno 2015 &lt;\/p&gt;\n\" data-medium-file=\"https:\/\/i0.wp.com\/agrund.com\/wp-content\/uploads\/sites\/6\/2014\/10\/plur_i15_071.jpg?fit=200%2C300&amp;ssl=1\" data-large-file=\"https:\/\/i0.wp.com\/agrund.com\/wp-content\/uploads\/sites\/6\/2014\/10\/plur_i15_071.jpg?fit=500%2C751&amp;ssl=1\" decoding=\"async\" loading=\"lazy\" class=\"size-full wp-image-114867\" alt=\"Minas Trend :: Plural outono-inverno 2015 \" src=\"https:\/\/i0.wp.com\/www.agrund.com\/wp-content\/uploads\/sites\/6\/2014\/10\/plur_i15_071.jpg?resize=500%2C751\" width=\"500\" height=\"751\" srcset=\"https:\/\/i0.wp.com\/agrund.com\/wp-content\/uploads\/sites\/6\/2014\/10\/plur_i15_071.jpg?w=500&amp;ssl=1 500w, https:\/\/i0.wp.com\/agrund.com\/wp-content\/uploads\/sites\/6\/2014\/10\/plur_i15_071.jpg?resize=200%2C300&amp;ssl=1 200w\" sizes=\"(max-width: 500px) 100vw, 500px\" data-recalc-dims=\"1\" \/><\/a><p id=\"caption-attachment-114867\" class=\"wp-caption-text\">Minas Trend :: Plural outono-inverno 2015<\/p><\/div>\n<div id=\"attachment_114868\" style=\"width: 510px\" class=\"wp-caption aligncenter\"><a href=\"https:\/\/i0.wp.com\/www.agrund.com\/wp-content\/uploads\/sites\/6\/2014\/10\/plur_i15_075.jpg\"><img aria-describedby=\"caption-attachment-114868\" data-attachment-id=\"114868\" data-permalink=\"https:\/\/agrund.com\/plur_i15_075\/\" data-orig-file=\"https:\/\/i0.wp.com\/agrund.com\/wp-content\/uploads\/sites\/6\/2014\/10\/plur_i15_075.jpg?fit=500%2C751&amp;ssl=1\" data-orig-size=\"500,751\" data-comments-opened=\"1\" data-image-meta=\"{&quot;aperture&quot;:&quot;5.6&quot;,&quot;credit&quot;:&quot;&quot;,&quot;camera&quot;:&quot;NIKON D4&quot;,&quot;caption&quot;:&quot;&quot;,&quot;created_timestamp&quot;:&quot;1412789330&quot;,&quot;copyright&quot;:&quot;&quot;,&quot;focal_length&quot;:&quot;320&quot;,&quot;iso&quot;:&quot;1600&quot;,&quot;shutter_speed&quot;:&quot;0.002&quot;,&quot;title&quot;:&quot;&quot;,&quot;orientation&quot;:&quot;0&quot;}\" data-image-title=\"plur_i15_075\" data-image-description=\"\" data-image-caption=\"&lt;p&gt;Minas Trend :: Plural outono-inverno 2015 &lt;\/p&gt;\n\" data-medium-file=\"https:\/\/i0.wp.com\/agrund.com\/wp-content\/uploads\/sites\/6\/2014\/10\/plur_i15_075.jpg?fit=200%2C300&amp;ssl=1\" data-large-file=\"https:\/\/i0.wp.com\/agrund.com\/wp-content\/uploads\/sites\/6\/2014\/10\/plur_i15_075.jpg?fit=500%2C751&amp;ssl=1\" decoding=\"async\" loading=\"lazy\" class=\"size-full wp-image-114868\" alt=\"Minas Trend :: Plural outono-inverno 2015 \" src=\"https:\/\/i0.wp.com\/www.agrund.com\/wp-content\/uploads\/sites\/6\/2014\/10\/plur_i15_075.jpg?resize=500%2C751\" width=\"500\" height=\"751\" srcset=\"https:\/\/i0.wp.com\/agrund.com\/wp-content\/uploads\/sites\/6\/2014\/10\/plur_i15_075.jpg?w=500&amp;ssl=1 500w, https:\/\/i0.wp.com\/agrund.com\/wp-content\/uploads\/sites\/6\/2014\/10\/plur_i15_075.jpg?resize=200%2C300&amp;ssl=1 200w\" sizes=\"(max-width: 500px) 100vw, 500px\" data-recalc-dims=\"1\" \/><\/a><p id=\"caption-attachment-114868\" class=\"wp-caption-text\">Minas Trend :: Plural outono-inverno 2015<\/p><\/div>\n<p>&nbsp;<\/p>\n<p>Imagens: Reprodu\u00e7\u00e3o\/Ag\u00eancia Fotosite.<\/p>\n<p>&nbsp;<\/p>\n<p>&nbsp;<\/p>\n<p>&nbsp;<\/p>\n<p>&nbsp;<\/p>\n<p>&nbsp;<\/p>\n<p>&nbsp;<\/p>\n<p>&nbsp;<\/p>\n<p>&nbsp;<\/p>\n<p>&nbsp;<\/p>\n<p>&nbsp;<\/p>\n<p>&nbsp;<\/p>\n<p>&nbsp;<\/p>\n<p>&nbsp;<\/p>\n<p>&nbsp;<\/p>\n<p>&nbsp;<\/p>\n<p>&nbsp;<\/p>\n<p>&nbsp;<\/p>\n<p>&nbsp;<\/p>\n<p>&nbsp;<\/p>\n<p>&nbsp;<\/p>\n","protected":false},"excerpt":{"rendered":"<p>A Plural tenta dar uma escalada no quesito estilo no outono-inverno 2015 com uma cole\u00e7\u00e3o inspirada no explorador e naturalista escoc\u00eas John Muir. A ideia de praticar montanhismo e a refer\u00eancia nos tr\u00eas picos mais altos do mundo abriram espa\u00e7o para Glaucia Froes e Leticia Le\u00e3o (diretora e respons\u00e1vel pelo estilo da marca respectivamente) criarem [&hellip;]<\/p>\n","protected":false},"author":8,"featured_media":114869,"comment_status":"open","ping_status":"open","sticky":false,"template":"","format":"standard","meta":{"jetpack_post_was_ever_published":false,"_jetpack_newsletter_access":"","jetpack_publicize_message":"O inverno 2015 da Plural no #minastrend chega em clima de escalada. Confira as fotos do desfile no link: http:\/\/wp.me\/p3Hz0n-tSM","jetpack_is_tweetstorm":false,"jetpack_publicize_feature_enabled":true,"jetpack_social_post_already_shared":true,"jetpack_social_options":{"image_generator_settings":{"template":"highway","enabled":false}}},"categories":[9,2],"tags":[],"jetpack_publicize_connections":[],"jetpack_featured_media_url":"https:\/\/i0.wp.com\/agrund.com\/wp-content\/uploads\/sites\/6\/2014\/10\/slide67.jpg?fit=960%2C300&ssl=1","jetpack_sharing_enabled":true,"jetpack_shortlink":"https:\/\/wp.me\/p3Hz0n-tSM","jetpack_likes_enabled":true,"_links":{"self":[{"href":"https:\/\/agrund.com\/index.php\/wp-json\/wp\/v2\/posts\/114872"}],"collection":[{"href":"https:\/\/agrund.com\/index.php\/wp-json\/wp\/v2\/posts"}],"about":[{"href":"https:\/\/agrund.com\/index.php\/wp-json\/wp\/v2\/types\/post"}],"author":[{"embeddable":true,"href":"https:\/\/agrund.com\/index.php\/wp-json\/wp\/v2\/users\/8"}],"replies":[{"embeddable":true,"href":"https:\/\/agrund.com\/index.php\/wp-json\/wp\/v2\/comments?post=114872"}],"version-history":[{"count":0,"href":"https:\/\/agrund.com\/index.php\/wp-json\/wp\/v2\/posts\/114872\/revisions"}],"wp:featuredmedia":[{"embeddable":true,"href":"https:\/\/agrund.com\/index.php\/wp-json\/wp\/v2\/media\/114869"}],"wp:attachment":[{"href":"https:\/\/agrund.com\/index.php\/wp-json\/wp\/v2\/media?parent=114872"}],"wp:term":[{"taxonomy":"category","embeddable":true,"href":"https:\/\/agrund.com\/index.php\/wp-json\/wp\/v2\/categories?post=114872"},{"taxonomy":"post_tag","embeddable":true,"href":"https:\/\/agrund.com\/index.php\/wp-json\/wp\/v2\/tags?post=114872"}],"curies":[{"name":"wp","href":"https:\/\/api.w.org\/{rel}","templated":true}]}}