{"id":114533,"date":"2014-10-07T12:00:55","date_gmt":"2014-10-07T15:00:55","guid":{"rendered":"http:\/\/www.agrund.com\/?p=114533"},"modified":"2014-10-07T11:41:11","modified_gmt":"2014-10-07T14:41:11","slug":"minas-trend-desfile-de-abertura-da-vida-ao-lema-nos-hoje-sempre","status":"publish","type":"post","link":"https:\/\/agrund.com\/index.php\/minas-trend-desfile-de-abertura-da-vida-ao-lema-nos-hoje-sempre\/","title":{"rendered":"Minas Trend :: Desfile de abertura d\u00e1 vida ao lema &#8220;N\u00f3s, Hoje, Sempre&#8221;"},"content":{"rendered":"<p>Foi dada a largada para o outono-inverno 2015 do Minas Trend Preview, evento que acontece at\u00e9 10\/10 em Belo Horizonte com uma s\u00e9rie de desfiles e stands de 288 marcas nacionais apresentando o preview das suas cole\u00e7\u00f5es para a pr\u00f3xima temporada. O start oficial rolou na noite de ontem, 6\/10, com uma festa e um megadesfile com 36 looks compostos por pe\u00e7as de 67 grifes participantes, todos sob o styling de Paulo Martinez com inspira\u00e7\u00e3o no lema da edi\u00e7\u00e3o \u2013 &#8220;N\u00f3s, Hoje, Sempre&#8221;, uma esp\u00e9cie de olhar para o passado a fim de construir um amanh\u00e3 melhor. Da\u00ed a pluralidade de refer\u00eancias que v\u00e3o das orientais com seus quimonos at\u00e9 as religiosas comportadas e as \u00edndias cheias de adere\u00e7os (tudo em preto e branco).<\/p>\n<p>E vale dizer que o evento tamb\u00e9m conta com uma programa\u00e7\u00e3o paralela de palestras e exposi\u00e7\u00f5es que destacam a moda local e incentivam o desenvolvimento e o interc\u00e2mbio cultural entre jovens, novos talentos e profissionais j\u00e1 reconhecidos no segmento. Veja os looks do desfile de abertura na galeria e fique ligado no agrund.com e no Instagram @arlindogrund para conferir tudo do Minas Trend em tempo real!<\/p>\n<div id=\"attachment_114544\" style=\"width: 510px\" class=\"wp-caption aligncenter\"><a href=\"https:\/\/i0.wp.com\/www.agrund.com\/wp-content\/uploads\/sites\/6\/2014\/10\/aber_i15_0004.jpg\"><img aria-describedby=\"caption-attachment-114544\" data-attachment-id=\"114544\" data-permalink=\"https:\/\/agrund.com\/index.php\/minas-trend-desfile-de-abertura-da-vida-ao-lema-nos-hoje-sempre\/aber_i15_0004\/\" data-orig-file=\"https:\/\/i0.wp.com\/agrund.com\/wp-content\/uploads\/sites\/6\/2014\/10\/aber_i15_0004.jpg?fit=500%2C751&amp;ssl=1\" data-orig-size=\"500,751\" data-comments-opened=\"1\" data-image-meta=\"{&quot;aperture&quot;:&quot;4&quot;,&quot;credit&quot;:&quot;&quot;,&quot;camera&quot;:&quot;NIKON D4&quot;,&quot;caption&quot;:&quot;&quot;,&quot;created_timestamp&quot;:&quot;1412631283&quot;,&quot;copyright&quot;:&quot;&quot;,&quot;focal_length&quot;:&quot;280&quot;,&quot;iso&quot;:&quot;800&quot;,&quot;shutter_speed&quot;:&quot;0.002&quot;,&quot;title&quot;:&quot;&quot;,&quot;orientation&quot;:&quot;0&quot;}\" data-image-title=\"aber_i15_0004\" data-image-description=\"\" data-image-caption=\"&lt;p&gt;Minas Trend :: Desfile de abertura d\u00e1 vida ao lema &#8220;N\u00f3s, Hoje, Sempre&#8221; &lt;\/p&gt;\n\" data-medium-file=\"https:\/\/i0.wp.com\/agrund.com\/wp-content\/uploads\/sites\/6\/2014\/10\/aber_i15_0004.jpg?fit=200%2C300&amp;ssl=1\" data-large-file=\"https:\/\/i0.wp.com\/agrund.com\/wp-content\/uploads\/sites\/6\/2014\/10\/aber_i15_0004.jpg?fit=500%2C751&amp;ssl=1\" decoding=\"async\" loading=\"lazy\" class=\"size-full wp-image-114544\" alt=\"Minas Trend :: Desfile de abertura d\u00e1 vida ao lema &quot;N\u00f3s, Hoje, Sempre&quot; \" src=\"https:\/\/i0.wp.com\/www.agrund.com\/wp-content\/uploads\/sites\/6\/2014\/10\/aber_i15_0004.jpg?resize=500%2C751\" width=\"500\" height=\"751\" srcset=\"https:\/\/i0.wp.com\/agrund.com\/wp-content\/uploads\/sites\/6\/2014\/10\/aber_i15_0004.jpg?w=500&amp;ssl=1 500w, https:\/\/i0.wp.com\/agrund.com\/wp-content\/uploads\/sites\/6\/2014\/10\/aber_i15_0004.jpg?resize=200%2C300&amp;ssl=1 200w\" sizes=\"(max-width: 500px) 100vw, 500px\" data-recalc-dims=\"1\" \/><\/a><p id=\"caption-attachment-114544\" class=\"wp-caption-text\">Minas Trend :: Desfile de abertura d\u00e1 vida ao lema &#8220;N\u00f3s, Hoje, Sempre&#8221;<\/p><\/div>\n<div id=\"attachment_114539\" style=\"width: 510px\" class=\"wp-caption aligncenter\"><a href=\"https:\/\/i0.wp.com\/www.agrund.com\/wp-content\/uploads\/sites\/6\/2014\/10\/aber_i15_0008.jpg\"><img aria-describedby=\"caption-attachment-114539\" data-attachment-id=\"114539\" data-permalink=\"https:\/\/agrund.com\/index.php\/minas-trend-desfile-de-abertura-da-vida-ao-lema-nos-hoje-sempre\/aber_i15_0008\/\" data-orig-file=\"https:\/\/i0.wp.com\/agrund.com\/wp-content\/uploads\/sites\/6\/2014\/10\/aber_i15_0008.jpg?fit=500%2C751&amp;ssl=1\" data-orig-size=\"500,751\" data-comments-opened=\"1\" data-image-meta=\"{&quot;aperture&quot;:&quot;4&quot;,&quot;credit&quot;:&quot;&quot;,&quot;camera&quot;:&quot;NIKON D4&quot;,&quot;caption&quot;:&quot;&quot;,&quot;created_timestamp&quot;:&quot;1412631300&quot;,&quot;copyright&quot;:&quot;&quot;,&quot;focal_length&quot;:&quot;280&quot;,&quot;iso&quot;:&quot;800&quot;,&quot;shutter_speed&quot;:&quot;0.0015625&quot;,&quot;title&quot;:&quot;&quot;,&quot;orientation&quot;:&quot;0&quot;}\" data-image-title=\"aber_i15_0008\" data-image-description=\"\" data-image-caption=\"&lt;p&gt;Minas Trend :: Desfile de abertura d\u00e1 vida ao lema &#8220;N\u00f3s, Hoje, Sempre&#8221; &lt;\/p&gt;\n\" data-medium-file=\"https:\/\/i0.wp.com\/agrund.com\/wp-content\/uploads\/sites\/6\/2014\/10\/aber_i15_0008.jpg?fit=200%2C300&amp;ssl=1\" data-large-file=\"https:\/\/i0.wp.com\/agrund.com\/wp-content\/uploads\/sites\/6\/2014\/10\/aber_i15_0008.jpg?fit=500%2C751&amp;ssl=1\" decoding=\"async\" loading=\"lazy\" class=\"size-full wp-image-114539\" alt=\"Minas Trend :: Desfile de abertura d\u00e1 vida ao lema &quot;N\u00f3s, Hoje, Sempre&quot; \" src=\"https:\/\/i0.wp.com\/www.agrund.com\/wp-content\/uploads\/sites\/6\/2014\/10\/aber_i15_0008.jpg?resize=500%2C751\" width=\"500\" height=\"751\" srcset=\"https:\/\/i0.wp.com\/agrund.com\/wp-content\/uploads\/sites\/6\/2014\/10\/aber_i15_0008.jpg?w=500&amp;ssl=1 500w, https:\/\/i0.wp.com\/agrund.com\/wp-content\/uploads\/sites\/6\/2014\/10\/aber_i15_0008.jpg?resize=200%2C300&amp;ssl=1 200w\" sizes=\"(max-width: 500px) 100vw, 500px\" data-recalc-dims=\"1\" \/><\/a><p id=\"caption-attachment-114539\" class=\"wp-caption-text\">Minas Trend :: Desfile de abertura d\u00e1 vida ao lema &#8220;N\u00f3s, Hoje, Sempre&#8221;<\/p><\/div>\n<div id=\"attachment_114547\" style=\"width: 510px\" class=\"wp-caption aligncenter\"><a href=\"https:\/\/i0.wp.com\/www.agrund.com\/wp-content\/uploads\/sites\/6\/2014\/10\/aber_i15_0016.jpg\"><img aria-describedby=\"caption-attachment-114547\" data-attachment-id=\"114547\" data-permalink=\"https:\/\/agrund.com\/index.php\/minas-trend-desfile-de-abertura-da-vida-ao-lema-nos-hoje-sempre\/aber_i15_0016\/\" data-orig-file=\"https:\/\/i0.wp.com\/agrund.com\/wp-content\/uploads\/sites\/6\/2014\/10\/aber_i15_0016.jpg?fit=500%2C751&amp;ssl=1\" data-orig-size=\"500,751\" data-comments-opened=\"1\" data-image-meta=\"{&quot;aperture&quot;:&quot;4&quot;,&quot;credit&quot;:&quot;&quot;,&quot;camera&quot;:&quot;NIKON D4&quot;,&quot;caption&quot;:&quot;&quot;,&quot;created_timestamp&quot;:&quot;1412631326&quot;,&quot;copyright&quot;:&quot;&quot;,&quot;focal_length&quot;:&quot;260&quot;,&quot;iso&quot;:&quot;800&quot;,&quot;shutter_speed&quot;:&quot;0.002&quot;,&quot;title&quot;:&quot;&quot;,&quot;orientation&quot;:&quot;0&quot;}\" data-image-title=\"aber_i15_0016\" data-image-description=\"\" data-image-caption=\"&lt;p&gt;Minas Trend :: Desfile de abertura d\u00e1 vida ao lema &#8220;N\u00f3s, Hoje, Sempre&#8221; &lt;\/p&gt;\n\" data-medium-file=\"https:\/\/i0.wp.com\/agrund.com\/wp-content\/uploads\/sites\/6\/2014\/10\/aber_i15_0016.jpg?fit=200%2C300&amp;ssl=1\" data-large-file=\"https:\/\/i0.wp.com\/agrund.com\/wp-content\/uploads\/sites\/6\/2014\/10\/aber_i15_0016.jpg?fit=500%2C751&amp;ssl=1\" decoding=\"async\" loading=\"lazy\" class=\"size-full wp-image-114547\" alt=\"Minas Trend :: Desfile de abertura d\u00e1 vida ao lema &quot;N\u00f3s, Hoje, Sempre&quot; \" src=\"https:\/\/i0.wp.com\/www.agrund.com\/wp-content\/uploads\/sites\/6\/2014\/10\/aber_i15_0016.jpg?resize=500%2C751\" width=\"500\" height=\"751\" srcset=\"https:\/\/i0.wp.com\/agrund.com\/wp-content\/uploads\/sites\/6\/2014\/10\/aber_i15_0016.jpg?w=500&amp;ssl=1 500w, https:\/\/i0.wp.com\/agrund.com\/wp-content\/uploads\/sites\/6\/2014\/10\/aber_i15_0016.jpg?resize=200%2C300&amp;ssl=1 200w\" sizes=\"(max-width: 500px) 100vw, 500px\" data-recalc-dims=\"1\" \/><\/a><p id=\"caption-attachment-114547\" class=\"wp-caption-text\">Minas Trend :: Desfile de abertura d\u00e1 vida ao lema &#8220;N\u00f3s, Hoje, Sempre&#8221;<\/p><\/div>\n<p>&nbsp;<\/p>\n<div id=\"attachment_114552\" style=\"width: 510px\" class=\"wp-caption aligncenter\"><a href=\"https:\/\/i0.wp.com\/www.agrund.com\/wp-content\/uploads\/sites\/6\/2014\/10\/minas-trend-desfile-de-abertura-da-vida-ao-lema-nos-hoje-sempre-1.jpg\"><img aria-describedby=\"caption-attachment-114552\" data-attachment-id=\"114552\" data-permalink=\"https:\/\/agrund.com\/index.php\/minas-trend-desfile-de-abertura-da-vida-ao-lema-nos-hoje-sempre\/minas-trend-desfile-de-abertura-da-vida-ao-lema-nos-hoje-sempre-1\/\" data-orig-file=\"https:\/\/i0.wp.com\/agrund.com\/wp-content\/uploads\/sites\/6\/2014\/10\/minas-trend-desfile-de-abertura-da-vida-ao-lema-nos-hoje-sempre-1.jpg?fit=500%2C751&amp;ssl=1\" data-orig-size=\"500,751\" data-comments-opened=\"1\" data-image-meta=\"{&quot;aperture&quot;:&quot;4&quot;,&quot;credit&quot;:&quot;&quot;,&quot;camera&quot;:&quot;NIKON D4&quot;,&quot;caption&quot;:&quot;&quot;,&quot;created_timestamp&quot;:&quot;1412631357&quot;,&quot;copyright&quot;:&quot;&quot;,&quot;focal_length&quot;:&quot;240&quot;,&quot;iso&quot;:&quot;800&quot;,&quot;shutter_speed&quot;:&quot;0.002&quot;,&quot;title&quot;:&quot;&quot;,&quot;orientation&quot;:&quot;0&quot;}\" data-image-title=\"minas-trend-desfile-de-abertura-da-vida-ao-lema-nos-hoje-sempre (1)\" data-image-description=\"\" data-image-caption=\"&lt;p&gt;Minas Trend :: Desfile de abertura d\u00e1 vida ao lema &#8220;N\u00f3s, Hoje, Sempre&#8221; &lt;\/p&gt;\n\" data-medium-file=\"https:\/\/i0.wp.com\/agrund.com\/wp-content\/uploads\/sites\/6\/2014\/10\/minas-trend-desfile-de-abertura-da-vida-ao-lema-nos-hoje-sempre-1.jpg?fit=200%2C300&amp;ssl=1\" data-large-file=\"https:\/\/i0.wp.com\/agrund.com\/wp-content\/uploads\/sites\/6\/2014\/10\/minas-trend-desfile-de-abertura-da-vida-ao-lema-nos-hoje-sempre-1.jpg?fit=500%2C751&amp;ssl=1\" decoding=\"async\" loading=\"lazy\" class=\"size-large wp-image-114552\" alt=\"Minas Trend :: Desfile de abertura d\u00e1 vida ao lema &quot;N\u00f3s, Hoje, Sempre&quot; \" src=\"https:\/\/i0.wp.com\/www.agrund.com\/wp-content\/uploads\/sites\/6\/cache\/2014\/10\/minas-trend-desfile-de-abertura-da-vida-ao-lema-nos-hoje-sempre-1\/1772005898.jpg?resize=500%2C751\" width=\"500\" height=\"751\" data-recalc-dims=\"1\" \/><\/a><p id=\"caption-attachment-114552\" class=\"wp-caption-text\">Minas Trend :: Desfile de abertura d\u00e1 vida ao lema &#8220;N\u00f3s, Hoje, Sempre&#8221;<\/p><\/div>\n<div id=\"attachment_114553\" style=\"width: 510px\" class=\"wp-caption aligncenter\"><a href=\"https:\/\/i0.wp.com\/www.agrund.com\/wp-content\/uploads\/sites\/6\/2014\/10\/minas-trend-desfile-de-abertura-da-vida-ao-lema-nos-hoje-sempre-2.jpg\"><img aria-describedby=\"caption-attachment-114553\" data-attachment-id=\"114553\" data-permalink=\"https:\/\/agrund.com\/index.php\/minas-trend-desfile-de-abertura-da-vida-ao-lema-nos-hoje-sempre\/minas-trend-desfile-de-abertura-da-vida-ao-lema-nos-hoje-sempre-2\/\" data-orig-file=\"https:\/\/i0.wp.com\/agrund.com\/wp-content\/uploads\/sites\/6\/2014\/10\/minas-trend-desfile-de-abertura-da-vida-ao-lema-nos-hoje-sempre-2.jpg?fit=500%2C751&amp;ssl=1\" data-orig-size=\"500,751\" data-comments-opened=\"1\" data-image-meta=\"{&quot;aperture&quot;:&quot;4&quot;,&quot;credit&quot;:&quot;&quot;,&quot;camera&quot;:&quot;NIKON D4&quot;,&quot;caption&quot;:&quot;&quot;,&quot;created_timestamp&quot;:&quot;1412631416&quot;,&quot;copyright&quot;:&quot;&quot;,&quot;focal_length&quot;:&quot;210&quot;,&quot;iso&quot;:&quot;800&quot;,&quot;shutter_speed&quot;:&quot;0.0015625&quot;,&quot;title&quot;:&quot;&quot;,&quot;orientation&quot;:&quot;0&quot;}\" data-image-title=\"minas-trend-desfile-de-abertura-da-vida-ao-lema-nos-hoje-sempre (2)\" data-image-description=\"\" data-image-caption=\"&lt;p&gt;Minas Trend :: Desfile de abertura d\u00e1 vida ao lema &#8220;N\u00f3s, Hoje, Sempre&#8221; &lt;\/p&gt;\n\" data-medium-file=\"https:\/\/i0.wp.com\/agrund.com\/wp-content\/uploads\/sites\/6\/2014\/10\/minas-trend-desfile-de-abertura-da-vida-ao-lema-nos-hoje-sempre-2.jpg?fit=200%2C300&amp;ssl=1\" data-large-file=\"https:\/\/i0.wp.com\/agrund.com\/wp-content\/uploads\/sites\/6\/2014\/10\/minas-trend-desfile-de-abertura-da-vida-ao-lema-nos-hoje-sempre-2.jpg?fit=500%2C751&amp;ssl=1\" decoding=\"async\" loading=\"lazy\" class=\"size-large wp-image-114553\" alt=\"Minas Trend :: Desfile de abertura d\u00e1 vida ao lema &quot;N\u00f3s, Hoje, Sempre&quot; \" src=\"https:\/\/i0.wp.com\/www.agrund.com\/wp-content\/uploads\/sites\/6\/cache\/2014\/10\/minas-trend-desfile-de-abertura-da-vida-ao-lema-nos-hoje-sempre-2\/3876695529.jpg?resize=500%2C751\" width=\"500\" height=\"751\" data-recalc-dims=\"1\" \/><\/a><p id=\"caption-attachment-114553\" class=\"wp-caption-text\">Minas Trend :: Desfile de abertura d\u00e1 vida ao lema &#8220;N\u00f3s, Hoje, Sempre&#8221;<\/p><\/div>\n<div id=\"attachment_114554\" style=\"width: 510px\" class=\"wp-caption aligncenter\"><a href=\"https:\/\/i0.wp.com\/www.agrund.com\/wp-content\/uploads\/sites\/6\/2014\/10\/minas-trend-desfile-de-abertura-da-vida-ao-lema-nos-hoje-sempre-3.jpg\"><img aria-describedby=\"caption-attachment-114554\" data-attachment-id=\"114554\" data-permalink=\"https:\/\/agrund.com\/index.php\/minas-trend-desfile-de-abertura-da-vida-ao-lema-nos-hoje-sempre\/minas-trend-desfile-de-abertura-da-vida-ao-lema-nos-hoje-sempre-3\/\" data-orig-file=\"https:\/\/i0.wp.com\/agrund.com\/wp-content\/uploads\/sites\/6\/2014\/10\/minas-trend-desfile-de-abertura-da-vida-ao-lema-nos-hoje-sempre-3.jpg?fit=500%2C751&amp;ssl=1\" data-orig-size=\"500,751\" data-comments-opened=\"1\" data-image-meta=\"{&quot;aperture&quot;:&quot;4&quot;,&quot;credit&quot;:&quot;&quot;,&quot;camera&quot;:&quot;NIKON D4&quot;,&quot;caption&quot;:&quot;&quot;,&quot;created_timestamp&quot;:&quot;1412631431&quot;,&quot;copyright&quot;:&quot;&quot;,&quot;focal_length&quot;:&quot;270&quot;,&quot;iso&quot;:&quot;800&quot;,&quot;shutter_speed&quot;:&quot;0.0015625&quot;,&quot;title&quot;:&quot;&quot;,&quot;orientation&quot;:&quot;0&quot;}\" data-image-title=\"minas-trend-desfile-de-abertura-da-vida-ao-lema-nos-hoje-sempre (3)\" data-image-description=\"\" data-image-caption=\"&lt;p&gt;Minas Trend :: Desfile de abertura d\u00e1 vida ao lema &#8220;N\u00f3s, Hoje, Sempre&#8221; &lt;\/p&gt;\n\" data-medium-file=\"https:\/\/i0.wp.com\/agrund.com\/wp-content\/uploads\/sites\/6\/2014\/10\/minas-trend-desfile-de-abertura-da-vida-ao-lema-nos-hoje-sempre-3.jpg?fit=200%2C300&amp;ssl=1\" data-large-file=\"https:\/\/i0.wp.com\/agrund.com\/wp-content\/uploads\/sites\/6\/2014\/10\/minas-trend-desfile-de-abertura-da-vida-ao-lema-nos-hoje-sempre-3.jpg?fit=500%2C751&amp;ssl=1\" decoding=\"async\" loading=\"lazy\" class=\"size-large wp-image-114554\" alt=\"Minas Trend :: Desfile de abertura d\u00e1 vida ao lema &quot;N\u00f3s, Hoje, Sempre&quot; \" src=\"https:\/\/i0.wp.com\/www.agrund.com\/wp-content\/uploads\/sites\/6\/cache\/2014\/10\/minas-trend-desfile-de-abertura-da-vida-ao-lema-nos-hoje-sempre-3\/733719927.jpg?resize=500%2C751\" width=\"500\" height=\"751\" data-recalc-dims=\"1\" \/><\/a><p id=\"caption-attachment-114554\" class=\"wp-caption-text\">Minas Trend :: Desfile de abertura d\u00e1 vida ao lema &#8220;N\u00f3s, Hoje, Sempre&#8221;<\/p><\/div>\n<div id=\"attachment_114555\" style=\"width: 510px\" class=\"wp-caption aligncenter\"><a href=\"https:\/\/i0.wp.com\/www.agrund.com\/wp-content\/uploads\/sites\/6\/2014\/10\/minas-trend-desfile-de-abertura-da-vida-ao-lema-nos-hoje-sempre-4.jpg\"><img aria-describedby=\"caption-attachment-114555\" data-attachment-id=\"114555\" data-permalink=\"https:\/\/agrund.com\/index.php\/minas-trend-desfile-de-abertura-da-vida-ao-lema-nos-hoje-sempre\/minas-trend-desfile-de-abertura-da-vida-ao-lema-nos-hoje-sempre-4\/\" data-orig-file=\"https:\/\/i0.wp.com\/agrund.com\/wp-content\/uploads\/sites\/6\/2014\/10\/minas-trend-desfile-de-abertura-da-vida-ao-lema-nos-hoje-sempre-4.jpg?fit=500%2C751&amp;ssl=1\" data-orig-size=\"500,751\" data-comments-opened=\"1\" data-image-meta=\"{&quot;aperture&quot;:&quot;4&quot;,&quot;credit&quot;:&quot;&quot;,&quot;camera&quot;:&quot;NIKON D4&quot;,&quot;caption&quot;:&quot;&quot;,&quot;created_timestamp&quot;:&quot;1412631568&quot;,&quot;copyright&quot;:&quot;&quot;,&quot;focal_length&quot;:&quot;220&quot;,&quot;iso&quot;:&quot;800&quot;,&quot;shutter_speed&quot;:&quot;0.002&quot;,&quot;title&quot;:&quot;&quot;,&quot;orientation&quot;:&quot;0&quot;}\" data-image-title=\"minas-trend-desfile-de-abertura-da-vida-ao-lema-nos-hoje-sempre (4)\" data-image-description=\"\" data-image-caption=\"&lt;p&gt;Minas Trend :: Desfile de abertura d\u00e1 vida ao lema &#8220;N\u00f3s, Hoje, Sempre&#8221; &lt;\/p&gt;\n\" data-medium-file=\"https:\/\/i0.wp.com\/agrund.com\/wp-content\/uploads\/sites\/6\/2014\/10\/minas-trend-desfile-de-abertura-da-vida-ao-lema-nos-hoje-sempre-4.jpg?fit=200%2C300&amp;ssl=1\" data-large-file=\"https:\/\/i0.wp.com\/agrund.com\/wp-content\/uploads\/sites\/6\/2014\/10\/minas-trend-desfile-de-abertura-da-vida-ao-lema-nos-hoje-sempre-4.jpg?fit=500%2C751&amp;ssl=1\" decoding=\"async\" loading=\"lazy\" class=\"size-large wp-image-114555\" alt=\"Minas Trend :: Desfile de abertura d\u00e1 vida ao lema &quot;N\u00f3s, Hoje, Sempre&quot; \" src=\"https:\/\/i0.wp.com\/www.agrund.com\/wp-content\/uploads\/sites\/6\/cache\/2014\/10\/minas-trend-desfile-de-abertura-da-vida-ao-lema-nos-hoje-sempre-4\/561947758.jpg?resize=500%2C751\" width=\"500\" height=\"751\" data-recalc-dims=\"1\" \/><\/a><p id=\"caption-attachment-114555\" class=\"wp-caption-text\">Minas Trend :: Desfile de abertura d\u00e1 vida ao lema &#8220;N\u00f3s, Hoje, Sempre&#8221;<\/p><\/div>\n<div id=\"attachment_114556\" style=\"width: 510px\" class=\"wp-caption aligncenter\"><a href=\"https:\/\/i0.wp.com\/www.agrund.com\/wp-content\/uploads\/sites\/6\/2014\/10\/minas-trend-desfile-de-abertura-da-vida-ao-lema-nos-hoje-sempre-5.jpg\"><img aria-describedby=\"caption-attachment-114556\" data-attachment-id=\"114556\" data-permalink=\"https:\/\/agrund.com\/index.php\/minas-trend-desfile-de-abertura-da-vida-ao-lema-nos-hoje-sempre\/minas-trend-desfile-de-abertura-da-vida-ao-lema-nos-hoje-sempre-5\/\" data-orig-file=\"https:\/\/i0.wp.com\/agrund.com\/wp-content\/uploads\/sites\/6\/2014\/10\/minas-trend-desfile-de-abertura-da-vida-ao-lema-nos-hoje-sempre-5.jpg?fit=500%2C751&amp;ssl=1\" data-orig-size=\"500,751\" data-comments-opened=\"1\" data-image-meta=\"{&quot;aperture&quot;:&quot;4&quot;,&quot;credit&quot;:&quot;&quot;,&quot;camera&quot;:&quot;NIKON D4&quot;,&quot;caption&quot;:&quot;&quot;,&quot;created_timestamp&quot;:&quot;1412631624&quot;,&quot;copyright&quot;:&quot;&quot;,&quot;focal_length&quot;:&quot;270&quot;,&quot;iso&quot;:&quot;800&quot;,&quot;shutter_speed&quot;:&quot;0.002&quot;,&quot;title&quot;:&quot;&quot;,&quot;orientation&quot;:&quot;0&quot;}\" data-image-title=\"minas-trend-desfile-de-abertura-da-vida-ao-lema-nos-hoje-sempre (5)\" data-image-description=\"\" data-image-caption=\"&lt;p&gt;Minas Trend :: Desfile de abertura d\u00e1 vida ao lema &#8220;N\u00f3s, Hoje, Sempre&#8221; &lt;\/p&gt;\n\" data-medium-file=\"https:\/\/i0.wp.com\/agrund.com\/wp-content\/uploads\/sites\/6\/2014\/10\/minas-trend-desfile-de-abertura-da-vida-ao-lema-nos-hoje-sempre-5.jpg?fit=200%2C300&amp;ssl=1\" data-large-file=\"https:\/\/i0.wp.com\/agrund.com\/wp-content\/uploads\/sites\/6\/2014\/10\/minas-trend-desfile-de-abertura-da-vida-ao-lema-nos-hoje-sempre-5.jpg?fit=500%2C751&amp;ssl=1\" decoding=\"async\" loading=\"lazy\" class=\"size-large wp-image-114556\" alt=\"Minas Trend :: Desfile de abertura d\u00e1 vida ao lema &quot;N\u00f3s, Hoje, Sempre&quot; \" src=\"https:\/\/i0.wp.com\/www.agrund.com\/wp-content\/uploads\/sites\/6\/cache\/2014\/10\/minas-trend-desfile-de-abertura-da-vida-ao-lema-nos-hoje-sempre-5\/3990136048.jpg?resize=500%2C751\" width=\"500\" height=\"751\" data-recalc-dims=\"1\" \/><\/a><p id=\"caption-attachment-114556\" class=\"wp-caption-text\">Minas Trend :: Desfile de abertura d\u00e1 vida ao lema &#8220;N\u00f3s, Hoje, Sempre&#8221;<\/p><\/div>\n<div id=\"attachment_114557\" style=\"width: 510px\" class=\"wp-caption aligncenter\"><a href=\"https:\/\/i0.wp.com\/www.agrund.com\/wp-content\/uploads\/sites\/6\/2014\/10\/minas-trend-desfile-de-abertura-da-vida-ao-lema-nos-hoje-sempre-6.jpg\"><img aria-describedby=\"caption-attachment-114557\" data-attachment-id=\"114557\" data-permalink=\"https:\/\/agrund.com\/index.php\/minas-trend-desfile-de-abertura-da-vida-ao-lema-nos-hoje-sempre\/minas-trend-desfile-de-abertura-da-vida-ao-lema-nos-hoje-sempre-6\/\" data-orig-file=\"https:\/\/i0.wp.com\/agrund.com\/wp-content\/uploads\/sites\/6\/2014\/10\/minas-trend-desfile-de-abertura-da-vida-ao-lema-nos-hoje-sempre-6.jpg?fit=500%2C751&amp;ssl=1\" data-orig-size=\"500,751\" data-comments-opened=\"1\" data-image-meta=\"{&quot;aperture&quot;:&quot;4&quot;,&quot;credit&quot;:&quot;&quot;,&quot;camera&quot;:&quot;NIKON D4&quot;,&quot;caption&quot;:&quot;&quot;,&quot;created_timestamp&quot;:&quot;1412631640&quot;,&quot;copyright&quot;:&quot;&quot;,&quot;focal_length&quot;:&quot;270&quot;,&quot;iso&quot;:&quot;800&quot;,&quot;shutter_speed&quot;:&quot;0.002&quot;,&quot;title&quot;:&quot;&quot;,&quot;orientation&quot;:&quot;0&quot;}\" data-image-title=\"minas-trend-desfile-de-abertura-da-vida-ao-lema-nos-hoje-sempre (6)\" data-image-description=\"\" data-image-caption=\"&lt;p&gt;Minas Trend :: Desfile de abertura d\u00e1 vida ao lema &#8220;N\u00f3s, Hoje, Sempre&#8221; &lt;\/p&gt;\n\" data-medium-file=\"https:\/\/i0.wp.com\/agrund.com\/wp-content\/uploads\/sites\/6\/2014\/10\/minas-trend-desfile-de-abertura-da-vida-ao-lema-nos-hoje-sempre-6.jpg?fit=200%2C300&amp;ssl=1\" data-large-file=\"https:\/\/i0.wp.com\/agrund.com\/wp-content\/uploads\/sites\/6\/2014\/10\/minas-trend-desfile-de-abertura-da-vida-ao-lema-nos-hoje-sempre-6.jpg?fit=500%2C751&amp;ssl=1\" decoding=\"async\" loading=\"lazy\" class=\"size-large wp-image-114557\" alt=\"Minas Trend :: Desfile de abertura d\u00e1 vida ao lema &quot;N\u00f3s, Hoje, Sempre&quot; \" src=\"https:\/\/i0.wp.com\/www.agrund.com\/wp-content\/uploads\/sites\/6\/cache\/2014\/10\/minas-trend-desfile-de-abertura-da-vida-ao-lema-nos-hoje-sempre-6\/1666949907.jpg?resize=500%2C751\" width=\"500\" height=\"751\" data-recalc-dims=\"1\" \/><\/a><p id=\"caption-attachment-114557\" class=\"wp-caption-text\">Minas Trend :: Desfile de abertura d\u00e1 vida ao lema &#8220;N\u00f3s, Hoje, Sempre&#8221;<\/p><\/div>\n<div id=\"attachment_114558\" style=\"width: 510px\" class=\"wp-caption aligncenter\"><a href=\"https:\/\/i0.wp.com\/www.agrund.com\/wp-content\/uploads\/sites\/6\/2014\/10\/minas-trend-desfile-de-abertura-da-vida-ao-lema-nos-hoje-sempre-7.jpg\"><img aria-describedby=\"caption-attachment-114558\" data-attachment-id=\"114558\" data-permalink=\"https:\/\/agrund.com\/index.php\/minas-trend-desfile-de-abertura-da-vida-ao-lema-nos-hoje-sempre\/minas-trend-desfile-de-abertura-da-vida-ao-lema-nos-hoje-sempre-7\/\" data-orig-file=\"https:\/\/i0.wp.com\/agrund.com\/wp-content\/uploads\/sites\/6\/2014\/10\/minas-trend-desfile-de-abertura-da-vida-ao-lema-nos-hoje-sempre-7.jpg?fit=500%2C751&amp;ssl=1\" data-orig-size=\"500,751\" data-comments-opened=\"1\" data-image-meta=\"{&quot;aperture&quot;:&quot;4&quot;,&quot;credit&quot;:&quot;&quot;,&quot;camera&quot;:&quot;NIKON D4&quot;,&quot;caption&quot;:&quot;&quot;,&quot;created_timestamp&quot;:&quot;1412631710&quot;,&quot;copyright&quot;:&quot;&quot;,&quot;focal_length&quot;:&quot;230&quot;,&quot;iso&quot;:&quot;800&quot;,&quot;shutter_speed&quot;:&quot;0.0015625&quot;,&quot;title&quot;:&quot;&quot;,&quot;orientation&quot;:&quot;0&quot;}\" data-image-title=\"minas-trend-desfile-de-abertura-da-vida-ao-lema-nos-hoje-sempre (7)\" data-image-description=\"\" data-image-caption=\"&lt;p&gt;Minas Trend :: Desfile de abertura d\u00e1 vida ao lema &#8220;N\u00f3s, Hoje, Sempre&#8221; &lt;\/p&gt;\n\" data-medium-file=\"https:\/\/i0.wp.com\/agrund.com\/wp-content\/uploads\/sites\/6\/2014\/10\/minas-trend-desfile-de-abertura-da-vida-ao-lema-nos-hoje-sempre-7.jpg?fit=200%2C300&amp;ssl=1\" data-large-file=\"https:\/\/i0.wp.com\/agrund.com\/wp-content\/uploads\/sites\/6\/2014\/10\/minas-trend-desfile-de-abertura-da-vida-ao-lema-nos-hoje-sempre-7.jpg?fit=500%2C751&amp;ssl=1\" decoding=\"async\" loading=\"lazy\" class=\"size-large wp-image-114558\" alt=\"Minas Trend :: Desfile de abertura d\u00e1 vida ao lema &quot;N\u00f3s, Hoje, Sempre&quot; \" src=\"https:\/\/i0.wp.com\/www.agrund.com\/wp-content\/uploads\/sites\/6\/cache\/2014\/10\/minas-trend-desfile-de-abertura-da-vida-ao-lema-nos-hoje-sempre-7\/2951848845.jpg?resize=500%2C751\" width=\"500\" height=\"751\" data-recalc-dims=\"1\" \/><\/a><p id=\"caption-attachment-114558\" class=\"wp-caption-text\">Minas Trend :: Desfile de abertura d\u00e1 vida ao lema &#8220;N\u00f3s, Hoje, Sempre&#8221;<\/p><\/div>\n<div id=\"attachment_114559\" style=\"width: 510px\" class=\"wp-caption aligncenter\"><a href=\"https:\/\/i0.wp.com\/www.agrund.com\/wp-content\/uploads\/sites\/6\/2014\/10\/minas-trend-desfile-de-abertura-da-vida-ao-lema-nos-hoje-sempre-8.jpg\"><img aria-describedby=\"caption-attachment-114559\" data-attachment-id=\"114559\" data-permalink=\"https:\/\/agrund.com\/index.php\/minas-trend-desfile-de-abertura-da-vida-ao-lema-nos-hoje-sempre\/minas-trend-desfile-de-abertura-da-vida-ao-lema-nos-hoje-sempre-8\/\" data-orig-file=\"https:\/\/i0.wp.com\/agrund.com\/wp-content\/uploads\/sites\/6\/2014\/10\/minas-trend-desfile-de-abertura-da-vida-ao-lema-nos-hoje-sempre-8.jpg?fit=500%2C751&amp;ssl=1\" data-orig-size=\"500,751\" data-comments-opened=\"1\" data-image-meta=\"{&quot;aperture&quot;:&quot;4&quot;,&quot;credit&quot;:&quot;&quot;,&quot;camera&quot;:&quot;NIKON D4&quot;,&quot;caption&quot;:&quot;&quot;,&quot;created_timestamp&quot;:&quot;1412631758&quot;,&quot;copyright&quot;:&quot;&quot;,&quot;focal_length&quot;:&quot;210&quot;,&quot;iso&quot;:&quot;800&quot;,&quot;shutter_speed&quot;:&quot;0.0015625&quot;,&quot;title&quot;:&quot;&quot;,&quot;orientation&quot;:&quot;0&quot;}\" data-image-title=\"minas-trend-desfile-de-abertura-da-vida-ao-lema-nos-hoje-sempre (8)\" data-image-description=\"\" data-image-caption=\"&lt;p&gt;Minas Trend :: Desfile de abertura d\u00e1 vida ao lema &#8220;N\u00f3s, Hoje, Sempre&#8221; &lt;\/p&gt;\n\" data-medium-file=\"https:\/\/i0.wp.com\/agrund.com\/wp-content\/uploads\/sites\/6\/2014\/10\/minas-trend-desfile-de-abertura-da-vida-ao-lema-nos-hoje-sempre-8.jpg?fit=200%2C300&amp;ssl=1\" data-large-file=\"https:\/\/i0.wp.com\/agrund.com\/wp-content\/uploads\/sites\/6\/2014\/10\/minas-trend-desfile-de-abertura-da-vida-ao-lema-nos-hoje-sempre-8.jpg?fit=500%2C751&amp;ssl=1\" decoding=\"async\" loading=\"lazy\" class=\"size-large wp-image-114559\" alt=\"Minas Trend :: Desfile de abertura d\u00e1 vida ao lema &quot;N\u00f3s, Hoje, Sempre&quot; \" src=\"https:\/\/i0.wp.com\/www.agrund.com\/wp-content\/uploads\/sites\/6\/cache\/2014\/10\/minas-trend-desfile-de-abertura-da-vida-ao-lema-nos-hoje-sempre-8\/1993453857.jpg?resize=500%2C751\" width=\"500\" height=\"751\" data-recalc-dims=\"1\" \/><\/a><p id=\"caption-attachment-114559\" class=\"wp-caption-text\">Minas Trend :: Desfile de abertura d\u00e1 vida ao lema &#8220;N\u00f3s, Hoje, Sempre&#8221;<\/p><\/div>\n<div id=\"attachment_114560\" style=\"width: 510px\" class=\"wp-caption aligncenter\"><a href=\"https:\/\/i0.wp.com\/www.agrund.com\/wp-content\/uploads\/sites\/6\/2014\/10\/minas-trend-desfile-de-abertura-da-vida-ao-lema-nos-hoje-sempre-9.jpg\"><img aria-describedby=\"caption-attachment-114560\" data-attachment-id=\"114560\" data-permalink=\"https:\/\/agrund.com\/index.php\/minas-trend-desfile-de-abertura-da-vida-ao-lema-nos-hoje-sempre\/minas-trend-desfile-de-abertura-da-vida-ao-lema-nos-hoje-sempre-9\/\" data-orig-file=\"https:\/\/i0.wp.com\/agrund.com\/wp-content\/uploads\/sites\/6\/2014\/10\/minas-trend-desfile-de-abertura-da-vida-ao-lema-nos-hoje-sempre-9.jpg?fit=500%2C751&amp;ssl=1\" data-orig-size=\"500,751\" data-comments-opened=\"1\" data-image-meta=\"{&quot;aperture&quot;:&quot;4&quot;,&quot;credit&quot;:&quot;&quot;,&quot;camera&quot;:&quot;NIKON D4&quot;,&quot;caption&quot;:&quot;&quot;,&quot;created_timestamp&quot;:&quot;1412631784&quot;,&quot;copyright&quot;:&quot;&quot;,&quot;focal_length&quot;:&quot;175&quot;,&quot;iso&quot;:&quot;800&quot;,&quot;shutter_speed&quot;:&quot;0.002&quot;,&quot;title&quot;:&quot;&quot;,&quot;orientation&quot;:&quot;0&quot;}\" data-image-title=\"minas-trend-desfile-de-abertura-da-vida-ao-lema-nos-hoje-sempre (9)\" data-image-description=\"\" data-image-caption=\"&lt;p&gt;Minas Trend :: Desfile de abertura d\u00e1 vida ao lema &#8220;N\u00f3s, Hoje, Sempre&#8221; &lt;\/p&gt;\n\" data-medium-file=\"https:\/\/i0.wp.com\/agrund.com\/wp-content\/uploads\/sites\/6\/2014\/10\/minas-trend-desfile-de-abertura-da-vida-ao-lema-nos-hoje-sempre-9.jpg?fit=200%2C300&amp;ssl=1\" data-large-file=\"https:\/\/i0.wp.com\/agrund.com\/wp-content\/uploads\/sites\/6\/2014\/10\/minas-trend-desfile-de-abertura-da-vida-ao-lema-nos-hoje-sempre-9.jpg?fit=500%2C751&amp;ssl=1\" decoding=\"async\" loading=\"lazy\" class=\"size-large wp-image-114560\" alt=\"Minas Trend :: Desfile de abertura d\u00e1 vida ao lema &quot;N\u00f3s, Hoje, Sempre&quot; \" src=\"https:\/\/i0.wp.com\/www.agrund.com\/wp-content\/uploads\/sites\/6\/cache\/2014\/10\/minas-trend-desfile-de-abertura-da-vida-ao-lema-nos-hoje-sempre-9\/3128668607.jpg?resize=500%2C751\" width=\"500\" height=\"751\" data-recalc-dims=\"1\" \/><\/a><p id=\"caption-attachment-114560\" class=\"wp-caption-text\">Minas Trend :: Desfile de abertura d\u00e1 vida ao lema &#8220;N\u00f3s, Hoje, Sempre&#8221;<span style=\"font-size: 13px; line-height: 19px;\">\u00a0<\/span><\/p><\/div>\n","protected":false},"excerpt":{"rendered":"<p>Foi dada a largada para o outono-inverno 2015 do Minas Trend Preview, evento que acontece at\u00e9 10\/10 em Belo Horizonte com uma s\u00e9rie de desfiles e stands de 288 marcas nacionais apresentando o preview das suas cole\u00e7\u00f5es para a pr\u00f3xima temporada. O start oficial rolou na noite de ontem, 6\/10, com uma festa e um [&hellip;]<\/p>\n","protected":false},"author":8,"featured_media":114561,"comment_status":"open","ping_status":"open","sticky":false,"template":"","format":"standard","meta":{"jetpack_post_was_ever_published":false,"_jetpack_newsletter_access":"","jetpack_publicize_message":"Come\u00e7ou o #minastrend! Veja fotos do desfile de abertura e saiba mais detalhes sobre o evento que coloca Minas Gerais no eixo da moda: http:\/\/wp.me\/p3Hz0n-tNj","jetpack_is_tweetstorm":false,"jetpack_publicize_feature_enabled":true,"jetpack_social_post_already_shared":true,"jetpack_social_options":{"image_generator_settings":{"template":"highway","enabled":false}}},"categories":[9,2],"tags":[],"jetpack_publicize_connections":[],"jetpack_featured_media_url":"https:\/\/i0.wp.com\/agrund.com\/wp-content\/uploads\/sites\/6\/2014\/10\/slide44.jpg?fit=960%2C300&ssl=1","jetpack_sharing_enabled":true,"jetpack_shortlink":"https:\/\/wp.me\/p3Hz0n-tNj","jetpack_likes_enabled":true,"_links":{"self":[{"href":"https:\/\/agrund.com\/index.php\/wp-json\/wp\/v2\/posts\/114533"}],"collection":[{"href":"https:\/\/agrund.com\/index.php\/wp-json\/wp\/v2\/posts"}],"about":[{"href":"https:\/\/agrund.com\/index.php\/wp-json\/wp\/v2\/types\/post"}],"author":[{"embeddable":true,"href":"https:\/\/agrund.com\/index.php\/wp-json\/wp\/v2\/users\/8"}],"replies":[{"embeddable":true,"href":"https:\/\/agrund.com\/index.php\/wp-json\/wp\/v2\/comments?post=114533"}],"version-history":[{"count":0,"href":"https:\/\/agrund.com\/index.php\/wp-json\/wp\/v2\/posts\/114533\/revisions"}],"wp:featuredmedia":[{"embeddable":true,"href":"https:\/\/agrund.com\/index.php\/wp-json\/wp\/v2\/media\/114561"}],"wp:attachment":[{"href":"https:\/\/agrund.com\/index.php\/wp-json\/wp\/v2\/media?parent=114533"}],"wp:term":[{"taxonomy":"category","embeddable":true,"href":"https:\/\/agrund.com\/index.php\/wp-json\/wp\/v2\/categories?post=114533"},{"taxonomy":"post_tag","embeddable":true,"href":"https:\/\/agrund.com\/index.php\/wp-json\/wp\/v2\/tags?post=114533"}],"curies":[{"name":"wp","href":"https:\/\/api.w.org\/{rel}","templated":true}]}}