{"id":11306,"date":"2011-06-05T11:03:35","date_gmt":"2011-06-05T14:03:35","guid":{"rendered":"http:\/\/www.agrund.com\/blogs\/notas\/?p=11306"},"modified":"2011-06-05T11:03:35","modified_gmt":"2011-06-05T14:03:35","slug":"paulo-martinez-no-fashion-rio","status":"publish","type":"post","link":"https:\/\/agrund.com\/index.php\/paulo-martinez-no-fashion-rio\/","title":{"rendered":"Paulo Martinez No Fashion Rio"},"content":{"rendered":"<p>Por Adriana Porto.<\/p>\n<p>Desde o primeiro dia do Fashion Rio ver\u00e3o 2012 at\u00e9 hoje, via-se Paulo Martinez andando insepar\u00e1vel com sua fiel escudeira&#8230; A mochilinha. O stylist e editor de moda, formado em Belas Artes e que atua na moda h\u00e1 quase 30 anos, trabalhou na Fiorucci e no Moda Brasil, nas revistas Claudia, Elle, Vogue e atualmente est\u00e1 na Mag!. Al\u00e9m desse curr\u00edculo, Paulo \u00e9 fino, educado, gentil, simp\u00e1tico, bom de papo e um charme. Seus editoriais s\u00e3o sempre considerados os melhores, assim como sua imagem cruzando o P\u00eder Mau\u00e1 com a mochilinha&#8230; O que ser\u00e1 que tem ali dentro?<\/p>\n<p style=\"text-align: center\"><img decoding=\"async\" loading=\"lazy\" class=\"aligncenter size-full wp-image-11309\" src=\"https:\/\/i0.wp.com\/www.agrund.com\/arquivo\/notas\/files\/2011\/06\/12.jpeg?resize=480%2C640\" alt=\"\" width=\"480\" height=\"640\" data-recalc-dims=\"1\" \/><\/p>\n<p style=\"text-align: center\">\u00a0<\/p>\n","protected":false},"excerpt":{"rendered":"<p>Por Adriana Porto. Desde o primeiro dia do Fashion Rio ver\u00e3o 2012 at\u00e9 hoje, via-se Paulo Martinez andando insepar\u00e1vel com sua fiel escudeira&#8230; A mochilinha. O stylist e editor de moda, formado em Belas Artes e que atua na moda h\u00e1 quase 30 anos, trabalhou na Fiorucci e no Moda Brasil, nas revistas Claudia, Elle, [&hellip;]<\/p>\n","protected":false},"author":8,"featured_media":11309,"comment_status":"open","ping_status":"open","sticky":false,"template":"","format":"standard","meta":{"jetpack_post_was_ever_published":false,"_jetpack_newsletter_access":"","jetpack_publicize_message":"","jetpack_is_tweetstorm":false,"jetpack_publicize_feature_enabled":true,"jetpack_social_post_already_shared":false,"jetpack_social_options":{"image_generator_settings":{"template":"highway","enabled":false}}},"categories":[2],"tags":[],"jetpack_publicize_connections":[],"jetpack_featured_media_url":"","jetpack_sharing_enabled":true,"jetpack_shortlink":"https:\/\/wp.me\/p3Hz0n-2Wm","jetpack_likes_enabled":true,"_links":{"self":[{"href":"https:\/\/agrund.com\/index.php\/wp-json\/wp\/v2\/posts\/11306"}],"collection":[{"href":"https:\/\/agrund.com\/index.php\/wp-json\/wp\/v2\/posts"}],"about":[{"href":"https:\/\/agrund.com\/index.php\/wp-json\/wp\/v2\/types\/post"}],"author":[{"embeddable":true,"href":"https:\/\/agrund.com\/index.php\/wp-json\/wp\/v2\/users\/8"}],"replies":[{"embeddable":true,"href":"https:\/\/agrund.com\/index.php\/wp-json\/wp\/v2\/comments?post=11306"}],"version-history":[{"count":0,"href":"https:\/\/agrund.com\/index.php\/wp-json\/wp\/v2\/posts\/11306\/revisions"}],"wp:featuredmedia":[{"embeddable":true,"href":"https:\/\/agrund.com\/index.php\/wp-json\/"}],"wp:attachment":[{"href":"https:\/\/agrund.com\/index.php\/wp-json\/wp\/v2\/media?parent=11306"}],"wp:term":[{"taxonomy":"category","embeddable":true,"href":"https:\/\/agrund.com\/index.php\/wp-json\/wp\/v2\/categories?post=11306"},{"taxonomy":"post_tag","embeddable":true,"href":"https:\/\/agrund.com\/index.php\/wp-json\/wp\/v2\/tags?post=11306"}],"curies":[{"name":"wp","href":"https:\/\/api.w.org\/{rel}","templated":true}]}}