{"id":11134,"date":"2011-06-02T14:00:42","date_gmt":"2011-06-02T17:00:42","guid":{"rendered":"http:\/\/www.agrund.com\/blogs\/notas\/?p=11134"},"modified":"2011-06-02T14:00:42","modified_gmt":"2011-06-02T17:00:42","slug":"o-badalado-centenario-da-nivea","status":"publish","type":"post","link":"https:\/\/agrund.com\/index.php\/o-badalado-centenario-da-nivea\/","title":{"rendered":"O Badalado Centen\u00e1rio da Nivea"},"content":{"rendered":"<div style=\"text-align: right\"><strong>Por Adriana Porto<\/strong><\/div>\n<div>A Nivea comemora seus 100 anos de exist\u00eancia fazendo uma homenagem  ao bom e velho hidratante da latinha azul. Com espa\u00e7o feito de 7.500  latinhas na cenografia, pain\u00e9is interativos contando a sua hist\u00f3ria e no  fundo a m\u00fasica California King Bed, cantada pela Rihanna e tema da nova  campanha, o Lounge Nivea no Fashion Rio tem atra\u00eddo muita gente famosa  que vai conhecer o poder do produto que passa de gera\u00e7\u00e3o para gera\u00e7\u00e3o.<\/div>\n<div>As  que mais chamaram \u00a0aten\u00e7\u00e3o foram as adolescentes Juliana Paiva, Bruna  Marquesine, Carolina Oliveira, Cecilia Dassi e Marcela Barroso que  estavam conhecendo naquele dia o hidratante da latinha azul. Perguntadas  quais os cuidados que mant\u00e9m com a pele, as meninas j\u00e1 se mostraram  antenadas com os segredos da beleza. Juliana, que \u00e9 um doce, comentou  que ainda n\u00e3o usa muitos produtos, mas que mant\u00e9m o cuidado com a pele,  mantendo-a sempre limpa e nunca dormindo maquiada. Bruna Marquezine, que  usa o hidratante Milk da Nivea e o carrega na bolsa, diz que n\u00e3o usa  maquiagem fora do trabalho. J\u00e1 Carolina Oliveira \u00e9 adepta de quase todos  os produtos Nivea, diz que usa o protetor, hidratante e o lipstick nos  l\u00e1bios sempre, al\u00e9m de beber muita \u00e1gua e sempre se consultar com seu  dermatologista.<\/div>\n<div>\n<div id=\"attachment_11135\" style=\"width: 450px\" class=\"wp-caption aligncenter\"><img aria-describedby=\"caption-attachment-11135\" decoding=\"async\" loading=\"lazy\" class=\"size-full wp-image-11135\" src=\"https:\/\/i0.wp.com\/www.agrund.com\/arquivo\/notas\/files\/2011\/06\/A-linda-e-gr\u00e1vida-Fernanda-Pontes-.jpg?resize=440%2C363\" alt=\"\" width=\"440\" height=\"363\" data-recalc-dims=\"1\" \/><p id=\"caption-attachment-11135\" class=\"wp-caption-text\">A linda e gr\u00e1vida Fernanda Pontes<\/p><\/div>\n<div id=\"attachment_11136\" style=\"width: 449px\" class=\"wp-caption aligncenter\"><img aria-describedby=\"caption-attachment-11136\" decoding=\"async\" loading=\"lazy\" class=\"size-full wp-image-11136\" src=\"https:\/\/i0.wp.com\/www.agrund.com\/arquivo\/notas\/files\/2011\/06\/Bruna-Marquesine-e-Carolina-Oliveira.jpg?resize=439%2C329\" alt=\"\" width=\"439\" height=\"329\" data-recalc-dims=\"1\" \/><p id=\"caption-attachment-11136\" class=\"wp-caption-text\">Bruna Marquesine e Carolina Oliveira<\/p><\/div>\n<div id=\"attachment_11137\" style=\"width: 449px\" class=\"wp-caption aligncenter\"><img aria-describedby=\"caption-attachment-11137\" decoding=\"async\" loading=\"lazy\" class=\"size-full wp-image-11137\" src=\"https:\/\/i0.wp.com\/www.agrund.com\/arquivo\/notas\/files\/2011\/06\/Cecilia-Dassi.jpg?resize=439%2C586\" alt=\"\" width=\"439\" height=\"586\" data-recalc-dims=\"1\" \/><p id=\"caption-attachment-11137\" class=\"wp-caption-text\">Cecilia Dassi<\/p><\/div>\n<div id=\"attachment_11138\" style=\"width: 450px\" class=\"wp-caption aligncenter\"><img aria-describedby=\"caption-attachment-11138\" decoding=\"async\" loading=\"lazy\" class=\"size-full wp-image-11138\" src=\"https:\/\/i0.wp.com\/www.agrund.com\/arquivo\/notas\/files\/2011\/06\/Fernanda-Paes-Leme.jpg?resize=440%2C587\" alt=\"\" width=\"440\" height=\"587\" data-recalc-dims=\"1\" \/><p id=\"caption-attachment-11138\" class=\"wp-caption-text\">Fernanda Paes Leme<\/p><\/div>\n<div id=\"attachment_11139\" style=\"width: 452px\" class=\"wp-caption aligncenter\"><img aria-describedby=\"caption-attachment-11139\" decoding=\"async\" loading=\"lazy\" class=\"size-full wp-image-11139\" src=\"https:\/\/i0.wp.com\/www.agrund.com\/arquivo\/notas\/files\/2011\/06\/Gisele-Tigre.jpg?resize=442%2C589\" alt=\"\" width=\"442\" height=\"589\" data-recalc-dims=\"1\" \/><p id=\"caption-attachment-11139\" class=\"wp-caption-text\">Gisele Tigre<\/p><\/div>\n<div id=\"attachment_11140\" style=\"width: 450px\" class=\"wp-caption aligncenter\"><img aria-describedby=\"caption-attachment-11140\" decoding=\"async\" loading=\"lazy\" class=\"size-full wp-image-11140\" src=\"https:\/\/i0.wp.com\/www.agrund.com\/arquivo\/notas\/files\/2011\/06\/Joana-Balaguer-e-Karen-Junqueira.jpg?resize=440%2C330\" alt=\"\" width=\"440\" height=\"330\" data-recalc-dims=\"1\" \/><p id=\"caption-attachment-11140\" class=\"wp-caption-text\">Joana Balaguer e Karen Junqueira<\/p><\/div>\n<div id=\"attachment_11141\" style=\"width: 450px\" class=\"wp-caption aligncenter\"><img aria-describedby=\"caption-attachment-11141\" decoding=\"async\" loading=\"lazy\" class=\"size-full wp-image-11141\" src=\"https:\/\/i0.wp.com\/www.agrund.com\/arquivo\/notas\/files\/2011\/06\/Julia-Faria.jpg?resize=440%2C587\" alt=\"\" width=\"440\" height=\"587\" data-recalc-dims=\"1\" \/><p id=\"caption-attachment-11141\" class=\"wp-caption-text\">Julia Faria<\/p><\/div>\n<div id=\"attachment_11142\" style=\"width: 450px\" class=\"wp-caption aligncenter\"><img aria-describedby=\"caption-attachment-11142\" decoding=\"async\" loading=\"lazy\" class=\"size-full wp-image-11142\" src=\"https:\/\/i0.wp.com\/www.agrund.com\/arquivo\/notas\/files\/2011\/06\/Juliana-Paiva.jpg?resize=440%2C587\" alt=\"\" width=\"440\" height=\"587\" data-recalc-dims=\"1\" \/><p id=\"caption-attachment-11142\" class=\"wp-caption-text\">Juliana Paiva<\/p><\/div>\n<div id=\"attachment_11143\" style=\"width: 450px\" class=\"wp-caption aligncenter\"><img aria-describedby=\"caption-attachment-11143\" decoding=\"async\" loading=\"lazy\" class=\"size-full wp-image-11143\" src=\"https:\/\/i0.wp.com\/www.agrund.com\/arquivo\/notas\/files\/2011\/06\/Marcela-Barroso.jpg?resize=440%2C587\" alt=\"\" width=\"440\" height=\"587\" data-recalc-dims=\"1\" \/><p id=\"caption-attachment-11143\" class=\"wp-caption-text\">Marcela Barroso<\/p><\/div>\n<div id=\"attachment_11144\" style=\"width: 450px\" class=\"wp-caption aligncenter\"><img aria-describedby=\"caption-attachment-11144\" decoding=\"async\" loading=\"lazy\" class=\"size-full wp-image-11144\" src=\"https:\/\/i0.wp.com\/www.agrund.com\/arquivo\/notas\/files\/2011\/06\/Promoter-Carol-Sampaio.jpg?resize=440%2C587\" alt=\"\" width=\"440\" height=\"587\" data-recalc-dims=\"1\" \/><p id=\"caption-attachment-11144\" class=\"wp-caption-text\">Promoter Carol Sampaio<\/p><\/div>\n<div id=\"attachment_11145\" style=\"width: 386px\" class=\"wp-caption aligncenter\"><img aria-describedby=\"caption-attachment-11145\" decoding=\"async\" loading=\"lazy\" class=\"size-full wp-image-11145\" src=\"\/wp-content\/uploads\/2011\/06\/Renata-Domingues-conferindo-um-dos-pain\u00e9is-interativos-do-Lounge.jpg\" alt=\"\" width=\"376\" height=\"640\" \/><p id=\"caption-attachment-11145\" class=\"wp-caption-text\">Renata Domingues<\/p><\/div>\n<div id=\"attachment_11146\" style=\"width: 449px\" class=\"wp-caption aligncenter\"><img aria-describedby=\"caption-attachment-11146\" decoding=\"async\" loading=\"lazy\" class=\"size-full wp-image-11146\" src=\"https:\/\/i0.wp.com\/www.agrund.com\/arquivo\/notas\/files\/2011\/06\/Sharon-Menezes.jpg?resize=439%2C545\" alt=\"\" width=\"439\" height=\"545\" data-recalc-dims=\"1\" \/><p id=\"caption-attachment-11146\" class=\"wp-caption-text\">Sharon Menezes<\/p><\/div>\n<\/div>\n<div>Essa \u00e9 a Nivea comemorando seu centen\u00e1rio e mostrando que moda n\u00e3o anda sem a beleza e os cuidados com a pele.<\/div>\n","protected":false},"excerpt":{"rendered":"<p>Por Adriana Porto A Nivea comemora seus 100 anos de exist\u00eancia fazendo uma homenagem ao bom e velho hidratante da latinha azul. Com espa\u00e7o feito de 7.500 latinhas na cenografia, pain\u00e9is interativos contando a sua hist\u00f3ria e no fundo a m\u00fasica California King Bed, cantada pela Rihanna e tema da nova campanha, o Lounge Nivea [&hellip;]<\/p>\n","protected":false},"author":8,"featured_media":11140,"comment_status":"open","ping_status":"open","sticky":false,"template":"","format":"standard","meta":{"jetpack_post_was_ever_published":false,"_jetpack_newsletter_access":"","jetpack_publicize_message":"","jetpack_is_tweetstorm":false,"jetpack_publicize_feature_enabled":true,"jetpack_social_post_already_shared":false,"jetpack_social_options":{"image_generator_settings":{"template":"highway","enabled":false}}},"categories":[2],"tags":[],"jetpack_publicize_connections":[],"jetpack_featured_media_url":"","jetpack_sharing_enabled":true,"jetpack_shortlink":"https:\/\/wp.me\/p3Hz0n-2TA","jetpack_likes_enabled":true,"_links":{"self":[{"href":"https:\/\/agrund.com\/index.php\/wp-json\/wp\/v2\/posts\/11134"}],"collection":[{"href":"https:\/\/agrund.com\/index.php\/wp-json\/wp\/v2\/posts"}],"about":[{"href":"https:\/\/agrund.com\/index.php\/wp-json\/wp\/v2\/types\/post"}],"author":[{"embeddable":true,"href":"https:\/\/agrund.com\/index.php\/wp-json\/wp\/v2\/users\/8"}],"replies":[{"embeddable":true,"href":"https:\/\/agrund.com\/index.php\/wp-json\/wp\/v2\/comments?post=11134"}],"version-history":[{"count":0,"href":"https:\/\/agrund.com\/index.php\/wp-json\/wp\/v2\/posts\/11134\/revisions"}],"wp:featuredmedia":[{"embeddable":true,"href":"https:\/\/agrund.com\/index.php\/wp-json\/"}],"wp:attachment":[{"href":"https:\/\/agrund.com\/index.php\/wp-json\/wp\/v2\/media?parent=11134"}],"wp:term":[{"taxonomy":"category","embeddable":true,"href":"https:\/\/agrund.com\/index.php\/wp-json\/wp\/v2\/categories?post=11134"},{"taxonomy":"post_tag","embeddable":true,"href":"https:\/\/agrund.com\/index.php\/wp-json\/wp\/v2\/tags?post=11134"}],"curies":[{"name":"wp","href":"https:\/\/api.w.org\/{rel}","templated":true}]}}