{"id":107180,"date":"2014-07-09T15:00:00","date_gmt":"2014-07-09T18:00:00","guid":{"rendered":"http:\/\/www.agrund.com\/?p=107180"},"modified":"2014-07-09T14:42:55","modified_gmt":"2014-07-09T17:42:55","slug":"emma-watson-defende-os-direitos-das-mulheres","status":"publish","type":"post","link":"https:\/\/agrund.com\/index.php\/emma-watson-defende-os-direitos-das-mulheres\/","title":{"rendered":"Emma Watson defende os direitos das mulheres"},"content":{"rendered":"<p>De estrela teen a mulher com grandes vis\u00f5es, \u200ba mais nova empreitada de \u200bEmma Watson\u200b tem um qu\u00ea social: a atriz acaba de se tornar a embaixadora da UN Wom \u200be\u200bn\u200b.\u200b A organiza\u00e7\u00e3o que defende a igualdade entre os sexos e a busca pelos direito femininos anunciou que a \u200bbrit\u00e2nica\u200b dedicar\u00e1 seus esfor\u00e7os \u200bn\u200ba campanha &#8220;HeForShe&#8221;. \u200b\u200bE parece que ela est\u00e1 bem orgulhosa e animada com a novidade!<\/p>\n<p>E\u200bm sua p\u00e1gina oficial do Facebook, Emma divulgou a primeira foto \u200btirada\u200b para a \u200ba\u00e7\u00e3o junto da seguinte mensagem: \u201c \u200be\u200bstou muito emocionada em poder dividir isso com voc\u00eas em primeira m\u00e3o! Espero que voc\u00eas fiquem t\u00e3o empolgados quanto eu. Com amor, Emma\u201d. \u200bInspira\u00e7\u00e3o para a vida!<\/p>\n<div id=\"attachment_107181\" style=\"width: 510px\" class=\"wp-caption aligncenter\"><a href=\"https:\/\/i0.wp.com\/www.agrund.com\/wp-content\/uploads\/sites\/6\/2014\/07\/emma1.jpg\"><img aria-describedby=\"caption-attachment-107181\" data-attachment-id=\"107181\" data-permalink=\"https:\/\/agrund.com\/index.php\/emma-watson-defende-os-direitos-das-mulheres\/emma1\/\" data-orig-file=\"https:\/\/i0.wp.com\/agrund.com\/wp-content\/uploads\/sites\/6\/2014\/07\/emma1.jpg?fit=500%2C709&amp;ssl=1\" data-orig-size=\"500,709\" data-comments-opened=\"1\" data-image-meta=\"{&quot;aperture&quot;:&quot;0&quot;,&quot;credit&quot;:&quot;&quot;,&quot;camera&quot;:&quot;&quot;,&quot;caption&quot;:&quot;&quot;,&quot;created_timestamp&quot;:&quot;0&quot;,&quot;copyright&quot;:&quot;&quot;,&quot;focal_length&quot;:&quot;0&quot;,&quot;iso&quot;:&quot;0&quot;,&quot;shutter_speed&quot;:&quot;0&quot;,&quot;title&quot;:&quot;&quot;,&quot;orientation&quot;:&quot;0&quot;}\" data-image-title=\"Emma Watson defende os direitos das mulheres \" data-image-description=\"\" data-image-caption=\"&lt;p&gt;Emma Watson defende os direitos das mulheres &lt;\/p&gt;\n\" data-medium-file=\"https:\/\/i0.wp.com\/agrund.com\/wp-content\/uploads\/sites\/6\/2014\/07\/emma1.jpg?fit=212%2C300&amp;ssl=1\" data-large-file=\"https:\/\/i0.wp.com\/agrund.com\/wp-content\/uploads\/sites\/6\/2014\/07\/emma1.jpg?fit=500%2C709&amp;ssl=1\" decoding=\"async\" loading=\"lazy\" class=\"size-full wp-image-107181\" alt=\"Emma Watson defende os direitos das mulheres \" src=\"https:\/\/i0.wp.com\/www.agrund.com\/wp-content\/uploads\/sites\/6\/2014\/07\/emma1.jpg?resize=500%2C709\" width=\"500\" height=\"709\" srcset=\"https:\/\/i0.wp.com\/agrund.com\/wp-content\/uploads\/sites\/6\/2014\/07\/emma1.jpg?w=500&amp;ssl=1 500w, https:\/\/i0.wp.com\/agrund.com\/wp-content\/uploads\/sites\/6\/2014\/07\/emma1.jpg?resize=212%2C300&amp;ssl=1 212w\" sizes=\"(max-width: 500px) 100vw, 500px\" data-recalc-dims=\"1\" \/><\/a><p id=\"caption-attachment-107181\" class=\"wp-caption-text\">Emma Watson defende os direitos das mulheres<\/p><\/div>\n<p>&nbsp;<\/p>\n<p>Imagens: Reprodu\u00e7\u00e3o.<\/p>\n","protected":false},"excerpt":{"rendered":"<p>De estrela teen a mulher com grandes vis\u00f5es, \u200ba mais nova empreitada de \u200bEmma Watson\u200b tem um qu\u00ea social: a atriz acaba de se tornar a embaixadora da UN Wom \u200be\u200bn\u200b.\u200b A organiza\u00e7\u00e3o que defende a igualdade entre os sexos e a busca pelos direito femininos anunciou que a \u200bbrit\u00e2nica\u200b dedicar\u00e1 seus esfor\u00e7os \u200bn\u200ba campanha [&hellip;]<\/p>\n","protected":false},"author":8,"featured_media":107182,"comment_status":"open","ping_status":"open","sticky":false,"template":"","format":"standard","meta":{"jetpack_post_was_ever_published":false,"_jetpack_newsletter_access":"","jetpack_publicize_message":"","jetpack_is_tweetstorm":false,"jetpack_publicize_feature_enabled":true,"jetpack_social_post_already_shared":true,"jetpack_social_options":{"image_generator_settings":{"template":"highway","enabled":false}}},"categories":[2],"tags":[],"jetpack_publicize_connections":[],"jetpack_featured_media_url":"https:\/\/i0.wp.com\/agrund.com\/wp-content\/uploads\/sites\/6\/2014\/07\/slide50.jpg?fit=960%2C300&ssl=1","jetpack_sharing_enabled":true,"jetpack_shortlink":"https:\/\/wp.me\/p3Hz0n-rSI","jetpack_likes_enabled":true,"_links":{"self":[{"href":"https:\/\/agrund.com\/index.php\/wp-json\/wp\/v2\/posts\/107180"}],"collection":[{"href":"https:\/\/agrund.com\/index.php\/wp-json\/wp\/v2\/posts"}],"about":[{"href":"https:\/\/agrund.com\/index.php\/wp-json\/wp\/v2\/types\/post"}],"author":[{"embeddable":true,"href":"https:\/\/agrund.com\/index.php\/wp-json\/wp\/v2\/users\/8"}],"replies":[{"embeddable":true,"href":"https:\/\/agrund.com\/index.php\/wp-json\/wp\/v2\/comments?post=107180"}],"version-history":[{"count":0,"href":"https:\/\/agrund.com\/index.php\/wp-json\/wp\/v2\/posts\/107180\/revisions"}],"wp:featuredmedia":[{"embeddable":true,"href":"https:\/\/agrund.com\/index.php\/wp-json\/wp\/v2\/media\/107182"}],"wp:attachment":[{"href":"https:\/\/agrund.com\/index.php\/wp-json\/wp\/v2\/media?parent=107180"}],"wp:term":[{"taxonomy":"category","embeddable":true,"href":"https:\/\/agrund.com\/index.php\/wp-json\/wp\/v2\/categories?post=107180"},{"taxonomy":"post_tag","embeddable":true,"href":"https:\/\/agrund.com\/index.php\/wp-json\/wp\/v2\/tags?post=107180"}],"curies":[{"name":"wp","href":"https:\/\/api.w.org\/{rel}","templated":true}]}}